{"id":10423,"date":"2017-04-19T19:50:55","date_gmt":"2017-04-19T15:50:55","guid":{"rendered":"https:\/\/www.rokmp.de\/?p=10423"},"modified":"2017-04-19T19:50:55","modified_gmt":"2017-04-19T15:50:55","slug":"deutsch-osterbotschaft-des-erzbischofs-von-berlin-und-deutschland-feofan","status":"publish","type":"post","link":"https:\/\/rokmp.de\/de\/deutsch-osterbotschaft-des-erzbischofs-von-berlin-und-deutschland-feofan\/","title":{"rendered":"Osterbotschaft des Erzbischofs von Berlin und Deutschland Feofan"},"content":{"rendered":"<p><\/p>\n<p lang=\"de-DE\" align=\"RIGHT\"><em><span style=\"font-family: Arial,sans-serif;\">Wir wurden mit ihm begraben durch die Taufe auf den Tod; <\/span><\/em><\/p>\n<p lang=\"de-DE\" align=\"RIGHT\"><em><span style=\"font-family: Arial,sans-serif;\">Und wie Christus durch die Herrlichkeit des Vaters von den Toten auferweckt wurde,<\/span><\/em><\/p>\n<p lang=\"de-DE\" align=\"RIGHT\"><em><span style=\"font-family: Arial,sans-serif;\">so sollen auch wir wandeln im erneuerten Leben.<\/span><\/em><\/p>\n<p lang=\"de-DE\" align=\"RIGHT\"><em><span style=\"font-family: Arial,sans-serif;\">(R\u00f6m 6,4)<\/span><\/em><\/p>\n<p lang=\"de-DE\"><span style=\"font-family: Arial,sans-serif;\"><b>Verehrte V\u00e4ter, liebe Br\u00fcder und Schwestern!<\/b><\/span><\/p>\n<p lang=\"de-DE\" align=\"JUSTIFY\"><span style=\"font-family: Arial,sans-serif;\">In dieser heiligen, ganz festlichen und heilbringenden Nacht wenden wir uns immer wieder freudig zueinander mit dem lebensbegr\u00fcndenden Gru\u00df, auf dem unsere Kirche steht und gegr\u00fcndet ist: <\/span><\/p>\n<p lang=\"de-DE\" align=\"CENTER\"><span style=\"font-family: Arial,sans-serif;\"><span style=\"font-size: large;\"><b>CHRISTUS IST AUFERSTANDEN!<\/b><\/span><\/span><\/p>\n<p align=\"JUSTIFY\"><span style=\"font-family: Arial,sans-serif;\"><span lang=\"de-DE\">Die Auferstehung Christi ist das bedeutendste Ereignis in der Geschichte der g\u00f6ttlichen Heils\u00f6konomie. Angefangen von den Aposteln und bis zum heutigen Tag haben viele Theologen, kirchliche Denker und Schriftsteller sich bem\u00fcht, die vision\u00e4re Tiefe und die Gr\u00f6\u00dfe des Sinns dessen auszudr\u00fccken, was vor fast 2000 Jahren in Jerusalem geschehen ist. Freilich beugt sich jedes Mal, wenn wir uns der Grabesh\u00f6hle Christi n\u00e4hern, der beschr\u00e4nkte menschliche Verstand dem\u00fctig vor dem Wunder und Geheimnis des neutestamentlichen Pascha. Aber die Heilige Schrift und die gottinspirierten Texte der heiligen V\u00e4ter helfen uns, wenn auch \u201ein einem Spiegel\u201c (1 Kor 13,12), die Bedeutung der Auferstehung Christi von den Toten zu unserem Heil zu sehen.<\/span><\/span><\/p>\n<p align=\"JUSTIFY\"><span style=\"font-family: Arial,sans-serif;\"><span lang=\"de-DE\">Der Herr hat \u201eindem er sich zur Ausl\u00f6sung unseres Todes gemacht hat, durch seine Auferstehung die Bande des Todes gel\u00f6st und durch seine Auferstehung den Weg zum Himmel f\u00fcr alles Fleisch er\u00f6ffnet\u201c, schreibt der hl. Bischof Gregorios von Nyssa. Dies ist der Grundgedanke und die gro\u00dfe Hoffnung dessen, was geschehen ist! Christus, der durch den Kreuzestod die S\u00fcnden der Menschheit ausgel\u00f6st hat, ist auferstanden von den Toten und hat das menschliche Fleisch zu Gott, dem Vater, empor gef\u00fchrt, indem er es untrennbar und unteilbar f\u00fcr immer mit der Gottheit verbunden hat. \u201eChristus Jesus, der gestorben ist, mehr noch: der auferweckt worden ist, sitzt zur Rechten Gottes und tritt f\u00fcr uns ein\u201c, schreibt der Apostel Paulus (R\u00f6m 8, 34). Seither haben Hades und Tod schon keine Macht mehr \u00fcber das Menschengeschlecht, gem\u00e4\u00df dem Wort des Johannes Chrysostomos: \u201eAuferstanden ist Christus, und das Leben lebt\u201c (Homilie zum hl. Pascha)! <\/span><\/span><\/p>\n<p align=\"JUSTIFY\"><span style=\"font-family: Arial,sans-serif;\"><span lang=\"de-DE\">Nat\u00fcrlich suggerieren viele Ereignisse und Prozesse, die in der heutigen Welt vor sich gehen, wie es scheint, nicht gerade den Optimismus. Kriege, elementare Katastrophen, Verbrechen, das gesellschaftliche Echo, welches vielf\u00e4ltig durch die Massenmedien verst\u00e4rkt wird, scheinen keinen Platz f\u00fcr das Gute und das Licht zu lassen. Aber gerade auf diesem Hintergrund gewinnt die Osterbotschaft von der Auferstehung des Erl\u00f6sers, der das B\u00f6se und den Tod besiegt hat, einen noch freudigeren, sieghafteren Klang. Diese Freude hat eine besondere Natur, da ihre Grundlage in dem Empfinden der N\u00e4he zu Gott liegt, von der Christus sagte: \u201eDann wird euer Herz sich freuen, und niemand nimmt euch eure Freude. (Joh 16, 22). <\/span><\/span><\/p>\n<p lang=\"de-DE\" align=\"JUSTIFY\"><span style=\"font-family: Arial,sans-serif;\">An diesen heiligen Tagen m\u00f6chte ich uns allen w\u00fcnschen, dass wir diese g\u00f6ttliche Freude in unseren Herzen bewahren und sie mit den Nahen und Fernen teilen, dass auch sie die M\u00f6glichkeit erhalten, Teilhaber der g\u00f6ttlichen Herrlichkeit zu werden.<\/span><\/p>\n<p align=\"JUSTIFY\"><span style=\"font-family: Arial,sans-serif;\"><span lang=\"de-DE\">Noch einmal begl\u00fcckw\u00fcnsche ich alle zum gro\u00dfartigen Fest des Pascha. M\u00f6ge der Herr durch seine Auferstehung das Leben in unsere Herzen einhauchen, sie mit g\u00f6ttlicher Grande erf\u00fcllen und uns alle w\u00fcrdigen, mit reinem Herzen ihn zu r\u00fchmen. <\/span><\/span><\/p>\n<p lang=\"de-DE\" align=\"JUSTIFY\">\n<p lang=\"de-DE\" align=\"CENTER\"><span style=\"font-family: Arial,sans-serif;\"><b>Christus ist auferstanden \u2013 er ist wahrhaftig auferstanden!<\/b><\/span><\/p>\n<p lang=\"de-DE\">\n<p align=\"RIGHT\"><span style=\"font-family: Arial,sans-serif;\"><span lang=\"de-DE\"><i>Berlin, Pascha Christi 2017<\/i><\/span><\/span><\/p>\n<p><\/p>","protected":false},"excerpt":{"rendered":"<p>Wir wurden mit ihm begraben durch die Taufe auf den&#8230;<\/p>\n","protected":false},"author":150,"featured_media":10392,"comment_status":"open","ping_status":"closed","sticky":false,"template":"","format":"standard","meta":{"_acf_changed":false,"_jetpack_memberships_contains_paid_content":false,"footnotes":""},"categories":[21],"tags":[],"class_list":["post-10423","post","type-post","status-publish","format-standard","has-post-thumbnail","hentry","category-aktuell"],"acf":[],"yoast_head":"<!-- This site is optimized with the Yoast SEO plugin v24.9 - https:\/\/yoast.com\/wordpress\/plugins\/seo\/ -->\n<title>Osterbotschaft des Erzbischofs von Berlin und Deutschland Feofan - Berliner Di\u00f6zese der Russischen Orthodoxen Kirche (Kd\u00f6R)<\/title>\n<meta name=\"robots\" content=\"index, follow, max-snippet:-1, max-image-preview:large, max-video-preview:-1\" \/>\n<link rel=\"canonical\" href=\"https:\/\/rokmp.de\/de\/deutsch-osterbotschaft-des-erzbischofs-von-berlin-und-deutschland-feofan\/\" \/>\n<meta property=\"og:locale\" content=\"de_DE\" \/>\n<meta property=\"og:type\" content=\"article\" \/>\n<meta property=\"og:title\" content=\"Osterbotschaft des Erzbischofs von Berlin und Deutschland Feofan - Berliner Di\u00f6zese der Russischen Orthodoxen Kirche (Kd\u00f6R)\" \/>\n<meta property=\"og:description\" content=\"Wir wurden mit ihm begraben durch die Taufe auf den...\" \/>\n<meta property=\"og:url\" content=\"https:\/\/rokmp.de\/de\/deutsch-osterbotschaft-des-erzbischofs-von-berlin-und-deutschland-feofan\/\" \/>\n<meta property=\"og:site_name\" content=\"Berliner Di\u00f6zese der Russischen Orthodoxen Kirche (Kd\u00f6R)\" \/>\n<meta property=\"article:published_time\" content=\"2017-04-19T15:50:55+00:00\" \/>\n<meta property=\"og:image\" content=\"https:\/\/rokmp.de\/wp-content\/uploads\/2017\/04\/Sluzhenie_7-424x640.jpg\" \/>\n\t<meta property=\"og:image:width\" content=\"424\" \/>\n\t<meta property=\"og:image:height\" content=\"640\" \/>\n\t<meta property=\"og:image:type\" content=\"image\/jpeg\" \/>\n<meta name=\"author\" content=\"priester Eugeny Murzin\" \/>\n<meta name=\"twitter:card\" content=\"summary_large_image\" \/>\n<meta name=\"twitter:label1\" content=\"Verfasst von\" \/>\n\t<meta name=\"twitter:data1\" content=\"priester Eugeny Murzin\" \/>\n\t<meta name=\"twitter:label2\" content=\"Gesch\u00e4tzte Lesezeit\" \/>\n\t<meta name=\"twitter:data2\" content=\"3\u00a0Minuten\" \/>\n<script type=\"application\/ld+json\" class=\"yoast-schema-graph\">{\"@context\":\"https:\/\/schema.org\",\"@graph\":[{\"@type\":\"WebPage\",\"@id\":\"https:\/\/rokmp.de\/de\/deutsch-osterbotschaft-des-erzbischofs-von-berlin-und-deutschland-feofan\/\",\"url\":\"https:\/\/rokmp.de\/de\/deutsch-osterbotschaft-des-erzbischofs-von-berlin-und-deutschland-feofan\/\",\"name\":\"Osterbotschaft des Erzbischofs von Berlin und Deutschland Feofan - Berliner Di\u00f6zese der Russischen Orthodoxen Kirche (Kd\u00f6R)\",\"isPartOf\":{\"@id\":\"https:\/\/rokmp.de\/#website\"},\"primaryImageOfPage\":{\"@id\":\"https:\/\/rokmp.de\/de\/deutsch-osterbotschaft-des-erzbischofs-von-berlin-und-deutschland-feofan\/#primaryimage\"},\"image\":{\"@id\":\"https:\/\/rokmp.de\/de\/deutsch-osterbotschaft-des-erzbischofs-von-berlin-und-deutschland-feofan\/#primaryimage\"},\"thumbnailUrl\":\"https:\/\/rokmp.de\/wp-content\/uploads\/2017\/04\/Sluzhenie_7-424x640.jpg\",\"datePublished\":\"2017-04-19T15:50:55+00:00\",\"author\":{\"@id\":\"https:\/\/rokmp.de\/#\/schema\/person\/1e05c7851b376b862ca66f74ee16b275\"},\"breadcrumb\":{\"@id\":\"https:\/\/rokmp.de\/de\/deutsch-osterbotschaft-des-erzbischofs-von-berlin-und-deutschland-feofan\/#breadcrumb\"},\"inLanguage\":\"de\",\"potentialAction\":[{\"@type\":\"ReadAction\",\"target\":[\"https:\/\/rokmp.de\/de\/deutsch-osterbotschaft-des-erzbischofs-von-berlin-und-deutschland-feofan\/\"]}]},{\"@type\":\"ImageObject\",\"inLanguage\":\"de\",\"@id\":\"https:\/\/rokmp.de\/de\/deutsch-osterbotschaft-des-erzbischofs-von-berlin-und-deutschland-feofan\/#primaryimage\",\"url\":\"https:\/\/rokmp.de\/wp-content\/uploads\/2017\/04\/Sluzhenie_7-424x640.jpg\",\"contentUrl\":\"https:\/\/rokmp.de\/wp-content\/uploads\/2017\/04\/Sluzhenie_7-424x640.jpg\",\"width\":424,\"height\":640},{\"@type\":\"BreadcrumbList\",\"@id\":\"https:\/\/rokmp.de\/de\/deutsch-osterbotschaft-des-erzbischofs-von-berlin-und-deutschland-feofan\/#breadcrumb\",\"itemListElement\":[{\"@type\":\"ListItem\",\"position\":1,\"name\":\"\u0413\u043b\u0430\u0432\u043d\u0430\u044f \u0441\u0442\u0440\u0430\u043d\u0438\u0446\u0430\",\"item\":\"https:\/\/rokmp.de\/\"},{\"@type\":\"ListItem\",\"position\":2,\"name\":\"Osterbotschaft des Erzbischofs von Berlin und Deutschland Feofan\"}]},{\"@type\":\"WebSite\",\"@id\":\"https:\/\/rokmp.de\/#website\",\"url\":\"https:\/\/rokmp.de\/\",\"name\":\"Berliner Di\u00f6zese der Russischen Orthodoxen Kirche (Kd\u00f6R)\",\"description\":\"(\u0420\u0443\u0441\u0441\u043a\u0438\u0439) \u041e\u0444\u0438\u0446\u0438\u0430\u043b\u044c\u043d\u044b\u0439 \u0441\u0430\u0439\u0442 \u0420\u0443\u0441\u0441\u043a\u043e\u0439 \u041f\u0440\u0430\u0432\u043e\u0441\u043b\u0430\u0432\u043d\u043e\u0439 \u0426\u0435\u0440\u043a\u0432\u0438. \u0411\u0435\u0440\u043b\u0438\u043d\u0441\u043a\u043e-\u0413\u0435\u0440\u043c\u0430\u043d\u0441\u043a\u0430\u044f \u0435\u043f\u0430\u0440\u0445\u0438\u044f.\",\"potentialAction\":[{\"@type\":\"SearchAction\",\"target\":{\"@type\":\"EntryPoint\",\"urlTemplate\":\"https:\/\/rokmp.de\/?s={search_term_string}\"},\"query-input\":{\"@type\":\"PropertyValueSpecification\",\"valueRequired\":true,\"valueName\":\"search_term_string\"}}],\"inLanguage\":\"de\"},{\"@type\":\"Person\",\"@id\":\"https:\/\/rokmp.de\/#\/schema\/person\/1e05c7851b376b862ca66f74ee16b275\",\"name\":\"priester Eugeny Murzin\",\"image\":{\"@type\":\"ImageObject\",\"inLanguage\":\"de\",\"@id\":\"https:\/\/rokmp.de\/#\/schema\/person\/image\/\",\"url\":\"https:\/\/secure.gravatar.com\/avatar\/ab0791f77afedc1959682d928966c405d68e155dc34177d2d0970bb7906ee2ad?s=96&d=mm&r=g\",\"contentUrl\":\"https:\/\/secure.gravatar.com\/avatar\/ab0791f77afedc1959682d928966c405d68e155dc34177d2d0970bb7906ee2ad?s=96&d=mm&r=g\",\"caption\":\"priester Eugeny Murzin\"},\"sameAs\":[\"https:\/\/rokmp.de\"]}]}<\/script>\n<!-- \/ Yoast SEO plugin. -->","yoast_head_json":{"title":"Osterbotschaft des Erzbischofs von Berlin und Deutschland Feofan - Berliner Di\u00f6zese der Russischen Orthodoxen Kirche (Kd\u00f6R)","robots":{"index":"index","follow":"follow","max-snippet":"max-snippet:-1","max-image-preview":"max-image-preview:large","max-video-preview":"max-video-preview:-1"},"canonical":"https:\/\/rokmp.de\/de\/deutsch-osterbotschaft-des-erzbischofs-von-berlin-und-deutschland-feofan\/","og_locale":"de_DE","og_type":"article","og_title":"Osterbotschaft des Erzbischofs von Berlin und Deutschland Feofan - Berliner Di\u00f6zese der Russischen Orthodoxen Kirche (Kd\u00f6R)","og_description":"Wir wurden mit ihm begraben durch die Taufe auf den...","og_url":"https:\/\/rokmp.de\/de\/deutsch-osterbotschaft-des-erzbischofs-von-berlin-und-deutschland-feofan\/","og_site_name":"Berliner Di\u00f6zese der Russischen Orthodoxen Kirche (Kd\u00f6R)","article_published_time":"2017-04-19T15:50:55+00:00","og_image":[{"width":424,"height":640,"url":"https:\/\/rokmp.de\/wp-content\/uploads\/2017\/04\/Sluzhenie_7-424x640.jpg","type":"image\/jpeg"}],"author":"priester Eugeny Murzin","twitter_card":"summary_large_image","twitter_misc":{"Verfasst von":"priester Eugeny Murzin","Gesch\u00e4tzte Lesezeit":"3\u00a0Minuten"},"schema":{"@context":"https:\/\/schema.org","@graph":[{"@type":"WebPage","@id":"https:\/\/rokmp.de\/de\/deutsch-osterbotschaft-des-erzbischofs-von-berlin-und-deutschland-feofan\/","url":"https:\/\/rokmp.de\/de\/deutsch-osterbotschaft-des-erzbischofs-von-berlin-und-deutschland-feofan\/","name":"Osterbotschaft des Erzbischofs von Berlin und Deutschland Feofan - Berliner Di\u00f6zese der Russischen Orthodoxen Kirche (Kd\u00f6R)","isPartOf":{"@id":"https:\/\/rokmp.de\/#website"},"primaryImageOfPage":{"@id":"https:\/\/rokmp.de\/de\/deutsch-osterbotschaft-des-erzbischofs-von-berlin-und-deutschland-feofan\/#primaryimage"},"image":{"@id":"https:\/\/rokmp.de\/de\/deutsch-osterbotschaft-des-erzbischofs-von-berlin-und-deutschland-feofan\/#primaryimage"},"thumbnailUrl":"https:\/\/rokmp.de\/wp-content\/uploads\/2017\/04\/Sluzhenie_7-424x640.jpg","datePublished":"2017-04-19T15:50:55+00:00","author":{"@id":"https:\/\/rokmp.de\/#\/schema\/person\/1e05c7851b376b862ca66f74ee16b275"},"breadcrumb":{"@id":"https:\/\/rokmp.de\/de\/deutsch-osterbotschaft-des-erzbischofs-von-berlin-und-deutschland-feofan\/#breadcrumb"},"inLanguage":"de","potentialAction":[{"@type":"ReadAction","target":["https:\/\/rokmp.de\/de\/deutsch-osterbotschaft-des-erzbischofs-von-berlin-und-deutschland-feofan\/"]}]},{"@type":"ImageObject","inLanguage":"de","@id":"https:\/\/rokmp.de\/de\/deutsch-osterbotschaft-des-erzbischofs-von-berlin-und-deutschland-feofan\/#primaryimage","url":"https:\/\/rokmp.de\/wp-content\/uploads\/2017\/04\/Sluzhenie_7-424x640.jpg","contentUrl":"https:\/\/rokmp.de\/wp-content\/uploads\/2017\/04\/Sluzhenie_7-424x640.jpg","width":424,"height":640},{"@type":"BreadcrumbList","@id":"https:\/\/rokmp.de\/de\/deutsch-osterbotschaft-des-erzbischofs-von-berlin-und-deutschland-feofan\/#breadcrumb","itemListElement":[{"@type":"ListItem","position":1,"name":"\u0413\u043b\u0430\u0432\u043d\u0430\u044f \u0441\u0442\u0440\u0430\u043d\u0438\u0446\u0430","item":"https:\/\/rokmp.de\/"},{"@type":"ListItem","position":2,"name":"Osterbotschaft des Erzbischofs von Berlin und Deutschland Feofan"}]},{"@type":"WebSite","@id":"https:\/\/rokmp.de\/#website","url":"https:\/\/rokmp.de\/","name":"Berliner Di\u00f6zese der Russischen Orthodoxen Kirche (Kd\u00f6R)","description":"(\u0420\u0443\u0441\u0441\u043a\u0438\u0439) \u041e\u0444\u0438\u0446\u0438\u0430\u043b\u044c\u043d\u044b\u0439 \u0441\u0430\u0439\u0442 \u0420\u0443\u0441\u0441\u043a\u043e\u0439 \u041f\u0440\u0430\u0432\u043e\u0441\u043b\u0430\u0432\u043d\u043e\u0439 \u0426\u0435\u0440\u043a\u0432\u0438. \u0411\u0435\u0440\u043b\u0438\u043d\u0441\u043a\u043e-\u0413\u0435\u0440\u043c\u0430\u043d\u0441\u043a\u0430\u044f \u0435\u043f\u0430\u0440\u0445\u0438\u044f.","potentialAction":[{"@type":"SearchAction","target":{"@type":"EntryPoint","urlTemplate":"https:\/\/rokmp.de\/?s={search_term_string}"},"query-input":{"@type":"PropertyValueSpecification","valueRequired":true,"valueName":"search_term_string"}}],"inLanguage":"de"},{"@type":"Person","@id":"https:\/\/rokmp.de\/#\/schema\/person\/1e05c7851b376b862ca66f74ee16b275","name":"priester Eugeny Murzin","image":{"@type":"ImageObject","inLanguage":"de","@id":"https:\/\/rokmp.de\/#\/schema\/person\/image\/","url":"https:\/\/secure.gravatar.com\/avatar\/ab0791f77afedc1959682d928966c405d68e155dc34177d2d0970bb7906ee2ad?s=96&d=mm&r=g","contentUrl":"https:\/\/secure.gravatar.com\/avatar\/ab0791f77afedc1959682d928966c405d68e155dc34177d2d0970bb7906ee2ad?s=96&d=mm&r=g","caption":"priester Eugeny Murzin"},"sameAs":["https:\/\/rokmp.de"]}]}},"jetpack_featured_media_url":"https:\/\/rokmp.de\/wp-content\/uploads\/2017\/04\/Sluzhenie_7-424x640.jpg","jetpack_sharing_enabled":true,"_links":{"self":[{"href":"https:\/\/rokmp.de\/de\/wp-json\/wp\/v2\/posts\/10423","targetHints":{"allow":["GET"]}}],"collection":[{"href":"https:\/\/rokmp.de\/de\/wp-json\/wp\/v2\/posts"}],"about":[{"href":"https:\/\/rokmp.de\/de\/wp-json\/wp\/v2\/types\/post"}],"author":[{"embeddable":true,"href":"https:\/\/rokmp.de\/de\/wp-json\/wp\/v2\/users\/150"}],"replies":[{"embeddable":true,"href":"https:\/\/rokmp.de\/de\/wp-json\/wp\/v2\/comments?post=10423"}],"version-history":[{"count":1,"href":"https:\/\/rokmp.de\/de\/wp-json\/wp\/v2\/posts\/10423\/revisions"}],"predecessor-version":[{"id":10424,"href":"https:\/\/rokmp.de\/de\/wp-json\/wp\/v2\/posts\/10423\/revisions\/10424"}],"wp:featuredmedia":[{"embeddable":true,"href":"https:\/\/rokmp.de\/de\/wp-json\/wp\/v2\/media\/10392"}],"wp:attachment":[{"href":"https:\/\/rokmp.de\/de\/wp-json\/wp\/v2\/media?parent=10423"}],"wp:term":[{"taxonomy":"category","embeddable":true,"href":"https:\/\/rokmp.de\/de\/wp-json\/wp\/v2\/categories?post=10423"},{"taxonomy":"post_tag","embeddable":true,"href":"https:\/\/rokmp.de\/de\/wp-json\/wp\/v2\/tags?post=10423"}],"curies":[{"name":"wp","href":"https:\/\/api.w.org\/{rel}","templated":true}]}}