{"id":10623,"date":"2017-05-31T16:01:32","date_gmt":"2017-05-31T12:01:32","guid":{"rendered":"https:\/\/www.rokmp.de\/?p=10623"},"modified":"2017-07-22T16:12:57","modified_gmt":"2017-07-22T12:12:57","slug":"deutsch-der-okumenische-patriarch-in-deutschland","status":"publish","type":"post","link":"https:\/\/rokmp.de\/de\/deutsch-der-okumenische-patriarch-in-deutschland\/","title":{"rendered":"Der \u00d6kumenische Patriarch in Deutschland"},"content":{"rendered":"<p>Anders als bei seinen beiden ersten offiziellen Besuchen in Deutschland 1993 und 2014, die vordringlich einen pastoralen Charakter trugen, war Hauptziel des diesj\u00e4hrigen f\u00fcnft\u00e4gigen Deutschlandbesuches des \u00d6kumenischen Patriarchen Bartholomaios mit den Hauptstationen Stuttgart, T\u00fcbingen und Berlin die \u00f6kumenische Begegnung. Zwar kam er auch nach Reutlingen, wo er den griechischen Kirchneubau besuchten und eine Wasserweihe mit der dortigen Gemeinde feierte, und traf auch hochrangige politische Gespr\u00e4chspartner wie Bundespr\u00e4sident Frank-Walter Steinmeier, der den ersten Bischof der Orthodoxie zu einem gut einst\u00fcndigen Gespr\u00e4ch im Berliner Schloss Bellevue empfing, und den baden-w\u00fcrttembergischen Ministerpr\u00e4sidenten Winfried Kretschmann in Stuttgart unmittelbar nach seiner Ankunft, aber im Mittelpunkt dieses Besuchs stand nicht die Politik, sondern die \u00d6kumene.<\/p>\n<p>Eingeladen hatten den Patriarchen n\u00e4mlich die Evangelische Kirche in Deutschland (EKD) und die w\u00fcrttembergische evangelische Landeskirche aus Anlass des laufenden Reformationsgedenkjahrs. Das Verh\u00e4ltnis der Orthodoxie zu Martin Luther und der von diesem ausgel\u00f6sten Bewegung bildete denn auch den Schwerpunkt in den verschiedenen Ansprachen des Patriarchen in Stuttgart und T\u00fcbingen. Ein H\u00f6hepunkt war dabei die Verleihung der Ehrendoktorw\u00fcrde der Universit\u00e4t T\u00fcbingen an Patriarch Bartholomaios.<\/p>\n<p>Die dortige Evangelisch-Theologische Fakult\u00e4t hob damit sein Engagement f\u00fcr den Dialog der Religionen sowie f\u00fcr Umweltschutz, Frieden und Freiheit hervor. Dekan Michael Tilly charakterisierte entsprechend den Patriarchen einen \u201e\u00f6kumenischen Br\u00fcckenbauer\u201c.<\/p>\n<p>Der Patriarch, der unter anderem in M\u00fcnchen Theologie studiert hatte, ging in seiner auf Deutsch gehaltenen Ansprache auf die Geschichte des Dialogs zwischen Protestanten und Orthodoxen ein (vgl. den vollen Wortlaut S. 39-43). Er w\u00fcrdigte dabei vor allem die Bedeutung von Martin Luthers Freiheitsbegriff f\u00fcr den Dialog des Christentums mit der modernen Welt und betonte die Notwendigkeit weiterer Gespr\u00e4che der christlichen Kirchen \u201emit theologischem Ernst und theologischer Fantasie\u201c. Theologischer Fundamentalismus sei dagegen ein \u201eAusdruck krankhafter Religiosit\u00e4t\u201c.<\/p>\n<p>In T\u00fcbingen fand im Anschluss an den Patriarchenbesuch eine wissenschaftlichen Tagung statt, bei der es ebenfalls um Freiheit aus christlicher Sicht ging. Die Veranstaltung erinnerte unter dem Arbeitstitel \u201eT\u00fcbingen zwei\u201c an die ersten Kontakte zwischen den Kirchen der Reformation und der orthodoxen Kirche, die die T\u00fcbinger Theologen Martin Crusius und Jakob Andreae 1573 durch ihren Briefwechsel mit dem damaligen \u00d6kumenischen Patriarchen Jeremias II. aufgenommen hatten. Zuvor hatte Patriarch Bartholomaios bereits bei einer orthodoxen Veasper in der Stuttgarter evangelischen Stiftskirche das Gedenken an die Reformation gew\u00fcrdigt. Er \u00e4u\u00dferte die Hoffnung, dass aus der Erinnerung viele geistliche Fr\u00fcchte erw\u00fcchsen. Zugleich dankte er den beiden gro\u00dfen Kirchen f\u00fcr Freundschaft, Hilfe und Solidarit\u00e4t gegen\u00fcber den in der Bundesrepublik lebenden orthodoxen Christen.<\/p>\n<p>Der EKD-Ratsvorsitzende, Heinrich Bedford- Strohm, dankte seinerseits dem \u00d6kumenischen Patriarchen ebenso wie der w\u00fcrttembergische Landesbischof Frank Otfried July f\u00fcr die Bereitschaft zum offenen Dialog. Beim anschlie\u00dfenden Empfang im Stuttgarter Alten Schloss sprachen auch die u.a. f\u00fcr die Kontakte der EKD zust\u00e4ndige Bisch\u00f6fin Petra Bosse-Huber (Hannover) sowie der in der r\u00f6misch-katholischen Deutschen Bischofskonferenz f\u00fcr \u00d6kumene zust\u00e4ndige Magdeburger Bischof Gerhard Feige. Er unterstrich, dass die Menschen in j\u00fcngster Zeit erfahren m\u00fcssten, dass dort, wo Dialog verweigert werde und Ausgrenzung herrsche, das Zusammenleben in Freiheit und Frieden bedroht sei. Die Christen h\u00e4tten die gemeinsame Verantwortung, \u201egegen alle Fundamentalismen und Nationalismen f\u00fcr einen offenen Dialog zu werben und uns aktiv in diesen Dialog einzubringen\u201c.<\/p>\n<p>Auch in der T\u00fcbinger Stiftskirche feierte der Patriarch einen kurzen orthodoxen Gottesdienst, n\u00e4mlich eine Doxologie. Beide Gottesdienste wurden \u00fcberwiegfewnd in deutscher Sprache gefeiert und zeigten durch die Mitwirkung des serbischen Diakons Milutin Mari\u0107 und die Anwesenheit von zahlreichen Geistlichen vor allem der russischen wie der rum\u00e4nischen und serbischen Di\u00f6zesen mit Erzbischof Mark (Arndt), Metropolit Serafim (Joant\u0103) und Abt Maxim (Schmidt) an der Spitze die heutige Multinationalit\u00e4t der Orthodoxie in Deutschland, die auch der Vorsitzende der Orthodoxen Bischofskonferenz in Deutschland, Metropolit Augoustinos (Labardakis), mehrfach hervorhob.<\/p>\n<p>Der Patriarch reiste dann weiter nach Berlin, wo er auf Einladung der Konrad-Adenauer-Stiftung zum Thema \u201eOrthodoxie und Menschenrechte\u201c sprach. Dabei verteidigte er das Konzept der Menschenrechte sowohl gegen Vorbehalte aus nichtchristlichen Religionen als auch gegen Kritik aus fundamentalistischen Kreisen innerhalb der Orthodoxsie. Menschenrechte seien \u201ekein Menschenwerk\u201c, sondern ein \u201eGeschenk Gottes\u201c, betonte der \u00d6kumenische Patriarch. Ein Grundbegriff der orthodoxen Lehre vom Menschen sei der der Person; von dort aus erg\u00e4ben sich Ankn\u00fcpfungspunkte f\u00fcr die aus der Aufkl\u00e4rung stammenden Begriffe Freiheit und Autonomie. Auch wenn es von kirchlicher Seite zun\u00e4chst \u201eAnimosit\u00e4ten\u201c gegen die Menschenrechtserkl\u00e4rungen gegeben habe, wurzelten sie doch tief in der christlichen Kultur, die auch in die humanistischen Bewegungen ausgestrahlt habe. Zugleich betonte der Patriarch, unabh\u00e4ngig von ihrer Entstehung sei es wichtig, dass die Menschenrechte von verschiedenen Kulturen und V\u00f6lkern in den lebendigen Zusammenhang ihrer eigenen Tradition integriert w\u00fcrden.<\/p>\n<p>Der r\u00f6misch-katholische Erzbischof von Berlin, Heiner Koch, w\u00fcrdigte in seinem Gru\u00dfwort \u201edas wahrhaft globale Engagement\u201c des Patriarchen im \u00f6kumenischen und interreligi\u00f6sen Dialog. Auch der Bischof der Evangelischen Kirche Berlin-Brandenburg-schlesische Oberlausitz, Markus Dr\u00f6ge, hob die \u00f6kumenische Verbundenheit mit den orthodoxen Christen hervor. Die Kirche habe entweder \u00f6kumenischen Charakter, oder sie werde ihrem Auftrag nicht gerecht. Der Vorsitzende der Konrad-Adenauer-Stiftung, Hans-Gert P\u00f6ttering, w\u00fcrdigte Patriarch Bartholomaios als \u201eleuchtendes Vorbild f\u00fcr Vers\u00f6hnung und Frieden\u201c.<\/p>","protected":false},"excerpt":{"rendered":"<p>Anders als bei seinen beiden ersten offiziellen Besuchen in Deutschland&#8230;<\/p>\n","protected":false},"author":150,"featured_media":10624,"comment_status":"open","ping_status":"closed","sticky":false,"template":"","format":"standard","meta":{"_acf_changed":false,"_jetpack_memberships_contains_paid_content":false,"footnotes":""},"categories":[21],"tags":[],"class_list":["post-10623","post","type-post","status-publish","format-standard","has-post-thumbnail","hentry","category-aktuell"],"acf":[],"yoast_head":"<!-- This site is optimized with the Yoast SEO plugin v24.9 - https:\/\/yoast.com\/wordpress\/plugins\/seo\/ -->\n<title>Der \u00d6kumenische Patriarch in Deutschland - Berliner Di\u00f6zese der Russischen Orthodoxen Kirche (Kd\u00f6R)<\/title>\n<meta name=\"robots\" content=\"index, follow, max-snippet:-1, max-image-preview:large, max-video-preview:-1\" \/>\n<link rel=\"canonical\" href=\"https:\/\/rokmp.de\/de\/deutsch-der-okumenische-patriarch-in-deutschland\/\" \/>\n<meta property=\"og:locale\" content=\"de_DE\" \/>\n<meta property=\"og:type\" content=\"article\" \/>\n<meta property=\"og:title\" content=\"Der \u00d6kumenische Patriarch in Deutschland - Berliner Di\u00f6zese der Russischen Orthodoxen Kirche (Kd\u00f6R)\" \/>\n<meta property=\"og:description\" content=\"Anders als bei seinen beiden ersten offiziellen Besuchen in Deutschland...\" \/>\n<meta property=\"og:url\" content=\"https:\/\/rokmp.de\/de\/deutsch-der-okumenische-patriarch-in-deutschland\/\" \/>\n<meta property=\"og:site_name\" content=\"Berliner Di\u00f6zese der Russischen Orthodoxen Kirche (Kd\u00f6R)\" \/>\n<meta property=\"article:published_time\" content=\"2017-05-31T12:01:32+00:00\" \/>\n<meta property=\"article:modified_time\" content=\"2017-07-22T12:12:57+00:00\" \/>\n<meta property=\"og:image\" content=\"https:\/\/rokmp.de\/wp-content\/uploads\/2017\/07\/18767870_1496650610355703_6554940510653732614_n.jpg\" \/>\n\t<meta property=\"og:image:width\" content=\"960\" \/>\n\t<meta property=\"og:image:height\" content=\"720\" \/>\n\t<meta property=\"og:image:type\" content=\"image\/jpeg\" \/>\n<meta name=\"author\" content=\"priester Eugeny Murzin\" \/>\n<meta name=\"twitter:card\" content=\"summary_large_image\" \/>\n<meta name=\"twitter:label1\" content=\"Verfasst von\" \/>\n\t<meta name=\"twitter:data1\" content=\"priester Eugeny Murzin\" \/>\n\t<meta name=\"twitter:label2\" content=\"Gesch\u00e4tzte Lesezeit\" \/>\n\t<meta name=\"twitter:data2\" content=\"4\u00a0Minuten\" \/>\n<script type=\"application\/ld+json\" class=\"yoast-schema-graph\">{\"@context\":\"https:\/\/schema.org\",\"@graph\":[{\"@type\":\"WebPage\",\"@id\":\"https:\/\/rokmp.de\/de\/deutsch-der-okumenische-patriarch-in-deutschland\/\",\"url\":\"https:\/\/rokmp.de\/de\/deutsch-der-okumenische-patriarch-in-deutschland\/\",\"name\":\"Der \u00d6kumenische Patriarch in Deutschland - Berliner Di\u00f6zese der Russischen Orthodoxen Kirche (Kd\u00f6R)\",\"isPartOf\":{\"@id\":\"https:\/\/rokmp.de\/#website\"},\"primaryImageOfPage\":{\"@id\":\"https:\/\/rokmp.de\/de\/deutsch-der-okumenische-patriarch-in-deutschland\/#primaryimage\"},\"image\":{\"@id\":\"https:\/\/rokmp.de\/de\/deutsch-der-okumenische-patriarch-in-deutschland\/#primaryimage\"},\"thumbnailUrl\":\"https:\/\/rokmp.de\/wp-content\/uploads\/2017\/07\/18767870_1496650610355703_6554940510653732614_n.jpg\",\"datePublished\":\"2017-05-31T12:01:32+00:00\",\"dateModified\":\"2017-07-22T12:12:57+00:00\",\"author\":{\"@id\":\"https:\/\/rokmp.de\/#\/schema\/person\/1e05c7851b376b862ca66f74ee16b275\"},\"breadcrumb\":{\"@id\":\"https:\/\/rokmp.de\/de\/deutsch-der-okumenische-patriarch-in-deutschland\/#breadcrumb\"},\"inLanguage\":\"de\",\"potentialAction\":[{\"@type\":\"ReadAction\",\"target\":[\"https:\/\/rokmp.de\/de\/deutsch-der-okumenische-patriarch-in-deutschland\/\"]}]},{\"@type\":\"ImageObject\",\"inLanguage\":\"de\",\"@id\":\"https:\/\/rokmp.de\/de\/deutsch-der-okumenische-patriarch-in-deutschland\/#primaryimage\",\"url\":\"https:\/\/rokmp.de\/wp-content\/uploads\/2017\/07\/18767870_1496650610355703_6554940510653732614_n.jpg\",\"contentUrl\":\"https:\/\/rokmp.de\/wp-content\/uploads\/2017\/07\/18767870_1496650610355703_6554940510653732614_n.jpg\",\"width\":960,\"height\":720},{\"@type\":\"BreadcrumbList\",\"@id\":\"https:\/\/rokmp.de\/de\/deutsch-der-okumenische-patriarch-in-deutschland\/#breadcrumb\",\"itemListElement\":[{\"@type\":\"ListItem\",\"position\":1,\"name\":\"\u0413\u043b\u0430\u0432\u043d\u0430\u044f \u0441\u0442\u0440\u0430\u043d\u0438\u0446\u0430\",\"item\":\"https:\/\/rokmp.de\/\"},{\"@type\":\"ListItem\",\"position\":2,\"name\":\"Der \u00d6kumenische Patriarch in Deutschland\"}]},{\"@type\":\"WebSite\",\"@id\":\"https:\/\/rokmp.de\/#website\",\"url\":\"https:\/\/rokmp.de\/\",\"name\":\"Berliner Di\u00f6zese der Russischen Orthodoxen Kirche (Kd\u00f6R)\",\"description\":\"(\u0420\u0443\u0441\u0441\u043a\u0438\u0439) \u041e\u0444\u0438\u0446\u0438\u0430\u043b\u044c\u043d\u044b\u0439 \u0441\u0430\u0439\u0442 \u0420\u0443\u0441\u0441\u043a\u043e\u0439 \u041f\u0440\u0430\u0432\u043e\u0441\u043b\u0430\u0432\u043d\u043e\u0439 \u0426\u0435\u0440\u043a\u0432\u0438. \u0411\u0435\u0440\u043b\u0438\u043d\u0441\u043a\u043e-\u0413\u0435\u0440\u043c\u0430\u043d\u0441\u043a\u0430\u044f \u0435\u043f\u0430\u0440\u0445\u0438\u044f.\",\"potentialAction\":[{\"@type\":\"SearchAction\",\"target\":{\"@type\":\"EntryPoint\",\"urlTemplate\":\"https:\/\/rokmp.de\/?s={search_term_string}\"},\"query-input\":{\"@type\":\"PropertyValueSpecification\",\"valueRequired\":true,\"valueName\":\"search_term_string\"}}],\"inLanguage\":\"de\"},{\"@type\":\"Person\",\"@id\":\"https:\/\/rokmp.de\/#\/schema\/person\/1e05c7851b376b862ca66f74ee16b275\",\"name\":\"priester Eugeny Murzin\",\"image\":{\"@type\":\"ImageObject\",\"inLanguage\":\"de\",\"@id\":\"https:\/\/rokmp.de\/#\/schema\/person\/image\/\",\"url\":\"https:\/\/secure.gravatar.com\/avatar\/ab0791f77afedc1959682d928966c405d68e155dc34177d2d0970bb7906ee2ad?s=96&d=mm&r=g\",\"contentUrl\":\"https:\/\/secure.gravatar.com\/avatar\/ab0791f77afedc1959682d928966c405d68e155dc34177d2d0970bb7906ee2ad?s=96&d=mm&r=g\",\"caption\":\"priester Eugeny Murzin\"},\"sameAs\":[\"https:\/\/rokmp.de\"]}]}<\/script>\n<!-- \/ Yoast SEO plugin. -->","yoast_head_json":{"title":"Der \u00d6kumenische Patriarch in Deutschland - Berliner Di\u00f6zese der Russischen Orthodoxen Kirche (Kd\u00f6R)","robots":{"index":"index","follow":"follow","max-snippet":"max-snippet:-1","max-image-preview":"max-image-preview:large","max-video-preview":"max-video-preview:-1"},"canonical":"https:\/\/rokmp.de\/de\/deutsch-der-okumenische-patriarch-in-deutschland\/","og_locale":"de_DE","og_type":"article","og_title":"Der \u00d6kumenische Patriarch in Deutschland - Berliner Di\u00f6zese der Russischen Orthodoxen Kirche (Kd\u00f6R)","og_description":"Anders als bei seinen beiden ersten offiziellen Besuchen in Deutschland...","og_url":"https:\/\/rokmp.de\/de\/deutsch-der-okumenische-patriarch-in-deutschland\/","og_site_name":"Berliner Di\u00f6zese der Russischen Orthodoxen Kirche (Kd\u00f6R)","article_published_time":"2017-05-31T12:01:32+00:00","article_modified_time":"2017-07-22T12:12:57+00:00","og_image":[{"width":960,"height":720,"url":"https:\/\/rokmp.de\/wp-content\/uploads\/2017\/07\/18767870_1496650610355703_6554940510653732614_n.jpg","type":"image\/jpeg"}],"author":"priester Eugeny Murzin","twitter_card":"summary_large_image","twitter_misc":{"Verfasst von":"priester Eugeny Murzin","Gesch\u00e4tzte Lesezeit":"4\u00a0Minuten"},"schema":{"@context":"https:\/\/schema.org","@graph":[{"@type":"WebPage","@id":"https:\/\/rokmp.de\/de\/deutsch-der-okumenische-patriarch-in-deutschland\/","url":"https:\/\/rokmp.de\/de\/deutsch-der-okumenische-patriarch-in-deutschland\/","name":"Der \u00d6kumenische Patriarch in Deutschland - Berliner Di\u00f6zese der Russischen Orthodoxen Kirche (Kd\u00f6R)","isPartOf":{"@id":"https:\/\/rokmp.de\/#website"},"primaryImageOfPage":{"@id":"https:\/\/rokmp.de\/de\/deutsch-der-okumenische-patriarch-in-deutschland\/#primaryimage"},"image":{"@id":"https:\/\/rokmp.de\/de\/deutsch-der-okumenische-patriarch-in-deutschland\/#primaryimage"},"thumbnailUrl":"https:\/\/rokmp.de\/wp-content\/uploads\/2017\/07\/18767870_1496650610355703_6554940510653732614_n.jpg","datePublished":"2017-05-31T12:01:32+00:00","dateModified":"2017-07-22T12:12:57+00:00","author":{"@id":"https:\/\/rokmp.de\/#\/schema\/person\/1e05c7851b376b862ca66f74ee16b275"},"breadcrumb":{"@id":"https:\/\/rokmp.de\/de\/deutsch-der-okumenische-patriarch-in-deutschland\/#breadcrumb"},"inLanguage":"de","potentialAction":[{"@type":"ReadAction","target":["https:\/\/rokmp.de\/de\/deutsch-der-okumenische-patriarch-in-deutschland\/"]}]},{"@type":"ImageObject","inLanguage":"de","@id":"https:\/\/rokmp.de\/de\/deutsch-der-okumenische-patriarch-in-deutschland\/#primaryimage","url":"https:\/\/rokmp.de\/wp-content\/uploads\/2017\/07\/18767870_1496650610355703_6554940510653732614_n.jpg","contentUrl":"https:\/\/rokmp.de\/wp-content\/uploads\/2017\/07\/18767870_1496650610355703_6554940510653732614_n.jpg","width":960,"height":720},{"@type":"BreadcrumbList","@id":"https:\/\/rokmp.de\/de\/deutsch-der-okumenische-patriarch-in-deutschland\/#breadcrumb","itemListElement":[{"@type":"ListItem","position":1,"name":"\u0413\u043b\u0430\u0432\u043d\u0430\u044f \u0441\u0442\u0440\u0430\u043d\u0438\u0446\u0430","item":"https:\/\/rokmp.de\/"},{"@type":"ListItem","position":2,"name":"Der \u00d6kumenische Patriarch in Deutschland"}]},{"@type":"WebSite","@id":"https:\/\/rokmp.de\/#website","url":"https:\/\/rokmp.de\/","name":"Berliner Di\u00f6zese der Russischen Orthodoxen Kirche (Kd\u00f6R)","description":"(\u0420\u0443\u0441\u0441\u043a\u0438\u0439) \u041e\u0444\u0438\u0446\u0438\u0430\u043b\u044c\u043d\u044b\u0439 \u0441\u0430\u0439\u0442 \u0420\u0443\u0441\u0441\u043a\u043e\u0439 \u041f\u0440\u0430\u0432\u043e\u0441\u043b\u0430\u0432\u043d\u043e\u0439 \u0426\u0435\u0440\u043a\u0432\u0438. \u0411\u0435\u0440\u043b\u0438\u043d\u0441\u043a\u043e-\u0413\u0435\u0440\u043c\u0430\u043d\u0441\u043a\u0430\u044f \u0435\u043f\u0430\u0440\u0445\u0438\u044f.","potentialAction":[{"@type":"SearchAction","target":{"@type":"EntryPoint","urlTemplate":"https:\/\/rokmp.de\/?s={search_term_string}"},"query-input":{"@type":"PropertyValueSpecification","valueRequired":true,"valueName":"search_term_string"}}],"inLanguage":"de"},{"@type":"Person","@id":"https:\/\/rokmp.de\/#\/schema\/person\/1e05c7851b376b862ca66f74ee16b275","name":"priester Eugeny Murzin","image":{"@type":"ImageObject","inLanguage":"de","@id":"https:\/\/rokmp.de\/#\/schema\/person\/image\/","url":"https:\/\/secure.gravatar.com\/avatar\/ab0791f77afedc1959682d928966c405d68e155dc34177d2d0970bb7906ee2ad?s=96&d=mm&r=g","contentUrl":"https:\/\/secure.gravatar.com\/avatar\/ab0791f77afedc1959682d928966c405d68e155dc34177d2d0970bb7906ee2ad?s=96&d=mm&r=g","caption":"priester Eugeny Murzin"},"sameAs":["https:\/\/rokmp.de"]}]}},"jetpack_featured_media_url":"https:\/\/rokmp.de\/wp-content\/uploads\/2017\/07\/18767870_1496650610355703_6554940510653732614_n.jpg","jetpack_sharing_enabled":true,"_links":{"self":[{"href":"https:\/\/rokmp.de\/de\/wp-json\/wp\/v2\/posts\/10623","targetHints":{"allow":["GET"]}}],"collection":[{"href":"https:\/\/rokmp.de\/de\/wp-json\/wp\/v2\/posts"}],"about":[{"href":"https:\/\/rokmp.de\/de\/wp-json\/wp\/v2\/types\/post"}],"author":[{"embeddable":true,"href":"https:\/\/rokmp.de\/de\/wp-json\/wp\/v2\/users\/150"}],"replies":[{"embeddable":true,"href":"https:\/\/rokmp.de\/de\/wp-json\/wp\/v2\/comments?post=10623"}],"version-history":[{"count":1,"href":"https:\/\/rokmp.de\/de\/wp-json\/wp\/v2\/posts\/10623\/revisions"}],"predecessor-version":[{"id":10625,"href":"https:\/\/rokmp.de\/de\/wp-json\/wp\/v2\/posts\/10623\/revisions\/10625"}],"wp:featuredmedia":[{"embeddable":true,"href":"https:\/\/rokmp.de\/de\/wp-json\/wp\/v2\/media\/10624"}],"wp:attachment":[{"href":"https:\/\/rokmp.de\/de\/wp-json\/wp\/v2\/media?parent=10623"}],"wp:term":[{"taxonomy":"category","embeddable":true,"href":"https:\/\/rokmp.de\/de\/wp-json\/wp\/v2\/categories?post=10623"},{"taxonomy":"post_tag","embeddable":true,"href":"https:\/\/rokmp.de\/de\/wp-json\/wp\/v2\/tags?post=10623"}],"curies":[{"name":"wp","href":"https:\/\/api.w.org\/{rel}","templated":true}]}}