{"id":10688,"date":"2017-07-11T22:00:11","date_gmt":"2017-07-11T18:00:11","guid":{"rendered":"https:\/\/www.rokmp.de\/?p=10688"},"modified":"2017-08-07T16:14:57","modified_gmt":"2017-08-07T12:14:57","slug":"deutsch-vertreter-diakonischer-gruppen-aus-uber-30-stadten-teil-beim-tag-des-orthodoxen-freiwilligen-in-berlin","status":"publish","type":"post","link":"https:\/\/rokmp.de\/de\/deutsch-vertreter-diakonischer-gruppen-aus-uber-30-stadten-teil-beim-tag-des-orthodoxen-freiwilligen-in-berlin\/","title":{"rendered":"Vertreter diakonischer Gruppen aus \u00fcber 30 St\u00e4dten teil beim Tag des \u201eOrthodoxen Freiwilligen\u201c in Berlin"},"content":{"rendered":"<p><span style=\"font-family: Arial,sans-serif;\">Der Tag des \u201eOrthodoxen Freiwilligen\u201c fand in Berlin vom 30. Juni bis 2. Juli statt. Dazu versammelten sich in der deutschen Hauptstadt mehr als 50 Vertreter von ehrenamtlichen Gruppen aus 30 St\u00e4dten Deutschlands, Schottlands und der Niederlande, Russlands, Israels, Belgiens, der Schweiz und Moldawiens. Die Veranstaltung wurde zeitlich auf die Feier des Ged\u00e4chtnistages des hl. Bischofs Ioann (Maksimovi\u010d) von Shanghai und San Francisco gelegt. Als Veranstalter fungierte die Russische Orthodoxe Diakonie in Europa \u201eDobroe Delo (Gute Tat)\u201c unter Mitwirkung der Di\u00f6zese von Berlin und Deutschland. <\/span><\/p>\n<p><span style=\"font-family: Arial,sans-serif;\">Die Teilnehmer des Forums diskutierten wirksame Formen der Hilfe f\u00fcr Kinder und Erwachsene aus Russland und den GUS-Staaten bei der medizinischen Behandlung und Rehabilitation von Bed\u00fcrftigen im Ausland und Europa. Eine der grundlegenden Fragen, die beim Forum diskutiert wurde, war, wie man materielle Hilfe f\u00fcr die Kranken erlangen kann. Andere beim Forum angesprochene Fragen betrafen die Durchf\u00fchrung von Wohlt\u00e4tigkeitsveranstaltungen, die Verbesserung der Effizienz der ehrenamtlichen Arbeit durch IT-L\u00f6sungen sowie die geistlichen Grundlagen der Kommunikation der Freiwilligen mit den Betreuten.<\/span><\/p>\n<p><span style=\"font-family: Arial,sans-serif;\">Im Rahmen des Tages des \u201eOrthodoxen Freiwilligen\u201c fand zudem ein Benefiz-Konzert \u201eKunst f\u00fcr kranke Kinder\u201c statt und wurden eine Foto- und Kunstausstellung sowie eine Diakoniemesse organisiert.<\/span><\/p>\n<p><div class=\"tiled-gallery type-rectangular tiled-gallery-unresized\" data-original-width=\"860\" data-carousel-extra='{&quot;blog_id&quot;:1,&quot;permalink&quot;:&quot;https:\\\/\\\/rokmp.de\\\/de\\\/deutsch-vertreter-diakonischer-gruppen-aus-uber-30-stadten-teil-beim-tag-des-orthodoxen-freiwilligen-in-berlin\\\/&quot;,&quot;likes_blog_id&quot;:102558546}' itemscope itemtype=\"http:\/\/schema.org\/ImageGallery\" > <div class=\"gallery-row\" style=\"width: 860px; height: 530px;\" data-original-width=\"860\" data-original-height=\"530\" > <div class=\"gallery-group images-1\" style=\"width: 860px; height: 530px;\" data-original-width=\"860\" data-original-height=\"530\" > <div class=\"tiled-gallery-item tiled-gallery-item-large\" itemprop=\"associatedMedia\" itemscope itemtype=\"http:\/\/schema.org\/ImageObject\"> <a href=\"https:\/\/i0.wp.com\/rokmp.de\/wp-content\/uploads\/2017\/07\/dv.jpg?ssl=1\" border=\"0\" itemprop=\"url\"> <meta itemprop=\"width\" content=\"856\"> <meta itemprop=\"height\" content=\"526\"> <img decoding=\"async\" class=\"\" data-attachment-id=\"10575\" data-orig-file=\"https:\/\/rokmp.de\/wp-content\/uploads\/2017\/07\/dv.jpg\" data-orig-size=\"1200,738\" data-comments-opened=\"1\" data-image-meta=\"{&quot;aperture&quot;:&quot;2.8&quot;,&quot;credit&quot;:&quot;&quot;,&quot;camera&quot;:&quot;Canon EOS 450D&quot;,&quot;caption&quot;:&quot;&quot;,&quot;created_timestamp&quot;:&quot;1498906325&quot;,&quot;copyright&quot;:&quot;&quot;,&quot;focal_length&quot;:&quot;34&quot;,&quot;iso&quot;:&quot;200&quot;,&quot;shutter_speed&quot;:&quot;0.033333333333333&quot;,&quot;title&quot;:&quot;&quot;,&quot;orientation&quot;:&quot;1&quot;}\" data-image-title=\"dv\" data-image-description=\"\" data-medium-file=\"https:\/\/rokmp.de\/wp-content\/uploads\/2017\/07\/dv-300x185.jpg\" data-large-file=\"https:\/\/rokmp.de\/wp-content\/uploads\/2017\/07\/dv-1024x630.jpg\" src=\"https:\/\/i0.wp.com\/rokmp.de\/wp-content\/uploads\/2017\/07\/dv.jpg?w=856&#038;h=526&#038;ssl=1\" srcset=\"https:\/\/rokmp.de\/wp-content\/uploads\/2017\/07\/dv.jpg 1200w, https:\/\/rokmp.de\/wp-content\/uploads\/2017\/07\/dv-300x185.jpg 300w, https:\/\/rokmp.de\/wp-content\/uploads\/2017\/07\/dv-768x472.jpg 768w, https:\/\/rokmp.de\/wp-content\/uploads\/2017\/07\/dv-1024x630.jpg 1024w\" width=\"856\" height=\"526\" loading=\"lazy\" data-original-width=\"856\" data-original-height=\"526\" itemprop=\"http:\/\/schema.org\/image\" title=\"dv\" alt=\"dv\" style=\"width: 856px; height: 526px;\" \/> <\/a> <\/div> <\/div> <!-- close group --> <\/div> <!-- close row --> <\/div><\/p>","protected":false},"excerpt":{"rendered":"<p>Der Tag des \u201eOrthodoxen Freiwilligen\u201c fand in Berlin vom 30&#8230;.<\/p>\n","protected":false},"author":150,"featured_media":10575,"comment_status":"open","ping_status":"closed","sticky":false,"template":"","format":"standard","meta":{"_acf_changed":false,"_jetpack_memberships_contains_paid_content":false,"footnotes":""},"categories":[21],"tags":[],"class_list":["post-10688","post","type-post","status-publish","format-standard","has-post-thumbnail","hentry","category-aktuell"],"acf":[],"yoast_head":"<!-- This site is optimized with the Yoast SEO plugin v24.9 - https:\/\/yoast.com\/wordpress\/plugins\/seo\/ -->\n<title>Vertreter diakonischer Gruppen aus \u00fcber 30 St\u00e4dten teil beim Tag des \u201eOrthodoxen Freiwilligen\u201c in Berlin - Berliner Di\u00f6zese der Russischen Orthodoxen Kirche (Kd\u00f6R)<\/title>\n<meta name=\"robots\" content=\"index, follow, max-snippet:-1, max-image-preview:large, max-video-preview:-1\" \/>\n<link rel=\"canonical\" href=\"https:\/\/rokmp.de\/de\/deutsch-vertreter-diakonischer-gruppen-aus-uber-30-stadten-teil-beim-tag-des-orthodoxen-freiwilligen-in-berlin\/\" \/>\n<meta property=\"og:locale\" content=\"de_DE\" \/>\n<meta property=\"og:type\" content=\"article\" \/>\n<meta property=\"og:title\" content=\"Vertreter diakonischer Gruppen aus \u00fcber 30 St\u00e4dten teil beim Tag des \u201eOrthodoxen Freiwilligen\u201c in Berlin - Berliner Di\u00f6zese der Russischen Orthodoxen Kirche (Kd\u00f6R)\" \/>\n<meta property=\"og:description\" content=\"Der Tag des \u201eOrthodoxen Freiwilligen\u201c fand in Berlin vom 30....\" \/>\n<meta property=\"og:url\" content=\"https:\/\/rokmp.de\/de\/deutsch-vertreter-diakonischer-gruppen-aus-uber-30-stadten-teil-beim-tag-des-orthodoxen-freiwilligen-in-berlin\/\" \/>\n<meta property=\"og:site_name\" content=\"Berliner Di\u00f6zese der Russischen Orthodoxen Kirche (Kd\u00f6R)\" \/>\n<meta property=\"article:published_time\" content=\"2017-07-11T18:00:11+00:00\" \/>\n<meta property=\"article:modified_time\" content=\"2017-08-07T12:14:57+00:00\" \/>\n<meta property=\"og:image\" content=\"https:\/\/rokmp.de\/wp-content\/uploads\/2017\/07\/dv.jpg\" \/>\n\t<meta property=\"og:image:width\" content=\"1200\" \/>\n\t<meta property=\"og:image:height\" content=\"738\" \/>\n\t<meta property=\"og:image:type\" content=\"image\/jpeg\" \/>\n<meta name=\"author\" content=\"priester Eugeny Murzin\" \/>\n<meta name=\"twitter:card\" content=\"summary_large_image\" \/>\n<meta name=\"twitter:label1\" content=\"Verfasst von\" \/>\n\t<meta name=\"twitter:data1\" content=\"priester Eugeny Murzin\" \/>\n\t<meta name=\"twitter:label2\" content=\"Gesch\u00e4tzte Lesezeit\" \/>\n\t<meta name=\"twitter:data2\" content=\"1\u00a0Minute\" \/>\n<script type=\"application\/ld+json\" class=\"yoast-schema-graph\">{\"@context\":\"https:\/\/schema.org\",\"@graph\":[{\"@type\":\"WebPage\",\"@id\":\"https:\/\/rokmp.de\/de\/deutsch-vertreter-diakonischer-gruppen-aus-uber-30-stadten-teil-beim-tag-des-orthodoxen-freiwilligen-in-berlin\/\",\"url\":\"https:\/\/rokmp.de\/de\/deutsch-vertreter-diakonischer-gruppen-aus-uber-30-stadten-teil-beim-tag-des-orthodoxen-freiwilligen-in-berlin\/\",\"name\":\"Vertreter diakonischer Gruppen aus \u00fcber 30 St\u00e4dten teil beim Tag des \u201eOrthodoxen Freiwilligen\u201c in Berlin - Berliner Di\u00f6zese der Russischen Orthodoxen Kirche (Kd\u00f6R)\",\"isPartOf\":{\"@id\":\"https:\/\/rokmp.de\/#website\"},\"primaryImageOfPage\":{\"@id\":\"https:\/\/rokmp.de\/de\/deutsch-vertreter-diakonischer-gruppen-aus-uber-30-stadten-teil-beim-tag-des-orthodoxen-freiwilligen-in-berlin\/#primaryimage\"},\"image\":{\"@id\":\"https:\/\/rokmp.de\/de\/deutsch-vertreter-diakonischer-gruppen-aus-uber-30-stadten-teil-beim-tag-des-orthodoxen-freiwilligen-in-berlin\/#primaryimage\"},\"thumbnailUrl\":\"https:\/\/rokmp.de\/wp-content\/uploads\/2017\/07\/dv.jpg\",\"datePublished\":\"2017-07-11T18:00:11+00:00\",\"dateModified\":\"2017-08-07T12:14:57+00:00\",\"author\":{\"@id\":\"https:\/\/rokmp.de\/#\/schema\/person\/1e05c7851b376b862ca66f74ee16b275\"},\"breadcrumb\":{\"@id\":\"https:\/\/rokmp.de\/de\/deutsch-vertreter-diakonischer-gruppen-aus-uber-30-stadten-teil-beim-tag-des-orthodoxen-freiwilligen-in-berlin\/#breadcrumb\"},\"inLanguage\":\"de\",\"potentialAction\":[{\"@type\":\"ReadAction\",\"target\":[\"https:\/\/rokmp.de\/de\/deutsch-vertreter-diakonischer-gruppen-aus-uber-30-stadten-teil-beim-tag-des-orthodoxen-freiwilligen-in-berlin\/\"]}]},{\"@type\":\"ImageObject\",\"inLanguage\":\"de\",\"@id\":\"https:\/\/rokmp.de\/de\/deutsch-vertreter-diakonischer-gruppen-aus-uber-30-stadten-teil-beim-tag-des-orthodoxen-freiwilligen-in-berlin\/#primaryimage\",\"url\":\"https:\/\/rokmp.de\/wp-content\/uploads\/2017\/07\/dv.jpg\",\"contentUrl\":\"https:\/\/rokmp.de\/wp-content\/uploads\/2017\/07\/dv.jpg\",\"width\":1200,\"height\":738},{\"@type\":\"BreadcrumbList\",\"@id\":\"https:\/\/rokmp.de\/de\/deutsch-vertreter-diakonischer-gruppen-aus-uber-30-stadten-teil-beim-tag-des-orthodoxen-freiwilligen-in-berlin\/#breadcrumb\",\"itemListElement\":[{\"@type\":\"ListItem\",\"position\":1,\"name\":\"\u0413\u043b\u0430\u0432\u043d\u0430\u044f \u0441\u0442\u0440\u0430\u043d\u0438\u0446\u0430\",\"item\":\"https:\/\/rokmp.de\/\"},{\"@type\":\"ListItem\",\"position\":2,\"name\":\"Vertreter diakonischer Gruppen aus \u00fcber 30 St\u00e4dten teil beim Tag des \u201eOrthodoxen Freiwilligen\u201c in Berlin\"}]},{\"@type\":\"WebSite\",\"@id\":\"https:\/\/rokmp.de\/#website\",\"url\":\"https:\/\/rokmp.de\/\",\"name\":\"Berliner Di\u00f6zese der Russischen Orthodoxen Kirche (Kd\u00f6R)\",\"description\":\"(\u0420\u0443\u0441\u0441\u043a\u0438\u0439) \u041e\u0444\u0438\u0446\u0438\u0430\u043b\u044c\u043d\u044b\u0439 \u0441\u0430\u0439\u0442 \u0420\u0443\u0441\u0441\u043a\u043e\u0439 \u041f\u0440\u0430\u0432\u043e\u0441\u043b\u0430\u0432\u043d\u043e\u0439 \u0426\u0435\u0440\u043a\u0432\u0438. \u0411\u0435\u0440\u043b\u0438\u043d\u0441\u043a\u043e-\u0413\u0435\u0440\u043c\u0430\u043d\u0441\u043a\u0430\u044f \u0435\u043f\u0430\u0440\u0445\u0438\u044f.\",\"potentialAction\":[{\"@type\":\"SearchAction\",\"target\":{\"@type\":\"EntryPoint\",\"urlTemplate\":\"https:\/\/rokmp.de\/?s={search_term_string}\"},\"query-input\":{\"@type\":\"PropertyValueSpecification\",\"valueRequired\":true,\"valueName\":\"search_term_string\"}}],\"inLanguage\":\"de\"},{\"@type\":\"Person\",\"@id\":\"https:\/\/rokmp.de\/#\/schema\/person\/1e05c7851b376b862ca66f74ee16b275\",\"name\":\"priester Eugeny Murzin\",\"image\":{\"@type\":\"ImageObject\",\"inLanguage\":\"de\",\"@id\":\"https:\/\/rokmp.de\/#\/schema\/person\/image\/\",\"url\":\"https:\/\/secure.gravatar.com\/avatar\/ab0791f77afedc1959682d928966c405d68e155dc34177d2d0970bb7906ee2ad?s=96&d=mm&r=g\",\"contentUrl\":\"https:\/\/secure.gravatar.com\/avatar\/ab0791f77afedc1959682d928966c405d68e155dc34177d2d0970bb7906ee2ad?s=96&d=mm&r=g\",\"caption\":\"priester Eugeny Murzin\"},\"sameAs\":[\"https:\/\/rokmp.de\"]}]}<\/script>\n<!-- \/ Yoast SEO plugin. -->","yoast_head_json":{"title":"Vertreter diakonischer Gruppen aus \u00fcber 30 St\u00e4dten teil beim Tag des \u201eOrthodoxen Freiwilligen\u201c in Berlin - Berliner Di\u00f6zese der Russischen Orthodoxen Kirche (Kd\u00f6R)","robots":{"index":"index","follow":"follow","max-snippet":"max-snippet:-1","max-image-preview":"max-image-preview:large","max-video-preview":"max-video-preview:-1"},"canonical":"https:\/\/rokmp.de\/de\/deutsch-vertreter-diakonischer-gruppen-aus-uber-30-stadten-teil-beim-tag-des-orthodoxen-freiwilligen-in-berlin\/","og_locale":"de_DE","og_type":"article","og_title":"Vertreter diakonischer Gruppen aus \u00fcber 30 St\u00e4dten teil beim Tag des \u201eOrthodoxen Freiwilligen\u201c in Berlin - Berliner Di\u00f6zese der Russischen Orthodoxen Kirche (Kd\u00f6R)","og_description":"Der Tag des \u201eOrthodoxen Freiwilligen\u201c fand in Berlin vom 30....","og_url":"https:\/\/rokmp.de\/de\/deutsch-vertreter-diakonischer-gruppen-aus-uber-30-stadten-teil-beim-tag-des-orthodoxen-freiwilligen-in-berlin\/","og_site_name":"Berliner Di\u00f6zese der Russischen Orthodoxen Kirche (Kd\u00f6R)","article_published_time":"2017-07-11T18:00:11+00:00","article_modified_time":"2017-08-07T12:14:57+00:00","og_image":[{"width":1200,"height":738,"url":"https:\/\/rokmp.de\/wp-content\/uploads\/2017\/07\/dv.jpg","type":"image\/jpeg"}],"author":"priester Eugeny Murzin","twitter_card":"summary_large_image","twitter_misc":{"Verfasst von":"priester Eugeny Murzin","Gesch\u00e4tzte Lesezeit":"1\u00a0Minute"},"schema":{"@context":"https:\/\/schema.org","@graph":[{"@type":"WebPage","@id":"https:\/\/rokmp.de\/de\/deutsch-vertreter-diakonischer-gruppen-aus-uber-30-stadten-teil-beim-tag-des-orthodoxen-freiwilligen-in-berlin\/","url":"https:\/\/rokmp.de\/de\/deutsch-vertreter-diakonischer-gruppen-aus-uber-30-stadten-teil-beim-tag-des-orthodoxen-freiwilligen-in-berlin\/","name":"Vertreter diakonischer Gruppen aus \u00fcber 30 St\u00e4dten teil beim Tag des \u201eOrthodoxen Freiwilligen\u201c in Berlin - Berliner Di\u00f6zese der Russischen Orthodoxen Kirche (Kd\u00f6R)","isPartOf":{"@id":"https:\/\/rokmp.de\/#website"},"primaryImageOfPage":{"@id":"https:\/\/rokmp.de\/de\/deutsch-vertreter-diakonischer-gruppen-aus-uber-30-stadten-teil-beim-tag-des-orthodoxen-freiwilligen-in-berlin\/#primaryimage"},"image":{"@id":"https:\/\/rokmp.de\/de\/deutsch-vertreter-diakonischer-gruppen-aus-uber-30-stadten-teil-beim-tag-des-orthodoxen-freiwilligen-in-berlin\/#primaryimage"},"thumbnailUrl":"https:\/\/rokmp.de\/wp-content\/uploads\/2017\/07\/dv.jpg","datePublished":"2017-07-11T18:00:11+00:00","dateModified":"2017-08-07T12:14:57+00:00","author":{"@id":"https:\/\/rokmp.de\/#\/schema\/person\/1e05c7851b376b862ca66f74ee16b275"},"breadcrumb":{"@id":"https:\/\/rokmp.de\/de\/deutsch-vertreter-diakonischer-gruppen-aus-uber-30-stadten-teil-beim-tag-des-orthodoxen-freiwilligen-in-berlin\/#breadcrumb"},"inLanguage":"de","potentialAction":[{"@type":"ReadAction","target":["https:\/\/rokmp.de\/de\/deutsch-vertreter-diakonischer-gruppen-aus-uber-30-stadten-teil-beim-tag-des-orthodoxen-freiwilligen-in-berlin\/"]}]},{"@type":"ImageObject","inLanguage":"de","@id":"https:\/\/rokmp.de\/de\/deutsch-vertreter-diakonischer-gruppen-aus-uber-30-stadten-teil-beim-tag-des-orthodoxen-freiwilligen-in-berlin\/#primaryimage","url":"https:\/\/rokmp.de\/wp-content\/uploads\/2017\/07\/dv.jpg","contentUrl":"https:\/\/rokmp.de\/wp-content\/uploads\/2017\/07\/dv.jpg","width":1200,"height":738},{"@type":"BreadcrumbList","@id":"https:\/\/rokmp.de\/de\/deutsch-vertreter-diakonischer-gruppen-aus-uber-30-stadten-teil-beim-tag-des-orthodoxen-freiwilligen-in-berlin\/#breadcrumb","itemListElement":[{"@type":"ListItem","position":1,"name":"\u0413\u043b\u0430\u0432\u043d\u0430\u044f \u0441\u0442\u0440\u0430\u043d\u0438\u0446\u0430","item":"https:\/\/rokmp.de\/"},{"@type":"ListItem","position":2,"name":"Vertreter diakonischer Gruppen aus \u00fcber 30 St\u00e4dten teil beim Tag des \u201eOrthodoxen Freiwilligen\u201c in Berlin"}]},{"@type":"WebSite","@id":"https:\/\/rokmp.de\/#website","url":"https:\/\/rokmp.de\/","name":"Berliner Di\u00f6zese der Russischen Orthodoxen Kirche (Kd\u00f6R)","description":"(\u0420\u0443\u0441\u0441\u043a\u0438\u0439) \u041e\u0444\u0438\u0446\u0438\u0430\u043b\u044c\u043d\u044b\u0439 \u0441\u0430\u0439\u0442 \u0420\u0443\u0441\u0441\u043a\u043e\u0439 \u041f\u0440\u0430\u0432\u043e\u0441\u043b\u0430\u0432\u043d\u043e\u0439 \u0426\u0435\u0440\u043a\u0432\u0438. \u0411\u0435\u0440\u043b\u0438\u043d\u0441\u043a\u043e-\u0413\u0435\u0440\u043c\u0430\u043d\u0441\u043a\u0430\u044f \u0435\u043f\u0430\u0440\u0445\u0438\u044f.","potentialAction":[{"@type":"SearchAction","target":{"@type":"EntryPoint","urlTemplate":"https:\/\/rokmp.de\/?s={search_term_string}"},"query-input":{"@type":"PropertyValueSpecification","valueRequired":true,"valueName":"search_term_string"}}],"inLanguage":"de"},{"@type":"Person","@id":"https:\/\/rokmp.de\/#\/schema\/person\/1e05c7851b376b862ca66f74ee16b275","name":"priester Eugeny Murzin","image":{"@type":"ImageObject","inLanguage":"de","@id":"https:\/\/rokmp.de\/#\/schema\/person\/image\/","url":"https:\/\/secure.gravatar.com\/avatar\/ab0791f77afedc1959682d928966c405d68e155dc34177d2d0970bb7906ee2ad?s=96&d=mm&r=g","contentUrl":"https:\/\/secure.gravatar.com\/avatar\/ab0791f77afedc1959682d928966c405d68e155dc34177d2d0970bb7906ee2ad?s=96&d=mm&r=g","caption":"priester Eugeny Murzin"},"sameAs":["https:\/\/rokmp.de"]}]}},"jetpack_featured_media_url":"https:\/\/rokmp.de\/wp-content\/uploads\/2017\/07\/dv.jpg","jetpack_sharing_enabled":true,"_links":{"self":[{"href":"https:\/\/rokmp.de\/de\/wp-json\/wp\/v2\/posts\/10688","targetHints":{"allow":["GET"]}}],"collection":[{"href":"https:\/\/rokmp.de\/de\/wp-json\/wp\/v2\/posts"}],"about":[{"href":"https:\/\/rokmp.de\/de\/wp-json\/wp\/v2\/types\/post"}],"author":[{"embeddable":true,"href":"https:\/\/rokmp.de\/de\/wp-json\/wp\/v2\/users\/150"}],"replies":[{"embeddable":true,"href":"https:\/\/rokmp.de\/de\/wp-json\/wp\/v2\/comments?post=10688"}],"version-history":[{"count":1,"href":"https:\/\/rokmp.de\/de\/wp-json\/wp\/v2\/posts\/10688\/revisions"}],"predecessor-version":[{"id":10689,"href":"https:\/\/rokmp.de\/de\/wp-json\/wp\/v2\/posts\/10688\/revisions\/10689"}],"wp:featuredmedia":[{"embeddable":true,"href":"https:\/\/rokmp.de\/de\/wp-json\/wp\/v2\/media\/10575"}],"wp:attachment":[{"href":"https:\/\/rokmp.de\/de\/wp-json\/wp\/v2\/media?parent=10688"}],"wp:term":[{"taxonomy":"category","embeddable":true,"href":"https:\/\/rokmp.de\/de\/wp-json\/wp\/v2\/categories?post=10688"},{"taxonomy":"post_tag","embeddable":true,"href":"https:\/\/rokmp.de\/de\/wp-json\/wp\/v2\/tags?post=10688"}],"curies":[{"name":"wp","href":"https:\/\/api.w.org\/{rel}","templated":true}]}}