{"id":11444,"date":"2017-11-02T15:26:24","date_gmt":"2017-11-02T11:26:24","guid":{"rendered":"https:\/\/www.rokmp.de\/?p=11444"},"modified":"2017-11-02T15:26:24","modified_gmt":"2017-11-02T11:26:24","slug":"deutsch-der-vertreter-der-diozese-nahm-an-der-festveranstaltung-anlasslich-des-500-jahrestags-der-reformation-teil","status":"publish","type":"post","link":"https:\/\/rokmp.de\/de\/deutsch-der-vertreter-der-diozese-nahm-an-der-festveranstaltung-anlasslich-des-500-jahrestags-der-reformation-teil\/","title":{"rendered":"Der Vertreter der Di\u00f6zese nahm an der Festveranstaltung anl\u00e4sslich des 500. Jahrestags der Reformation teil"},"content":{"rendered":"<p>31. Oktober lud die Evangelische Kirche in Deutschland die Vertreter der \u00d6ffentlichkeit und der Christlicher Kirchen zum Festakt anl\u00e4sslich des 500. Jahrestages der Reformation nach Wittenberg. An der Veranstaltung in der Wittenberger Schlosskirche anschlie\u00dfend auch an dem Festakt, nahmen u.a. die Vertreter aus Kirche und Politik teil, darunter Bundeskanzlerin A. Merkel, Staatspr\u00e4sidenten von Deutschland und Ungarn, Ministerpr\u00e4sident Sachsen-Anhalts, Bundeskulturministerin.<\/p>\n<p>An der Festveranstaltung nahm in der Vertretung der Di\u00f6zese von Berlin, der Russischen Orthodoxen Kirche, der Erzpriester Alexej Tomjuk, Pfarrer der Russischen Ged\u00e4chtniskirche zu Leipzig, teil.<\/p>","protected":false},"excerpt":{"rendered":"<p>31. Oktober lud die Evangelische Kirche in Deutschland die Vertreter&#8230;<\/p>\n","protected":false},"author":150,"featured_media":11441,"comment_status":"open","ping_status":"closed","sticky":false,"template":"","format":"standard","meta":{"_acf_changed":false,"_jetpack_memberships_contains_paid_content":false,"footnotes":""},"categories":[21],"tags":[],"class_list":["post-11444","post","type-post","status-publish","format-standard","has-post-thumbnail","hentry","category-aktuell"],"acf":[],"yoast_head":"<!-- This site is optimized with the Yoast SEO plugin v24.9 - https:\/\/yoast.com\/wordpress\/plugins\/seo\/ -->\n<title>Der Vertreter der Di\u00f6zese nahm an der Festveranstaltung anl\u00e4sslich des 500. Jahrestags der Reformation teil - Berliner Di\u00f6zese der Russischen Orthodoxen Kirche (Kd\u00f6R)<\/title>\n<meta name=\"robots\" content=\"index, follow, max-snippet:-1, max-image-preview:large, max-video-preview:-1\" \/>\n<link rel=\"canonical\" href=\"https:\/\/rokmp.de\/de\/deutsch-der-vertreter-der-diozese-nahm-an-der-festveranstaltung-anlasslich-des-500-jahrestags-der-reformation-teil\/\" \/>\n<meta property=\"og:locale\" content=\"de_DE\" \/>\n<meta property=\"og:type\" content=\"article\" \/>\n<meta property=\"og:title\" content=\"Der Vertreter der Di\u00f6zese nahm an der Festveranstaltung anl\u00e4sslich des 500. Jahrestags der Reformation teil - Berliner Di\u00f6zese der Russischen Orthodoxen Kirche (Kd\u00f6R)\" \/>\n<meta property=\"og:description\" content=\"31. Oktober lud die Evangelische Kirche in Deutschland die Vertreter...\" \/>\n<meta property=\"og:url\" content=\"https:\/\/rokmp.de\/de\/deutsch-der-vertreter-der-diozese-nahm-an-der-festveranstaltung-anlasslich-des-500-jahrestags-der-reformation-teil\/\" \/>\n<meta property=\"og:site_name\" content=\"Berliner Di\u00f6zese der Russischen Orthodoxen Kirche (Kd\u00f6R)\" \/>\n<meta property=\"article:published_time\" content=\"2017-11-02T11:26:24+00:00\" \/>\n<meta property=\"og:image\" content=\"https:\/\/rokmp.de\/wp-content\/uploads\/2017\/11\/vit.jpg\" \/>\n\t<meta property=\"og:image:width\" content=\"960\" \/>\n\t<meta property=\"og:image:height\" content=\"634\" \/>\n\t<meta property=\"og:image:type\" content=\"image\/jpeg\" \/>\n<meta name=\"author\" content=\"priester Eugeny Murzin\" \/>\n<meta name=\"twitter:card\" content=\"summary_large_image\" \/>\n<meta name=\"twitter:label1\" content=\"Verfasst von\" \/>\n\t<meta name=\"twitter:data1\" content=\"priester Eugeny Murzin\" \/>\n<script type=\"application\/ld+json\" class=\"yoast-schema-graph\">{\"@context\":\"https:\/\/schema.org\",\"@graph\":[{\"@type\":\"WebPage\",\"@id\":\"https:\/\/rokmp.de\/de\/deutsch-der-vertreter-der-diozese-nahm-an-der-festveranstaltung-anlasslich-des-500-jahrestags-der-reformation-teil\/\",\"url\":\"https:\/\/rokmp.de\/de\/deutsch-der-vertreter-der-diozese-nahm-an-der-festveranstaltung-anlasslich-des-500-jahrestags-der-reformation-teil\/\",\"name\":\"Der Vertreter der Di\u00f6zese nahm an der Festveranstaltung anl\u00e4sslich des 500. Jahrestags der Reformation teil - Berliner Di\u00f6zese der Russischen Orthodoxen Kirche (Kd\u00f6R)\",\"isPartOf\":{\"@id\":\"https:\/\/rokmp.de\/#website\"},\"primaryImageOfPage\":{\"@id\":\"https:\/\/rokmp.de\/de\/deutsch-der-vertreter-der-diozese-nahm-an-der-festveranstaltung-anlasslich-des-500-jahrestags-der-reformation-teil\/#primaryimage\"},\"image\":{\"@id\":\"https:\/\/rokmp.de\/de\/deutsch-der-vertreter-der-diozese-nahm-an-der-festveranstaltung-anlasslich-des-500-jahrestags-der-reformation-teil\/#primaryimage\"},\"thumbnailUrl\":\"https:\/\/rokmp.de\/wp-content\/uploads\/2017\/11\/vit.jpg\",\"datePublished\":\"2017-11-02T11:26:24+00:00\",\"author\":{\"@id\":\"https:\/\/rokmp.de\/#\/schema\/person\/1e05c7851b376b862ca66f74ee16b275\"},\"breadcrumb\":{\"@id\":\"https:\/\/rokmp.de\/de\/deutsch-der-vertreter-der-diozese-nahm-an-der-festveranstaltung-anlasslich-des-500-jahrestags-der-reformation-teil\/#breadcrumb\"},\"inLanguage\":\"de\",\"potentialAction\":[{\"@type\":\"ReadAction\",\"target\":[\"https:\/\/rokmp.de\/de\/deutsch-der-vertreter-der-diozese-nahm-an-der-festveranstaltung-anlasslich-des-500-jahrestags-der-reformation-teil\/\"]}]},{\"@type\":\"ImageObject\",\"inLanguage\":\"de\",\"@id\":\"https:\/\/rokmp.de\/de\/deutsch-der-vertreter-der-diozese-nahm-an-der-festveranstaltung-anlasslich-des-500-jahrestags-der-reformation-teil\/#primaryimage\",\"url\":\"https:\/\/rokmp.de\/wp-content\/uploads\/2017\/11\/vit.jpg\",\"contentUrl\":\"https:\/\/rokmp.de\/wp-content\/uploads\/2017\/11\/vit.jpg\",\"width\":960,\"height\":634},{\"@type\":\"BreadcrumbList\",\"@id\":\"https:\/\/rokmp.de\/de\/deutsch-der-vertreter-der-diozese-nahm-an-der-festveranstaltung-anlasslich-des-500-jahrestags-der-reformation-teil\/#breadcrumb\",\"itemListElement\":[{\"@type\":\"ListItem\",\"position\":1,\"name\":\"\u0413\u043b\u0430\u0432\u043d\u0430\u044f \u0441\u0442\u0440\u0430\u043d\u0438\u0446\u0430\",\"item\":\"https:\/\/rokmp.de\/\"},{\"@type\":\"ListItem\",\"position\":2,\"name\":\"Der Vertreter der Di\u00f6zese nahm an der Festveranstaltung anl\u00e4sslich des 500. Jahrestags der Reformation teil\"}]},{\"@type\":\"WebSite\",\"@id\":\"https:\/\/rokmp.de\/#website\",\"url\":\"https:\/\/rokmp.de\/\",\"name\":\"Berliner Di\u00f6zese der Russischen Orthodoxen Kirche (Kd\u00f6R)\",\"description\":\"(\u0420\u0443\u0441\u0441\u043a\u0438\u0439) \u041e\u0444\u0438\u0446\u0438\u0430\u043b\u044c\u043d\u044b\u0439 \u0441\u0430\u0439\u0442 \u0420\u0443\u0441\u0441\u043a\u043e\u0439 \u041f\u0440\u0430\u0432\u043e\u0441\u043b\u0430\u0432\u043d\u043e\u0439 \u0426\u0435\u0440\u043a\u0432\u0438. \u0411\u0435\u0440\u043b\u0438\u043d\u0441\u043a\u043e-\u0413\u0435\u0440\u043c\u0430\u043d\u0441\u043a\u0430\u044f \u0435\u043f\u0430\u0440\u0445\u0438\u044f.\",\"potentialAction\":[{\"@type\":\"SearchAction\",\"target\":{\"@type\":\"EntryPoint\",\"urlTemplate\":\"https:\/\/rokmp.de\/?s={search_term_string}\"},\"query-input\":{\"@type\":\"PropertyValueSpecification\",\"valueRequired\":true,\"valueName\":\"search_term_string\"}}],\"inLanguage\":\"de\"},{\"@type\":\"Person\",\"@id\":\"https:\/\/rokmp.de\/#\/schema\/person\/1e05c7851b376b862ca66f74ee16b275\",\"name\":\"priester Eugeny Murzin\",\"image\":{\"@type\":\"ImageObject\",\"inLanguage\":\"de\",\"@id\":\"https:\/\/rokmp.de\/#\/schema\/person\/image\/\",\"url\":\"https:\/\/secure.gravatar.com\/avatar\/ab0791f77afedc1959682d928966c405d68e155dc34177d2d0970bb7906ee2ad?s=96&d=mm&r=g\",\"contentUrl\":\"https:\/\/secure.gravatar.com\/avatar\/ab0791f77afedc1959682d928966c405d68e155dc34177d2d0970bb7906ee2ad?s=96&d=mm&r=g\",\"caption\":\"priester Eugeny Murzin\"},\"sameAs\":[\"https:\/\/rokmp.de\"]}]}<\/script>\n<!-- \/ Yoast SEO plugin. -->","yoast_head_json":{"title":"Der Vertreter der Di\u00f6zese nahm an der Festveranstaltung anl\u00e4sslich des 500. Jahrestags der Reformation teil - Berliner Di\u00f6zese der Russischen Orthodoxen Kirche (Kd\u00f6R)","robots":{"index":"index","follow":"follow","max-snippet":"max-snippet:-1","max-image-preview":"max-image-preview:large","max-video-preview":"max-video-preview:-1"},"canonical":"https:\/\/rokmp.de\/de\/deutsch-der-vertreter-der-diozese-nahm-an-der-festveranstaltung-anlasslich-des-500-jahrestags-der-reformation-teil\/","og_locale":"de_DE","og_type":"article","og_title":"Der Vertreter der Di\u00f6zese nahm an der Festveranstaltung anl\u00e4sslich des 500. Jahrestags der Reformation teil - Berliner Di\u00f6zese der Russischen Orthodoxen Kirche (Kd\u00f6R)","og_description":"31. Oktober lud die Evangelische Kirche in Deutschland die Vertreter...","og_url":"https:\/\/rokmp.de\/de\/deutsch-der-vertreter-der-diozese-nahm-an-der-festveranstaltung-anlasslich-des-500-jahrestags-der-reformation-teil\/","og_site_name":"Berliner Di\u00f6zese der Russischen Orthodoxen Kirche (Kd\u00f6R)","article_published_time":"2017-11-02T11:26:24+00:00","og_image":[{"width":960,"height":634,"url":"https:\/\/rokmp.de\/wp-content\/uploads\/2017\/11\/vit.jpg","type":"image\/jpeg"}],"author":"priester Eugeny Murzin","twitter_card":"summary_large_image","twitter_misc":{"Verfasst von":"priester Eugeny Murzin"},"schema":{"@context":"https:\/\/schema.org","@graph":[{"@type":"WebPage","@id":"https:\/\/rokmp.de\/de\/deutsch-der-vertreter-der-diozese-nahm-an-der-festveranstaltung-anlasslich-des-500-jahrestags-der-reformation-teil\/","url":"https:\/\/rokmp.de\/de\/deutsch-der-vertreter-der-diozese-nahm-an-der-festveranstaltung-anlasslich-des-500-jahrestags-der-reformation-teil\/","name":"Der Vertreter der Di\u00f6zese nahm an der Festveranstaltung anl\u00e4sslich des 500. Jahrestags der Reformation teil - Berliner Di\u00f6zese der Russischen Orthodoxen Kirche (Kd\u00f6R)","isPartOf":{"@id":"https:\/\/rokmp.de\/#website"},"primaryImageOfPage":{"@id":"https:\/\/rokmp.de\/de\/deutsch-der-vertreter-der-diozese-nahm-an-der-festveranstaltung-anlasslich-des-500-jahrestags-der-reformation-teil\/#primaryimage"},"image":{"@id":"https:\/\/rokmp.de\/de\/deutsch-der-vertreter-der-diozese-nahm-an-der-festveranstaltung-anlasslich-des-500-jahrestags-der-reformation-teil\/#primaryimage"},"thumbnailUrl":"https:\/\/rokmp.de\/wp-content\/uploads\/2017\/11\/vit.jpg","datePublished":"2017-11-02T11:26:24+00:00","author":{"@id":"https:\/\/rokmp.de\/#\/schema\/person\/1e05c7851b376b862ca66f74ee16b275"},"breadcrumb":{"@id":"https:\/\/rokmp.de\/de\/deutsch-der-vertreter-der-diozese-nahm-an-der-festveranstaltung-anlasslich-des-500-jahrestags-der-reformation-teil\/#breadcrumb"},"inLanguage":"de","potentialAction":[{"@type":"ReadAction","target":["https:\/\/rokmp.de\/de\/deutsch-der-vertreter-der-diozese-nahm-an-der-festveranstaltung-anlasslich-des-500-jahrestags-der-reformation-teil\/"]}]},{"@type":"ImageObject","inLanguage":"de","@id":"https:\/\/rokmp.de\/de\/deutsch-der-vertreter-der-diozese-nahm-an-der-festveranstaltung-anlasslich-des-500-jahrestags-der-reformation-teil\/#primaryimage","url":"https:\/\/rokmp.de\/wp-content\/uploads\/2017\/11\/vit.jpg","contentUrl":"https:\/\/rokmp.de\/wp-content\/uploads\/2017\/11\/vit.jpg","width":960,"height":634},{"@type":"BreadcrumbList","@id":"https:\/\/rokmp.de\/de\/deutsch-der-vertreter-der-diozese-nahm-an-der-festveranstaltung-anlasslich-des-500-jahrestags-der-reformation-teil\/#breadcrumb","itemListElement":[{"@type":"ListItem","position":1,"name":"\u0413\u043b\u0430\u0432\u043d\u0430\u044f \u0441\u0442\u0440\u0430\u043d\u0438\u0446\u0430","item":"https:\/\/rokmp.de\/"},{"@type":"ListItem","position":2,"name":"Der Vertreter der Di\u00f6zese nahm an der Festveranstaltung anl\u00e4sslich des 500. Jahrestags der Reformation teil"}]},{"@type":"WebSite","@id":"https:\/\/rokmp.de\/#website","url":"https:\/\/rokmp.de\/","name":"Berliner Di\u00f6zese der Russischen Orthodoxen Kirche (Kd\u00f6R)","description":"(\u0420\u0443\u0441\u0441\u043a\u0438\u0439) \u041e\u0444\u0438\u0446\u0438\u0430\u043b\u044c\u043d\u044b\u0439 \u0441\u0430\u0439\u0442 \u0420\u0443\u0441\u0441\u043a\u043e\u0439 \u041f\u0440\u0430\u0432\u043e\u0441\u043b\u0430\u0432\u043d\u043e\u0439 \u0426\u0435\u0440\u043a\u0432\u0438. \u0411\u0435\u0440\u043b\u0438\u043d\u0441\u043a\u043e-\u0413\u0435\u0440\u043c\u0430\u043d\u0441\u043a\u0430\u044f \u0435\u043f\u0430\u0440\u0445\u0438\u044f.","potentialAction":[{"@type":"SearchAction","target":{"@type":"EntryPoint","urlTemplate":"https:\/\/rokmp.de\/?s={search_term_string}"},"query-input":{"@type":"PropertyValueSpecification","valueRequired":true,"valueName":"search_term_string"}}],"inLanguage":"de"},{"@type":"Person","@id":"https:\/\/rokmp.de\/#\/schema\/person\/1e05c7851b376b862ca66f74ee16b275","name":"priester Eugeny Murzin","image":{"@type":"ImageObject","inLanguage":"de","@id":"https:\/\/rokmp.de\/#\/schema\/person\/image\/","url":"https:\/\/secure.gravatar.com\/avatar\/ab0791f77afedc1959682d928966c405d68e155dc34177d2d0970bb7906ee2ad?s=96&d=mm&r=g","contentUrl":"https:\/\/secure.gravatar.com\/avatar\/ab0791f77afedc1959682d928966c405d68e155dc34177d2d0970bb7906ee2ad?s=96&d=mm&r=g","caption":"priester Eugeny Murzin"},"sameAs":["https:\/\/rokmp.de"]}]}},"jetpack_featured_media_url":"https:\/\/rokmp.de\/wp-content\/uploads\/2017\/11\/vit.jpg","jetpack_sharing_enabled":true,"_links":{"self":[{"href":"https:\/\/rokmp.de\/de\/wp-json\/wp\/v2\/posts\/11444","targetHints":{"allow":["GET"]}}],"collection":[{"href":"https:\/\/rokmp.de\/de\/wp-json\/wp\/v2\/posts"}],"about":[{"href":"https:\/\/rokmp.de\/de\/wp-json\/wp\/v2\/types\/post"}],"author":[{"embeddable":true,"href":"https:\/\/rokmp.de\/de\/wp-json\/wp\/v2\/users\/150"}],"replies":[{"embeddable":true,"href":"https:\/\/rokmp.de\/de\/wp-json\/wp\/v2\/comments?post=11444"}],"version-history":[{"count":1,"href":"https:\/\/rokmp.de\/de\/wp-json\/wp\/v2\/posts\/11444\/revisions"}],"predecessor-version":[{"id":11445,"href":"https:\/\/rokmp.de\/de\/wp-json\/wp\/v2\/posts\/11444\/revisions\/11445"}],"wp:featuredmedia":[{"embeddable":true,"href":"https:\/\/rokmp.de\/de\/wp-json\/wp\/v2\/media\/11441"}],"wp:attachment":[{"href":"https:\/\/rokmp.de\/de\/wp-json\/wp\/v2\/media?parent=11444"}],"wp:term":[{"taxonomy":"category","embeddable":true,"href":"https:\/\/rokmp.de\/de\/wp-json\/wp\/v2\/categories?post=11444"},{"taxonomy":"post_tag","embeddable":true,"href":"https:\/\/rokmp.de\/de\/wp-json\/wp\/v2\/tags?post=11444"}],"curies":[{"name":"wp","href":"https:\/\/api.w.org\/{rel}","templated":true}]}}