{"id":12222,"date":"2018-02-09T13:21:23","date_gmt":"2018-02-09T10:21:23","guid":{"rendered":"https:\/\/rokmp.de\/?p=12222"},"modified":"2018-03-02T13:49:39","modified_gmt":"2018-03-02T10:49:39","slug":"orthodoxe-kinder-und-jugendfreizeit-25-31-marz-2018-2","status":"publish","type":"post","link":"https:\/\/rokmp.de\/de\/orthodoxe-kinder-und-jugendfreizeit-25-31-marz-2018-2\/","title":{"rendered":"Orthodoxe Kinder- und Jugendfreizeit 25. \u2013 31. M\u00e4rz 2018"},"content":{"rendered":"<p><div class=\"tiled-gallery type-rectangular tiled-gallery-unresized\" data-original-width=\"860\" data-carousel-extra='{&quot;blog_id&quot;:1,&quot;permalink&quot;:&quot;https:\\\/\\\/rokmp.de\\\/de\\\/orthodoxe-kinder-und-jugendfreizeit-25-31-marz-2018-2\\\/&quot;,&quot;likes_blog_id&quot;:102558546}' itemscope itemtype=\"http:\/\/schema.org\/ImageGallery\" > <div class=\"gallery-row\" style=\"width: 860px; height: 406px;\" data-original-width=\"860\" data-original-height=\"406\" > <div class=\"gallery-group images-1\" style=\"width: 561px; height: 406px;\" data-original-width=\"561\" data-original-height=\"406\" > <div class=\"tiled-gallery-item tiled-gallery-item-large\" itemprop=\"associatedMedia\" itemscope itemtype=\"http:\/\/schema.org\/ImageObject\"> <a href=\"https:\/\/i0.wp.com\/rokmp.de\/wp-content\/uploads\/2018\/02\/dasdsada.jpg?ssl=1\" border=\"0\" itemprop=\"url\"> <meta itemprop=\"width\" content=\"557\"> <meta itemprop=\"height\" content=\"402\"> <img decoding=\"async\" class=\"\" data-attachment-id=\"12213\" data-orig-file=\"https:\/\/rokmp.de\/wp-content\/uploads\/2018\/02\/dasdsada.jpg\" data-orig-size=\"402,290\" data-comments-opened=\"1\" data-image-meta=\"{&quot;aperture&quot;:&quot;0&quot;,&quot;credit&quot;:&quot;&quot;,&quot;camera&quot;:&quot;&quot;,&quot;caption&quot;:&quot;&quot;,&quot;created_timestamp&quot;:&quot;0&quot;,&quot;copyright&quot;:&quot;&quot;,&quot;focal_length&quot;:&quot;0&quot;,&quot;iso&quot;:&quot;0&quot;,&quot;shutter_speed&quot;:&quot;0&quot;,&quot;title&quot;:&quot;&quot;,&quot;orientation&quot;:&quot;0&quot;}\" data-image-title=\"dasdsada\" data-image-description=\"\" data-medium-file=\"https:\/\/rokmp.de\/wp-content\/uploads\/2018\/02\/dasdsada-300x216.jpg\" data-large-file=\"https:\/\/rokmp.de\/wp-content\/uploads\/2018\/02\/dasdsada.jpg\" src=\"https:\/\/i0.wp.com\/rokmp.de\/wp-content\/uploads\/2018\/02\/dasdsada.jpg?w=557&#038;h=402&#038;ssl=1\" srcset=\"https:\/\/rokmp.de\/wp-content\/uploads\/2018\/02\/dasdsada.jpg 402w, https:\/\/rokmp.de\/wp-content\/uploads\/2018\/02\/dasdsada-300x216.jpg 300w\" width=\"557\" height=\"402\" loading=\"lazy\" data-original-width=\"557\" data-original-height=\"402\" itemprop=\"http:\/\/schema.org\/image\" title=\"dasdsada\" alt=\"dasdsada\" style=\"width: 557px; height: 402px;\" \/> <\/a> <\/div> <\/div> <!-- close group --> <div class=\"gallery-group images-2\" style=\"width: 299px; height: 406px;\" data-original-width=\"299\" data-original-height=\"406\" > <div class=\"tiled-gallery-item tiled-gallery-item-large\" itemprop=\"associatedMedia\" itemscope itemtype=\"http:\/\/schema.org\/ImageObject\"> <a href=\"https:\/\/i0.wp.com\/rokmp.de\/wp-content\/uploads\/2018\/02\/fhdg.jpg?ssl=1\" border=\"0\" itemprop=\"url\"> <meta itemprop=\"width\" content=\"295\"> <meta itemprop=\"height\" content=\"200\"> <img decoding=\"async\" class=\"\" data-attachment-id=\"12214\" data-orig-file=\"https:\/\/rokmp.de\/wp-content\/uploads\/2018\/02\/fhdg.jpg\" data-orig-size=\"350,237\" data-comments-opened=\"1\" data-image-meta=\"{&quot;aperture&quot;:&quot;0&quot;,&quot;credit&quot;:&quot;&quot;,&quot;camera&quot;:&quot;&quot;,&quot;caption&quot;:&quot;&quot;,&quot;created_timestamp&quot;:&quot;0&quot;,&quot;copyright&quot;:&quot;&quot;,&quot;focal_length&quot;:&quot;0&quot;,&quot;iso&quot;:&quot;0&quot;,&quot;shutter_speed&quot;:&quot;0&quot;,&quot;title&quot;:&quot;&quot;,&quot;orientation&quot;:&quot;0&quot;}\" data-image-title=\"fhdg\" data-image-description=\"\" data-medium-file=\"https:\/\/rokmp.de\/wp-content\/uploads\/2018\/02\/fhdg-300x203.jpg\" data-large-file=\"https:\/\/rokmp.de\/wp-content\/uploads\/2018\/02\/fhdg.jpg\" src=\"https:\/\/i0.wp.com\/rokmp.de\/wp-content\/uploads\/2018\/02\/fhdg.jpg?w=295&#038;h=200&#038;ssl=1\" srcset=\"https:\/\/rokmp.de\/wp-content\/uploads\/2018\/02\/fhdg.jpg 350w, https:\/\/rokmp.de\/wp-content\/uploads\/2018\/02\/fhdg-300x203.jpg 300w\" width=\"295\" height=\"200\" loading=\"lazy\" data-original-width=\"295\" data-original-height=\"200\" itemprop=\"http:\/\/schema.org\/image\" title=\"fhdg\" alt=\"fhdg\" style=\"width: 295px; height: 200px;\" \/> <\/a> <\/div> <div class=\"tiled-gallery-item tiled-gallery-item-large\" itemprop=\"associatedMedia\" itemscope itemtype=\"http:\/\/schema.org\/ImageObject\"> <a href=\"https:\/\/i0.wp.com\/rokmp.de\/wp-content\/uploads\/2018\/02\/rtyrty.jpg?ssl=1\" border=\"0\" itemprop=\"url\"> <meta itemprop=\"width\" content=\"295\"> <meta itemprop=\"height\" content=\"198\"> <img decoding=\"async\" class=\"\" data-attachment-id=\"12215\" data-orig-file=\"https:\/\/rokmp.de\/wp-content\/uploads\/2018\/02\/rtyrty.jpg\" data-orig-size=\"431,290\" data-comments-opened=\"1\" data-image-meta=\"{&quot;aperture&quot;:&quot;0&quot;,&quot;credit&quot;:&quot;&quot;,&quot;camera&quot;:&quot;&quot;,&quot;caption&quot;:&quot;&quot;,&quot;created_timestamp&quot;:&quot;0&quot;,&quot;copyright&quot;:&quot;&quot;,&quot;focal_length&quot;:&quot;0&quot;,&quot;iso&quot;:&quot;0&quot;,&quot;shutter_speed&quot;:&quot;0&quot;,&quot;title&quot;:&quot;&quot;,&quot;orientation&quot;:&quot;0&quot;}\" data-image-title=\"rtyrty\" data-image-description=\"\" data-medium-file=\"https:\/\/rokmp.de\/wp-content\/uploads\/2018\/02\/rtyrty-300x202.jpg\" data-large-file=\"https:\/\/rokmp.de\/wp-content\/uploads\/2018\/02\/rtyrty.jpg\" src=\"https:\/\/i0.wp.com\/rokmp.de\/wp-content\/uploads\/2018\/02\/rtyrty.jpg?w=295&#038;h=198&#038;ssl=1\" srcset=\"https:\/\/rokmp.de\/wp-content\/uploads\/2018\/02\/rtyrty.jpg 431w, https:\/\/rokmp.de\/wp-content\/uploads\/2018\/02\/rtyrty-300x202.jpg 300w\" width=\"295\" height=\"198\" loading=\"lazy\" data-original-width=\"295\" data-original-height=\"198\" itemprop=\"http:\/\/schema.org\/image\" title=\"rtyrty\" alt=\"rtyrty\" style=\"width: 295px; height: 198px;\" \/> <\/a> <\/div> <\/div> <!-- close group --> <\/div> <!-- close row --> <\/div><\/p>\n<p align=\"CENTER\"><span style=\"font-family: Arial, sans-serif;\"><span style=\"font-size: x-large;\"><b>Haus Eifelblick, Trier<\/b><\/span><\/span><\/p>\n<p align=\"CENTER\"><span style=\"font-family: Arial, sans-serif;\"><span style=\"font-size: large;\"><b>Anmeldung f\u00fcr Kinder und Jugendliche <\/b><\/span><\/span><span style=\"font-family: Arial, sans-serif;\"><span style=\"font-size: large;\"><u><b>von 7 bis 17 Jahren<\/b><\/u><\/span><\/span><span style=\"font-family: Arial, sans-serif;\"><span style=\"font-size: large;\"><b>.<\/b><\/span><\/span><\/p>\n<p align=\"CENTER\"><span style=\"font-family: Arial, sans-serif;\"><span style=\"font-size: large;\"><b>Erwachsene ab 18 k\u00f6nnen als Gruppenleiter mitfahren.<\/b><\/span><\/span><\/p>\n<p><span style=\"color: #000000;\"><span style=\"font-family: Arial, sans-serif;\"><span style=\"font-size: large;\"><b>Anreise am <\/b><\/span><\/span><\/span><span style=\"font-family: Arial, sans-serif;\"><span style=\"font-size: large;\"><b>Sonntag<\/b><\/span><\/span><span style=\"color: #000000;\"><span style=\"font-family: Arial, sans-serif;\"><span style=\"font-size: large;\"><b>, dem 25. M\u00e4rz, um 17:<\/b><\/span><\/span><\/span><span style=\"font-family: Arial, sans-serif;\"><span style=\"font-size: large;\"><b>00<\/b><\/span><\/span><span style=\"color: #000000;\"><span style=\"font-family: Arial, sans-serif;\"><span style=\"font-size: large;\"><b> Uhr<\/b><\/span><\/span><\/span><\/p>\n<p><span style=\"color: #000000;\"><span style=\"font-family: Arial, sans-serif;\"><span style=\"font-size: large;\"><b>Abreise am Samstag, dem 31. M\u00e4rz, um 12:<\/b><\/span><\/span><\/span><span style=\"font-family: Arial, sans-serif;\"><span style=\"font-size: large;\"><b>00<\/b><\/span><\/span><span style=\"color: #000000;\"><span style=\"font-family: Arial, sans-serif;\"><span style=\"font-size: large;\"><b> Uhr<\/b><\/span><\/span><\/span><\/p>\n<p align=\"CENTER\"><span style=\"color: #ff0000;\"><span style=\"font-family: Arial, sans-serif;\"><span style=\"font-size: medium;\"><b>Aus Krefeld f\u00e4hrt zur Freizeit und zur\u00fcck ein Reisebus.<\/b><\/span><\/span><\/span><\/p>\n<p align=\"CENTER\"><span style=\"color: #ff0000;\"><span style=\"font-family: Arial, sans-serif;\"><span style=\"font-size: medium;\"><b>Abfahrt aus Krefeld am 25. M\u00e4rz um 13:00.<\/b><\/span><\/span><\/span><\/p>\n<p align=\"CENTER\"><span style=\"color: #ff0000;\"><span style=\"font-family: Arial, sans-serif;\"><span style=\"font-size: medium;\"><b>Ankunft zur\u00fcck am 31. M\u00e4rz um ca. 15:00.<\/b><\/span><\/span><\/span><\/p>\n<p align=\"CENTER\"><a name=\"_Hlk505608800\"><\/a> <span style=\"color: #ff0000;\"><span style=\"font-family: Arial, sans-serif;\"><span style=\"font-size: medium;\"><b>Treffpunkt in Krefeld: St. Barbara Kirche, Wielandstr. 11, 47799 Krefeld<\/b><\/span><\/span><\/span><\/p>\n<p><span style=\"color: #000000;\"><span style=\"font-family: Arial, sans-serif;\"><span style=\"font-size: medium;\"><b>Bitte die Kinder nur zu den angegeben Zeiten hinbringen und abholen!<\/b><\/span><\/span><\/span><\/p>\n<p><span style=\"color: #000000;\"><span style=\"font-family: Arial, sans-serif;\"><span style=\"font-size: medium;\"><b>Im Programm: <\/b><\/span><\/span><\/span><\/p>\n<ul>\n<li><span style=\"color: #000000;\"><span style=\"font-family: Arial, sans-serif;\">Vollverpflegung, Gebet, G\u00f6ttliche Liturgie, Katechese (Sonntagsschule)<\/span><\/span><\/li>\n<li><span style=\"color: #000000;\"><span style=\"font-family: Arial, sans-serif;\">Sport, Spiele, Gesang am Lagerfeuer, Kinoabend, Pilgerfahrt \/ Ausflug<\/span><\/span><\/li>\n<li><span style=\"color: #000000;\"><span style=\"font-family: Arial, sans-serif;\">Arbeitskreise nach Interessen: Wettspiele, Tanzen, Singen, Malen, Schach, Sprachunterricht und vieles mehr.<\/span><\/span><\/li>\n<li><span style=\"color: #000000;\"><span style=\"font-family: Arial, sans-serif;\">Unterbringung auf einem Bett oder einer Luftmatratze.<\/span><\/span><\/li>\n<\/ul>\n<p><span style=\"color: #000000;\"><span style=\"font-family: Arial, sans-serif;\"><span style=\"font-size: medium;\"><b>Mitzubringen sind:<\/b><\/span><\/span><\/span><\/p>\n<ul>\n<li>\n<p align=\"JUSTIFY\"><span style=\"font-family: Arial, sans-serif;\">Versicherungskarte und Impfpass, Handt\u00fccher, Sport und Schwimmsachen, traditionelle Kleidung f\u00fcr den Gottesdienst, genug Wechselkleidung f\u00fcr 6 Tage (f\u00fcr verschiedenes Wetter), 3 Paar Schuhe, Hausschuhe, Gummistiefel, 3 Jacken, je 6 Hosen, Pullover und T-Shirts, Zahnb\u00fcrste etc.<\/span><\/p>\n<\/li>\n<li><span style=\"font-family: Arial, sans-serif;\">Badmintonschl\u00e4ger, Fu\u00dfb\u00e4lle, B\u00fccher, Brettspiele u. \u00c4.; Armbanduhr.<\/span><\/li>\n<\/ul>\n<p align=\"JUSTIFY\"><span style=\"font-family: Arial, sans-serif;\"><span style=\"font-size: medium;\"><b>Nicht mitnehmen: <\/b><\/span><\/span><span style=\"font-family: Arial, sans-serif;\"><span style=\"font-size: medium;\">Lautsprecher, Geld, S\u00fc\u00dfigkeiten und Chips, Spray-Deos, Messer und gef\u00e4hrliche Gegenst\u00e4nde.<\/span><\/span><\/p>\n<p align=\"JUSTIFY\"><span style=\"font-family: Arial, sans-serif;\"><span style=\"font-size: medium;\"><b>Nicht gebraucht werden Bettbezug, Kissen und Decke.<\/b><\/span><\/span><\/p>\n<p><span style=\"font-family: Arial, sans-serif;\"><span style=\"font-size: medium;\"><u><b>Telefonzeit: von 14 bis 15 Uhr.<\/b><\/u><\/span><\/span><\/p>\n<p align=\"CENTER\"><span style=\"color: #ff0000;\"><span style=\"font-family: Arial, sans-serif;\"><b>Anmeldung nur online: <\/b><\/span><\/span><span style=\"color: #00b0f0;\"><span style=\"font-family: Arial, sans-serif;\"><b>www.rok-krefeld.de\/lager\/<\/b><\/span><\/span><\/p>\n<p align=\"JUSTIFY\"><span style=\"color: #000000;\"><span style=\"font-family: Arial, sans-serif;\"><b>Preis: <\/b><\/span><\/span><span style=\"color: #000000;\"><span style=\"font-family: Arial, sans-serif;\">130 Euro. Busfahrt hin und zur\u00fcck 20 Euro. (Familien mit Geschwistern und im Leistungsbezug k\u00f6nnen eine Kosten\u00fcbernahme beantragen. Finanzielle Schwierigkeiten sollten kein Hindernis f\u00fcr die Teilnahme an der Freizeit sein. Sprechen Sie uns an.)<\/span><\/span><\/p>\n<p align=\"JUSTIFY\"><span style=\"color: #000000;\"><span style=\"font-family: Arial, sans-serif;\"><span style=\"font-size: small;\"><b>Kontoinhaber: Russische Orthodoxe Kirchengemeinde; Institut: Sparkasse Krefeld<\/b><\/span><\/span><\/span><\/p>\n<p align=\"JUSTIFY\"><span style=\"color: #000000;\"><span style=\"font-family: Arial, sans-serif;\"><span style=\"font-size: small;\"><b>IBAN: DE33 3205 0000 0002 8562 01; BIC: SPKRDE33XXX<\/b><\/span><\/span><\/span><\/p>\n<p align=\"JUSTIFY\"><span style=\"color: #000000;\"><span style=\"font-family: Arial, sans-serif;\"><b>Tr\u00e4ger: Russische Orthodoxe St. Barbara Kirche zu Krefeld.<\/b><\/span><\/span><\/p>\n<p><span style=\"color: #000000;\"><span style=\"font-family: Arial, sans-serif;\"><b>Adresse: <\/b><\/span><\/span><span style=\"color: #000000;\"><span style=\"font-family: Arial, sans-serif;\">Tr\u00e4gerberg 20, 54298 Welschbillig<\/span><\/span><span style=\"color: #000000;\"><span style=\"font-family: Arial, sans-serif;\"><span style=\"font-size: medium;\">.<\/span><\/span><\/span><b> <\/b><span style=\"font-family: Arial, sans-serif;\"><span style=\"font-size: medium;\"><span lang=\"ru-RU\"><b>\u041e\u0441\u0442\u0430\u043d\u043e\u0432\u043a\u0430<\/b><\/span><\/span><\/span><span style=\"font-family: Arial, sans-serif;\"><span style=\"font-size: medium;\"><b>: <\/b><\/span><\/span><span style=\"font-family: Arial, sans-serif;\"><span style=\"font-size: medium;\">Tr\u00e4g, Welschbillig.<\/span><\/span><\/p>","protected":false},"excerpt":{"rendered":"<p>Haus Eifelblick, Trier. Anmeldung f\u00fcr Kinder und Jugendliche von 7 bis 17 Jahren. Erwachsene ab 18 k\u00f6nnen als Gruppenleiter mitfahren. Anreise am Sonntag, dem 25. M\u00e4rz, um 17:00 Uhr. Abreise am Samstag, dem 31. M\u00e4rz, um 12:00 Uhr<\/p>\n","protected":false},"author":150,"featured_media":12213,"comment_status":"open","ping_status":"closed","sticky":false,"template":"","format":"standard","meta":{"_acf_changed":false,"_jetpack_memberships_contains_paid_content":false,"footnotes":""},"categories":[21],"tags":[],"class_list":["post-12222","post","type-post","status-publish","format-standard","has-post-thumbnail","hentry","category-aktuell"],"acf":[],"yoast_head":"<!-- This site is optimized with the Yoast SEO plugin v24.9 - https:\/\/yoast.com\/wordpress\/plugins\/seo\/ -->\n<title>Orthodoxe Kinder- und Jugendfreizeit 25. \u2013 31. M\u00e4rz 2018 - Berliner Di\u00f6zese der Russischen Orthodoxen Kirche (Kd\u00f6R)<\/title>\n<meta name=\"robots\" content=\"index, follow, max-snippet:-1, max-image-preview:large, max-video-preview:-1\" \/>\n<link rel=\"canonical\" href=\"https:\/\/rokmp.de\/de\/orthodoxe-kinder-und-jugendfreizeit-25-31-marz-2018-2\/\" \/>\n<meta property=\"og:locale\" content=\"de_DE\" \/>\n<meta property=\"og:type\" content=\"article\" \/>\n<meta property=\"og:title\" content=\"Orthodoxe Kinder- und Jugendfreizeit 25. \u2013 31. M\u00e4rz 2018 - Berliner Di\u00f6zese der Russischen Orthodoxen Kirche (Kd\u00f6R)\" \/>\n<meta property=\"og:description\" content=\"[:de]Haus Eifelblick, Trier. Anmeldung f\u00fcr Kinder und Jugendliche von 7 bis 17 Jahren. Erwachsene ab 18 k\u00f6nnen als Gruppenleiter mitfahren. Anreise am Sonntag, dem 25. M\u00e4rz, um 17:00 Uhr. Abreise am Samstag, dem 31. M\u00e4rz, um 12:00 Uhr[:]\" \/>\n<meta property=\"og:url\" content=\"https:\/\/rokmp.de\/de\/orthodoxe-kinder-und-jugendfreizeit-25-31-marz-2018-2\/\" \/>\n<meta property=\"og:site_name\" content=\"Berliner Di\u00f6zese der Russischen Orthodoxen Kirche (Kd\u00f6R)\" \/>\n<meta property=\"article:published_time\" content=\"2018-02-09T10:21:23+00:00\" \/>\n<meta property=\"article:modified_time\" content=\"2018-03-02T10:49:39+00:00\" \/>\n<meta property=\"og:image\" content=\"https:\/\/rokmp.de\/wp-content\/uploads\/2018\/02\/dasdsada.jpg\" \/>\n\t<meta property=\"og:image:width\" content=\"402\" \/>\n\t<meta property=\"og:image:height\" content=\"290\" \/>\n\t<meta property=\"og:image:type\" content=\"image\/jpeg\" \/>\n<meta name=\"author\" content=\"priester Eugeny Murzin\" \/>\n<meta name=\"twitter:card\" content=\"summary_large_image\" \/>\n<meta name=\"twitter:label1\" content=\"Verfasst von\" \/>\n\t<meta name=\"twitter:data1\" content=\"priester Eugeny Murzin\" \/>\n\t<meta name=\"twitter:label2\" content=\"Gesch\u00e4tzte Lesezeit\" \/>\n\t<meta name=\"twitter:data2\" content=\"1\u00a0Minute\" \/>\n<script type=\"application\/ld+json\" class=\"yoast-schema-graph\">{\"@context\":\"https:\/\/schema.org\",\"@graph\":[{\"@type\":\"WebPage\",\"@id\":\"https:\/\/rokmp.de\/de\/orthodoxe-kinder-und-jugendfreizeit-25-31-marz-2018-2\/\",\"url\":\"https:\/\/rokmp.de\/de\/orthodoxe-kinder-und-jugendfreizeit-25-31-marz-2018-2\/\",\"name\":\"Orthodoxe Kinder- und Jugendfreizeit 25. \u2013 31. M\u00e4rz 2018 - Berliner Di\u00f6zese der Russischen Orthodoxen Kirche (Kd\u00f6R)\",\"isPartOf\":{\"@id\":\"https:\/\/rokmp.de\/#website\"},\"primaryImageOfPage\":{\"@id\":\"https:\/\/rokmp.de\/de\/orthodoxe-kinder-und-jugendfreizeit-25-31-marz-2018-2\/#primaryimage\"},\"image\":{\"@id\":\"https:\/\/rokmp.de\/de\/orthodoxe-kinder-und-jugendfreizeit-25-31-marz-2018-2\/#primaryimage\"},\"thumbnailUrl\":\"https:\/\/rokmp.de\/wp-content\/uploads\/2018\/02\/dasdsada.jpg\",\"datePublished\":\"2018-02-09T10:21:23+00:00\",\"dateModified\":\"2018-03-02T10:49:39+00:00\",\"author\":{\"@id\":\"https:\/\/rokmp.de\/#\/schema\/person\/1e05c7851b376b862ca66f74ee16b275\"},\"breadcrumb\":{\"@id\":\"https:\/\/rokmp.de\/de\/orthodoxe-kinder-und-jugendfreizeit-25-31-marz-2018-2\/#breadcrumb\"},\"inLanguage\":\"de\",\"potentialAction\":[{\"@type\":\"ReadAction\",\"target\":[\"https:\/\/rokmp.de\/de\/orthodoxe-kinder-und-jugendfreizeit-25-31-marz-2018-2\/\"]}]},{\"@type\":\"ImageObject\",\"inLanguage\":\"de\",\"@id\":\"https:\/\/rokmp.de\/de\/orthodoxe-kinder-und-jugendfreizeit-25-31-marz-2018-2\/#primaryimage\",\"url\":\"https:\/\/rokmp.de\/wp-content\/uploads\/2018\/02\/dasdsada.jpg\",\"contentUrl\":\"https:\/\/rokmp.de\/wp-content\/uploads\/2018\/02\/dasdsada.jpg\",\"width\":402,\"height\":290},{\"@type\":\"BreadcrumbList\",\"@id\":\"https:\/\/rokmp.de\/de\/orthodoxe-kinder-und-jugendfreizeit-25-31-marz-2018-2\/#breadcrumb\",\"itemListElement\":[{\"@type\":\"ListItem\",\"position\":1,\"name\":\"\u0413\u043b\u0430\u0432\u043d\u0430\u044f \u0441\u0442\u0440\u0430\u043d\u0438\u0446\u0430\",\"item\":\"https:\/\/rokmp.de\/\"},{\"@type\":\"ListItem\",\"position\":2,\"name\":\"Orthodoxe Kinder- und Jugendfreizeit 25. \u2013 31. M\u00e4rz 2018\"}]},{\"@type\":\"WebSite\",\"@id\":\"https:\/\/rokmp.de\/#website\",\"url\":\"https:\/\/rokmp.de\/\",\"name\":\"Berliner Di\u00f6zese der Russischen Orthodoxen Kirche (Kd\u00f6R)\",\"description\":\"(\u0420\u0443\u0441\u0441\u043a\u0438\u0439) \u041e\u0444\u0438\u0446\u0438\u0430\u043b\u044c\u043d\u044b\u0439 \u0441\u0430\u0439\u0442 \u0420\u0443\u0441\u0441\u043a\u043e\u0439 \u041f\u0440\u0430\u0432\u043e\u0441\u043b\u0430\u0432\u043d\u043e\u0439 \u0426\u0435\u0440\u043a\u0432\u0438. \u0411\u0435\u0440\u043b\u0438\u043d\u0441\u043a\u043e-\u0413\u0435\u0440\u043c\u0430\u043d\u0441\u043a\u0430\u044f \u0435\u043f\u0430\u0440\u0445\u0438\u044f.\",\"potentialAction\":[{\"@type\":\"SearchAction\",\"target\":{\"@type\":\"EntryPoint\",\"urlTemplate\":\"https:\/\/rokmp.de\/?s={search_term_string}\"},\"query-input\":{\"@type\":\"PropertyValueSpecification\",\"valueRequired\":true,\"valueName\":\"search_term_string\"}}],\"inLanguage\":\"de\"},{\"@type\":\"Person\",\"@id\":\"https:\/\/rokmp.de\/#\/schema\/person\/1e05c7851b376b862ca66f74ee16b275\",\"name\":\"priester Eugeny Murzin\",\"image\":{\"@type\":\"ImageObject\",\"inLanguage\":\"de\",\"@id\":\"https:\/\/rokmp.de\/#\/schema\/person\/image\/\",\"url\":\"https:\/\/secure.gravatar.com\/avatar\/ab0791f77afedc1959682d928966c405d68e155dc34177d2d0970bb7906ee2ad?s=96&d=mm&r=g\",\"contentUrl\":\"https:\/\/secure.gravatar.com\/avatar\/ab0791f77afedc1959682d928966c405d68e155dc34177d2d0970bb7906ee2ad?s=96&d=mm&r=g\",\"caption\":\"priester Eugeny Murzin\"},\"sameAs\":[\"https:\/\/rokmp.de\"]}]}<\/script>\n<!-- \/ Yoast SEO plugin. -->","yoast_head_json":{"title":"Orthodoxe Kinder- und Jugendfreizeit 25. \u2013 31. M\u00e4rz 2018 - Berliner Di\u00f6zese der Russischen Orthodoxen Kirche (Kd\u00f6R)","robots":{"index":"index","follow":"follow","max-snippet":"max-snippet:-1","max-image-preview":"max-image-preview:large","max-video-preview":"max-video-preview:-1"},"canonical":"https:\/\/rokmp.de\/de\/orthodoxe-kinder-und-jugendfreizeit-25-31-marz-2018-2\/","og_locale":"de_DE","og_type":"article","og_title":"Orthodoxe Kinder- und Jugendfreizeit 25. \u2013 31. M\u00e4rz 2018 - Berliner Di\u00f6zese der Russischen Orthodoxen Kirche (Kd\u00f6R)","og_description":"[:de]Haus Eifelblick, Trier. Anmeldung f\u00fcr Kinder und Jugendliche von 7 bis 17 Jahren. Erwachsene ab 18 k\u00f6nnen als Gruppenleiter mitfahren. Anreise am Sonntag, dem 25. M\u00e4rz, um 17:00 Uhr. Abreise am Samstag, dem 31. M\u00e4rz, um 12:00 Uhr[:]","og_url":"https:\/\/rokmp.de\/de\/orthodoxe-kinder-und-jugendfreizeit-25-31-marz-2018-2\/","og_site_name":"Berliner Di\u00f6zese der Russischen Orthodoxen Kirche (Kd\u00f6R)","article_published_time":"2018-02-09T10:21:23+00:00","article_modified_time":"2018-03-02T10:49:39+00:00","og_image":[{"width":402,"height":290,"url":"https:\/\/rokmp.de\/wp-content\/uploads\/2018\/02\/dasdsada.jpg","type":"image\/jpeg"}],"author":"priester Eugeny Murzin","twitter_card":"summary_large_image","twitter_misc":{"Verfasst von":"priester Eugeny Murzin","Gesch\u00e4tzte Lesezeit":"1\u00a0Minute"},"schema":{"@context":"https:\/\/schema.org","@graph":[{"@type":"WebPage","@id":"https:\/\/rokmp.de\/de\/orthodoxe-kinder-und-jugendfreizeit-25-31-marz-2018-2\/","url":"https:\/\/rokmp.de\/de\/orthodoxe-kinder-und-jugendfreizeit-25-31-marz-2018-2\/","name":"Orthodoxe Kinder- und Jugendfreizeit 25. \u2013 31. M\u00e4rz 2018 - Berliner Di\u00f6zese der Russischen Orthodoxen Kirche (Kd\u00f6R)","isPartOf":{"@id":"https:\/\/rokmp.de\/#website"},"primaryImageOfPage":{"@id":"https:\/\/rokmp.de\/de\/orthodoxe-kinder-und-jugendfreizeit-25-31-marz-2018-2\/#primaryimage"},"image":{"@id":"https:\/\/rokmp.de\/de\/orthodoxe-kinder-und-jugendfreizeit-25-31-marz-2018-2\/#primaryimage"},"thumbnailUrl":"https:\/\/rokmp.de\/wp-content\/uploads\/2018\/02\/dasdsada.jpg","datePublished":"2018-02-09T10:21:23+00:00","dateModified":"2018-03-02T10:49:39+00:00","author":{"@id":"https:\/\/rokmp.de\/#\/schema\/person\/1e05c7851b376b862ca66f74ee16b275"},"breadcrumb":{"@id":"https:\/\/rokmp.de\/de\/orthodoxe-kinder-und-jugendfreizeit-25-31-marz-2018-2\/#breadcrumb"},"inLanguage":"de","potentialAction":[{"@type":"ReadAction","target":["https:\/\/rokmp.de\/de\/orthodoxe-kinder-und-jugendfreizeit-25-31-marz-2018-2\/"]}]},{"@type":"ImageObject","inLanguage":"de","@id":"https:\/\/rokmp.de\/de\/orthodoxe-kinder-und-jugendfreizeit-25-31-marz-2018-2\/#primaryimage","url":"https:\/\/rokmp.de\/wp-content\/uploads\/2018\/02\/dasdsada.jpg","contentUrl":"https:\/\/rokmp.de\/wp-content\/uploads\/2018\/02\/dasdsada.jpg","width":402,"height":290},{"@type":"BreadcrumbList","@id":"https:\/\/rokmp.de\/de\/orthodoxe-kinder-und-jugendfreizeit-25-31-marz-2018-2\/#breadcrumb","itemListElement":[{"@type":"ListItem","position":1,"name":"\u0413\u043b\u0430\u0432\u043d\u0430\u044f \u0441\u0442\u0440\u0430\u043d\u0438\u0446\u0430","item":"https:\/\/rokmp.de\/"},{"@type":"ListItem","position":2,"name":"Orthodoxe Kinder- und Jugendfreizeit 25. \u2013 31. M\u00e4rz 2018"}]},{"@type":"WebSite","@id":"https:\/\/rokmp.de\/#website","url":"https:\/\/rokmp.de\/","name":"Berliner Di\u00f6zese der Russischen Orthodoxen Kirche (Kd\u00f6R)","description":"(\u0420\u0443\u0441\u0441\u043a\u0438\u0439) \u041e\u0444\u0438\u0446\u0438\u0430\u043b\u044c\u043d\u044b\u0439 \u0441\u0430\u0439\u0442 \u0420\u0443\u0441\u0441\u043a\u043e\u0439 \u041f\u0440\u0430\u0432\u043e\u0441\u043b\u0430\u0432\u043d\u043e\u0439 \u0426\u0435\u0440\u043a\u0432\u0438. \u0411\u0435\u0440\u043b\u0438\u043d\u0441\u043a\u043e-\u0413\u0435\u0440\u043c\u0430\u043d\u0441\u043a\u0430\u044f \u0435\u043f\u0430\u0440\u0445\u0438\u044f.","potentialAction":[{"@type":"SearchAction","target":{"@type":"EntryPoint","urlTemplate":"https:\/\/rokmp.de\/?s={search_term_string}"},"query-input":{"@type":"PropertyValueSpecification","valueRequired":true,"valueName":"search_term_string"}}],"inLanguage":"de"},{"@type":"Person","@id":"https:\/\/rokmp.de\/#\/schema\/person\/1e05c7851b376b862ca66f74ee16b275","name":"priester Eugeny Murzin","image":{"@type":"ImageObject","inLanguage":"de","@id":"https:\/\/rokmp.de\/#\/schema\/person\/image\/","url":"https:\/\/secure.gravatar.com\/avatar\/ab0791f77afedc1959682d928966c405d68e155dc34177d2d0970bb7906ee2ad?s=96&d=mm&r=g","contentUrl":"https:\/\/secure.gravatar.com\/avatar\/ab0791f77afedc1959682d928966c405d68e155dc34177d2d0970bb7906ee2ad?s=96&d=mm&r=g","caption":"priester Eugeny Murzin"},"sameAs":["https:\/\/rokmp.de"]}]}},"jetpack_featured_media_url":"https:\/\/rokmp.de\/wp-content\/uploads\/2018\/02\/dasdsada.jpg","jetpack_sharing_enabled":true,"_links":{"self":[{"href":"https:\/\/rokmp.de\/de\/wp-json\/wp\/v2\/posts\/12222","targetHints":{"allow":["GET"]}}],"collection":[{"href":"https:\/\/rokmp.de\/de\/wp-json\/wp\/v2\/posts"}],"about":[{"href":"https:\/\/rokmp.de\/de\/wp-json\/wp\/v2\/types\/post"}],"author":[{"embeddable":true,"href":"https:\/\/rokmp.de\/de\/wp-json\/wp\/v2\/users\/150"}],"replies":[{"embeddable":true,"href":"https:\/\/rokmp.de\/de\/wp-json\/wp\/v2\/comments?post=12222"}],"version-history":[{"count":6,"href":"https:\/\/rokmp.de\/de\/wp-json\/wp\/v2\/posts\/12222\/revisions"}],"predecessor-version":[{"id":12861,"href":"https:\/\/rokmp.de\/de\/wp-json\/wp\/v2\/posts\/12222\/revisions\/12861"}],"wp:featuredmedia":[{"embeddable":true,"href":"https:\/\/rokmp.de\/de\/wp-json\/wp\/v2\/media\/12213"}],"wp:attachment":[{"href":"https:\/\/rokmp.de\/de\/wp-json\/wp\/v2\/media?parent=12222"}],"wp:term":[{"taxonomy":"category","embeddable":true,"href":"https:\/\/rokmp.de\/de\/wp-json\/wp\/v2\/categories?post=12222"},{"taxonomy":"post_tag","embeddable":true,"href":"https:\/\/rokmp.de\/de\/wp-json\/wp\/v2\/tags?post=12222"}],"curies":[{"name":"wp","href":"https:\/\/api.w.org\/{rel}","templated":true}]}}