{"id":14419,"date":"2018-05-02T11:30:17","date_gmt":"2018-05-02T08:30:17","guid":{"rendered":"https:\/\/rokmp.de\/?p=14419"},"modified":"2018-08-09T13:07:41","modified_gmt":"2018-08-09T10:07:41","slug":"deutsch-treffen-von-erzbischof-tichon-von-podolsk-mit-dem-vorsitzenden-der-katholischen-deutschen-bischofskonferenz-erzbischof-reinhard-kardinal-marx","status":"publish","type":"post","link":"https:\/\/rokmp.de\/de\/deutsch-treffen-von-erzbischof-tichon-von-podolsk-mit-dem-vorsitzenden-der-katholischen-deutschen-bischofskonferenz-erzbischof-reinhard-kardinal-marx\/","title":{"rendered":"Treffen von Erzbischof Tichon von Podolsk mit dem Vorsitzenden der Katholischen Deutschen Bischofskonferenz, Erzbischof Reinhard Kardinal Marx"},"content":{"rendered":"<p>Am 30. April fand im Palais des Erzbischofs von M\u00fcnchen und Freising in M\u00fcnchen eine Begegnung von Erzbischof Tichon von Podolsk, Leiter der Di\u00f6zese von Berlin und Deutschland, mit dem Vorsitzenden der Katholischen Deutschen Bischofskonferenz, dem Erzbischof von M\u00fcnchen und Freising Reinhard Kardinal Marx statt.<\/p>\n<p>Nachdem die Teilnehmer des Treffens die historische Bedeutung der Begegnung des Patriarchen von Moskau und der Ganzen Rus\u2018 Kirill mit Papst Franziskus, die am 12. Februar 2016 in Havanna stattgefunden hatte, hervorhoben, betonten sie die Notwendigkeit der Zusammenarbeit und der Erweiterung der Kontakte zwischen der Di\u00f6zese von Berlin und Deutschland und der Deutschen Bischofskonferenz. Auch die Bedeutung einer Intensivierung des theologischen Dialogs zwischen der Katholischen Deutschen Bischofskonferenz und der Russischen Orthodoxen Kirche, wie er schon seit einer Reihe von Jahren im Rahmen gemeinsamer theologischer Gespr\u00e4che gef\u00fchrt wird, wurde unterstrichen.<\/p>\n<p>Beide Seiten brachten ihre Sorge angesichts der Christenverfolgungen im Nahen Osten und anderen Regionen zum Ausdruck und betonten die Notwendigkeit eines gemeinsamen christlichen Zeugnisses gegen\u00fcber dem Anwachsen s\u00e4kularer Tendenzen in der Welt. Eine besondere Bedeutung gewinnt in diesem Zusammenhang heute die Mission unter der Jugend und die Entwicklung kirchlicher Jugendprojekte, merkten die Gespr\u00e4chspartner an.<\/p>\n<p>Zum Ende des Treffens f\u00fchrte Kardinal Marx die G\u00e4ste durch die historischen R\u00e4ume des Erzbisch\u00f6flichen Palais.<\/p>\n<p>An dem Treffen nahmen teil Abt Maxim (Schmidt) als Vertreter des Dekanats S\u00fcd, Erzpriester Nikolaj Zabelitch, Pfarrer der Auferstehungs-Gemeinde in M\u00fcnchen, und Hypodiakon Nikolaj Thon, Referent des Erzbischofs f\u00fcr zwischenkirchliche Beziehungen.<\/p>\n<p><div class=\"tiled-gallery type-rectangular tiled-gallery-unresized\" data-original-width=\"860\" data-carousel-extra='{&quot;blog_id&quot;:1,&quot;permalink&quot;:&quot;https:\\\/\\\/rokmp.de\\\/de\\\/deutsch-treffen-von-erzbischof-tichon-von-podolsk-mit-dem-vorsitzenden-der-katholischen-deutschen-bischofskonferenz-erzbischof-reinhard-kardinal-marx\\\/&quot;,&quot;likes_blog_id&quot;:102558546}' itemscope itemtype=\"http:\/\/schema.org\/ImageGallery\" > <div class=\"gallery-row\" style=\"width: 860px; height: 253px;\" data-original-width=\"860\" data-original-height=\"253\" > <div class=\"gallery-group images-1\" style=\"width: 336px; height: 253px;\" data-original-width=\"336\" data-original-height=\"253\" > <div class=\"tiled-gallery-item tiled-gallery-item-large\" itemprop=\"associatedMedia\" itemscope itemtype=\"http:\/\/schema.org\/ImageObject\"> <a href=\"https:\/\/i0.wp.com\/rokmp.de\/wp-content\/uploads\/2018\/04\/WhatsApp-Image-2018-04-30-at-13.29.34-2.jpeg?ssl=1\" border=\"0\" itemprop=\"url\"> <meta itemprop=\"width\" content=\"332\"> <meta itemprop=\"height\" content=\"249\"> <img decoding=\"async\" class=\"\" data-attachment-id=\"14403\" data-orig-file=\"https:\/\/rokmp.de\/wp-content\/uploads\/2018\/04\/WhatsApp-Image-2018-04-30-at-13.29.34-2.jpeg\" data-orig-size=\"1212,909\" data-comments-opened=\"1\" data-image-meta=\"{&quot;aperture&quot;:&quot;0&quot;,&quot;credit&quot;:&quot;&quot;,&quot;camera&quot;:&quot;&quot;,&quot;caption&quot;:&quot;&quot;,&quot;created_timestamp&quot;:&quot;0&quot;,&quot;copyright&quot;:&quot;&quot;,&quot;focal_length&quot;:&quot;0&quot;,&quot;iso&quot;:&quot;0&quot;,&quot;shutter_speed&quot;:&quot;0&quot;,&quot;title&quot;:&quot;&quot;,&quot;orientation&quot;:&quot;0&quot;}\" data-image-title=\"WhatsApp Image 2018-04-30 at 13.29.34 (2)\" data-image-description=\"\" data-medium-file=\"https:\/\/rokmp.de\/wp-content\/uploads\/2018\/04\/WhatsApp-Image-2018-04-30-at-13.29.34-2-300x225.jpeg\" data-large-file=\"https:\/\/rokmp.de\/wp-content\/uploads\/2018\/04\/WhatsApp-Image-2018-04-30-at-13.29.34-2-1024x768.jpeg\" src=\"https:\/\/i0.wp.com\/rokmp.de\/wp-content\/uploads\/2018\/04\/WhatsApp-Image-2018-04-30-at-13.29.34-2.jpeg?w=332&#038;h=249&#038;ssl=1\" srcset=\"https:\/\/rokmp.de\/wp-content\/uploads\/2018\/04\/WhatsApp-Image-2018-04-30-at-13.29.34-2.jpeg 1212w, https:\/\/rokmp.de\/wp-content\/uploads\/2018\/04\/WhatsApp-Image-2018-04-30-at-13.29.34-2-300x225.jpeg 300w, https:\/\/rokmp.de\/wp-content\/uploads\/2018\/04\/WhatsApp-Image-2018-04-30-at-13.29.34-2-768x576.jpeg 768w, https:\/\/rokmp.de\/wp-content\/uploads\/2018\/04\/WhatsApp-Image-2018-04-30-at-13.29.34-2-1024x768.jpeg 1024w\" width=\"332\" height=\"249\" loading=\"lazy\" data-original-width=\"332\" data-original-height=\"249\" itemprop=\"http:\/\/schema.org\/image\" title=\"WhatsApp Image 2018-04-30 at 13.29.34 (2)\" alt=\"WhatsApp Image 2018-04-30 at 13.29.34 (2)\" style=\"width: 332px; height: 249px;\" \/> <\/a> <\/div> <\/div> <!-- close group --> <div class=\"gallery-group images-1\" style=\"width: 181px; height: 253px;\" data-original-width=\"181\" data-original-height=\"253\" > <div class=\"tiled-gallery-item tiled-gallery-item-small\" itemprop=\"associatedMedia\" itemscope itemtype=\"http:\/\/schema.org\/ImageObject\"> <a href=\"https:\/\/i0.wp.com\/rokmp.de\/wp-content\/uploads\/2018\/04\/WhatsApp-Image-2018-04-30-at-13.29.34-1.jpeg?ssl=1\" border=\"0\" itemprop=\"url\"> <meta itemprop=\"width\" content=\"177\"> <meta itemprop=\"height\" content=\"249\"> <img decoding=\"async\" class=\"\" data-attachment-id=\"14402\" data-orig-file=\"https:\/\/rokmp.de\/wp-content\/uploads\/2018\/04\/WhatsApp-Image-2018-04-30-at-13.29.34-1.jpeg\" data-orig-size=\"618,871\" data-comments-opened=\"1\" data-image-meta=\"{&quot;aperture&quot;:&quot;0&quot;,&quot;credit&quot;:&quot;&quot;,&quot;camera&quot;:&quot;&quot;,&quot;caption&quot;:&quot;&quot;,&quot;created_timestamp&quot;:&quot;0&quot;,&quot;copyright&quot;:&quot;&quot;,&quot;focal_length&quot;:&quot;0&quot;,&quot;iso&quot;:&quot;0&quot;,&quot;shutter_speed&quot;:&quot;0&quot;,&quot;title&quot;:&quot;&quot;,&quot;orientation&quot;:&quot;0&quot;}\" data-image-title=\"WhatsApp Image 2018-04-30 at 13.29.34 (1)\" data-image-description=\"\" data-medium-file=\"https:\/\/rokmp.de\/wp-content\/uploads\/2018\/04\/WhatsApp-Image-2018-04-30-at-13.29.34-1-213x300.jpeg\" data-large-file=\"https:\/\/rokmp.de\/wp-content\/uploads\/2018\/04\/WhatsApp-Image-2018-04-30-at-13.29.34-1.jpeg\" src=\"https:\/\/i0.wp.com\/rokmp.de\/wp-content\/uploads\/2018\/04\/WhatsApp-Image-2018-04-30-at-13.29.34-1.jpeg?w=177&#038;h=249&#038;ssl=1\" srcset=\"https:\/\/rokmp.de\/wp-content\/uploads\/2018\/04\/WhatsApp-Image-2018-04-30-at-13.29.34-1.jpeg 618w, https:\/\/rokmp.de\/wp-content\/uploads\/2018\/04\/WhatsApp-Image-2018-04-30-at-13.29.34-1-213x300.jpeg 213w\" width=\"177\" height=\"249\" loading=\"lazy\" data-original-width=\"177\" data-original-height=\"249\" itemprop=\"http:\/\/schema.org\/image\" title=\"WhatsApp Image 2018-04-30 at 13.29.34 (1)\" alt=\"WhatsApp Image 2018-04-30 at 13.29.34 (1)\" style=\"width: 177px; height: 249px;\" \/> <\/a> <\/div> <\/div> <!-- close group --> <div class=\"gallery-group images-1\" style=\"width: 152px; height: 253px;\" data-original-width=\"152\" data-original-height=\"253\" > <div class=\"tiled-gallery-item tiled-gallery-item-small\" itemprop=\"associatedMedia\" itemscope itemtype=\"http:\/\/schema.org\/ImageObject\"> <a href=\"https:\/\/i0.wp.com\/rokmp.de\/wp-content\/uploads\/2018\/04\/WhatsApp-Image-2018-04-30-at-13.29.34.jpeg?ssl=1\" border=\"0\" itemprop=\"url\"> <meta itemprop=\"width\" content=\"148\"> <meta itemprop=\"height\" content=\"249\"> <img decoding=\"async\" class=\"\" data-attachment-id=\"14404\" data-orig-file=\"https:\/\/rokmp.de\/wp-content\/uploads\/2018\/04\/WhatsApp-Image-2018-04-30-at-13.29.34.jpeg\" data-orig-size=\"711,1198\" data-comments-opened=\"1\" data-image-meta=\"{&quot;aperture&quot;:&quot;0&quot;,&quot;credit&quot;:&quot;&quot;,&quot;camera&quot;:&quot;&quot;,&quot;caption&quot;:&quot;&quot;,&quot;created_timestamp&quot;:&quot;0&quot;,&quot;copyright&quot;:&quot;&quot;,&quot;focal_length&quot;:&quot;0&quot;,&quot;iso&quot;:&quot;0&quot;,&quot;shutter_speed&quot;:&quot;0&quot;,&quot;title&quot;:&quot;&quot;,&quot;orientation&quot;:&quot;0&quot;}\" data-image-title=\"WhatsApp Image 2018-04-30 at 13.29.34\" data-image-description=\"\" data-medium-file=\"https:\/\/rokmp.de\/wp-content\/uploads\/2018\/04\/WhatsApp-Image-2018-04-30-at-13.29.34-178x300.jpeg\" data-large-file=\"https:\/\/rokmp.de\/wp-content\/uploads\/2018\/04\/WhatsApp-Image-2018-04-30-at-13.29.34-608x1024.jpeg\" src=\"https:\/\/i0.wp.com\/rokmp.de\/wp-content\/uploads\/2018\/04\/WhatsApp-Image-2018-04-30-at-13.29.34.jpeg?w=148&#038;h=249&#038;ssl=1\" srcset=\"https:\/\/rokmp.de\/wp-content\/uploads\/2018\/04\/WhatsApp-Image-2018-04-30-at-13.29.34.jpeg 711w, https:\/\/rokmp.de\/wp-content\/uploads\/2018\/04\/WhatsApp-Image-2018-04-30-at-13.29.34-178x300.jpeg 178w, https:\/\/rokmp.de\/wp-content\/uploads\/2018\/04\/WhatsApp-Image-2018-04-30-at-13.29.34-608x1024.jpeg 608w\" width=\"148\" height=\"249\" loading=\"lazy\" data-original-width=\"148\" data-original-height=\"249\" itemprop=\"http:\/\/schema.org\/image\" title=\"WhatsApp Image 2018-04-30 at 13.29.34\" alt=\"WhatsApp Image 2018-04-30 at 13.29.34\" style=\"width: 148px; height: 249px;\" \/> <\/a> <\/div> <\/div> <!-- close group --> <div class=\"gallery-group images-1\" style=\"width: 191px; height: 253px;\" data-original-width=\"191\" data-original-height=\"253\" > <div class=\"tiled-gallery-item tiled-gallery-item-small\" itemprop=\"associatedMedia\" itemscope itemtype=\"http:\/\/schema.org\/ImageObject\"> <a href=\"https:\/\/i0.wp.com\/rokmp.de\/wp-content\/uploads\/2018\/04\/WhatsApp-Image-2018-04-30-at-13.29.35.jpeg?ssl=1\" border=\"0\" itemprop=\"url\"> <meta itemprop=\"width\" content=\"187\"> <meta itemprop=\"height\" content=\"249\"> <img decoding=\"async\" class=\"\" data-attachment-id=\"14406\" data-orig-file=\"https:\/\/rokmp.de\/wp-content\/uploads\/2018\/04\/WhatsApp-Image-2018-04-30-at-13.29.35.jpeg\" data-orig-size=\"960,1280\" data-comments-opened=\"1\" data-image-meta=\"{&quot;aperture&quot;:&quot;0&quot;,&quot;credit&quot;:&quot;&quot;,&quot;camera&quot;:&quot;&quot;,&quot;caption&quot;:&quot;&quot;,&quot;created_timestamp&quot;:&quot;0&quot;,&quot;copyright&quot;:&quot;&quot;,&quot;focal_length&quot;:&quot;0&quot;,&quot;iso&quot;:&quot;0&quot;,&quot;shutter_speed&quot;:&quot;0&quot;,&quot;title&quot;:&quot;&quot;,&quot;orientation&quot;:&quot;0&quot;}\" data-image-title=\"WhatsApp Image 2018-04-30 at 13.29.35\" data-image-description=\"\" data-medium-file=\"https:\/\/rokmp.de\/wp-content\/uploads\/2018\/04\/WhatsApp-Image-2018-04-30-at-13.29.35-225x300.jpeg\" data-large-file=\"https:\/\/rokmp.de\/wp-content\/uploads\/2018\/04\/WhatsApp-Image-2018-04-30-at-13.29.35-768x1024.jpeg\" src=\"https:\/\/i0.wp.com\/rokmp.de\/wp-content\/uploads\/2018\/04\/WhatsApp-Image-2018-04-30-at-13.29.35.jpeg?w=187&#038;h=249&#038;ssl=1\" srcset=\"https:\/\/rokmp.de\/wp-content\/uploads\/2018\/04\/WhatsApp-Image-2018-04-30-at-13.29.35.jpeg 960w, https:\/\/rokmp.de\/wp-content\/uploads\/2018\/04\/WhatsApp-Image-2018-04-30-at-13.29.35-225x300.jpeg 225w, https:\/\/rokmp.de\/wp-content\/uploads\/2018\/04\/WhatsApp-Image-2018-04-30-at-13.29.35-768x1024.jpeg 768w\" width=\"187\" height=\"249\" loading=\"lazy\" data-original-width=\"187\" data-original-height=\"249\" itemprop=\"http:\/\/schema.org\/image\" title=\"WhatsApp Image 2018-04-30 at 13.29.35\" alt=\"WhatsApp Image 2018-04-30 at 13.29.35\" style=\"width: 187px; height: 249px;\" \/> <\/a> <\/div> <\/div> <!-- close group --> <\/div> <!-- close row --> <div class=\"gallery-row\" style=\"width: 860px; height: 412px;\" data-original-width=\"860\" data-original-height=\"412\" > <div class=\"gallery-group images-1\" style=\"width: 312px; height: 412px;\" data-original-width=\"312\" data-original-height=\"412\" > <div class=\"tiled-gallery-item tiled-gallery-item-large\" itemprop=\"associatedMedia\" itemscope itemtype=\"http:\/\/schema.org\/ImageObject\"> <a href=\"https:\/\/i0.wp.com\/rokmp.de\/wp-content\/uploads\/2018\/04\/WhatsApp-Image-2018-04-30-at-13.29.35-1.jpeg?ssl=1\" border=\"0\" itemprop=\"url\"> <meta itemprop=\"width\" content=\"308\"> <meta itemprop=\"height\" content=\"408\"> <img decoding=\"async\" class=\"\" data-attachment-id=\"14405\" data-orig-file=\"https:\/\/rokmp.de\/wp-content\/uploads\/2018\/04\/WhatsApp-Image-2018-04-30-at-13.29.35-1.jpeg\" data-orig-size=\"761,1010\" data-comments-opened=\"1\" data-image-meta=\"{&quot;aperture&quot;:&quot;0&quot;,&quot;credit&quot;:&quot;&quot;,&quot;camera&quot;:&quot;&quot;,&quot;caption&quot;:&quot;&quot;,&quot;created_timestamp&quot;:&quot;0&quot;,&quot;copyright&quot;:&quot;&quot;,&quot;focal_length&quot;:&quot;0&quot;,&quot;iso&quot;:&quot;0&quot;,&quot;shutter_speed&quot;:&quot;0&quot;,&quot;title&quot;:&quot;&quot;,&quot;orientation&quot;:&quot;0&quot;}\" data-image-title=\"WhatsApp Image 2018-04-30 at 13.29.35 (1)\" data-image-description=\"\" data-medium-file=\"https:\/\/rokmp.de\/wp-content\/uploads\/2018\/04\/WhatsApp-Image-2018-04-30-at-13.29.35-1-226x300.jpeg\" data-large-file=\"https:\/\/rokmp.de\/wp-content\/uploads\/2018\/04\/WhatsApp-Image-2018-04-30-at-13.29.35-1.jpeg\" src=\"https:\/\/i0.wp.com\/rokmp.de\/wp-content\/uploads\/2018\/04\/WhatsApp-Image-2018-04-30-at-13.29.35-1.jpeg?w=308&#038;h=408&#038;ssl=1\" srcset=\"https:\/\/rokmp.de\/wp-content\/uploads\/2018\/04\/WhatsApp-Image-2018-04-30-at-13.29.35-1.jpeg 761w, https:\/\/rokmp.de\/wp-content\/uploads\/2018\/04\/WhatsApp-Image-2018-04-30-at-13.29.35-1-226x300.jpeg 226w\" width=\"308\" height=\"408\" loading=\"lazy\" data-original-width=\"308\" data-original-height=\"408\" itemprop=\"http:\/\/schema.org\/image\" title=\"WhatsApp Image 2018-04-30 at 13.29.35 (1)\" alt=\"WhatsApp Image 2018-04-30 at 13.29.35 (1)\" style=\"width: 308px; height: 408px;\" \/> <\/a> <\/div> <\/div> <!-- close group --> <div class=\"gallery-group images-1\" style=\"width: 548px; height: 412px;\" data-original-width=\"548\" data-original-height=\"412\" > <div class=\"tiled-gallery-item tiled-gallery-item-large\" itemprop=\"associatedMedia\" itemscope itemtype=\"http:\/\/schema.org\/ImageObject\"> <a href=\"https:\/\/i0.wp.com\/rokmp.de\/wp-content\/uploads\/2018\/04\/WhatsApp-Image-2018-04-30-at-13.29.36.jpeg?ssl=1\" border=\"0\" itemprop=\"url\"> <meta itemprop=\"width\" content=\"544\"> <meta itemprop=\"height\" content=\"408\"> <img decoding=\"async\" class=\"\" data-attachment-id=\"14407\" data-orig-file=\"https:\/\/rokmp.de\/wp-content\/uploads\/2018\/04\/WhatsApp-Image-2018-04-30-at-13.29.36.jpeg\" data-orig-size=\"1154,865\" data-comments-opened=\"1\" data-image-meta=\"{&quot;aperture&quot;:&quot;0&quot;,&quot;credit&quot;:&quot;&quot;,&quot;camera&quot;:&quot;&quot;,&quot;caption&quot;:&quot;&quot;,&quot;created_timestamp&quot;:&quot;0&quot;,&quot;copyright&quot;:&quot;&quot;,&quot;focal_length&quot;:&quot;0&quot;,&quot;iso&quot;:&quot;0&quot;,&quot;shutter_speed&quot;:&quot;0&quot;,&quot;title&quot;:&quot;&quot;,&quot;orientation&quot;:&quot;0&quot;}\" data-image-title=\"WhatsApp Image 2018-04-30 at 13.29.36\" data-image-description=\"\" data-medium-file=\"https:\/\/rokmp.de\/wp-content\/uploads\/2018\/04\/WhatsApp-Image-2018-04-30-at-13.29.36-300x225.jpeg\" data-large-file=\"https:\/\/rokmp.de\/wp-content\/uploads\/2018\/04\/WhatsApp-Image-2018-04-30-at-13.29.36-1024x768.jpeg\" src=\"https:\/\/i0.wp.com\/rokmp.de\/wp-content\/uploads\/2018\/04\/WhatsApp-Image-2018-04-30-at-13.29.36.jpeg?w=544&#038;h=408&#038;ssl=1\" srcset=\"https:\/\/rokmp.de\/wp-content\/uploads\/2018\/04\/WhatsApp-Image-2018-04-30-at-13.29.36.jpeg 1154w, https:\/\/rokmp.de\/wp-content\/uploads\/2018\/04\/WhatsApp-Image-2018-04-30-at-13.29.36-300x225.jpeg 300w, https:\/\/rokmp.de\/wp-content\/uploads\/2018\/04\/WhatsApp-Image-2018-04-30-at-13.29.36-768x576.jpeg 768w, https:\/\/rokmp.de\/wp-content\/uploads\/2018\/04\/WhatsApp-Image-2018-04-30-at-13.29.36-1024x768.jpeg 1024w\" width=\"544\" height=\"408\" loading=\"lazy\" data-original-width=\"544\" data-original-height=\"408\" itemprop=\"http:\/\/schema.org\/image\" title=\"WhatsApp Image 2018-04-30 at 13.29.36\" alt=\"WhatsApp Image 2018-04-30 at 13.29.36\" style=\"width: 544px; height: 408px;\" \/> <\/a> <\/div> <\/div> <!-- close group --> <\/div> <!-- close row --> <\/div><\/p>","protected":false},"excerpt":{"rendered":"<p>Beide Seiten brachten ihre Sorge angesichts der Christenverfolgungen im Nahen Osten und anderen Regionen zum Ausdruck und betonten die Notwendigkeit eines gemeinsamen christlichen Zeugnisses gegen\u00fcber dem Anwachsen s\u00e4kularer Tendenzen in der Welt.<\/p>\n","protected":false},"author":150,"featured_media":14407,"comment_status":"open","ping_status":"closed","sticky":false,"template":"","format":"standard","meta":{"_acf_changed":false,"_jetpack_memberships_contains_paid_content":false,"footnotes":""},"categories":[21],"tags":[],"class_list":["post-14419","post","type-post","status-publish","format-standard","has-post-thumbnail","hentry","category-aktuell"],"acf":[],"yoast_head":"<!-- This site is optimized with the Yoast SEO plugin v24.9 - https:\/\/yoast.com\/wordpress\/plugins\/seo\/ -->\n<title>Treffen von Erzbischof Tichon von Podolsk mit dem Vorsitzenden der Katholischen Deutschen Bischofskonferenz, Erzbischof Reinhard Kardinal Marx - Berliner Di\u00f6zese der Russischen Orthodoxen Kirche (Kd\u00f6R)<\/title>\n<meta name=\"robots\" content=\"index, follow, max-snippet:-1, max-image-preview:large, max-video-preview:-1\" \/>\n<link rel=\"canonical\" href=\"https:\/\/rokmp.de\/de\/deutsch-treffen-von-erzbischof-tichon-von-podolsk-mit-dem-vorsitzenden-der-katholischen-deutschen-bischofskonferenz-erzbischof-reinhard-kardinal-marx\/\" \/>\n<meta property=\"og:locale\" content=\"de_DE\" \/>\n<meta property=\"og:type\" content=\"article\" \/>\n<meta property=\"og:title\" content=\"Treffen von Erzbischof Tichon von Podolsk mit dem Vorsitzenden der Katholischen Deutschen Bischofskonferenz, Erzbischof Reinhard Kardinal Marx - Berliner Di\u00f6zese der Russischen Orthodoxen Kirche (Kd\u00f6R)\" \/>\n<meta property=\"og:description\" content=\"[:de]Beide Seiten brachten ihre Sorge angesichts der Christenverfolgungen im Nahen Osten und anderen Regionen zum Ausdruck und betonten die Notwendigkeit eines gemeinsamen christlichen Zeugnisses gegen\u00fcber dem Anwachsen s\u00e4kularer Tendenzen in der Welt. [:]\" \/>\n<meta property=\"og:url\" content=\"https:\/\/rokmp.de\/de\/deutsch-treffen-von-erzbischof-tichon-von-podolsk-mit-dem-vorsitzenden-der-katholischen-deutschen-bischofskonferenz-erzbischof-reinhard-kardinal-marx\/\" \/>\n<meta property=\"og:site_name\" content=\"Berliner Di\u00f6zese der Russischen Orthodoxen Kirche (Kd\u00f6R)\" \/>\n<meta property=\"article:published_time\" content=\"2018-05-02T08:30:17+00:00\" \/>\n<meta property=\"article:modified_time\" content=\"2018-08-09T10:07:41+00:00\" \/>\n<meta property=\"og:image\" content=\"https:\/\/rokmp.de\/wp-content\/uploads\/2018\/04\/WhatsApp-Image-2018-04-30-at-13.29.36.jpeg\" \/>\n\t<meta property=\"og:image:width\" content=\"1154\" \/>\n\t<meta property=\"og:image:height\" content=\"865\" \/>\n\t<meta property=\"og:image:type\" content=\"image\/jpeg\" \/>\n<meta name=\"author\" content=\"priester Eugeny Murzin\" \/>\n<meta name=\"twitter:card\" content=\"summary_large_image\" \/>\n<meta name=\"twitter:label1\" content=\"Verfasst von\" \/>\n\t<meta name=\"twitter:data1\" content=\"priester Eugeny Murzin\" \/>\n\t<meta name=\"twitter:label2\" content=\"Gesch\u00e4tzte Lesezeit\" \/>\n\t<meta name=\"twitter:data2\" content=\"1\u00a0Minute\" \/>\n<script type=\"application\/ld+json\" class=\"yoast-schema-graph\">{\"@context\":\"https:\/\/schema.org\",\"@graph\":[{\"@type\":\"WebPage\",\"@id\":\"https:\/\/rokmp.de\/de\/deutsch-treffen-von-erzbischof-tichon-von-podolsk-mit-dem-vorsitzenden-der-katholischen-deutschen-bischofskonferenz-erzbischof-reinhard-kardinal-marx\/\",\"url\":\"https:\/\/rokmp.de\/de\/deutsch-treffen-von-erzbischof-tichon-von-podolsk-mit-dem-vorsitzenden-der-katholischen-deutschen-bischofskonferenz-erzbischof-reinhard-kardinal-marx\/\",\"name\":\"Treffen von Erzbischof Tichon von Podolsk mit dem Vorsitzenden der Katholischen Deutschen Bischofskonferenz, Erzbischof Reinhard Kardinal Marx - Berliner Di\u00f6zese der Russischen Orthodoxen Kirche (Kd\u00f6R)\",\"isPartOf\":{\"@id\":\"https:\/\/rokmp.de\/#website\"},\"primaryImageOfPage\":{\"@id\":\"https:\/\/rokmp.de\/de\/deutsch-treffen-von-erzbischof-tichon-von-podolsk-mit-dem-vorsitzenden-der-katholischen-deutschen-bischofskonferenz-erzbischof-reinhard-kardinal-marx\/#primaryimage\"},\"image\":{\"@id\":\"https:\/\/rokmp.de\/de\/deutsch-treffen-von-erzbischof-tichon-von-podolsk-mit-dem-vorsitzenden-der-katholischen-deutschen-bischofskonferenz-erzbischof-reinhard-kardinal-marx\/#primaryimage\"},\"thumbnailUrl\":\"https:\/\/rokmp.de\/wp-content\/uploads\/2018\/04\/WhatsApp-Image-2018-04-30-at-13.29.36.jpeg\",\"datePublished\":\"2018-05-02T08:30:17+00:00\",\"dateModified\":\"2018-08-09T10:07:41+00:00\",\"author\":{\"@id\":\"https:\/\/rokmp.de\/#\/schema\/person\/1e05c7851b376b862ca66f74ee16b275\"},\"breadcrumb\":{\"@id\":\"https:\/\/rokmp.de\/de\/deutsch-treffen-von-erzbischof-tichon-von-podolsk-mit-dem-vorsitzenden-der-katholischen-deutschen-bischofskonferenz-erzbischof-reinhard-kardinal-marx\/#breadcrumb\"},\"inLanguage\":\"de\",\"potentialAction\":[{\"@type\":\"ReadAction\",\"target\":[\"https:\/\/rokmp.de\/de\/deutsch-treffen-von-erzbischof-tichon-von-podolsk-mit-dem-vorsitzenden-der-katholischen-deutschen-bischofskonferenz-erzbischof-reinhard-kardinal-marx\/\"]}]},{\"@type\":\"ImageObject\",\"inLanguage\":\"de\",\"@id\":\"https:\/\/rokmp.de\/de\/deutsch-treffen-von-erzbischof-tichon-von-podolsk-mit-dem-vorsitzenden-der-katholischen-deutschen-bischofskonferenz-erzbischof-reinhard-kardinal-marx\/#primaryimage\",\"url\":\"https:\/\/rokmp.de\/wp-content\/uploads\/2018\/04\/WhatsApp-Image-2018-04-30-at-13.29.36.jpeg\",\"contentUrl\":\"https:\/\/rokmp.de\/wp-content\/uploads\/2018\/04\/WhatsApp-Image-2018-04-30-at-13.29.36.jpeg\",\"width\":1154,\"height\":865},{\"@type\":\"BreadcrumbList\",\"@id\":\"https:\/\/rokmp.de\/de\/deutsch-treffen-von-erzbischof-tichon-von-podolsk-mit-dem-vorsitzenden-der-katholischen-deutschen-bischofskonferenz-erzbischof-reinhard-kardinal-marx\/#breadcrumb\",\"itemListElement\":[{\"@type\":\"ListItem\",\"position\":1,\"name\":\"\u0413\u043b\u0430\u0432\u043d\u0430\u044f \u0441\u0442\u0440\u0430\u043d\u0438\u0446\u0430\",\"item\":\"https:\/\/rokmp.de\/\"},{\"@type\":\"ListItem\",\"position\":2,\"name\":\"Treffen von Erzbischof Tichon von Podolsk mit dem Vorsitzenden der Katholischen Deutschen Bischofskonferenz, Erzbischof Reinhard Kardinal Marx\"}]},{\"@type\":\"WebSite\",\"@id\":\"https:\/\/rokmp.de\/#website\",\"url\":\"https:\/\/rokmp.de\/\",\"name\":\"Berliner Di\u00f6zese der Russischen Orthodoxen Kirche (Kd\u00f6R)\",\"description\":\"(\u0420\u0443\u0441\u0441\u043a\u0438\u0439) \u041e\u0444\u0438\u0446\u0438\u0430\u043b\u044c\u043d\u044b\u0439 \u0441\u0430\u0439\u0442 \u0420\u0443\u0441\u0441\u043a\u043e\u0439 \u041f\u0440\u0430\u0432\u043e\u0441\u043b\u0430\u0432\u043d\u043e\u0439 \u0426\u0435\u0440\u043a\u0432\u0438. \u0411\u0435\u0440\u043b\u0438\u043d\u0441\u043a\u043e-\u0413\u0435\u0440\u043c\u0430\u043d\u0441\u043a\u0430\u044f \u0435\u043f\u0430\u0440\u0445\u0438\u044f.\",\"potentialAction\":[{\"@type\":\"SearchAction\",\"target\":{\"@type\":\"EntryPoint\",\"urlTemplate\":\"https:\/\/rokmp.de\/?s={search_term_string}\"},\"query-input\":{\"@type\":\"PropertyValueSpecification\",\"valueRequired\":true,\"valueName\":\"search_term_string\"}}],\"inLanguage\":\"de\"},{\"@type\":\"Person\",\"@id\":\"https:\/\/rokmp.de\/#\/schema\/person\/1e05c7851b376b862ca66f74ee16b275\",\"name\":\"priester Eugeny Murzin\",\"image\":{\"@type\":\"ImageObject\",\"inLanguage\":\"de\",\"@id\":\"https:\/\/rokmp.de\/#\/schema\/person\/image\/\",\"url\":\"https:\/\/secure.gravatar.com\/avatar\/ab0791f77afedc1959682d928966c405d68e155dc34177d2d0970bb7906ee2ad?s=96&d=mm&r=g\",\"contentUrl\":\"https:\/\/secure.gravatar.com\/avatar\/ab0791f77afedc1959682d928966c405d68e155dc34177d2d0970bb7906ee2ad?s=96&d=mm&r=g\",\"caption\":\"priester Eugeny Murzin\"},\"sameAs\":[\"https:\/\/rokmp.de\"]}]}<\/script>\n<!-- \/ Yoast SEO plugin. -->","yoast_head_json":{"title":"Treffen von Erzbischof Tichon von Podolsk mit dem Vorsitzenden der Katholischen Deutschen Bischofskonferenz, Erzbischof Reinhard Kardinal Marx - Berliner Di\u00f6zese der Russischen Orthodoxen Kirche (Kd\u00f6R)","robots":{"index":"index","follow":"follow","max-snippet":"max-snippet:-1","max-image-preview":"max-image-preview:large","max-video-preview":"max-video-preview:-1"},"canonical":"https:\/\/rokmp.de\/de\/deutsch-treffen-von-erzbischof-tichon-von-podolsk-mit-dem-vorsitzenden-der-katholischen-deutschen-bischofskonferenz-erzbischof-reinhard-kardinal-marx\/","og_locale":"de_DE","og_type":"article","og_title":"Treffen von Erzbischof Tichon von Podolsk mit dem Vorsitzenden der Katholischen Deutschen Bischofskonferenz, Erzbischof Reinhard Kardinal Marx - Berliner Di\u00f6zese der Russischen Orthodoxen Kirche (Kd\u00f6R)","og_description":"[:de]Beide Seiten brachten ihre Sorge angesichts der Christenverfolgungen im Nahen Osten und anderen Regionen zum Ausdruck und betonten die Notwendigkeit eines gemeinsamen christlichen Zeugnisses gegen\u00fcber dem Anwachsen s\u00e4kularer Tendenzen in der Welt. [:]","og_url":"https:\/\/rokmp.de\/de\/deutsch-treffen-von-erzbischof-tichon-von-podolsk-mit-dem-vorsitzenden-der-katholischen-deutschen-bischofskonferenz-erzbischof-reinhard-kardinal-marx\/","og_site_name":"Berliner Di\u00f6zese der Russischen Orthodoxen Kirche (Kd\u00f6R)","article_published_time":"2018-05-02T08:30:17+00:00","article_modified_time":"2018-08-09T10:07:41+00:00","og_image":[{"width":1154,"height":865,"url":"https:\/\/rokmp.de\/wp-content\/uploads\/2018\/04\/WhatsApp-Image-2018-04-30-at-13.29.36.jpeg","type":"image\/jpeg"}],"author":"priester Eugeny Murzin","twitter_card":"summary_large_image","twitter_misc":{"Verfasst von":"priester Eugeny Murzin","Gesch\u00e4tzte Lesezeit":"1\u00a0Minute"},"schema":{"@context":"https:\/\/schema.org","@graph":[{"@type":"WebPage","@id":"https:\/\/rokmp.de\/de\/deutsch-treffen-von-erzbischof-tichon-von-podolsk-mit-dem-vorsitzenden-der-katholischen-deutschen-bischofskonferenz-erzbischof-reinhard-kardinal-marx\/","url":"https:\/\/rokmp.de\/de\/deutsch-treffen-von-erzbischof-tichon-von-podolsk-mit-dem-vorsitzenden-der-katholischen-deutschen-bischofskonferenz-erzbischof-reinhard-kardinal-marx\/","name":"Treffen von Erzbischof Tichon von Podolsk mit dem Vorsitzenden der Katholischen Deutschen Bischofskonferenz, Erzbischof Reinhard Kardinal Marx - Berliner Di\u00f6zese der Russischen Orthodoxen Kirche (Kd\u00f6R)","isPartOf":{"@id":"https:\/\/rokmp.de\/#website"},"primaryImageOfPage":{"@id":"https:\/\/rokmp.de\/de\/deutsch-treffen-von-erzbischof-tichon-von-podolsk-mit-dem-vorsitzenden-der-katholischen-deutschen-bischofskonferenz-erzbischof-reinhard-kardinal-marx\/#primaryimage"},"image":{"@id":"https:\/\/rokmp.de\/de\/deutsch-treffen-von-erzbischof-tichon-von-podolsk-mit-dem-vorsitzenden-der-katholischen-deutschen-bischofskonferenz-erzbischof-reinhard-kardinal-marx\/#primaryimage"},"thumbnailUrl":"https:\/\/rokmp.de\/wp-content\/uploads\/2018\/04\/WhatsApp-Image-2018-04-30-at-13.29.36.jpeg","datePublished":"2018-05-02T08:30:17+00:00","dateModified":"2018-08-09T10:07:41+00:00","author":{"@id":"https:\/\/rokmp.de\/#\/schema\/person\/1e05c7851b376b862ca66f74ee16b275"},"breadcrumb":{"@id":"https:\/\/rokmp.de\/de\/deutsch-treffen-von-erzbischof-tichon-von-podolsk-mit-dem-vorsitzenden-der-katholischen-deutschen-bischofskonferenz-erzbischof-reinhard-kardinal-marx\/#breadcrumb"},"inLanguage":"de","potentialAction":[{"@type":"ReadAction","target":["https:\/\/rokmp.de\/de\/deutsch-treffen-von-erzbischof-tichon-von-podolsk-mit-dem-vorsitzenden-der-katholischen-deutschen-bischofskonferenz-erzbischof-reinhard-kardinal-marx\/"]}]},{"@type":"ImageObject","inLanguage":"de","@id":"https:\/\/rokmp.de\/de\/deutsch-treffen-von-erzbischof-tichon-von-podolsk-mit-dem-vorsitzenden-der-katholischen-deutschen-bischofskonferenz-erzbischof-reinhard-kardinal-marx\/#primaryimage","url":"https:\/\/rokmp.de\/wp-content\/uploads\/2018\/04\/WhatsApp-Image-2018-04-30-at-13.29.36.jpeg","contentUrl":"https:\/\/rokmp.de\/wp-content\/uploads\/2018\/04\/WhatsApp-Image-2018-04-30-at-13.29.36.jpeg","width":1154,"height":865},{"@type":"BreadcrumbList","@id":"https:\/\/rokmp.de\/de\/deutsch-treffen-von-erzbischof-tichon-von-podolsk-mit-dem-vorsitzenden-der-katholischen-deutschen-bischofskonferenz-erzbischof-reinhard-kardinal-marx\/#breadcrumb","itemListElement":[{"@type":"ListItem","position":1,"name":"\u0413\u043b\u0430\u0432\u043d\u0430\u044f \u0441\u0442\u0440\u0430\u043d\u0438\u0446\u0430","item":"https:\/\/rokmp.de\/"},{"@type":"ListItem","position":2,"name":"Treffen von Erzbischof Tichon von Podolsk mit dem Vorsitzenden der Katholischen Deutschen Bischofskonferenz, Erzbischof Reinhard Kardinal Marx"}]},{"@type":"WebSite","@id":"https:\/\/rokmp.de\/#website","url":"https:\/\/rokmp.de\/","name":"Berliner Di\u00f6zese der Russischen Orthodoxen Kirche (Kd\u00f6R)","description":"(\u0420\u0443\u0441\u0441\u043a\u0438\u0439) \u041e\u0444\u0438\u0446\u0438\u0430\u043b\u044c\u043d\u044b\u0439 \u0441\u0430\u0439\u0442 \u0420\u0443\u0441\u0441\u043a\u043e\u0439 \u041f\u0440\u0430\u0432\u043e\u0441\u043b\u0430\u0432\u043d\u043e\u0439 \u0426\u0435\u0440\u043a\u0432\u0438. \u0411\u0435\u0440\u043b\u0438\u043d\u0441\u043a\u043e-\u0413\u0435\u0440\u043c\u0430\u043d\u0441\u043a\u0430\u044f \u0435\u043f\u0430\u0440\u0445\u0438\u044f.","potentialAction":[{"@type":"SearchAction","target":{"@type":"EntryPoint","urlTemplate":"https:\/\/rokmp.de\/?s={search_term_string}"},"query-input":{"@type":"PropertyValueSpecification","valueRequired":true,"valueName":"search_term_string"}}],"inLanguage":"de"},{"@type":"Person","@id":"https:\/\/rokmp.de\/#\/schema\/person\/1e05c7851b376b862ca66f74ee16b275","name":"priester Eugeny Murzin","image":{"@type":"ImageObject","inLanguage":"de","@id":"https:\/\/rokmp.de\/#\/schema\/person\/image\/","url":"https:\/\/secure.gravatar.com\/avatar\/ab0791f77afedc1959682d928966c405d68e155dc34177d2d0970bb7906ee2ad?s=96&d=mm&r=g","contentUrl":"https:\/\/secure.gravatar.com\/avatar\/ab0791f77afedc1959682d928966c405d68e155dc34177d2d0970bb7906ee2ad?s=96&d=mm&r=g","caption":"priester Eugeny Murzin"},"sameAs":["https:\/\/rokmp.de"]}]}},"jetpack_featured_media_url":"https:\/\/rokmp.de\/wp-content\/uploads\/2018\/04\/WhatsApp-Image-2018-04-30-at-13.29.36.jpeg","jetpack_sharing_enabled":true,"_links":{"self":[{"href":"https:\/\/rokmp.de\/de\/wp-json\/wp\/v2\/posts\/14419","targetHints":{"allow":["GET"]}}],"collection":[{"href":"https:\/\/rokmp.de\/de\/wp-json\/wp\/v2\/posts"}],"about":[{"href":"https:\/\/rokmp.de\/de\/wp-json\/wp\/v2\/types\/post"}],"author":[{"embeddable":true,"href":"https:\/\/rokmp.de\/de\/wp-json\/wp\/v2\/users\/150"}],"replies":[{"embeddable":true,"href":"https:\/\/rokmp.de\/de\/wp-json\/wp\/v2\/comments?post=14419"}],"version-history":[{"count":2,"href":"https:\/\/rokmp.de\/de\/wp-json\/wp\/v2\/posts\/14419\/revisions"}],"predecessor-version":[{"id":15666,"href":"https:\/\/rokmp.de\/de\/wp-json\/wp\/v2\/posts\/14419\/revisions\/15666"}],"wp:featuredmedia":[{"embeddable":true,"href":"https:\/\/rokmp.de\/de\/wp-json\/wp\/v2\/media\/14407"}],"wp:attachment":[{"href":"https:\/\/rokmp.de\/de\/wp-json\/wp\/v2\/media?parent=14419"}],"wp:term":[{"taxonomy":"category","embeddable":true,"href":"https:\/\/rokmp.de\/de\/wp-json\/wp\/v2\/categories?post=14419"},{"taxonomy":"post_tag","embeddable":true,"href":"https:\/\/rokmp.de\/de\/wp-json\/wp\/v2\/tags?post=14419"}],"curies":[{"name":"wp","href":"https:\/\/api.w.org\/{rel}","templated":true}]}}