{"id":15362,"date":"2018-03-11T22:10:36","date_gmt":"2018-03-11T19:10:36","guid":{"rendered":"https:\/\/rokmp.de\/?p=15362"},"modified":"2018-06-10T22:18:29","modified_gmt":"2018-06-10T19:18:29","slug":"deutsch-kreuzverehrung-der-orthodoxen-glaubigen-im-dom-zu-limburg-2018","status":"publish","type":"post","link":"https:\/\/rokmp.de\/de\/deutsch-kreuzverehrung-der-orthodoxen-glaubigen-im-dom-zu-limburg-2018\/","title":{"rendered":"Kreuzverehrung der orthodoxen Gl\u00e4ubigen im Dom zu Limburg 2018"},"content":{"rendered":"<p><span style=\"font-size: medium;\">Wie in den vergangenen Jahren fand auch in diesem Jahr wieder die Verehrung der Kreuzreliquie am 3.Sonntag der Gro\u00dfen Fastenzeit, am 11. M\u00e4rz 2018, im Dom zu Limburg statt. Dank der Gastfreundschaft des Dekanats der R\u00f6misch-Katholischen Kirche hat wieder ein orthodoxer Gottesdienst mit der Verehrung des Kreuzpartilels stattgefunden. Die Einladung erfolgte durch die orthodoxe Gemeinde des hl. Christophorus, Mainz an die Geistlichen und Gl\u00e4ubigen der verschiedenen orthodoxen nationalen Gemeinden vom Rhein-Main-Raum bis K\u00f6ln und Wuppertal.<\/span><\/p>\n<p><span style=\"font-size: medium;\">Der liturgische Rahmen hat die Form eines Orthros und die Ges\u00e4nge werden von den Ch\u00f6ren der teilnehmenden Gemeinden der verschiedenen orthodoxen Nationalkirchen getragen. Die Einteilung der Ch\u00f6re erfolgt nach bew\u00e4hrtem Muster der Vor-jahre. Die Feier der Verehrung beginnt um 14.15 mit dem feierlichen Einzug und Aufstellen der Kreuzreliquie und dauert zwei Stunden. Um 16.30 muss die Kirche wieder frei sein f\u00fcr die Vorbereitung der um 17.00 Uhr folgenden r\u00f6misch-katholischen Vesper.<\/span><\/p>\n<p><span style=\"font-size: medium;\">Auch dieses Jahr war die Kirche von der Gl\u00e4ubigen gef\u00fcllt, die vom Beginn der Feier an mit drei gro\u00dfen Metanien das Kreuz verehrten und diesmal von 8 Ordnern so geleitet wurden, dass kein Gedr\u00e4nge entstand, und auch Behinderte durch einen eigenen Zugang ihre Verehrung ausf\u00fchren konnten. Es waren \u00fcber tausend Gl\u00e4ubige und acht Priester und drei Diakone gekommen. Der rum\u00e4nische Bischof Sofian von Brasov, der sich angemeldet hatte, war durch Krankheit verhindert.<\/span><\/p>\n<p><span style=\"font-size: medium;\">Als Ch\u00f6re waren beteiligt der Chor der rum\u00e4nischen Gemeinde des Hl Nikolaus aus Offenbach und der russischen Gemeinde des Hl Nikolaus aus Frankfurt. Die Ektenieen wurden von den Diakonen in Kirchenslavisch, Rum\u00e4nisch und Deutsch vorgetragen. Es war eine Feier, die gerade durch die verschiedenen Sprachen das gemeinsame Zeugnis der Orthodoxen Kirche veranschaulichte, und wo der Geist im Gesang die ethnischen Grenzen \u00fcberspringt. Auch im n\u00e4chsten Jahr wird am dritten Sonntag in der Gro\u00dfen Fastenzeit die Kreuzverehrung im Limburger Dom stattfinden, zu der wir schon jetzt alle Orthodoxen einladen m\u00f6chten.<\/span><\/p>\n<div class=\"tiled-gallery type-rectangular tiled-gallery-unresized\" data-original-width=\"860\" data-carousel-extra='{&quot;blog_id&quot;:1,&quot;permalink&quot;:&quot;https:\\\/\\\/rokmp.de\\\/de\\\/deutsch-kreuzverehrung-der-orthodoxen-glaubigen-im-dom-zu-limburg-2018\\\/&quot;,&quot;likes_blog_id&quot;:102558546}' itemscope itemtype=\"http:\/\/schema.org\/ImageGallery\" > <div class=\"gallery-row\" style=\"width: 860px; height: 396px;\" data-original-width=\"860\" data-original-height=\"396\" > <div class=\"gallery-group images-1\" style=\"width: 565px; height: 396px;\" data-original-width=\"565\" data-original-height=\"396\" > <div class=\"tiled-gallery-item tiled-gallery-item-large\" itemprop=\"associatedMedia\" itemscope itemtype=\"http:\/\/schema.org\/ImageObject\"> <a href=\"https:\/\/i0.wp.com\/rokmp.de\/wp-content\/uploads\/2018\/06\/DSC_2765_2-1024x716.jpg?ssl=1\" border=\"0\" itemprop=\"url\"> <meta itemprop=\"width\" content=\"561\"> <meta itemprop=\"height\" content=\"392\"> <img decoding=\"async\" class=\"\" data-attachment-id=\"15363\" data-orig-file=\"https:\/\/rokmp.de\/wp-content\/uploads\/2018\/06\/DSC_2765_2-1024x716.jpg\" data-orig-size=\"1024,716\" data-comments-opened=\"1\" data-image-meta=\"{&quot;aperture&quot;:&quot;5.6&quot;,&quot;credit&quot;:&quot;&quot;,&quot;camera&quot;:&quot;NIKON D610&quot;,&quot;caption&quot;:&quot;&quot;,&quot;created_timestamp&quot;:&quot;1489936137&quot;,&quot;copyright&quot;:&quot;&quot;,&quot;focal_length&quot;:&quot;24&quot;,&quot;iso&quot;:&quot;6400&quot;,&quot;shutter_speed&quot;:&quot;0.005&quot;,&quot;title&quot;:&quot;&quot;,&quot;orientation&quot;:&quot;1&quot;}\" data-image-title=\"DSC_2765_2 (1024&#215;716)\" data-image-description=\"\" data-medium-file=\"https:\/\/rokmp.de\/wp-content\/uploads\/2018\/06\/DSC_2765_2-1024x716-300x210.jpg\" data-large-file=\"https:\/\/rokmp.de\/wp-content\/uploads\/2018\/06\/DSC_2765_2-1024x716-1024x716.jpg\" src=\"https:\/\/i0.wp.com\/rokmp.de\/wp-content\/uploads\/2018\/06\/DSC_2765_2-1024x716.jpg?w=561&#038;h=392&#038;ssl=1\" srcset=\"https:\/\/rokmp.de\/wp-content\/uploads\/2018\/06\/DSC_2765_2-1024x716.jpg 1024w, https:\/\/rokmp.de\/wp-content\/uploads\/2018\/06\/DSC_2765_2-1024x716-300x210.jpg 300w, https:\/\/rokmp.de\/wp-content\/uploads\/2018\/06\/DSC_2765_2-1024x716-768x537.jpg 768w\" width=\"561\" height=\"392\" loading=\"lazy\" data-original-width=\"561\" data-original-height=\"392\" itemprop=\"http:\/\/schema.org\/image\" title=\"DSC_2765_2 (1024x716)\" alt=\"DSC_2765_2 (1024x716)\" style=\"width: 561px; height: 392px;\" \/> <\/a> <\/div> <\/div> <!-- close group --> <div class=\"gallery-group images-2\" style=\"width: 295px; height: 396px;\" data-original-width=\"295\" data-original-height=\"396\" > <div class=\"tiled-gallery-item tiled-gallery-item-large\" itemprop=\"associatedMedia\" itemscope itemtype=\"http:\/\/schema.org\/ImageObject\"> <a href=\"https:\/\/i0.wp.com\/rokmp.de\/wp-content\/uploads\/2018\/06\/DSC_2770-1024x684.jpg?ssl=1\" border=\"0\" itemprop=\"url\"> <meta itemprop=\"width\" content=\"291\"> <meta itemprop=\"height\" content=\"194\"> <img decoding=\"async\" class=\"\" data-attachment-id=\"15364\" data-orig-file=\"https:\/\/rokmp.de\/wp-content\/uploads\/2018\/06\/DSC_2770-1024x684.jpg\" data-orig-size=\"1024,684\" data-comments-opened=\"1\" data-image-meta=\"{&quot;aperture&quot;:&quot;5.6&quot;,&quot;credit&quot;:&quot;&quot;,&quot;camera&quot;:&quot;NIKON D610&quot;,&quot;caption&quot;:&quot;&quot;,&quot;created_timestamp&quot;:&quot;1489936194&quot;,&quot;copyright&quot;:&quot;&quot;,&quot;focal_length&quot;:&quot;29&quot;,&quot;iso&quot;:&quot;6400&quot;,&quot;shutter_speed&quot;:&quot;0.005&quot;,&quot;title&quot;:&quot;&quot;,&quot;orientation&quot;:&quot;1&quot;}\" data-image-title=\"DSC_2770 (1024&#215;684)\" data-image-description=\"\" data-medium-file=\"https:\/\/rokmp.de\/wp-content\/uploads\/2018\/06\/DSC_2770-1024x684-300x200.jpg\" data-large-file=\"https:\/\/rokmp.de\/wp-content\/uploads\/2018\/06\/DSC_2770-1024x684-1024x684.jpg\" src=\"https:\/\/i0.wp.com\/rokmp.de\/wp-content\/uploads\/2018\/06\/DSC_2770-1024x684.jpg?w=291&#038;h=194&#038;ssl=1\" srcset=\"https:\/\/rokmp.de\/wp-content\/uploads\/2018\/06\/DSC_2770-1024x684.jpg 1024w, https:\/\/rokmp.de\/wp-content\/uploads\/2018\/06\/DSC_2770-1024x684-300x200.jpg 300w, https:\/\/rokmp.de\/wp-content\/uploads\/2018\/06\/DSC_2770-1024x684-768x513.jpg 768w\" width=\"291\" height=\"194\" loading=\"lazy\" data-original-width=\"291\" data-original-height=\"194\" itemprop=\"http:\/\/schema.org\/image\" title=\"DSC_2770 (1024x684)\" alt=\"DSC_2770 (1024x684)\" style=\"width: 291px; height: 194px;\" \/> <\/a> <\/div> <div class=\"tiled-gallery-item tiled-gallery-item-large\" itemprop=\"associatedMedia\" itemscope itemtype=\"http:\/\/schema.org\/ImageObject\"> <a href=\"https:\/\/i0.wp.com\/rokmp.de\/wp-content\/uploads\/2018\/06\/DSC_2786-1024x684.jpg?ssl=1\" border=\"0\" itemprop=\"url\"> <meta itemprop=\"width\" content=\"291\"> <meta itemprop=\"height\" content=\"194\"> <img decoding=\"async\" class=\"\" data-attachment-id=\"15365\" data-orig-file=\"https:\/\/rokmp.de\/wp-content\/uploads\/2018\/06\/DSC_2786-1024x684.jpg\" data-orig-size=\"1024,684\" data-comments-opened=\"1\" data-image-meta=\"{&quot;aperture&quot;:&quot;5.6&quot;,&quot;credit&quot;:&quot;&quot;,&quot;camera&quot;:&quot;NIKON D610&quot;,&quot;caption&quot;:&quot;&quot;,&quot;created_timestamp&quot;:&quot;1489942019&quot;,&quot;copyright&quot;:&quot;&quot;,&quot;focal_length&quot;:&quot;70&quot;,&quot;iso&quot;:&quot;6400&quot;,&quot;shutter_speed&quot;:&quot;0.005&quot;,&quot;title&quot;:&quot;&quot;,&quot;orientation&quot;:&quot;1&quot;}\" data-image-title=\"DSC_2786 (1024&#215;684)\" data-image-description=\"\" data-medium-file=\"https:\/\/rokmp.de\/wp-content\/uploads\/2018\/06\/DSC_2786-1024x684-300x200.jpg\" data-large-file=\"https:\/\/rokmp.de\/wp-content\/uploads\/2018\/06\/DSC_2786-1024x684-1024x684.jpg\" src=\"https:\/\/i0.wp.com\/rokmp.de\/wp-content\/uploads\/2018\/06\/DSC_2786-1024x684.jpg?w=291&#038;h=194&#038;ssl=1\" srcset=\"https:\/\/rokmp.de\/wp-content\/uploads\/2018\/06\/DSC_2786-1024x684.jpg 1024w, https:\/\/rokmp.de\/wp-content\/uploads\/2018\/06\/DSC_2786-1024x684-300x200.jpg 300w, https:\/\/rokmp.de\/wp-content\/uploads\/2018\/06\/DSC_2786-1024x684-768x513.jpg 768w\" width=\"291\" height=\"194\" loading=\"lazy\" data-original-width=\"291\" data-original-height=\"194\" itemprop=\"http:\/\/schema.org\/image\" title=\"DSC_2786 (1024x684)\" alt=\"DSC_2786 (1024x684)\" style=\"width: 291px; height: 194px;\" \/> <\/a> <\/div> <\/div> <!-- close group --> <\/div> <!-- close row --> <\/div>\n<p>&nbsp;<\/p>","protected":false},"excerpt":{"rendered":"<p>Dank der Gastfreundschaft des Dekanats der R\u00f6misch-Katholischen Kirche hat wieder ein orthodoxer Gottesdienst mit der Verehrung des Kreuzpartilels stattgefunden. Die Einladung erfolgte durch die orthodoxe Gemeinde des hl. Christophorus, Mainz an die Geistlichen und Gl\u00e4ubigen der verschiedenen orthodoxen nationalen Gemeinden vom Rhein-Main-Raum bis K\u00f6ln und Wuppertal.<\/p>\n","protected":false},"author":150,"featured_media":15365,"comment_status":"open","ping_status":"closed","sticky":false,"template":"","format":"standard","meta":{"_acf_changed":false,"_jetpack_memberships_contains_paid_content":false,"footnotes":""},"categories":[21],"tags":[],"class_list":["post-15362","post","type-post","status-publish","format-standard","has-post-thumbnail","hentry","category-aktuell"],"acf":[],"yoast_head":"<!-- This site is optimized with the Yoast SEO plugin v24.9 - https:\/\/yoast.com\/wordpress\/plugins\/seo\/ -->\n<title>Kreuzverehrung der orthodoxen Gl\u00e4ubigen im Dom zu Limburg 2018 - Berliner Di\u00f6zese der Russischen Orthodoxen Kirche (Kd\u00f6R)<\/title>\n<meta name=\"robots\" content=\"index, follow, max-snippet:-1, max-image-preview:large, max-video-preview:-1\" \/>\n<link rel=\"canonical\" href=\"https:\/\/rokmp.de\/de\/deutsch-kreuzverehrung-der-orthodoxen-glaubigen-im-dom-zu-limburg-2018\/\" \/>\n<meta property=\"og:locale\" content=\"de_DE\" \/>\n<meta property=\"og:type\" content=\"article\" \/>\n<meta property=\"og:title\" content=\"Kreuzverehrung der orthodoxen Gl\u00e4ubigen im Dom zu Limburg 2018 - Berliner Di\u00f6zese der Russischen Orthodoxen Kirche (Kd\u00f6R)\" \/>\n<meta property=\"og:description\" content=\"[:de]Dank der Gastfreundschaft des Dekanats der R\u00f6misch-Katholischen Kirche hat wieder ein orthodoxer Gottesdienst mit der Verehrung des Kreuzpartilels stattgefunden. Die Einladung erfolgte durch die orthodoxe Gemeinde des hl. Christophorus, Mainz an die Geistlichen und Gl\u00e4ubigen der verschiedenen orthodoxen nationalen Gemeinden vom Rhein-Main-Raum bis K\u00f6ln und Wuppertal.[:]\" \/>\n<meta property=\"og:url\" content=\"https:\/\/rokmp.de\/de\/deutsch-kreuzverehrung-der-orthodoxen-glaubigen-im-dom-zu-limburg-2018\/\" \/>\n<meta property=\"og:site_name\" content=\"Berliner Di\u00f6zese der Russischen Orthodoxen Kirche (Kd\u00f6R)\" \/>\n<meta property=\"article:published_time\" content=\"2018-03-11T19:10:36+00:00\" \/>\n<meta property=\"article:modified_time\" content=\"2018-06-10T19:18:29+00:00\" \/>\n<meta property=\"og:image\" content=\"https:\/\/rokmp.de\/wp-content\/uploads\/2018\/06\/DSC_2786-1024x684.jpg\" \/>\n\t<meta property=\"og:image:width\" content=\"1024\" \/>\n\t<meta property=\"og:image:height\" content=\"684\" \/>\n\t<meta property=\"og:image:type\" content=\"image\/jpeg\" \/>\n<meta name=\"author\" content=\"priester Eugeny Murzin\" \/>\n<meta name=\"twitter:card\" content=\"summary_large_image\" \/>\n<meta name=\"twitter:label1\" content=\"Verfasst von\" \/>\n\t<meta name=\"twitter:data1\" content=\"priester Eugeny Murzin\" \/>\n\t<meta name=\"twitter:label2\" content=\"Gesch\u00e4tzte Lesezeit\" \/>\n\t<meta name=\"twitter:data2\" content=\"2\u00a0Minuten\" \/>\n<script type=\"application\/ld+json\" class=\"yoast-schema-graph\">{\"@context\":\"https:\/\/schema.org\",\"@graph\":[{\"@type\":\"WebPage\",\"@id\":\"https:\/\/rokmp.de\/de\/deutsch-kreuzverehrung-der-orthodoxen-glaubigen-im-dom-zu-limburg-2018\/\",\"url\":\"https:\/\/rokmp.de\/de\/deutsch-kreuzverehrung-der-orthodoxen-glaubigen-im-dom-zu-limburg-2018\/\",\"name\":\"Kreuzverehrung der orthodoxen Gl\u00e4ubigen im Dom zu Limburg 2018 - Berliner Di\u00f6zese der Russischen Orthodoxen Kirche (Kd\u00f6R)\",\"isPartOf\":{\"@id\":\"https:\/\/rokmp.de\/#website\"},\"primaryImageOfPage\":{\"@id\":\"https:\/\/rokmp.de\/de\/deutsch-kreuzverehrung-der-orthodoxen-glaubigen-im-dom-zu-limburg-2018\/#primaryimage\"},\"image\":{\"@id\":\"https:\/\/rokmp.de\/de\/deutsch-kreuzverehrung-der-orthodoxen-glaubigen-im-dom-zu-limburg-2018\/#primaryimage\"},\"thumbnailUrl\":\"https:\/\/rokmp.de\/wp-content\/uploads\/2018\/06\/DSC_2786-1024x684.jpg\",\"datePublished\":\"2018-03-11T19:10:36+00:00\",\"dateModified\":\"2018-06-10T19:18:29+00:00\",\"author\":{\"@id\":\"https:\/\/rokmp.de\/#\/schema\/person\/1e05c7851b376b862ca66f74ee16b275\"},\"breadcrumb\":{\"@id\":\"https:\/\/rokmp.de\/de\/deutsch-kreuzverehrung-der-orthodoxen-glaubigen-im-dom-zu-limburg-2018\/#breadcrumb\"},\"inLanguage\":\"de\",\"potentialAction\":[{\"@type\":\"ReadAction\",\"target\":[\"https:\/\/rokmp.de\/de\/deutsch-kreuzverehrung-der-orthodoxen-glaubigen-im-dom-zu-limburg-2018\/\"]}]},{\"@type\":\"ImageObject\",\"inLanguage\":\"de\",\"@id\":\"https:\/\/rokmp.de\/de\/deutsch-kreuzverehrung-der-orthodoxen-glaubigen-im-dom-zu-limburg-2018\/#primaryimage\",\"url\":\"https:\/\/rokmp.de\/wp-content\/uploads\/2018\/06\/DSC_2786-1024x684.jpg\",\"contentUrl\":\"https:\/\/rokmp.de\/wp-content\/uploads\/2018\/06\/DSC_2786-1024x684.jpg\",\"width\":1024,\"height\":684},{\"@type\":\"BreadcrumbList\",\"@id\":\"https:\/\/rokmp.de\/de\/deutsch-kreuzverehrung-der-orthodoxen-glaubigen-im-dom-zu-limburg-2018\/#breadcrumb\",\"itemListElement\":[{\"@type\":\"ListItem\",\"position\":1,\"name\":\"\u0413\u043b\u0430\u0432\u043d\u0430\u044f \u0441\u0442\u0440\u0430\u043d\u0438\u0446\u0430\",\"item\":\"https:\/\/rokmp.de\/\"},{\"@type\":\"ListItem\",\"position\":2,\"name\":\"Kreuzverehrung der orthodoxen Gl\u00e4ubigen im Dom zu Limburg 2018\"}]},{\"@type\":\"WebSite\",\"@id\":\"https:\/\/rokmp.de\/#website\",\"url\":\"https:\/\/rokmp.de\/\",\"name\":\"Berliner Di\u00f6zese der Russischen Orthodoxen Kirche (Kd\u00f6R)\",\"description\":\"(\u0420\u0443\u0441\u0441\u043a\u0438\u0439) \u041e\u0444\u0438\u0446\u0438\u0430\u043b\u044c\u043d\u044b\u0439 \u0441\u0430\u0439\u0442 \u0420\u0443\u0441\u0441\u043a\u043e\u0439 \u041f\u0440\u0430\u0432\u043e\u0441\u043b\u0430\u0432\u043d\u043e\u0439 \u0426\u0435\u0440\u043a\u0432\u0438. \u0411\u0435\u0440\u043b\u0438\u043d\u0441\u043a\u043e-\u0413\u0435\u0440\u043c\u0430\u043d\u0441\u043a\u0430\u044f \u0435\u043f\u0430\u0440\u0445\u0438\u044f.\",\"potentialAction\":[{\"@type\":\"SearchAction\",\"target\":{\"@type\":\"EntryPoint\",\"urlTemplate\":\"https:\/\/rokmp.de\/?s={search_term_string}\"},\"query-input\":{\"@type\":\"PropertyValueSpecification\",\"valueRequired\":true,\"valueName\":\"search_term_string\"}}],\"inLanguage\":\"de\"},{\"@type\":\"Person\",\"@id\":\"https:\/\/rokmp.de\/#\/schema\/person\/1e05c7851b376b862ca66f74ee16b275\",\"name\":\"priester Eugeny Murzin\",\"image\":{\"@type\":\"ImageObject\",\"inLanguage\":\"de\",\"@id\":\"https:\/\/rokmp.de\/#\/schema\/person\/image\/\",\"url\":\"https:\/\/secure.gravatar.com\/avatar\/ab0791f77afedc1959682d928966c405d68e155dc34177d2d0970bb7906ee2ad?s=96&d=mm&r=g\",\"contentUrl\":\"https:\/\/secure.gravatar.com\/avatar\/ab0791f77afedc1959682d928966c405d68e155dc34177d2d0970bb7906ee2ad?s=96&d=mm&r=g\",\"caption\":\"priester Eugeny Murzin\"},\"sameAs\":[\"https:\/\/rokmp.de\"]}]}<\/script>\n<!-- \/ Yoast SEO plugin. -->","yoast_head_json":{"title":"Kreuzverehrung der orthodoxen Gl\u00e4ubigen im Dom zu Limburg 2018 - Berliner Di\u00f6zese der Russischen Orthodoxen Kirche (Kd\u00f6R)","robots":{"index":"index","follow":"follow","max-snippet":"max-snippet:-1","max-image-preview":"max-image-preview:large","max-video-preview":"max-video-preview:-1"},"canonical":"https:\/\/rokmp.de\/de\/deutsch-kreuzverehrung-der-orthodoxen-glaubigen-im-dom-zu-limburg-2018\/","og_locale":"de_DE","og_type":"article","og_title":"Kreuzverehrung der orthodoxen Gl\u00e4ubigen im Dom zu Limburg 2018 - Berliner Di\u00f6zese der Russischen Orthodoxen Kirche (Kd\u00f6R)","og_description":"[:de]Dank der Gastfreundschaft des Dekanats der R\u00f6misch-Katholischen Kirche hat wieder ein orthodoxer Gottesdienst mit der Verehrung des Kreuzpartilels stattgefunden. Die Einladung erfolgte durch die orthodoxe Gemeinde des hl. Christophorus, Mainz an die Geistlichen und Gl\u00e4ubigen der verschiedenen orthodoxen nationalen Gemeinden vom Rhein-Main-Raum bis K\u00f6ln und Wuppertal.[:]","og_url":"https:\/\/rokmp.de\/de\/deutsch-kreuzverehrung-der-orthodoxen-glaubigen-im-dom-zu-limburg-2018\/","og_site_name":"Berliner Di\u00f6zese der Russischen Orthodoxen Kirche (Kd\u00f6R)","article_published_time":"2018-03-11T19:10:36+00:00","article_modified_time":"2018-06-10T19:18:29+00:00","og_image":[{"width":1024,"height":684,"url":"https:\/\/rokmp.de\/wp-content\/uploads\/2018\/06\/DSC_2786-1024x684.jpg","type":"image\/jpeg"}],"author":"priester Eugeny Murzin","twitter_card":"summary_large_image","twitter_misc":{"Verfasst von":"priester Eugeny Murzin","Gesch\u00e4tzte Lesezeit":"2\u00a0Minuten"},"schema":{"@context":"https:\/\/schema.org","@graph":[{"@type":"WebPage","@id":"https:\/\/rokmp.de\/de\/deutsch-kreuzverehrung-der-orthodoxen-glaubigen-im-dom-zu-limburg-2018\/","url":"https:\/\/rokmp.de\/de\/deutsch-kreuzverehrung-der-orthodoxen-glaubigen-im-dom-zu-limburg-2018\/","name":"Kreuzverehrung der orthodoxen Gl\u00e4ubigen im Dom zu Limburg 2018 - Berliner Di\u00f6zese der Russischen Orthodoxen Kirche (Kd\u00f6R)","isPartOf":{"@id":"https:\/\/rokmp.de\/#website"},"primaryImageOfPage":{"@id":"https:\/\/rokmp.de\/de\/deutsch-kreuzverehrung-der-orthodoxen-glaubigen-im-dom-zu-limburg-2018\/#primaryimage"},"image":{"@id":"https:\/\/rokmp.de\/de\/deutsch-kreuzverehrung-der-orthodoxen-glaubigen-im-dom-zu-limburg-2018\/#primaryimage"},"thumbnailUrl":"https:\/\/rokmp.de\/wp-content\/uploads\/2018\/06\/DSC_2786-1024x684.jpg","datePublished":"2018-03-11T19:10:36+00:00","dateModified":"2018-06-10T19:18:29+00:00","author":{"@id":"https:\/\/rokmp.de\/#\/schema\/person\/1e05c7851b376b862ca66f74ee16b275"},"breadcrumb":{"@id":"https:\/\/rokmp.de\/de\/deutsch-kreuzverehrung-der-orthodoxen-glaubigen-im-dom-zu-limburg-2018\/#breadcrumb"},"inLanguage":"de","potentialAction":[{"@type":"ReadAction","target":["https:\/\/rokmp.de\/de\/deutsch-kreuzverehrung-der-orthodoxen-glaubigen-im-dom-zu-limburg-2018\/"]}]},{"@type":"ImageObject","inLanguage":"de","@id":"https:\/\/rokmp.de\/de\/deutsch-kreuzverehrung-der-orthodoxen-glaubigen-im-dom-zu-limburg-2018\/#primaryimage","url":"https:\/\/rokmp.de\/wp-content\/uploads\/2018\/06\/DSC_2786-1024x684.jpg","contentUrl":"https:\/\/rokmp.de\/wp-content\/uploads\/2018\/06\/DSC_2786-1024x684.jpg","width":1024,"height":684},{"@type":"BreadcrumbList","@id":"https:\/\/rokmp.de\/de\/deutsch-kreuzverehrung-der-orthodoxen-glaubigen-im-dom-zu-limburg-2018\/#breadcrumb","itemListElement":[{"@type":"ListItem","position":1,"name":"\u0413\u043b\u0430\u0432\u043d\u0430\u044f \u0441\u0442\u0440\u0430\u043d\u0438\u0446\u0430","item":"https:\/\/rokmp.de\/"},{"@type":"ListItem","position":2,"name":"Kreuzverehrung der orthodoxen Gl\u00e4ubigen im Dom zu Limburg 2018"}]},{"@type":"WebSite","@id":"https:\/\/rokmp.de\/#website","url":"https:\/\/rokmp.de\/","name":"Berliner Di\u00f6zese der Russischen Orthodoxen Kirche (Kd\u00f6R)","description":"(\u0420\u0443\u0441\u0441\u043a\u0438\u0439) \u041e\u0444\u0438\u0446\u0438\u0430\u043b\u044c\u043d\u044b\u0439 \u0441\u0430\u0439\u0442 \u0420\u0443\u0441\u0441\u043a\u043e\u0439 \u041f\u0440\u0430\u0432\u043e\u0441\u043b\u0430\u0432\u043d\u043e\u0439 \u0426\u0435\u0440\u043a\u0432\u0438. \u0411\u0435\u0440\u043b\u0438\u043d\u0441\u043a\u043e-\u0413\u0435\u0440\u043c\u0430\u043d\u0441\u043a\u0430\u044f \u0435\u043f\u0430\u0440\u0445\u0438\u044f.","potentialAction":[{"@type":"SearchAction","target":{"@type":"EntryPoint","urlTemplate":"https:\/\/rokmp.de\/?s={search_term_string}"},"query-input":{"@type":"PropertyValueSpecification","valueRequired":true,"valueName":"search_term_string"}}],"inLanguage":"de"},{"@type":"Person","@id":"https:\/\/rokmp.de\/#\/schema\/person\/1e05c7851b376b862ca66f74ee16b275","name":"priester Eugeny Murzin","image":{"@type":"ImageObject","inLanguage":"de","@id":"https:\/\/rokmp.de\/#\/schema\/person\/image\/","url":"https:\/\/secure.gravatar.com\/avatar\/ab0791f77afedc1959682d928966c405d68e155dc34177d2d0970bb7906ee2ad?s=96&d=mm&r=g","contentUrl":"https:\/\/secure.gravatar.com\/avatar\/ab0791f77afedc1959682d928966c405d68e155dc34177d2d0970bb7906ee2ad?s=96&d=mm&r=g","caption":"priester Eugeny Murzin"},"sameAs":["https:\/\/rokmp.de"]}]}},"jetpack_featured_media_url":"https:\/\/rokmp.de\/wp-content\/uploads\/2018\/06\/DSC_2786-1024x684.jpg","jetpack_sharing_enabled":true,"_links":{"self":[{"href":"https:\/\/rokmp.de\/de\/wp-json\/wp\/v2\/posts\/15362","targetHints":{"allow":["GET"]}}],"collection":[{"href":"https:\/\/rokmp.de\/de\/wp-json\/wp\/v2\/posts"}],"about":[{"href":"https:\/\/rokmp.de\/de\/wp-json\/wp\/v2\/types\/post"}],"author":[{"embeddable":true,"href":"https:\/\/rokmp.de\/de\/wp-json\/wp\/v2\/users\/150"}],"replies":[{"embeddable":true,"href":"https:\/\/rokmp.de\/de\/wp-json\/wp\/v2\/comments?post=15362"}],"version-history":[{"count":1,"href":"https:\/\/rokmp.de\/de\/wp-json\/wp\/v2\/posts\/15362\/revisions"}],"predecessor-version":[{"id":15366,"href":"https:\/\/rokmp.de\/de\/wp-json\/wp\/v2\/posts\/15362\/revisions\/15366"}],"wp:featuredmedia":[{"embeddable":true,"href":"https:\/\/rokmp.de\/de\/wp-json\/wp\/v2\/media\/15365"}],"wp:attachment":[{"href":"https:\/\/rokmp.de\/de\/wp-json\/wp\/v2\/media?parent=15362"}],"wp:term":[{"taxonomy":"category","embeddable":true,"href":"https:\/\/rokmp.de\/de\/wp-json\/wp\/v2\/categories?post=15362"},{"taxonomy":"post_tag","embeddable":true,"href":"https:\/\/rokmp.de\/de\/wp-json\/wp\/v2\/tags?post=15362"}],"curies":[{"name":"wp","href":"https:\/\/api.w.org\/{rel}","templated":true}]}}