{"id":33602,"date":"2023-02-09T14:08:19","date_gmt":"2023-02-09T11:08:19","guid":{"rendered":"https:\/\/rokmp.de\/?p=33602"},"modified":"2023-02-09T14:08:19","modified_gmt":"2023-02-09T11:08:19","slug":"deutsch-beileidschreiben-von-erzbischof-tichon-von-rusa-im-zusammenhang-mit-dem-erdbeben-in-syrien-und-der-turkei","status":"publish","type":"post","link":"https:\/\/rokmp.de\/de\/deutsch-beileidschreiben-von-erzbischof-tichon-von-rusa-im-zusammenhang-mit-dem-erdbeben-in-syrien-und-der-turkei\/","title":{"rendered":"Beileidschreiben von Erzbischof Tichon von Rusa im Zusammenhang mit dem Erdbeben in Syrien und der T\u00fcrkei"},"content":{"rendered":"<p><\/p>\n<p style=\"text-align: center;\"><strong>Seiner Eminenz<\/strong><br \/>\n<strong>dem H.H. Metropoliten Dr. ISAAK (Barakat)<\/strong><br \/>\n<strong>von Deutschland und Mitteleuropa<\/strong><\/p>\n<p>Eure Eminenz und lieber Mitbruder,<\/p>\n<p>Mit gro\u00dfer Trauer haben die Geistlichen und Laien der Di\u00f6zese von Berlin und Deutschland der Russischen Orthodoxen Kirche die Nachricht von den Tausenden von Toten, Verwundeten und Vermissten infolge des schrecklichen Erdbebens in Syrien und der Ostt\u00fcrkei erhalten, unter denen sich auch Kinder der Antiochenischen Orthodoxen Kirche befinden.<\/p>\n<p>Indem wir mit Ihnen das \u201eWeinen und Seufzen und Wehklagen&#8220; (Hes 2,10) teilen, bitten wir den Allm\u00e4chtigen Gott, den \u201eVater der Barmherzigkeit und jeden Trostes, der uns tr\u00f6stet in all unserem Leid&#8220; (2. Kor 1,3), dass Er den Verletzten und Leidenden Gesundung schenke, die Entschlafenen in Seine himmlische Wohnst\u00e4tten aufnehme und ihren Angeh\u00f6rigen und Freunden Trost spende. Wir bitten Sie. allen Familien der Opfer unser aufrichtiges Beileid zu \u00fcbermitteln.<\/p>\n<p>Die Gemeinden der Di\u00f6zese von Berlin und Deutschland der Russischen Orthodoxen Kirche haben Ihre Bitte um Hilfe geh\u00f6rt und werden ihre Spenden an die Opfer weiterleiten.<\/p>\n<p>In br\u00fcderlicher Liebe in Christo<\/p>\n<p><div data-test='contact-form' id='contact-form-33602' class='wp-block-jetpack-contact-form-container '>\n<form action='https:\/\/rokmp.de\/de\/deutsch-beileidschreiben-von-erzbischof-tichon-von-rusa-im-zusammenhang-mit-dem-erdbeben-in-syrien-und-der-turkei\/#contact-form-33602' method='post' class='contact-form commentsblock' aria-label=\"Beileidschreiben von Erzbischof Tichon von Rusa im Zusammenhang mit dem Erdbeben in Syrien und der T\u00fcrkei\" novalidate>\n\n<div style=\"\" class='grunion-field-name-wrap grunion-field-wrap'  >\n<label\n\t\t\t\tfor='g33602'\n\t\t\t\tclass='grunion-field-label name'>\u0418\u043c\u044f<span class=\"grunion-label-required\" aria-hidden=\"true\">(erforderlich)<\/span><\/label>\n<input\n\t\t\t\t\ttype='text'\n\t\t\t\t\tname='g33602'\n\t\t\t\t\tid='g33602'\n\t\t\t\t\tvalue=''\n\t\t\t\t\tclass='name  grunion-field' \n\t\t\t\t\trequired aria-required='true' \/>\n\t<\/div>\n\n<div style=\"\" class='grunion-field-email-wrap grunion-field-wrap'  >\n<label\n\t\t\t\tfor='g33602-email'\n\t\t\t\tclass='grunion-field-label email'>Email<span class=\"grunion-label-required\" aria-hidden=\"true\">(erforderlich)<\/span><\/label>\n<input\n\t\t\t\t\ttype='email'\n\t\t\t\t\tname='g33602-email'\n\t\t\t\t\tid='g33602-email'\n\t\t\t\t\tvalue=''\n\t\t\t\t\tclass='email  grunion-field' \n\t\t\t\t\trequired aria-required='true' \/>\n\t<\/div>\n\n<div style=\"\" class='grunion-field-url-wrap grunion-field-wrap'  >\n<label\n\t\t\t\tfor='g33602-1'\n\t\t\t\tclass='grunion-field-label url'>\u0421\u0430\u0439\u0442<\/label>\n<input\n\t\t\t\t\ttype='text'\n\t\t\t\t\tname='g33602-1'\n\t\t\t\t\tid='g33602-1'\n\t\t\t\t\tvalue=''\n\t\t\t\t\tclass='url  grunion-field' \n\t\t\t\t\ttitle=\"Bitte gib eine g\u00fcltige URL ein\u00a0\u2013 https:\/\/www.example.com\" oninvalid=\"setCustomValidity(&quot;Bitte gib eine g\u00fcltige URL ein\u00a0\u2013 https:\/\/www.example.com&quot;)\" oninput=\"setCustomValidity(&quot;&quot;)\" pattern=\"(?:(?:[Hh][Tt][Tt][Pp][Ss]?|[Ff][Tt][Pp]):\\\/\\\/)?(?:\\S+(?::\\S*)?@|\\d{1,3}(?:\\.\\d{1,3}){3}|(?:(?:[a-zA-Z\\d\\u00a1-\\uffff]+-?)*[a-zA-Z\\d\\u00a1-\\uffff]+)(?:\\.(?:[a-zA-Z\\d\\u00a1-\\uffff]+-?)*[a-zA-Z\\d\\u00a1-\\uffff]+)*(?:\\.[a-zA-Z\\u00a1-\\uffff]{2,6}))(?::\\d+)?(?:[^\\s]*)?\" data-type-override=\"url\"  \/>\n\t<\/div>\n\n<div style=\"\" class='grunion-field-textarea-wrap grunion-field-wrap'  >\n<label\n\t\t\t\tfor='contact-form-comment-g33602-2'\n\t\t\t\tclass='grunion-field-label textarea'>\u0421\u043e\u043e\u0431\u0449\u0435\u043d\u0438\u0435<\/label>\n<textarea\n\t\t                style=''\n\t\t                name='g33602-2'\n\t\t                id='contact-form-comment-g33602-2'\n\t\t                rows='20' class='textarea  grunion-field'  ><\/textarea>\n\t<\/div>\n\t<p class='contact-submit'>\n\t\t<button type='submit' class='pushbutton-wide'>Senden<\/button>\t\t<input type='hidden' name='contact-form-id' value='33602' \/>\n\t\t<input type='hidden' name='action' value='grunion-contact-form' \/>\n\t\t<input type='hidden' name='contact-form-hash' value='6cd184e8c2389d56e4082c9542e52134cfdd6b32' \/>\n\t<\/p>\n<\/form>\n<\/div><\/p>","protected":false},"excerpt":{"rendered":"<p>Erzbischof Tichon von Rusa, Leiter der Berliner Di\u00f6zese, sandte im Zusammenhang mit dem verheerenden Erdbeben in Syrien und der T\u00fcrkei ein Kondolenzschreiben an das Oberhaupt der Metropolie der Antiochenischen Orthodoxen Kirche in Deutschland, Metropolit Isaak (Barakat) von Deutschland und Mitteleuropa.<\/p>\n","protected":false},"author":150,"featured_media":33595,"comment_status":"open","ping_status":"closed","sticky":false,"template":"","format":"standard","meta":{"_acf_changed":false,"_jetpack_memberships_contains_paid_content":false,"footnotes":""},"categories":[21,16],"tags":[],"class_list":["post-33602","post","type-post","status-publish","format-standard","has-post-thumbnail","hentry","category-aktuell","category-eparh_news"],"acf":[],"yoast_head":"<!-- This site is optimized with the Yoast SEO plugin v24.9 - https:\/\/yoast.com\/wordpress\/plugins\/seo\/ -->\n<title>Beileidschreiben von Erzbischof Tichon von Rusa im Zusammenhang mit dem Erdbeben in Syrien und der T\u00fcrkei - Berliner Di\u00f6zese der Russischen Orthodoxen Kirche (Kd\u00f6R)<\/title>\n<meta name=\"robots\" content=\"index, follow, max-snippet:-1, max-image-preview:large, max-video-preview:-1\" \/>\n<link rel=\"canonical\" href=\"https:\/\/rokmp.de\/deutsch-beileidschreiben-von-erzbischof-tichon-von-rusa-im-zusammenhang-mit-dem-erdbeben-in-syrien-und-der-turkei\/\" \/>\n<meta property=\"og:locale\" content=\"de_DE\" \/>\n<meta property=\"og:type\" content=\"article\" \/>\n<meta property=\"og:title\" content=\"Beileidschreiben von Erzbischof Tichon von Rusa im Zusammenhang mit dem Erdbeben in Syrien und der T\u00fcrkei - Berliner Di\u00f6zese der Russischen Orthodoxen Kirche (Kd\u00f6R)\" \/>\n<meta property=\"og:description\" content=\"[:de]Erzbischof Tichon von Rusa, Leiter der Berliner Di\u00f6zese, sandte im Zusammenhang mit dem verheerenden Erdbeben in Syrien und der T\u00fcrkei ein Kondolenzschreiben an das Oberhaupt der Metropolie der Antiochenischen Orthodoxen Kirche in Deutschland, Metropolit Isaak (Barakat) von Deutschland und Mitteleuropa.[:]\" \/>\n<meta property=\"og:url\" content=\"https:\/\/rokmp.de\/deutsch-beileidschreiben-von-erzbischof-tichon-von-rusa-im-zusammenhang-mit-dem-erdbeben-in-syrien-und-der-turkei\/\" \/>\n<meta property=\"og:site_name\" content=\"Berliner Di\u00f6zese der Russischen Orthodoxen Kirche (Kd\u00f6R)\" \/>\n<meta property=\"article:published_time\" content=\"2023-02-09T11:08:19+00:00\" \/>\n<meta property=\"og:image\" content=\"https:\/\/rokmp.de\/wp-content\/uploads\/2023\/02\/venz_1.jpg\" \/>\n\t<meta property=\"og:image:width\" content=\"1024\" \/>\n\t<meta property=\"og:image:height\" content=\"768\" \/>\n\t<meta property=\"og:image:type\" content=\"image\/jpeg\" \/>\n<meta name=\"author\" content=\"priester Eugeny Murzin\" \/>\n<meta name=\"twitter:card\" content=\"summary_large_image\" \/>\n<meta name=\"twitter:label1\" content=\"Verfasst von\" \/>\n\t<meta name=\"twitter:data1\" content=\"priester Eugeny Murzin\" \/>\n\t<meta name=\"twitter:label2\" content=\"Gesch\u00e4tzte Lesezeit\" \/>\n\t<meta name=\"twitter:data2\" content=\"1\u00a0Minute\" \/>\n<script type=\"application\/ld+json\" class=\"yoast-schema-graph\">{\"@context\":\"https:\/\/schema.org\",\"@graph\":[{\"@type\":\"WebPage\",\"@id\":\"https:\/\/rokmp.de\/deutsch-beileidschreiben-von-erzbischof-tichon-von-rusa-im-zusammenhang-mit-dem-erdbeben-in-syrien-und-der-turkei\/\",\"url\":\"https:\/\/rokmp.de\/deutsch-beileidschreiben-von-erzbischof-tichon-von-rusa-im-zusammenhang-mit-dem-erdbeben-in-syrien-und-der-turkei\/\",\"name\":\"Beileidschreiben von Erzbischof Tichon von Rusa im Zusammenhang mit dem Erdbeben in Syrien und der T\u00fcrkei - Berliner Di\u00f6zese der Russischen Orthodoxen Kirche (Kd\u00f6R)\",\"isPartOf\":{\"@id\":\"https:\/\/rokmp.de\/#website\"},\"primaryImageOfPage\":{\"@id\":\"https:\/\/rokmp.de\/deutsch-beileidschreiben-von-erzbischof-tichon-von-rusa-im-zusammenhang-mit-dem-erdbeben-in-syrien-und-der-turkei\/#primaryimage\"},\"image\":{\"@id\":\"https:\/\/rokmp.de\/deutsch-beileidschreiben-von-erzbischof-tichon-von-rusa-im-zusammenhang-mit-dem-erdbeben-in-syrien-und-der-turkei\/#primaryimage\"},\"thumbnailUrl\":\"https:\/\/rokmp.de\/wp-content\/uploads\/2023\/02\/venz_1.jpg\",\"datePublished\":\"2023-02-09T11:08:19+00:00\",\"author\":{\"@id\":\"https:\/\/rokmp.de\/#\/schema\/person\/1e05c7851b376b862ca66f74ee16b275\"},\"breadcrumb\":{\"@id\":\"https:\/\/rokmp.de\/deutsch-beileidschreiben-von-erzbischof-tichon-von-rusa-im-zusammenhang-mit-dem-erdbeben-in-syrien-und-der-turkei\/#breadcrumb\"},\"inLanguage\":\"de\",\"potentialAction\":[{\"@type\":\"ReadAction\",\"target\":[\"https:\/\/rokmp.de\/deutsch-beileidschreiben-von-erzbischof-tichon-von-rusa-im-zusammenhang-mit-dem-erdbeben-in-syrien-und-der-turkei\/\"]}]},{\"@type\":\"ImageObject\",\"inLanguage\":\"de\",\"@id\":\"https:\/\/rokmp.de\/deutsch-beileidschreiben-von-erzbischof-tichon-von-rusa-im-zusammenhang-mit-dem-erdbeben-in-syrien-und-der-turkei\/#primaryimage\",\"url\":\"https:\/\/rokmp.de\/wp-content\/uploads\/2023\/02\/venz_1.jpg\",\"contentUrl\":\"https:\/\/rokmp.de\/wp-content\/uploads\/2023\/02\/venz_1.jpg\",\"width\":1024,\"height\":768},{\"@type\":\"BreadcrumbList\",\"@id\":\"https:\/\/rokmp.de\/deutsch-beileidschreiben-von-erzbischof-tichon-von-rusa-im-zusammenhang-mit-dem-erdbeben-in-syrien-und-der-turkei\/#breadcrumb\",\"itemListElement\":[{\"@type\":\"ListItem\",\"position\":1,\"name\":\"\u0413\u043b\u0430\u0432\u043d\u0430\u044f \u0441\u0442\u0440\u0430\u043d\u0438\u0446\u0430\",\"item\":\"https:\/\/rokmp.de\/\"},{\"@type\":\"ListItem\",\"position\":2,\"name\":\"(Deutsch) Beileidschreiben von Erzbischof Tichon von Rusa im Zusammenhang mit dem Erdbeben in Syrien und der T\u00fcrkei\"}]},{\"@type\":\"WebSite\",\"@id\":\"https:\/\/rokmp.de\/#website\",\"url\":\"https:\/\/rokmp.de\/\",\"name\":\"Berliner Di\u00f6zese der Russischen Orthodoxen Kirche (Kd\u00f6R)\",\"description\":\"(\u0420\u0443\u0441\u0441\u043a\u0438\u0439) \u041e\u0444\u0438\u0446\u0438\u0430\u043b\u044c\u043d\u044b\u0439 \u0441\u0430\u0439\u0442 \u0420\u0443\u0441\u0441\u043a\u043e\u0439 \u041f\u0440\u0430\u0432\u043e\u0441\u043b\u0430\u0432\u043d\u043e\u0439 \u0426\u0435\u0440\u043a\u0432\u0438. \u0411\u0435\u0440\u043b\u0438\u043d\u0441\u043a\u043e-\u0413\u0435\u0440\u043c\u0430\u043d\u0441\u043a\u0430\u044f \u0435\u043f\u0430\u0440\u0445\u0438\u044f.\",\"potentialAction\":[{\"@type\":\"SearchAction\",\"target\":{\"@type\":\"EntryPoint\",\"urlTemplate\":\"https:\/\/rokmp.de\/?s={search_term_string}\"},\"query-input\":{\"@type\":\"PropertyValueSpecification\",\"valueRequired\":true,\"valueName\":\"search_term_string\"}}],\"inLanguage\":\"de\"},{\"@type\":\"Person\",\"@id\":\"https:\/\/rokmp.de\/#\/schema\/person\/1e05c7851b376b862ca66f74ee16b275\",\"name\":\"priester Eugeny Murzin\",\"image\":{\"@type\":\"ImageObject\",\"inLanguage\":\"de\",\"@id\":\"https:\/\/rokmp.de\/#\/schema\/person\/image\/\",\"url\":\"https:\/\/secure.gravatar.com\/avatar\/ab0791f77afedc1959682d928966c405d68e155dc34177d2d0970bb7906ee2ad?s=96&d=mm&r=g\",\"contentUrl\":\"https:\/\/secure.gravatar.com\/avatar\/ab0791f77afedc1959682d928966c405d68e155dc34177d2d0970bb7906ee2ad?s=96&d=mm&r=g\",\"caption\":\"priester Eugeny Murzin\"},\"sameAs\":[\"https:\/\/rokmp.de\"]}]}<\/script>\n<!-- \/ Yoast SEO plugin. -->","yoast_head_json":{"title":"Beileidschreiben von Erzbischof Tichon von Rusa im Zusammenhang mit dem Erdbeben in Syrien und der T\u00fcrkei - Berliner Di\u00f6zese der Russischen Orthodoxen Kirche (Kd\u00f6R)","robots":{"index":"index","follow":"follow","max-snippet":"max-snippet:-1","max-image-preview":"max-image-preview:large","max-video-preview":"max-video-preview:-1"},"canonical":"https:\/\/rokmp.de\/deutsch-beileidschreiben-von-erzbischof-tichon-von-rusa-im-zusammenhang-mit-dem-erdbeben-in-syrien-und-der-turkei\/","og_locale":"de_DE","og_type":"article","og_title":"Beileidschreiben von Erzbischof Tichon von Rusa im Zusammenhang mit dem Erdbeben in Syrien und der T\u00fcrkei - Berliner Di\u00f6zese der Russischen Orthodoxen Kirche (Kd\u00f6R)","og_description":"[:de]Erzbischof Tichon von Rusa, Leiter der Berliner Di\u00f6zese, sandte im Zusammenhang mit dem verheerenden Erdbeben in Syrien und der T\u00fcrkei ein Kondolenzschreiben an das Oberhaupt der Metropolie der Antiochenischen Orthodoxen Kirche in Deutschland, Metropolit Isaak (Barakat) von Deutschland und Mitteleuropa.[:]","og_url":"https:\/\/rokmp.de\/deutsch-beileidschreiben-von-erzbischof-tichon-von-rusa-im-zusammenhang-mit-dem-erdbeben-in-syrien-und-der-turkei\/","og_site_name":"Berliner Di\u00f6zese der Russischen Orthodoxen Kirche (Kd\u00f6R)","article_published_time":"2023-02-09T11:08:19+00:00","og_image":[{"width":1024,"height":768,"url":"https:\/\/rokmp.de\/wp-content\/uploads\/2023\/02\/venz_1.jpg","type":"image\/jpeg"}],"author":"priester Eugeny Murzin","twitter_card":"summary_large_image","twitter_misc":{"Verfasst von":"priester Eugeny Murzin","Gesch\u00e4tzte Lesezeit":"1\u00a0Minute"},"schema":{"@context":"https:\/\/schema.org","@graph":[{"@type":"WebPage","@id":"https:\/\/rokmp.de\/deutsch-beileidschreiben-von-erzbischof-tichon-von-rusa-im-zusammenhang-mit-dem-erdbeben-in-syrien-und-der-turkei\/","url":"https:\/\/rokmp.de\/deutsch-beileidschreiben-von-erzbischof-tichon-von-rusa-im-zusammenhang-mit-dem-erdbeben-in-syrien-und-der-turkei\/","name":"Beileidschreiben von Erzbischof Tichon von Rusa im Zusammenhang mit dem Erdbeben in Syrien und der T\u00fcrkei - Berliner Di\u00f6zese der Russischen Orthodoxen Kirche (Kd\u00f6R)","isPartOf":{"@id":"https:\/\/rokmp.de\/#website"},"primaryImageOfPage":{"@id":"https:\/\/rokmp.de\/deutsch-beileidschreiben-von-erzbischof-tichon-von-rusa-im-zusammenhang-mit-dem-erdbeben-in-syrien-und-der-turkei\/#primaryimage"},"image":{"@id":"https:\/\/rokmp.de\/deutsch-beileidschreiben-von-erzbischof-tichon-von-rusa-im-zusammenhang-mit-dem-erdbeben-in-syrien-und-der-turkei\/#primaryimage"},"thumbnailUrl":"https:\/\/rokmp.de\/wp-content\/uploads\/2023\/02\/venz_1.jpg","datePublished":"2023-02-09T11:08:19+00:00","author":{"@id":"https:\/\/rokmp.de\/#\/schema\/person\/1e05c7851b376b862ca66f74ee16b275"},"breadcrumb":{"@id":"https:\/\/rokmp.de\/deutsch-beileidschreiben-von-erzbischof-tichon-von-rusa-im-zusammenhang-mit-dem-erdbeben-in-syrien-und-der-turkei\/#breadcrumb"},"inLanguage":"de","potentialAction":[{"@type":"ReadAction","target":["https:\/\/rokmp.de\/deutsch-beileidschreiben-von-erzbischof-tichon-von-rusa-im-zusammenhang-mit-dem-erdbeben-in-syrien-und-der-turkei\/"]}]},{"@type":"ImageObject","inLanguage":"de","@id":"https:\/\/rokmp.de\/deutsch-beileidschreiben-von-erzbischof-tichon-von-rusa-im-zusammenhang-mit-dem-erdbeben-in-syrien-und-der-turkei\/#primaryimage","url":"https:\/\/rokmp.de\/wp-content\/uploads\/2023\/02\/venz_1.jpg","contentUrl":"https:\/\/rokmp.de\/wp-content\/uploads\/2023\/02\/venz_1.jpg","width":1024,"height":768},{"@type":"BreadcrumbList","@id":"https:\/\/rokmp.de\/deutsch-beileidschreiben-von-erzbischof-tichon-von-rusa-im-zusammenhang-mit-dem-erdbeben-in-syrien-und-der-turkei\/#breadcrumb","itemListElement":[{"@type":"ListItem","position":1,"name":"\u0413\u043b\u0430\u0432\u043d\u0430\u044f \u0441\u0442\u0440\u0430\u043d\u0438\u0446\u0430","item":"https:\/\/rokmp.de\/"},{"@type":"ListItem","position":2,"name":"(Deutsch) Beileidschreiben von Erzbischof Tichon von Rusa im Zusammenhang mit dem Erdbeben in Syrien und der T\u00fcrkei"}]},{"@type":"WebSite","@id":"https:\/\/rokmp.de\/#website","url":"https:\/\/rokmp.de\/","name":"Berliner Di\u00f6zese der Russischen Orthodoxen Kirche (Kd\u00f6R)","description":"(\u0420\u0443\u0441\u0441\u043a\u0438\u0439) \u041e\u0444\u0438\u0446\u0438\u0430\u043b\u044c\u043d\u044b\u0439 \u0441\u0430\u0439\u0442 \u0420\u0443\u0441\u0441\u043a\u043e\u0439 \u041f\u0440\u0430\u0432\u043e\u0441\u043b\u0430\u0432\u043d\u043e\u0439 \u0426\u0435\u0440\u043a\u0432\u0438. \u0411\u0435\u0440\u043b\u0438\u043d\u0441\u043a\u043e-\u0413\u0435\u0440\u043c\u0430\u043d\u0441\u043a\u0430\u044f \u0435\u043f\u0430\u0440\u0445\u0438\u044f.","potentialAction":[{"@type":"SearchAction","target":{"@type":"EntryPoint","urlTemplate":"https:\/\/rokmp.de\/?s={search_term_string}"},"query-input":{"@type":"PropertyValueSpecification","valueRequired":true,"valueName":"search_term_string"}}],"inLanguage":"de"},{"@type":"Person","@id":"https:\/\/rokmp.de\/#\/schema\/person\/1e05c7851b376b862ca66f74ee16b275","name":"priester Eugeny Murzin","image":{"@type":"ImageObject","inLanguage":"de","@id":"https:\/\/rokmp.de\/#\/schema\/person\/image\/","url":"https:\/\/secure.gravatar.com\/avatar\/ab0791f77afedc1959682d928966c405d68e155dc34177d2d0970bb7906ee2ad?s=96&d=mm&r=g","contentUrl":"https:\/\/secure.gravatar.com\/avatar\/ab0791f77afedc1959682d928966c405d68e155dc34177d2d0970bb7906ee2ad?s=96&d=mm&r=g","caption":"priester Eugeny Murzin"},"sameAs":["https:\/\/rokmp.de"]}]}},"jetpack_featured_media_url":"https:\/\/rokmp.de\/wp-content\/uploads\/2023\/02\/venz_1.jpg","jetpack_sharing_enabled":true,"_links":{"self":[{"href":"https:\/\/rokmp.de\/de\/wp-json\/wp\/v2\/posts\/33602","targetHints":{"allow":["GET"]}}],"collection":[{"href":"https:\/\/rokmp.de\/de\/wp-json\/wp\/v2\/posts"}],"about":[{"href":"https:\/\/rokmp.de\/de\/wp-json\/wp\/v2\/types\/post"}],"author":[{"embeddable":true,"href":"https:\/\/rokmp.de\/de\/wp-json\/wp\/v2\/users\/150"}],"replies":[{"embeddable":true,"href":"https:\/\/rokmp.de\/de\/wp-json\/wp\/v2\/comments?post=33602"}],"version-history":[{"count":1,"href":"https:\/\/rokmp.de\/de\/wp-json\/wp\/v2\/posts\/33602\/revisions"}],"predecessor-version":[{"id":33603,"href":"https:\/\/rokmp.de\/de\/wp-json\/wp\/v2\/posts\/33602\/revisions\/33603"}],"wp:featuredmedia":[{"embeddable":true,"href":"https:\/\/rokmp.de\/de\/wp-json\/wp\/v2\/media\/33595"}],"wp:attachment":[{"href":"https:\/\/rokmp.de\/de\/wp-json\/wp\/v2\/media?parent=33602"}],"wp:term":[{"taxonomy":"category","embeddable":true,"href":"https:\/\/rokmp.de\/de\/wp-json\/wp\/v2\/categories?post=33602"},{"taxonomy":"post_tag","embeddable":true,"href":"https:\/\/rokmp.de\/de\/wp-json\/wp\/v2\/tags?post=33602"}],"curies":[{"name":"wp","href":"https:\/\/api.w.org\/{rel}","templated":true}]}}