{"id":39239,"date":"2025-01-05T15:05:28","date_gmt":"2025-01-05T12:05:28","guid":{"rendered":"https:\/\/rokmp.de\/?p=39239"},"modified":"2025-01-06T15:07:07","modified_gmt":"2025-01-06T12:07:07","slug":"deutsch-wir-leben-bruder-und-schwestern-in-zeiten-der-erfullten-verheisung","status":"publish","type":"post","link":"https:\/\/rokmp.de\/de\/deutsch-wir-leben-bruder-und-schwestern-in-zeiten-der-erfullten-verheisung\/","title":{"rendered":"Wir leben in Zeiten der erf\u00fcllten Verhei\u00dfung"},"content":{"rendered":"<p>Am 5. Januar 2025, dem 28. Sonntag nach dem Pfingstfest und Sonmntag vor Christi Geburt, feierte Erzbischof Tichon von Ruza, der Vorsteher der Di\u00f6zese von Bertin und Deutschland, die G\u00f6ttliche Liturgie in der Hauskirche zun Ehren des heiligen Sergij von Radone\u017e in der erzbisch\u00f6flichen Residenz in Karlshorst (Berlin).<\/p>\n<p>Am Vorabend leitete der Di\u00f6zesanbischof den Gottesdienst der Alln\u00e4chtlichen Vigil in der Auferstehungskathedrale in Berlin.<\/p>\n<p>Bei der Alln\u00e4chtlichen Vigil konzelebrierten Seiner Eminenz der Di\u00f6zesansekret\u00e4r und Dompropst Erzpriester Michail Divakov, Erzpriester Georgij Antonjuk, Dekan des Kirchenkreises Ost, Priesterm\u00f6nch Ilarion (Rezni\u010denko), Priester Maksim Judakov, Priester Oleg Beltek, Protodiakon Vitalij Sadakov, Protodiakon Archil Chkhikvadze, Diakon Michail Koch, Diakon Rostislav Ustimenko; bei der Liturgie &#8211; Priesterm\u00f6nch Ilarion (Rezni\u010denko), Protodiakon Vitalij Sadakov und Diakon Rostislav Ustimenko.<\/p>\n<p>Nach der Inst\u00e4ndigen Ektenie sprach Erzbischof Tichon ein Friedensgebet.<\/p>\n<p>Nach dem Ende der Liturgie wandte sich der Erzhirte mit seinem Wort an die Teilnehmer des Gottesdienstes:<\/p>\n<p>\u201eIm Namen des Vaters und des Sohnes und des Heiligen Geistes.<\/p>\n<p>Wir stehen an der Schwelle des gro\u00dfen Festes der Geburt Christi. Der heutige Sonntag, Br\u00fcder und Schwestern, wird in der Sprache der Kirchenordnung der Sonntag vor Weihnachten oder die Woche der Heiligen V\u00e4ter genannt. Dieser Tag ist wie der vorhergehende Sonntag dem Gedenken an das gesegnete Geschlecht der Gerechten des Alten Testaments gewidmet (Ps 111,2), die im Glauben und in der Erwartung des Kommens des Messias in die Welt lebten.<\/p>\n<p>Die Evangelienbesung hat uns die Genealogie Jesu Christi offengelegt und wir haben die Namen der Personen geh\u00f6rt. Im Buch der Genealogie Jesu Christi stehen die Menschen, aus deren Fleisch und Blut durch die Zeiten hindurch, von Geschlecht zu Geschlecht, wie es der Ausleger ausdr\u00fcckt, \u201egewoben wurde der Allreine Leib des Erl\u00f6sers&#8220;, der vom Heiligen Geist und der Jungfrau Maria Fleisch geworden und Mensch geworden ist. Die Lesung des Apostels offenbart vor uns die Grundlage des gottgef\u00e4lligen Lebens der Verwandten Jesu Christi &#8211; ihre Glaubensleistung. Die Gerechten lebten im Glauben an den kommenden Retter der Welt, bewahrten den Glauben vor Irrt\u00fcmern und gingen damit in die Ewigkeit ein. Sie \u201eerfuhren Beschimpfungen und Schl\u00e4ge, Fesseln und Gef\u00e4ngnis, wurden gesteinigt, zers\u00e4gt &#8230;, starben durch das Schwert, erlitten Nachteile, Schmerzen &#8230;&#8220; (Hebr 11, 32-37). Hinter jedem Namen sollen wir die Gro\u00dfartigkeit des Lebens eines jeden von ihnen sehen und verstehen, dass diese Gr\u00f6\u00dfe durch das Ma\u00df der Erf\u00fcllung des Willens Gottes bestimmt wird.<\/p>\n<p>Wir leben, Br\u00fcder und Schwestern, in Zeiten der erf\u00fcllten Verhei\u00dfung. Wir leben sowohl aus dem Glauben als auch aus dem Wissen, dass der Herr Jesus Christus gekommen ist und in Bethlehem geboren wurde, um die Menschen von ihren S\u00fcnden zu retten. Wenn Gott sich um des Menschen willen inkarniert hat, dann ist es offensichtlich, dass der Mensch in den Augen Gottes einen bestimmten Wert hat. Die Heilige Schrift sagt, dass der Mensch das Bild und Gleichnis Gottes ist. Gott wurde Mensch, nahm die menschliche Natur an und heiligte sie durch die Vereinigung mit der G\u00f6ttlichen Natur, damit der Mensch in seinen fr\u00fcheren Zustand der Freude und Gemeinschaft mit Gott wieder erhoben wurde, den er als Folge S\u00fcnde verloren hatte.<\/p>\n<p>W\u00e4re es nicht f\u00fcr jeden von uns w\u00fcnschenswert, in seiner Ahnenreihe heilige Gerechte zu haben oder durch die gnadenvolle Abstammung von Gottes Auserw\u00e4hlten zur Verwandtschaft zu geh\u00f6ren? Wie gro\u00df ist doch die G\u00f6ttliche Herablassung zu den Menschen, dass der Herr reuige S\u00fcnder nicht nur in Seine Verwandtschaft mit den Heiligen, sondern auch mit Sich Selbst aufnimmt. Es stellt sich die Frage: Wie kann man mit dem Herrn verwandt sein? \u201eWer den Willen meines Vaters im Himmel tut&#8220;, sagt der Herr, \u201eder ist mir Bruder und Schwester und Mutter&#8220; (Mt 12,46). Habt ihr das geh\u00f6rt? Es erweist sich, dass es m\u00f6glich ist, in die Verwandtschaft mit dem Herrn einzutreten. Was ist daf\u00fcr notwendig? Wir m\u00fcssen den Willen Gottes kennen, der in den Geboten des Evangeliums offenbart wird, und in \u00dcbereinstimmung damit leben. Wenn wir aber gegen den Willen Gottes versto\u00dfen, sollen wir Bu\u00dfe tun, indem wir unsere Seele reinigen durch die Zerknirschung \u00fcber unsere S\u00fcnden mit dem festen Vorsatz, nicht mehr zu ihnen zur\u00fcckzukehren und die Freude des Himmlischen Vater zu erlangen (Lk 15,7).<\/p>\n<p>Lasst uns, Br\u00fcder und Schwestern, unsere Verwandtschaft mit unserem Herrn und Erl\u00f6ser hochsch\u00e4tzen und uns an die Worte des Apostels erinnern, dass die Christen \u201eein auserw\u00e4hltes Geschlecht, eine k\u00f6nigliche Priesterschaft, ein heiliges Volk, ein Volk, das zum Erbe genommen ist, um die Vollkommenheiten dessen zu verk\u00fcnden, der uns aus der Finsternis in Sein wunderbares Licht gerufen hat&#8220; (1 Petr 2,9). M\u00f6gen alle Gedanken in diesen heiligen Tagen, die durch das Kommen des Herrn in die Welt geheiligt sind, von dem Gedanken erf\u00fcllt sein, was der Herr Jesus Christus f\u00fcr die Erl\u00f6sung des Menschengeschlechts, f\u00fcr mich und dich und f\u00fcr jeden von uns getan hat. Amen.&#8220;<\/p>\n<p><div class=\"tiled-gallery type-rectangular tiled-gallery-unresized\" data-original-width=\"860\" data-carousel-extra='{&quot;blog_id&quot;:1,&quot;permalink&quot;:&quot;https:\\\/\\\/rokmp.de\\\/de\\\/deutsch-wir-leben-bruder-und-schwestern-in-zeiten-der-erfullten-verheisung\\\/&quot;,&quot;likes_blog_id&quot;:102558546}' itemscope itemtype=\"http:\/\/schema.org\/ImageGallery\" > <div class=\"gallery-row\" style=\"width: 860px; height: 324px;\" data-original-width=\"860\" data-original-height=\"324\" > <div class=\"gallery-group images-1\" style=\"width: 430px; height: 324px;\" data-original-width=\"430\" data-original-height=\"324\" > <div class=\"tiled-gallery-item tiled-gallery-item-large\" itemprop=\"associatedMedia\" itemscope itemtype=\"http:\/\/schema.org\/ImageObject\"> <a href=\"https:\/\/i0.wp.com\/rokmp.de\/wp-content\/uploads\/2025\/01\/WhatsApp-Image-2025-01-05-at-15.31.46-1.jpeg?ssl=1\" border=\"0\" itemprop=\"url\"> <meta itemprop=\"width\" content=\"426\"> <meta itemprop=\"height\" content=\"320\"> <img decoding=\"async\" class=\"\" data-attachment-id=\"39236\" data-orig-file=\"https:\/\/rokmp.de\/wp-content\/uploads\/2025\/01\/WhatsApp-Image-2025-01-05-at-15.31.46-1.jpeg\" data-orig-size=\"1600,1200\" data-comments-opened=\"1\" data-image-meta=\"{&quot;aperture&quot;:&quot;0&quot;,&quot;credit&quot;:&quot;&quot;,&quot;camera&quot;:&quot;&quot;,&quot;caption&quot;:&quot;&quot;,&quot;created_timestamp&quot;:&quot;0&quot;,&quot;copyright&quot;:&quot;&quot;,&quot;focal_length&quot;:&quot;0&quot;,&quot;iso&quot;:&quot;0&quot;,&quot;shutter_speed&quot;:&quot;0&quot;,&quot;title&quot;:&quot;&quot;,&quot;orientation&quot;:&quot;0&quot;}\" data-image-title=\"WhatsApp Image 2025-01-05 at 15.31.46 (1)\" data-image-description=\"\" data-medium-file=\"https:\/\/rokmp.de\/wp-content\/uploads\/2025\/01\/WhatsApp-Image-2025-01-05-at-15.31.46-1-300x225.jpeg\" data-large-file=\"https:\/\/rokmp.de\/wp-content\/uploads\/2025\/01\/WhatsApp-Image-2025-01-05-at-15.31.46-1-1024x768.jpeg\" src=\"https:\/\/i0.wp.com\/rokmp.de\/wp-content\/uploads\/2025\/01\/WhatsApp-Image-2025-01-05-at-15.31.46-1.jpeg?w=426&#038;h=320&#038;ssl=1\" srcset=\"https:\/\/rokmp.de\/wp-content\/uploads\/2025\/01\/WhatsApp-Image-2025-01-05-at-15.31.46-1.jpeg 1600w, https:\/\/rokmp.de\/wp-content\/uploads\/2025\/01\/WhatsApp-Image-2025-01-05-at-15.31.46-1-300x225.jpeg 300w, https:\/\/rokmp.de\/wp-content\/uploads\/2025\/01\/WhatsApp-Image-2025-01-05-at-15.31.46-1-1024x768.jpeg 1024w, https:\/\/rokmp.de\/wp-content\/uploads\/2025\/01\/WhatsApp-Image-2025-01-05-at-15.31.46-1-768x576.jpeg 768w, https:\/\/rokmp.de\/wp-content\/uploads\/2025\/01\/WhatsApp-Image-2025-01-05-at-15.31.46-1-1536x1152.jpeg 1536w\" width=\"426\" height=\"320\" loading=\"lazy\" data-original-width=\"426\" data-original-height=\"320\" itemprop=\"http:\/\/schema.org\/image\" title=\"WhatsApp Image 2025-01-05 at 15.31.46 (1)\" alt=\"WhatsApp Image 2025-01-05 at 15.31.46 (1)\" style=\"width: 426px; height: 320px;\" \/> <\/a> <\/div> <\/div> <!-- close group --> <div class=\"gallery-group images-1\" style=\"width: 430px; height: 324px;\" data-original-width=\"430\" data-original-height=\"324\" > <div class=\"tiled-gallery-item tiled-gallery-item-large\" itemprop=\"associatedMedia\" itemscope itemtype=\"http:\/\/schema.org\/ImageObject\"> <a href=\"https:\/\/i0.wp.com\/rokmp.de\/wp-content\/uploads\/2025\/01\/WhatsApp-Image-2025-01-05-at-15.31.46.jpeg?ssl=1\" border=\"0\" itemprop=\"url\"> <meta itemprop=\"width\" content=\"426\"> <meta itemprop=\"height\" content=\"320\"> <img decoding=\"async\" class=\"\" data-attachment-id=\"39235\" data-orig-file=\"https:\/\/rokmp.de\/wp-content\/uploads\/2025\/01\/WhatsApp-Image-2025-01-05-at-15.31.46.jpeg\" data-orig-size=\"1600,1200\" data-comments-opened=\"1\" data-image-meta=\"{&quot;aperture&quot;:&quot;0&quot;,&quot;credit&quot;:&quot;&quot;,&quot;camera&quot;:&quot;&quot;,&quot;caption&quot;:&quot;&quot;,&quot;created_timestamp&quot;:&quot;0&quot;,&quot;copyright&quot;:&quot;&quot;,&quot;focal_length&quot;:&quot;0&quot;,&quot;iso&quot;:&quot;0&quot;,&quot;shutter_speed&quot;:&quot;0&quot;,&quot;title&quot;:&quot;&quot;,&quot;orientation&quot;:&quot;0&quot;}\" data-image-title=\"WhatsApp Image 2025-01-05 at 15.31.46\" data-image-description=\"\" data-medium-file=\"https:\/\/rokmp.de\/wp-content\/uploads\/2025\/01\/WhatsApp-Image-2025-01-05-at-15.31.46-300x225.jpeg\" data-large-file=\"https:\/\/rokmp.de\/wp-content\/uploads\/2025\/01\/WhatsApp-Image-2025-01-05-at-15.31.46-1024x768.jpeg\" src=\"https:\/\/i0.wp.com\/rokmp.de\/wp-content\/uploads\/2025\/01\/WhatsApp-Image-2025-01-05-at-15.31.46.jpeg?w=426&#038;h=320&#038;ssl=1\" srcset=\"https:\/\/rokmp.de\/wp-content\/uploads\/2025\/01\/WhatsApp-Image-2025-01-05-at-15.31.46.jpeg 1600w, https:\/\/rokmp.de\/wp-content\/uploads\/2025\/01\/WhatsApp-Image-2025-01-05-at-15.31.46-300x225.jpeg 300w, https:\/\/rokmp.de\/wp-content\/uploads\/2025\/01\/WhatsApp-Image-2025-01-05-at-15.31.46-1024x768.jpeg 1024w, https:\/\/rokmp.de\/wp-content\/uploads\/2025\/01\/WhatsApp-Image-2025-01-05-at-15.31.46-768x576.jpeg 768w, https:\/\/rokmp.de\/wp-content\/uploads\/2025\/01\/WhatsApp-Image-2025-01-05-at-15.31.46-1536x1152.jpeg 1536w\" width=\"426\" height=\"320\" loading=\"lazy\" data-original-width=\"426\" data-original-height=\"320\" itemprop=\"http:\/\/schema.org\/image\" title=\"WhatsApp Image 2025-01-05 at 15.31.46\" alt=\"WhatsApp Image 2025-01-05 at 15.31.46\" style=\"width: 426px; height: 320px;\" \/> <\/a> <\/div> <\/div> <!-- close group --> <\/div> <!-- close row --> <\/div><\/p>","protected":false},"excerpt":{"rendered":"<p>Am 5. Januar 2025, dem 28. Sonntag nach dem Pfingstfest und Sonmntag vor Christi Geburt, feierte Erzbischof Tichon von Ruza, der Vorsteher der Di\u00f6zese von Bertin und Deutschland, die G\u00f6ttliche Liturgie in der Hauskirche zun Ehren des heiligen Sergij von Radone\u017e in der erzbisch\u00f6flichen Residenz in Karlshorst (Berlin).<\/p>\n","protected":false},"author":150,"featured_media":39237,"comment_status":"open","ping_status":"closed","sticky":false,"template":"","format":"standard","meta":{"_acf_changed":false,"_jetpack_memberships_contains_paid_content":false,"footnotes":""},"categories":[21,16],"tags":[],"class_list":["post-39239","post","type-post","status-publish","format-standard","has-post-thumbnail","hentry","category-aktuell","category-eparh_news"],"acf":[],"yoast_head":"<!-- This site is optimized with the Yoast SEO plugin v24.9 - https:\/\/yoast.com\/wordpress\/plugins\/seo\/ -->\n<title>Wir leben in Zeiten der erf\u00fcllten Verhei\u00dfung - Berliner Di\u00f6zese der Russischen Orthodoxen Kirche (Kd\u00f6R)<\/title>\n<meta name=\"robots\" content=\"index, follow, max-snippet:-1, max-image-preview:large, max-video-preview:-1\" \/>\n<link rel=\"canonical\" href=\"https:\/\/rokmp.de\/deutsch-wir-leben-bruder-und-schwestern-in-zeiten-der-erfullten-verheisung\/\" \/>\n<meta property=\"og:locale\" content=\"de_DE\" \/>\n<meta property=\"og:type\" content=\"article\" \/>\n<meta property=\"og:title\" content=\"Wir leben in Zeiten der erf\u00fcllten Verhei\u00dfung - Berliner Di\u00f6zese der Russischen Orthodoxen Kirche (Kd\u00f6R)\" \/>\n<meta property=\"og:description\" content=\"[:de]Am 5. Januar 2025, dem 28. Sonntag nach dem Pfingstfest und Sonmntag vor Christi Geburt, feierte Erzbischof Tichon von Ruza, der Vorsteher der Di\u00f6zese von Bertin und Deutschland, die G\u00f6ttliche Liturgie in der Hauskirche zun Ehren des heiligen Sergij von Radone\u017e in der erzbisch\u00f6flichen Residenz in Karlshorst (Berlin).[:]\" \/>\n<meta property=\"og:url\" content=\"https:\/\/rokmp.de\/deutsch-wir-leben-bruder-und-schwestern-in-zeiten-der-erfullten-verheisung\/\" \/>\n<meta property=\"og:site_name\" content=\"Berliner Di\u00f6zese der Russischen Orthodoxen Kirche (Kd\u00f6R)\" \/>\n<meta property=\"article:published_time\" content=\"2025-01-05T12:05:28+00:00\" \/>\n<meta property=\"article:modified_time\" content=\"2025-01-06T12:07:07+00:00\" \/>\n<meta property=\"og:image\" content=\"https:\/\/rokmp.de\/wp-content\/uploads\/2025\/01\/WhatsApp-Image-2025-01-05-at-15.30.41.jpeg\" \/>\n\t<meta property=\"og:image:width\" content=\"1600\" \/>\n\t<meta property=\"og:image:height\" content=\"1200\" \/>\n\t<meta property=\"og:image:type\" content=\"image\/jpeg\" \/>\n<meta name=\"author\" content=\"priester Eugeny Murzin\" \/>\n<meta name=\"twitter:card\" content=\"summary_large_image\" \/>\n<meta name=\"twitter:label1\" content=\"Verfasst von\" \/>\n\t<meta name=\"twitter:data1\" content=\"priester Eugeny Murzin\" \/>\n\t<meta name=\"twitter:label2\" content=\"Gesch\u00e4tzte Lesezeit\" \/>\n\t<meta name=\"twitter:data2\" content=\"5\u00a0Minuten\" \/>\n<script type=\"application\/ld+json\" class=\"yoast-schema-graph\">{\"@context\":\"https:\/\/schema.org\",\"@graph\":[{\"@type\":\"WebPage\",\"@id\":\"https:\/\/rokmp.de\/deutsch-wir-leben-bruder-und-schwestern-in-zeiten-der-erfullten-verheisung\/\",\"url\":\"https:\/\/rokmp.de\/deutsch-wir-leben-bruder-und-schwestern-in-zeiten-der-erfullten-verheisung\/\",\"name\":\"Wir leben in Zeiten der erf\u00fcllten Verhei\u00dfung - Berliner Di\u00f6zese der Russischen Orthodoxen Kirche (Kd\u00f6R)\",\"isPartOf\":{\"@id\":\"https:\/\/rokmp.de\/#website\"},\"primaryImageOfPage\":{\"@id\":\"https:\/\/rokmp.de\/deutsch-wir-leben-bruder-und-schwestern-in-zeiten-der-erfullten-verheisung\/#primaryimage\"},\"image\":{\"@id\":\"https:\/\/rokmp.de\/deutsch-wir-leben-bruder-und-schwestern-in-zeiten-der-erfullten-verheisung\/#primaryimage\"},\"thumbnailUrl\":\"https:\/\/rokmp.de\/wp-content\/uploads\/2025\/01\/WhatsApp-Image-2025-01-05-at-15.30.41.jpeg\",\"datePublished\":\"2025-01-05T12:05:28+00:00\",\"dateModified\":\"2025-01-06T12:07:07+00:00\",\"author\":{\"@id\":\"https:\/\/rokmp.de\/#\/schema\/person\/1e05c7851b376b862ca66f74ee16b275\"},\"breadcrumb\":{\"@id\":\"https:\/\/rokmp.de\/deutsch-wir-leben-bruder-und-schwestern-in-zeiten-der-erfullten-verheisung\/#breadcrumb\"},\"inLanguage\":\"de\",\"potentialAction\":[{\"@type\":\"ReadAction\",\"target\":[\"https:\/\/rokmp.de\/deutsch-wir-leben-bruder-und-schwestern-in-zeiten-der-erfullten-verheisung\/\"]}]},{\"@type\":\"ImageObject\",\"inLanguage\":\"de\",\"@id\":\"https:\/\/rokmp.de\/deutsch-wir-leben-bruder-und-schwestern-in-zeiten-der-erfullten-verheisung\/#primaryimage\",\"url\":\"https:\/\/rokmp.de\/wp-content\/uploads\/2025\/01\/WhatsApp-Image-2025-01-05-at-15.30.41.jpeg\",\"contentUrl\":\"https:\/\/rokmp.de\/wp-content\/uploads\/2025\/01\/WhatsApp-Image-2025-01-05-at-15.30.41.jpeg\",\"width\":1600,\"height\":1200},{\"@type\":\"BreadcrumbList\",\"@id\":\"https:\/\/rokmp.de\/deutsch-wir-leben-bruder-und-schwestern-in-zeiten-der-erfullten-verheisung\/#breadcrumb\",\"itemListElement\":[{\"@type\":\"ListItem\",\"position\":1,\"name\":\"\u0413\u043b\u0430\u0432\u043d\u0430\u044f \u0441\u0442\u0440\u0430\u043d\u0438\u0446\u0430\",\"item\":\"https:\/\/rokmp.de\/\"},{\"@type\":\"ListItem\",\"position\":2,\"name\":\"(Deutsch) Wir leben in Zeiten der erf\u00fcllten Verhei\u00dfung\"}]},{\"@type\":\"WebSite\",\"@id\":\"https:\/\/rokmp.de\/#website\",\"url\":\"https:\/\/rokmp.de\/\",\"name\":\"Berliner Di\u00f6zese der Russischen Orthodoxen Kirche (Kd\u00f6R)\",\"description\":\"(\u0420\u0443\u0441\u0441\u043a\u0438\u0439) \u041e\u0444\u0438\u0446\u0438\u0430\u043b\u044c\u043d\u044b\u0439 \u0441\u0430\u0439\u0442 \u0420\u0443\u0441\u0441\u043a\u043e\u0439 \u041f\u0440\u0430\u0432\u043e\u0441\u043b\u0430\u0432\u043d\u043e\u0439 \u0426\u0435\u0440\u043a\u0432\u0438. \u0411\u0435\u0440\u043b\u0438\u043d\u0441\u043a\u043e-\u0413\u0435\u0440\u043c\u0430\u043d\u0441\u043a\u0430\u044f \u0435\u043f\u0430\u0440\u0445\u0438\u044f.\",\"potentialAction\":[{\"@type\":\"SearchAction\",\"target\":{\"@type\":\"EntryPoint\",\"urlTemplate\":\"https:\/\/rokmp.de\/?s={search_term_string}\"},\"query-input\":{\"@type\":\"PropertyValueSpecification\",\"valueRequired\":true,\"valueName\":\"search_term_string\"}}],\"inLanguage\":\"de\"},{\"@type\":\"Person\",\"@id\":\"https:\/\/rokmp.de\/#\/schema\/person\/1e05c7851b376b862ca66f74ee16b275\",\"name\":\"priester Eugeny Murzin\",\"image\":{\"@type\":\"ImageObject\",\"inLanguage\":\"de\",\"@id\":\"https:\/\/rokmp.de\/#\/schema\/person\/image\/\",\"url\":\"https:\/\/secure.gravatar.com\/avatar\/ab0791f77afedc1959682d928966c405d68e155dc34177d2d0970bb7906ee2ad?s=96&d=mm&r=g\",\"contentUrl\":\"https:\/\/secure.gravatar.com\/avatar\/ab0791f77afedc1959682d928966c405d68e155dc34177d2d0970bb7906ee2ad?s=96&d=mm&r=g\",\"caption\":\"priester Eugeny Murzin\"},\"sameAs\":[\"https:\/\/rokmp.de\"]}]}<\/script>\n<!-- \/ Yoast SEO plugin. -->","yoast_head_json":{"title":"Wir leben in Zeiten der erf\u00fcllten Verhei\u00dfung - Berliner Di\u00f6zese der Russischen Orthodoxen Kirche (Kd\u00f6R)","robots":{"index":"index","follow":"follow","max-snippet":"max-snippet:-1","max-image-preview":"max-image-preview:large","max-video-preview":"max-video-preview:-1"},"canonical":"https:\/\/rokmp.de\/deutsch-wir-leben-bruder-und-schwestern-in-zeiten-der-erfullten-verheisung\/","og_locale":"de_DE","og_type":"article","og_title":"Wir leben in Zeiten der erf\u00fcllten Verhei\u00dfung - Berliner Di\u00f6zese der Russischen Orthodoxen Kirche (Kd\u00f6R)","og_description":"[:de]Am 5. Januar 2025, dem 28. Sonntag nach dem Pfingstfest und Sonmntag vor Christi Geburt, feierte Erzbischof Tichon von Ruza, der Vorsteher der Di\u00f6zese von Bertin und Deutschland, die G\u00f6ttliche Liturgie in der Hauskirche zun Ehren des heiligen Sergij von Radone\u017e in der erzbisch\u00f6flichen Residenz in Karlshorst (Berlin).[:]","og_url":"https:\/\/rokmp.de\/deutsch-wir-leben-bruder-und-schwestern-in-zeiten-der-erfullten-verheisung\/","og_site_name":"Berliner Di\u00f6zese der Russischen Orthodoxen Kirche (Kd\u00f6R)","article_published_time":"2025-01-05T12:05:28+00:00","article_modified_time":"2025-01-06T12:07:07+00:00","og_image":[{"width":1600,"height":1200,"url":"https:\/\/rokmp.de\/wp-content\/uploads\/2025\/01\/WhatsApp-Image-2025-01-05-at-15.30.41.jpeg","type":"image\/jpeg"}],"author":"priester Eugeny Murzin","twitter_card":"summary_large_image","twitter_misc":{"Verfasst von":"priester Eugeny Murzin","Gesch\u00e4tzte Lesezeit":"5\u00a0Minuten"},"schema":{"@context":"https:\/\/schema.org","@graph":[{"@type":"WebPage","@id":"https:\/\/rokmp.de\/deutsch-wir-leben-bruder-und-schwestern-in-zeiten-der-erfullten-verheisung\/","url":"https:\/\/rokmp.de\/deutsch-wir-leben-bruder-und-schwestern-in-zeiten-der-erfullten-verheisung\/","name":"Wir leben in Zeiten der erf\u00fcllten Verhei\u00dfung - Berliner Di\u00f6zese der Russischen Orthodoxen Kirche (Kd\u00f6R)","isPartOf":{"@id":"https:\/\/rokmp.de\/#website"},"primaryImageOfPage":{"@id":"https:\/\/rokmp.de\/deutsch-wir-leben-bruder-und-schwestern-in-zeiten-der-erfullten-verheisung\/#primaryimage"},"image":{"@id":"https:\/\/rokmp.de\/deutsch-wir-leben-bruder-und-schwestern-in-zeiten-der-erfullten-verheisung\/#primaryimage"},"thumbnailUrl":"https:\/\/rokmp.de\/wp-content\/uploads\/2025\/01\/WhatsApp-Image-2025-01-05-at-15.30.41.jpeg","datePublished":"2025-01-05T12:05:28+00:00","dateModified":"2025-01-06T12:07:07+00:00","author":{"@id":"https:\/\/rokmp.de\/#\/schema\/person\/1e05c7851b376b862ca66f74ee16b275"},"breadcrumb":{"@id":"https:\/\/rokmp.de\/deutsch-wir-leben-bruder-und-schwestern-in-zeiten-der-erfullten-verheisung\/#breadcrumb"},"inLanguage":"de","potentialAction":[{"@type":"ReadAction","target":["https:\/\/rokmp.de\/deutsch-wir-leben-bruder-und-schwestern-in-zeiten-der-erfullten-verheisung\/"]}]},{"@type":"ImageObject","inLanguage":"de","@id":"https:\/\/rokmp.de\/deutsch-wir-leben-bruder-und-schwestern-in-zeiten-der-erfullten-verheisung\/#primaryimage","url":"https:\/\/rokmp.de\/wp-content\/uploads\/2025\/01\/WhatsApp-Image-2025-01-05-at-15.30.41.jpeg","contentUrl":"https:\/\/rokmp.de\/wp-content\/uploads\/2025\/01\/WhatsApp-Image-2025-01-05-at-15.30.41.jpeg","width":1600,"height":1200},{"@type":"BreadcrumbList","@id":"https:\/\/rokmp.de\/deutsch-wir-leben-bruder-und-schwestern-in-zeiten-der-erfullten-verheisung\/#breadcrumb","itemListElement":[{"@type":"ListItem","position":1,"name":"\u0413\u043b\u0430\u0432\u043d\u0430\u044f \u0441\u0442\u0440\u0430\u043d\u0438\u0446\u0430","item":"https:\/\/rokmp.de\/"},{"@type":"ListItem","position":2,"name":"(Deutsch) Wir leben in Zeiten der erf\u00fcllten Verhei\u00dfung"}]},{"@type":"WebSite","@id":"https:\/\/rokmp.de\/#website","url":"https:\/\/rokmp.de\/","name":"Berliner Di\u00f6zese der Russischen Orthodoxen Kirche (Kd\u00f6R)","description":"(\u0420\u0443\u0441\u0441\u043a\u0438\u0439) \u041e\u0444\u0438\u0446\u0438\u0430\u043b\u044c\u043d\u044b\u0439 \u0441\u0430\u0439\u0442 \u0420\u0443\u0441\u0441\u043a\u043e\u0439 \u041f\u0440\u0430\u0432\u043e\u0441\u043b\u0430\u0432\u043d\u043e\u0439 \u0426\u0435\u0440\u043a\u0432\u0438. \u0411\u0435\u0440\u043b\u0438\u043d\u0441\u043a\u043e-\u0413\u0435\u0440\u043c\u0430\u043d\u0441\u043a\u0430\u044f \u0435\u043f\u0430\u0440\u0445\u0438\u044f.","potentialAction":[{"@type":"SearchAction","target":{"@type":"EntryPoint","urlTemplate":"https:\/\/rokmp.de\/?s={search_term_string}"},"query-input":{"@type":"PropertyValueSpecification","valueRequired":true,"valueName":"search_term_string"}}],"inLanguage":"de"},{"@type":"Person","@id":"https:\/\/rokmp.de\/#\/schema\/person\/1e05c7851b376b862ca66f74ee16b275","name":"priester Eugeny Murzin","image":{"@type":"ImageObject","inLanguage":"de","@id":"https:\/\/rokmp.de\/#\/schema\/person\/image\/","url":"https:\/\/secure.gravatar.com\/avatar\/ab0791f77afedc1959682d928966c405d68e155dc34177d2d0970bb7906ee2ad?s=96&d=mm&r=g","contentUrl":"https:\/\/secure.gravatar.com\/avatar\/ab0791f77afedc1959682d928966c405d68e155dc34177d2d0970bb7906ee2ad?s=96&d=mm&r=g","caption":"priester Eugeny Murzin"},"sameAs":["https:\/\/rokmp.de"]}]}},"jetpack_featured_media_url":"https:\/\/rokmp.de\/wp-content\/uploads\/2025\/01\/WhatsApp-Image-2025-01-05-at-15.30.41.jpeg","jetpack_sharing_enabled":true,"_links":{"self":[{"href":"https:\/\/rokmp.de\/de\/wp-json\/wp\/v2\/posts\/39239","targetHints":{"allow":["GET"]}}],"collection":[{"href":"https:\/\/rokmp.de\/de\/wp-json\/wp\/v2\/posts"}],"about":[{"href":"https:\/\/rokmp.de\/de\/wp-json\/wp\/v2\/types\/post"}],"author":[{"embeddable":true,"href":"https:\/\/rokmp.de\/de\/wp-json\/wp\/v2\/users\/150"}],"replies":[{"embeddable":true,"href":"https:\/\/rokmp.de\/de\/wp-json\/wp\/v2\/comments?post=39239"}],"version-history":[{"count":2,"href":"https:\/\/rokmp.de\/de\/wp-json\/wp\/v2\/posts\/39239\/revisions"}],"predecessor-version":[{"id":39241,"href":"https:\/\/rokmp.de\/de\/wp-json\/wp\/v2\/posts\/39239\/revisions\/39241"}],"wp:featuredmedia":[{"embeddable":true,"href":"https:\/\/rokmp.de\/de\/wp-json\/wp\/v2\/media\/39237"}],"wp:attachment":[{"href":"https:\/\/rokmp.de\/de\/wp-json\/wp\/v2\/media?parent=39239"}],"wp:term":[{"taxonomy":"category","embeddable":true,"href":"https:\/\/rokmp.de\/de\/wp-json\/wp\/v2\/categories?post=39239"},{"taxonomy":"post_tag","embeddable":true,"href":"https:\/\/rokmp.de\/de\/wp-json\/wp\/v2\/tags?post=39239"}],"curies":[{"name":"wp","href":"https:\/\/api.w.org\/{rel}","templated":true}]}}