{"id":39370,"date":"2025-01-01T08:36:51","date_gmt":"2025-01-01T05:36:51","guid":{"rendered":"https:\/\/rokmp.de\/?p=39370"},"modified":"2025-01-15T23:39:28","modified_gmt":"2025-01-15T20:39:28","slug":"deutsch-am-silvesterabend-und-in-der-silvesternacht-feierte-der-leiter-der-diozese-von-berlin-und-deutschland-eine-jahresabschlussandacht-und-eine-gottliche-liturgie","status":"publish","type":"post","link":"https:\/\/rokmp.de\/de\/deutsch-am-silvesterabend-und-in-der-silvesternacht-feierte-der-leiter-der-diozese-von-berlin-und-deutschland-eine-jahresabschlussandacht-und-eine-gottliche-liturgie\/","title":{"rendered":"Am Silvesterabend und in der Silvesternacht feierte der Leiter der Di\u00f6zese von Berlin und Deutschland eine Jahresabschlussandacht und eine g\u00f6ttliche Liturgie"},"content":{"rendered":"<p>Am \u00a031. Dezember 2024, dem Silvesterabend, feierte Erzbischof Tichon von Ruza, der Leiter der Di\u00f6zese von Berlin und Deutschland eine Jahresabschlussandacht in der Auferstehungskathedrale in Berlin.<\/p>\n<p>Seiner Eminenz konzelebrierten der Di\u00f6zesansekret\u00e4r und Dompropst Erzpriester Mikhail Diwakow, der Dekan des Dekanat Ost Erzpriester Georgy Antonyuk, Priesterm\u00f6nch Hilarion (Reznichenko), Priester Maxim Yudakov, Priester Oleg Beltek, Erzdiakon Witalij Sadakow, Erzdiakon Archil Chkhikvadze, Diakon Mikhail Koch und Diakon Rostislav Ustimenko.<\/p>\n<p>Vor Beginn des Gottesdienstes richtete Erzbischof Tichon ein pastorales Wort an die Teilnehmer.<\/p>\n<p>Am Ende des Gottesdienstes wurde eine \u00abAuf viele Jahren\u00bb proklamiert.<\/p>\n<p>In der Silvesternacht vom 31. Dezember auf den 1. Januar 2025 feierte Erzbischof Tichon die G\u00f6ttliche Liturgie in der Kirche des heiligen Sergij von Radone\u017e in der Bischofsresidenz in Berlin-Karlshorst.<\/p>","protected":false},"excerpt":{"rendered":"<p>Am \u00a031. Dezember 2024, dem Silvesterabend, feierte Erzbischof Tichon von Ruza, der Leiter der Di\u00f6zese von Berlin und Deutschland eine Jahresabschlussandacht in der Auferstehungskathedrale in Berlin.<\/p>\n","protected":false},"author":150,"featured_media":39171,"comment_status":"open","ping_status":"closed","sticky":false,"template":"","format":"standard","meta":{"_acf_changed":false,"_jetpack_memberships_contains_paid_content":false,"footnotes":""},"categories":[21,16],"tags":[],"class_list":["post-39370","post","type-post","status-publish","format-standard","has-post-thumbnail","hentry","category-aktuell","category-eparh_news"],"acf":[],"yoast_head":"<!-- This site is optimized with the Yoast SEO plugin v24.9 - https:\/\/yoast.com\/wordpress\/plugins\/seo\/ -->\n<title>Am Silvesterabend und in der Silvesternacht feierte der Leiter der Di\u00f6zese von Berlin und Deutschland eine Jahresabschlussandacht und eine g\u00f6ttliche Liturgie - Berliner Di\u00f6zese der Russischen Orthodoxen Kirche (Kd\u00f6R)<\/title>\n<meta name=\"robots\" content=\"index, follow, max-snippet:-1, max-image-preview:large, max-video-preview:-1\" \/>\n<link rel=\"canonical\" href=\"https:\/\/rokmp.de\/deutsch-am-silvesterabend-und-in-der-silvesternacht-feierte-der-leiter-der-diozese-von-berlin-und-deutschland-eine-jahresabschlussandacht-und-eine-gottliche-liturgie\/\" \/>\n<meta property=\"og:locale\" content=\"de_DE\" \/>\n<meta property=\"og:type\" content=\"article\" \/>\n<meta property=\"og:title\" content=\"Am Silvesterabend und in der Silvesternacht feierte der Leiter der Di\u00f6zese von Berlin und Deutschland eine Jahresabschlussandacht und eine g\u00f6ttliche Liturgie - Berliner Di\u00f6zese der Russischen Orthodoxen Kirche (Kd\u00f6R)\" \/>\n<meta property=\"og:description\" content=\"[:de]Am \u00a031. Dezember 2024, dem Silvesterabend, feierte Erzbischof Tichon von Ruza, der Leiter der Di\u00f6zese von Berlin und Deutschland eine Jahresabschlussandacht in der Auferstehungskathedrale in Berlin.[:]\" \/>\n<meta property=\"og:url\" content=\"https:\/\/rokmp.de\/deutsch-am-silvesterabend-und-in-der-silvesternacht-feierte-der-leiter-der-diozese-von-berlin-und-deutschland-eine-jahresabschlussandacht-und-eine-gottliche-liturgie\/\" \/>\n<meta property=\"og:site_name\" content=\"Berliner Di\u00f6zese der Russischen Orthodoxen Kirche (Kd\u00f6R)\" \/>\n<meta property=\"article:published_time\" content=\"2025-01-01T05:36:51+00:00\" \/>\n<meta property=\"article:modified_time\" content=\"2025-01-15T20:39:28+00:00\" \/>\n<meta property=\"og:image\" content=\"https:\/\/rokmp.de\/wp-content\/uploads\/2025\/01\/WhatsApp-Image-2025-01-01-at-14.53.02.jpeg\" \/>\n\t<meta property=\"og:image:width\" content=\"1600\" \/>\n\t<meta property=\"og:image:height\" content=\"1200\" \/>\n\t<meta property=\"og:image:type\" content=\"image\/jpeg\" \/>\n<meta name=\"author\" content=\"priester Eugeny Murzin\" \/>\n<meta name=\"twitter:card\" content=\"summary_large_image\" \/>\n<meta name=\"twitter:label1\" content=\"Verfasst von\" \/>\n\t<meta name=\"twitter:data1\" content=\"priester Eugeny Murzin\" \/>\n\t<meta name=\"twitter:label2\" content=\"Gesch\u00e4tzte Lesezeit\" \/>\n\t<meta name=\"twitter:data2\" content=\"1\u00a0Minute\" \/>\n<script type=\"application\/ld+json\" class=\"yoast-schema-graph\">{\"@context\":\"https:\/\/schema.org\",\"@graph\":[{\"@type\":\"WebPage\",\"@id\":\"https:\/\/rokmp.de\/deutsch-am-silvesterabend-und-in-der-silvesternacht-feierte-der-leiter-der-diozese-von-berlin-und-deutschland-eine-jahresabschlussandacht-und-eine-gottliche-liturgie\/\",\"url\":\"https:\/\/rokmp.de\/deutsch-am-silvesterabend-und-in-der-silvesternacht-feierte-der-leiter-der-diozese-von-berlin-und-deutschland-eine-jahresabschlussandacht-und-eine-gottliche-liturgie\/\",\"name\":\"Am Silvesterabend und in der Silvesternacht feierte der Leiter der Di\u00f6zese von Berlin und Deutschland eine Jahresabschlussandacht und eine g\u00f6ttliche Liturgie - Berliner Di\u00f6zese der Russischen Orthodoxen Kirche (Kd\u00f6R)\",\"isPartOf\":{\"@id\":\"https:\/\/rokmp.de\/#website\"},\"primaryImageOfPage\":{\"@id\":\"https:\/\/rokmp.de\/deutsch-am-silvesterabend-und-in-der-silvesternacht-feierte-der-leiter-der-diozese-von-berlin-und-deutschland-eine-jahresabschlussandacht-und-eine-gottliche-liturgie\/#primaryimage\"},\"image\":{\"@id\":\"https:\/\/rokmp.de\/deutsch-am-silvesterabend-und-in-der-silvesternacht-feierte-der-leiter-der-diozese-von-berlin-und-deutschland-eine-jahresabschlussandacht-und-eine-gottliche-liturgie\/#primaryimage\"},\"thumbnailUrl\":\"https:\/\/rokmp.de\/wp-content\/uploads\/2025\/01\/WhatsApp-Image-2025-01-01-at-14.53.02.jpeg\",\"datePublished\":\"2025-01-01T05:36:51+00:00\",\"dateModified\":\"2025-01-15T20:39:28+00:00\",\"author\":{\"@id\":\"https:\/\/rokmp.de\/#\/schema\/person\/1e05c7851b376b862ca66f74ee16b275\"},\"breadcrumb\":{\"@id\":\"https:\/\/rokmp.de\/deutsch-am-silvesterabend-und-in-der-silvesternacht-feierte-der-leiter-der-diozese-von-berlin-und-deutschland-eine-jahresabschlussandacht-und-eine-gottliche-liturgie\/#breadcrumb\"},\"inLanguage\":\"de\",\"potentialAction\":[{\"@type\":\"ReadAction\",\"target\":[\"https:\/\/rokmp.de\/deutsch-am-silvesterabend-und-in-der-silvesternacht-feierte-der-leiter-der-diozese-von-berlin-und-deutschland-eine-jahresabschlussandacht-und-eine-gottliche-liturgie\/\"]}]},{\"@type\":\"ImageObject\",\"inLanguage\":\"de\",\"@id\":\"https:\/\/rokmp.de\/deutsch-am-silvesterabend-und-in-der-silvesternacht-feierte-der-leiter-der-diozese-von-berlin-und-deutschland-eine-jahresabschlussandacht-und-eine-gottliche-liturgie\/#primaryimage\",\"url\":\"https:\/\/rokmp.de\/wp-content\/uploads\/2025\/01\/WhatsApp-Image-2025-01-01-at-14.53.02.jpeg\",\"contentUrl\":\"https:\/\/rokmp.de\/wp-content\/uploads\/2025\/01\/WhatsApp-Image-2025-01-01-at-14.53.02.jpeg\",\"width\":1600,\"height\":1200},{\"@type\":\"BreadcrumbList\",\"@id\":\"https:\/\/rokmp.de\/deutsch-am-silvesterabend-und-in-der-silvesternacht-feierte-der-leiter-der-diozese-von-berlin-und-deutschland-eine-jahresabschlussandacht-und-eine-gottliche-liturgie\/#breadcrumb\",\"itemListElement\":[{\"@type\":\"ListItem\",\"position\":1,\"name\":\"\u0413\u043b\u0430\u0432\u043d\u0430\u044f \u0441\u0442\u0440\u0430\u043d\u0438\u0446\u0430\",\"item\":\"https:\/\/rokmp.de\/\"},{\"@type\":\"ListItem\",\"position\":2,\"name\":\"(Deutsch) Am Silvesterabend und in der Silvesternacht feierte der Leiter der Di\u00f6zese von Berlin und Deutschland eine Jahresabschlussandacht und eine g\u00f6ttliche Liturgie\"}]},{\"@type\":\"WebSite\",\"@id\":\"https:\/\/rokmp.de\/#website\",\"url\":\"https:\/\/rokmp.de\/\",\"name\":\"Berliner Di\u00f6zese der Russischen Orthodoxen Kirche (Kd\u00f6R)\",\"description\":\"(\u0420\u0443\u0441\u0441\u043a\u0438\u0439) \u041e\u0444\u0438\u0446\u0438\u0430\u043b\u044c\u043d\u044b\u0439 \u0441\u0430\u0439\u0442 \u0420\u0443\u0441\u0441\u043a\u043e\u0439 \u041f\u0440\u0430\u0432\u043e\u0441\u043b\u0430\u0432\u043d\u043e\u0439 \u0426\u0435\u0440\u043a\u0432\u0438. \u0411\u0435\u0440\u043b\u0438\u043d\u0441\u043a\u043e-\u0413\u0435\u0440\u043c\u0430\u043d\u0441\u043a\u0430\u044f \u0435\u043f\u0430\u0440\u0445\u0438\u044f.\",\"potentialAction\":[{\"@type\":\"SearchAction\",\"target\":{\"@type\":\"EntryPoint\",\"urlTemplate\":\"https:\/\/rokmp.de\/?s={search_term_string}\"},\"query-input\":{\"@type\":\"PropertyValueSpecification\",\"valueRequired\":true,\"valueName\":\"search_term_string\"}}],\"inLanguage\":\"de\"},{\"@type\":\"Person\",\"@id\":\"https:\/\/rokmp.de\/#\/schema\/person\/1e05c7851b376b862ca66f74ee16b275\",\"name\":\"priester Eugeny Murzin\",\"image\":{\"@type\":\"ImageObject\",\"inLanguage\":\"de\",\"@id\":\"https:\/\/rokmp.de\/#\/schema\/person\/image\/\",\"url\":\"https:\/\/secure.gravatar.com\/avatar\/ab0791f77afedc1959682d928966c405d68e155dc34177d2d0970bb7906ee2ad?s=96&d=mm&r=g\",\"contentUrl\":\"https:\/\/secure.gravatar.com\/avatar\/ab0791f77afedc1959682d928966c405d68e155dc34177d2d0970bb7906ee2ad?s=96&d=mm&r=g\",\"caption\":\"priester Eugeny Murzin\"},\"sameAs\":[\"https:\/\/rokmp.de\"]}]}<\/script>\n<!-- \/ Yoast SEO plugin. -->","yoast_head_json":{"title":"Am Silvesterabend und in der Silvesternacht feierte der Leiter der Di\u00f6zese von Berlin und Deutschland eine Jahresabschlussandacht und eine g\u00f6ttliche Liturgie - Berliner Di\u00f6zese der Russischen Orthodoxen Kirche (Kd\u00f6R)","robots":{"index":"index","follow":"follow","max-snippet":"max-snippet:-1","max-image-preview":"max-image-preview:large","max-video-preview":"max-video-preview:-1"},"canonical":"https:\/\/rokmp.de\/deutsch-am-silvesterabend-und-in-der-silvesternacht-feierte-der-leiter-der-diozese-von-berlin-und-deutschland-eine-jahresabschlussandacht-und-eine-gottliche-liturgie\/","og_locale":"de_DE","og_type":"article","og_title":"Am Silvesterabend und in der Silvesternacht feierte der Leiter der Di\u00f6zese von Berlin und Deutschland eine Jahresabschlussandacht und eine g\u00f6ttliche Liturgie - Berliner Di\u00f6zese der Russischen Orthodoxen Kirche (Kd\u00f6R)","og_description":"[:de]Am \u00a031. Dezember 2024, dem Silvesterabend, feierte Erzbischof Tichon von Ruza, der Leiter der Di\u00f6zese von Berlin und Deutschland eine Jahresabschlussandacht in der Auferstehungskathedrale in Berlin.[:]","og_url":"https:\/\/rokmp.de\/deutsch-am-silvesterabend-und-in-der-silvesternacht-feierte-der-leiter-der-diozese-von-berlin-und-deutschland-eine-jahresabschlussandacht-und-eine-gottliche-liturgie\/","og_site_name":"Berliner Di\u00f6zese der Russischen Orthodoxen Kirche (Kd\u00f6R)","article_published_time":"2025-01-01T05:36:51+00:00","article_modified_time":"2025-01-15T20:39:28+00:00","og_image":[{"width":1600,"height":1200,"url":"https:\/\/rokmp.de\/wp-content\/uploads\/2025\/01\/WhatsApp-Image-2025-01-01-at-14.53.02.jpeg","type":"image\/jpeg"}],"author":"priester Eugeny Murzin","twitter_card":"summary_large_image","twitter_misc":{"Verfasst von":"priester Eugeny Murzin","Gesch\u00e4tzte Lesezeit":"1\u00a0Minute"},"schema":{"@context":"https:\/\/schema.org","@graph":[{"@type":"WebPage","@id":"https:\/\/rokmp.de\/deutsch-am-silvesterabend-und-in-der-silvesternacht-feierte-der-leiter-der-diozese-von-berlin-und-deutschland-eine-jahresabschlussandacht-und-eine-gottliche-liturgie\/","url":"https:\/\/rokmp.de\/deutsch-am-silvesterabend-und-in-der-silvesternacht-feierte-der-leiter-der-diozese-von-berlin-und-deutschland-eine-jahresabschlussandacht-und-eine-gottliche-liturgie\/","name":"Am Silvesterabend und in der Silvesternacht feierte der Leiter der Di\u00f6zese von Berlin und Deutschland eine Jahresabschlussandacht und eine g\u00f6ttliche Liturgie - Berliner Di\u00f6zese der Russischen Orthodoxen Kirche (Kd\u00f6R)","isPartOf":{"@id":"https:\/\/rokmp.de\/#website"},"primaryImageOfPage":{"@id":"https:\/\/rokmp.de\/deutsch-am-silvesterabend-und-in-der-silvesternacht-feierte-der-leiter-der-diozese-von-berlin-und-deutschland-eine-jahresabschlussandacht-und-eine-gottliche-liturgie\/#primaryimage"},"image":{"@id":"https:\/\/rokmp.de\/deutsch-am-silvesterabend-und-in-der-silvesternacht-feierte-der-leiter-der-diozese-von-berlin-und-deutschland-eine-jahresabschlussandacht-und-eine-gottliche-liturgie\/#primaryimage"},"thumbnailUrl":"https:\/\/rokmp.de\/wp-content\/uploads\/2025\/01\/WhatsApp-Image-2025-01-01-at-14.53.02.jpeg","datePublished":"2025-01-01T05:36:51+00:00","dateModified":"2025-01-15T20:39:28+00:00","author":{"@id":"https:\/\/rokmp.de\/#\/schema\/person\/1e05c7851b376b862ca66f74ee16b275"},"breadcrumb":{"@id":"https:\/\/rokmp.de\/deutsch-am-silvesterabend-und-in-der-silvesternacht-feierte-der-leiter-der-diozese-von-berlin-und-deutschland-eine-jahresabschlussandacht-und-eine-gottliche-liturgie\/#breadcrumb"},"inLanguage":"de","potentialAction":[{"@type":"ReadAction","target":["https:\/\/rokmp.de\/deutsch-am-silvesterabend-und-in-der-silvesternacht-feierte-der-leiter-der-diozese-von-berlin-und-deutschland-eine-jahresabschlussandacht-und-eine-gottliche-liturgie\/"]}]},{"@type":"ImageObject","inLanguage":"de","@id":"https:\/\/rokmp.de\/deutsch-am-silvesterabend-und-in-der-silvesternacht-feierte-der-leiter-der-diozese-von-berlin-und-deutschland-eine-jahresabschlussandacht-und-eine-gottliche-liturgie\/#primaryimage","url":"https:\/\/rokmp.de\/wp-content\/uploads\/2025\/01\/WhatsApp-Image-2025-01-01-at-14.53.02.jpeg","contentUrl":"https:\/\/rokmp.de\/wp-content\/uploads\/2025\/01\/WhatsApp-Image-2025-01-01-at-14.53.02.jpeg","width":1600,"height":1200},{"@type":"BreadcrumbList","@id":"https:\/\/rokmp.de\/deutsch-am-silvesterabend-und-in-der-silvesternacht-feierte-der-leiter-der-diozese-von-berlin-und-deutschland-eine-jahresabschlussandacht-und-eine-gottliche-liturgie\/#breadcrumb","itemListElement":[{"@type":"ListItem","position":1,"name":"\u0413\u043b\u0430\u0432\u043d\u0430\u044f \u0441\u0442\u0440\u0430\u043d\u0438\u0446\u0430","item":"https:\/\/rokmp.de\/"},{"@type":"ListItem","position":2,"name":"(Deutsch) Am Silvesterabend und in der Silvesternacht feierte der Leiter der Di\u00f6zese von Berlin und Deutschland eine Jahresabschlussandacht und eine g\u00f6ttliche Liturgie"}]},{"@type":"WebSite","@id":"https:\/\/rokmp.de\/#website","url":"https:\/\/rokmp.de\/","name":"Berliner Di\u00f6zese der Russischen Orthodoxen Kirche (Kd\u00f6R)","description":"(\u0420\u0443\u0441\u0441\u043a\u0438\u0439) \u041e\u0444\u0438\u0446\u0438\u0430\u043b\u044c\u043d\u044b\u0439 \u0441\u0430\u0439\u0442 \u0420\u0443\u0441\u0441\u043a\u043e\u0439 \u041f\u0440\u0430\u0432\u043e\u0441\u043b\u0430\u0432\u043d\u043e\u0439 \u0426\u0435\u0440\u043a\u0432\u0438. \u0411\u0435\u0440\u043b\u0438\u043d\u0441\u043a\u043e-\u0413\u0435\u0440\u043c\u0430\u043d\u0441\u043a\u0430\u044f \u0435\u043f\u0430\u0440\u0445\u0438\u044f.","potentialAction":[{"@type":"SearchAction","target":{"@type":"EntryPoint","urlTemplate":"https:\/\/rokmp.de\/?s={search_term_string}"},"query-input":{"@type":"PropertyValueSpecification","valueRequired":true,"valueName":"search_term_string"}}],"inLanguage":"de"},{"@type":"Person","@id":"https:\/\/rokmp.de\/#\/schema\/person\/1e05c7851b376b862ca66f74ee16b275","name":"priester Eugeny Murzin","image":{"@type":"ImageObject","inLanguage":"de","@id":"https:\/\/rokmp.de\/#\/schema\/person\/image\/","url":"https:\/\/secure.gravatar.com\/avatar\/ab0791f77afedc1959682d928966c405d68e155dc34177d2d0970bb7906ee2ad?s=96&d=mm&r=g","contentUrl":"https:\/\/secure.gravatar.com\/avatar\/ab0791f77afedc1959682d928966c405d68e155dc34177d2d0970bb7906ee2ad?s=96&d=mm&r=g","caption":"priester Eugeny Murzin"},"sameAs":["https:\/\/rokmp.de"]}]}},"jetpack_featured_media_url":"https:\/\/rokmp.de\/wp-content\/uploads\/2025\/01\/WhatsApp-Image-2025-01-01-at-14.53.02.jpeg","jetpack_sharing_enabled":true,"_links":{"self":[{"href":"https:\/\/rokmp.de\/de\/wp-json\/wp\/v2\/posts\/39370","targetHints":{"allow":["GET"]}}],"collection":[{"href":"https:\/\/rokmp.de\/de\/wp-json\/wp\/v2\/posts"}],"about":[{"href":"https:\/\/rokmp.de\/de\/wp-json\/wp\/v2\/types\/post"}],"author":[{"embeddable":true,"href":"https:\/\/rokmp.de\/de\/wp-json\/wp\/v2\/users\/150"}],"replies":[{"embeddable":true,"href":"https:\/\/rokmp.de\/de\/wp-json\/wp\/v2\/comments?post=39370"}],"version-history":[{"count":1,"href":"https:\/\/rokmp.de\/de\/wp-json\/wp\/v2\/posts\/39370\/revisions"}],"predecessor-version":[{"id":39371,"href":"https:\/\/rokmp.de\/de\/wp-json\/wp\/v2\/posts\/39370\/revisions\/39371"}],"wp:featuredmedia":[{"embeddable":true,"href":"https:\/\/rokmp.de\/de\/wp-json\/wp\/v2\/media\/39171"}],"wp:attachment":[{"href":"https:\/\/rokmp.de\/de\/wp-json\/wp\/v2\/media?parent=39370"}],"wp:term":[{"taxonomy":"category","embeddable":true,"href":"https:\/\/rokmp.de\/de\/wp-json\/wp\/v2\/categories?post=39370"},{"taxonomy":"post_tag","embeddable":true,"href":"https:\/\/rokmp.de\/de\/wp-json\/wp\/v2\/tags?post=39370"}],"curies":[{"name":"wp","href":"https:\/\/api.w.org\/{rel}","templated":true}]}}