{"id":39682,"date":"2025-02-12T14:00:23","date_gmt":"2025-02-12T11:00:23","guid":{"rendered":"https:\/\/rokmp.de\/?p=39682"},"modified":"2025-02-26T14:01:14","modified_gmt":"2025-02-26T11:01:14","slug":"deutsch-am-festtag-der-heiligen-basilius-der-grose-gregor-der-theologe-und-johannes-chrysostomus-feierte-erzbischof-tichon-von-ruza-die-gottliche-liturgie-in-der-kirche-zu-ehren-des-heiligen-sergius-v","status":"publish","type":"post","link":"https:\/\/rokmp.de\/de\/deutsch-am-festtag-der-heiligen-basilius-der-grose-gregor-der-theologe-und-johannes-chrysostomus-feierte-erzbischof-tichon-von-ruza-die-gottliche-liturgie-in-der-kirche-zu-ehren-des-heiligen-sergius-v\/","title":{"rendered":"Am Festtag der Heiligen Basilius der Gro\u00dfe, Gregor der Theologe und Johannes Chrysostomus feierte Erzbischof Tichon von Ruza die g\u00f6ttliche Liturgie in der Kirche zu Ehren des Heiligen Sergius von Radonesch in Berlin-Karlshorst"},"content":{"rendered":"<p><span lang=\"de-DE\">Am 12. Februar 2025, dem Festtag der Heiligen Basilius der Gro\u00dfe, Gregor der Theologe und Johannes Chrysostomus, feierte Erzbischof Tichon von Ruza, der Leiter der Di\u00f6zese Berlin und Deutschland, die g\u00f6ttliche Liturgie in der Residenzkirche zu Ehren des Heiligen Sergius von Radonesch in Berlin-Karlshorst.<\/span><\/p>\n<p><span lang=\"de-DE\">Der Dekan des Dekanats Ost Erzpriester Georgy Antonyuk, Erzpriester Ion Doros\u0326 und Diakon Rostislav Ustimenko feierten gemeinsam mit Seiner Eminenz.<\/span><\/p>\n<p><span lang=\"de-DE\">Nach der inst\u00e4ndigen Litanei wurde ein Gebet f\u00fcr den Frieden gesprochen.<\/span><\/p>\n<p><span lang=\"de-DE\">Zum Abschluss der Liturgie vollzog der Di\u00f6zesanleiter die Doxologie vor der Ikone des Festes und sprach ein Gebet an die Heiligen, woraufhin er sich mit einer pastoralen Ansprache an die Gl\u00e4ubigen wandte.<\/span><\/p>","protected":false},"excerpt":{"rendered":"<p>Am 12. Februar 2025, dem Festtag der Heiligen Basilius der Gro\u00dfe, Gregor der Theologe und Johannes Chrysostomus, feierte Erzbischof Tichon von Ruza, der Leiter der Di\u00f6zese Berlin und Deutschland, die g\u00f6ttliche Liturgie in der Residenzkirche zu Ehren des Heiligen Sergius von Radonesch in Berlin-Karlshorst.<\/p>\n","protected":false},"author":150,"featured_media":39581,"comment_status":"open","ping_status":"closed","sticky":false,"template":"","format":"standard","meta":{"_acf_changed":false,"_jetpack_memberships_contains_paid_content":false,"footnotes":""},"categories":[21,16],"tags":[],"class_list":["post-39682","post","type-post","status-publish","format-standard","has-post-thumbnail","hentry","category-aktuell","category-eparh_news"],"acf":[],"yoast_head":"<!-- This site is optimized with the Yoast SEO plugin v24.9 - https:\/\/yoast.com\/wordpress\/plugins\/seo\/ -->\n<title>Am Festtag der Heiligen Basilius der Gro\u00dfe, Gregor der Theologe und Johannes Chrysostomus feierte Erzbischof Tichon von Ruza die g\u00f6ttliche Liturgie in der Kirche zu Ehren des Heiligen Sergius von Radonesch in Berlin-Karlshorst - Berliner Di\u00f6zese der Russischen Orthodoxen Kirche (Kd\u00f6R)<\/title>\n<meta name=\"robots\" content=\"index, follow, max-snippet:-1, max-image-preview:large, max-video-preview:-1\" \/>\n<link rel=\"canonical\" href=\"https:\/\/rokmp.de\/deutsch-am-festtag-der-heiligen-basilius-der-grose-gregor-der-theologe-und-johannes-chrysostomus-feierte-erzbischof-tichon-von-ruza-die-gottliche-liturgie-in-der-kirche-zu-ehren-des-heiligen-sergius-v\/\" \/>\n<meta property=\"og:locale\" content=\"de_DE\" \/>\n<meta property=\"og:type\" content=\"article\" \/>\n<meta property=\"og:title\" content=\"Am Festtag der Heiligen Basilius der Gro\u00dfe, Gregor der Theologe und Johannes Chrysostomus feierte Erzbischof Tichon von Ruza die g\u00f6ttliche Liturgie in der Kirche zu Ehren des Heiligen Sergius von Radonesch in Berlin-Karlshorst - Berliner Di\u00f6zese der Russischen Orthodoxen Kirche (Kd\u00f6R)\" \/>\n<meta property=\"og:description\" content=\"[:de]Am 12. Februar 2025, dem Festtag der Heiligen Basilius der Gro\u00dfe, Gregor der Theologe und Johannes Chrysostomus, feierte Erzbischof Tichon von Ruza, der Leiter der Di\u00f6zese Berlin und Deutschland, die g\u00f6ttliche Liturgie in der Residenzkirche zu Ehren des Heiligen Sergius von Radonesch in Berlin-Karlshorst.[:]\" \/>\n<meta property=\"og:url\" content=\"https:\/\/rokmp.de\/deutsch-am-festtag-der-heiligen-basilius-der-grose-gregor-der-theologe-und-johannes-chrysostomus-feierte-erzbischof-tichon-von-ruza-die-gottliche-liturgie-in-der-kirche-zu-ehren-des-heiligen-sergius-v\/\" \/>\n<meta property=\"og:site_name\" content=\"Berliner Di\u00f6zese der Russischen Orthodoxen Kirche (Kd\u00f6R)\" \/>\n<meta property=\"article:published_time\" content=\"2025-02-12T11:00:23+00:00\" \/>\n<meta property=\"article:modified_time\" content=\"2025-02-26T11:01:14+00:00\" \/>\n<meta property=\"og:image\" content=\"https:\/\/rokmp.de\/wp-content\/uploads\/2025\/02\/WhatsApp-Image-2025-02-12-at-21.08.31.jpeg\" \/>\n\t<meta property=\"og:image:width\" content=\"1600\" \/>\n\t<meta property=\"og:image:height\" content=\"1200\" \/>\n\t<meta property=\"og:image:type\" content=\"image\/jpeg\" \/>\n<meta name=\"author\" content=\"priester Eugeny Murzin\" \/>\n<meta name=\"twitter:card\" content=\"summary_large_image\" \/>\n<meta name=\"twitter:label1\" content=\"Verfasst von\" \/>\n\t<meta name=\"twitter:data1\" content=\"priester Eugeny Murzin\" \/>\n\t<meta name=\"twitter:label2\" content=\"Gesch\u00e4tzte Lesezeit\" \/>\n\t<meta name=\"twitter:data2\" content=\"1\u00a0Minute\" \/>\n<script type=\"application\/ld+json\" class=\"yoast-schema-graph\">{\"@context\":\"https:\/\/schema.org\",\"@graph\":[{\"@type\":\"WebPage\",\"@id\":\"https:\/\/rokmp.de\/deutsch-am-festtag-der-heiligen-basilius-der-grose-gregor-der-theologe-und-johannes-chrysostomus-feierte-erzbischof-tichon-von-ruza-die-gottliche-liturgie-in-der-kirche-zu-ehren-des-heiligen-sergius-v\/\",\"url\":\"https:\/\/rokmp.de\/deutsch-am-festtag-der-heiligen-basilius-der-grose-gregor-der-theologe-und-johannes-chrysostomus-feierte-erzbischof-tichon-von-ruza-die-gottliche-liturgie-in-der-kirche-zu-ehren-des-heiligen-sergius-v\/\",\"name\":\"Am Festtag der Heiligen Basilius der Gro\u00dfe, Gregor der Theologe und Johannes Chrysostomus feierte Erzbischof Tichon von Ruza die g\u00f6ttliche Liturgie in der Kirche zu Ehren des Heiligen Sergius von Radonesch in Berlin-Karlshorst - Berliner Di\u00f6zese der Russischen Orthodoxen Kirche (Kd\u00f6R)\",\"isPartOf\":{\"@id\":\"https:\/\/rokmp.de\/#website\"},\"primaryImageOfPage\":{\"@id\":\"https:\/\/rokmp.de\/deutsch-am-festtag-der-heiligen-basilius-der-grose-gregor-der-theologe-und-johannes-chrysostomus-feierte-erzbischof-tichon-von-ruza-die-gottliche-liturgie-in-der-kirche-zu-ehren-des-heiligen-sergius-v\/#primaryimage\"},\"image\":{\"@id\":\"https:\/\/rokmp.de\/deutsch-am-festtag-der-heiligen-basilius-der-grose-gregor-der-theologe-und-johannes-chrysostomus-feierte-erzbischof-tichon-von-ruza-die-gottliche-liturgie-in-der-kirche-zu-ehren-des-heiligen-sergius-v\/#primaryimage\"},\"thumbnailUrl\":\"https:\/\/rokmp.de\/wp-content\/uploads\/2025\/02\/WhatsApp-Image-2025-02-12-at-21.08.31.jpeg\",\"datePublished\":\"2025-02-12T11:00:23+00:00\",\"dateModified\":\"2025-02-26T11:01:14+00:00\",\"author\":{\"@id\":\"https:\/\/rokmp.de\/#\/schema\/person\/1e05c7851b376b862ca66f74ee16b275\"},\"breadcrumb\":{\"@id\":\"https:\/\/rokmp.de\/deutsch-am-festtag-der-heiligen-basilius-der-grose-gregor-der-theologe-und-johannes-chrysostomus-feierte-erzbischof-tichon-von-ruza-die-gottliche-liturgie-in-der-kirche-zu-ehren-des-heiligen-sergius-v\/#breadcrumb\"},\"inLanguage\":\"de\",\"potentialAction\":[{\"@type\":\"ReadAction\",\"target\":[\"https:\/\/rokmp.de\/deutsch-am-festtag-der-heiligen-basilius-der-grose-gregor-der-theologe-und-johannes-chrysostomus-feierte-erzbischof-tichon-von-ruza-die-gottliche-liturgie-in-der-kirche-zu-ehren-des-heiligen-sergius-v\/\"]}]},{\"@type\":\"ImageObject\",\"inLanguage\":\"de\",\"@id\":\"https:\/\/rokmp.de\/deutsch-am-festtag-der-heiligen-basilius-der-grose-gregor-der-theologe-und-johannes-chrysostomus-feierte-erzbischof-tichon-von-ruza-die-gottliche-liturgie-in-der-kirche-zu-ehren-des-heiligen-sergius-v\/#primaryimage\",\"url\":\"https:\/\/rokmp.de\/wp-content\/uploads\/2025\/02\/WhatsApp-Image-2025-02-12-at-21.08.31.jpeg\",\"contentUrl\":\"https:\/\/rokmp.de\/wp-content\/uploads\/2025\/02\/WhatsApp-Image-2025-02-12-at-21.08.31.jpeg\",\"width\":1600,\"height\":1200},{\"@type\":\"BreadcrumbList\",\"@id\":\"https:\/\/rokmp.de\/deutsch-am-festtag-der-heiligen-basilius-der-grose-gregor-der-theologe-und-johannes-chrysostomus-feierte-erzbischof-tichon-von-ruza-die-gottliche-liturgie-in-der-kirche-zu-ehren-des-heiligen-sergius-v\/#breadcrumb\",\"itemListElement\":[{\"@type\":\"ListItem\",\"position\":1,\"name\":\"\u0413\u043b\u0430\u0432\u043d\u0430\u044f \u0441\u0442\u0440\u0430\u043d\u0438\u0446\u0430\",\"item\":\"https:\/\/rokmp.de\/\"},{\"@type\":\"ListItem\",\"position\":2,\"name\":\"(Deutsch) Am Festtag der Heiligen Basilius der Gro\u00dfe, Gregor der Theologe und Johannes Chrysostomus feierte Erzbischof Tichon von Ruza die g\u00f6ttliche Liturgie in der Kirche zu Ehren des Heiligen Sergius von Radonesch in Berlin-Karlshorst\"}]},{\"@type\":\"WebSite\",\"@id\":\"https:\/\/rokmp.de\/#website\",\"url\":\"https:\/\/rokmp.de\/\",\"name\":\"Berliner Di\u00f6zese der Russischen Orthodoxen Kirche (Kd\u00f6R)\",\"description\":\"(\u0420\u0443\u0441\u0441\u043a\u0438\u0439) \u041e\u0444\u0438\u0446\u0438\u0430\u043b\u044c\u043d\u044b\u0439 \u0441\u0430\u0439\u0442 \u0420\u0443\u0441\u0441\u043a\u043e\u0439 \u041f\u0440\u0430\u0432\u043e\u0441\u043b\u0430\u0432\u043d\u043e\u0439 \u0426\u0435\u0440\u043a\u0432\u0438. \u0411\u0435\u0440\u043b\u0438\u043d\u0441\u043a\u043e-\u0413\u0435\u0440\u043c\u0430\u043d\u0441\u043a\u0430\u044f \u0435\u043f\u0430\u0440\u0445\u0438\u044f.\",\"potentialAction\":[{\"@type\":\"SearchAction\",\"target\":{\"@type\":\"EntryPoint\",\"urlTemplate\":\"https:\/\/rokmp.de\/?s={search_term_string}\"},\"query-input\":{\"@type\":\"PropertyValueSpecification\",\"valueRequired\":true,\"valueName\":\"search_term_string\"}}],\"inLanguage\":\"de\"},{\"@type\":\"Person\",\"@id\":\"https:\/\/rokmp.de\/#\/schema\/person\/1e05c7851b376b862ca66f74ee16b275\",\"name\":\"priester Eugeny Murzin\",\"image\":{\"@type\":\"ImageObject\",\"inLanguage\":\"de\",\"@id\":\"https:\/\/rokmp.de\/#\/schema\/person\/image\/\",\"url\":\"https:\/\/secure.gravatar.com\/avatar\/ab0791f77afedc1959682d928966c405d68e155dc34177d2d0970bb7906ee2ad?s=96&d=mm&r=g\",\"contentUrl\":\"https:\/\/secure.gravatar.com\/avatar\/ab0791f77afedc1959682d928966c405d68e155dc34177d2d0970bb7906ee2ad?s=96&d=mm&r=g\",\"caption\":\"priester Eugeny Murzin\"},\"sameAs\":[\"https:\/\/rokmp.de\"]}]}<\/script>\n<!-- \/ Yoast SEO plugin. -->","yoast_head_json":{"title":"Am Festtag der Heiligen Basilius der Gro\u00dfe, Gregor der Theologe und Johannes Chrysostomus feierte Erzbischof Tichon von Ruza die g\u00f6ttliche Liturgie in der Kirche zu Ehren des Heiligen Sergius von Radonesch in Berlin-Karlshorst - Berliner Di\u00f6zese der Russischen Orthodoxen Kirche (Kd\u00f6R)","robots":{"index":"index","follow":"follow","max-snippet":"max-snippet:-1","max-image-preview":"max-image-preview:large","max-video-preview":"max-video-preview:-1"},"canonical":"https:\/\/rokmp.de\/deutsch-am-festtag-der-heiligen-basilius-der-grose-gregor-der-theologe-und-johannes-chrysostomus-feierte-erzbischof-tichon-von-ruza-die-gottliche-liturgie-in-der-kirche-zu-ehren-des-heiligen-sergius-v\/","og_locale":"de_DE","og_type":"article","og_title":"Am Festtag der Heiligen Basilius der Gro\u00dfe, Gregor der Theologe und Johannes Chrysostomus feierte Erzbischof Tichon von Ruza die g\u00f6ttliche Liturgie in der Kirche zu Ehren des Heiligen Sergius von Radonesch in Berlin-Karlshorst - Berliner Di\u00f6zese der Russischen Orthodoxen Kirche (Kd\u00f6R)","og_description":"[:de]Am 12. Februar 2025, dem Festtag der Heiligen Basilius der Gro\u00dfe, Gregor der Theologe und Johannes Chrysostomus, feierte Erzbischof Tichon von Ruza, der Leiter der Di\u00f6zese Berlin und Deutschland, die g\u00f6ttliche Liturgie in der Residenzkirche zu Ehren des Heiligen Sergius von Radonesch in Berlin-Karlshorst.[:]","og_url":"https:\/\/rokmp.de\/deutsch-am-festtag-der-heiligen-basilius-der-grose-gregor-der-theologe-und-johannes-chrysostomus-feierte-erzbischof-tichon-von-ruza-die-gottliche-liturgie-in-der-kirche-zu-ehren-des-heiligen-sergius-v\/","og_site_name":"Berliner Di\u00f6zese der Russischen Orthodoxen Kirche (Kd\u00f6R)","article_published_time":"2025-02-12T11:00:23+00:00","article_modified_time":"2025-02-26T11:01:14+00:00","og_image":[{"width":1600,"height":1200,"url":"https:\/\/rokmp.de\/wp-content\/uploads\/2025\/02\/WhatsApp-Image-2025-02-12-at-21.08.31.jpeg","type":"image\/jpeg"}],"author":"priester Eugeny Murzin","twitter_card":"summary_large_image","twitter_misc":{"Verfasst von":"priester Eugeny Murzin","Gesch\u00e4tzte Lesezeit":"1\u00a0Minute"},"schema":{"@context":"https:\/\/schema.org","@graph":[{"@type":"WebPage","@id":"https:\/\/rokmp.de\/deutsch-am-festtag-der-heiligen-basilius-der-grose-gregor-der-theologe-und-johannes-chrysostomus-feierte-erzbischof-tichon-von-ruza-die-gottliche-liturgie-in-der-kirche-zu-ehren-des-heiligen-sergius-v\/","url":"https:\/\/rokmp.de\/deutsch-am-festtag-der-heiligen-basilius-der-grose-gregor-der-theologe-und-johannes-chrysostomus-feierte-erzbischof-tichon-von-ruza-die-gottliche-liturgie-in-der-kirche-zu-ehren-des-heiligen-sergius-v\/","name":"Am Festtag der Heiligen Basilius der Gro\u00dfe, Gregor der Theologe und Johannes Chrysostomus feierte Erzbischof Tichon von Ruza die g\u00f6ttliche Liturgie in der Kirche zu Ehren des Heiligen Sergius von Radonesch in Berlin-Karlshorst - Berliner Di\u00f6zese der Russischen Orthodoxen Kirche (Kd\u00f6R)","isPartOf":{"@id":"https:\/\/rokmp.de\/#website"},"primaryImageOfPage":{"@id":"https:\/\/rokmp.de\/deutsch-am-festtag-der-heiligen-basilius-der-grose-gregor-der-theologe-und-johannes-chrysostomus-feierte-erzbischof-tichon-von-ruza-die-gottliche-liturgie-in-der-kirche-zu-ehren-des-heiligen-sergius-v\/#primaryimage"},"image":{"@id":"https:\/\/rokmp.de\/deutsch-am-festtag-der-heiligen-basilius-der-grose-gregor-der-theologe-und-johannes-chrysostomus-feierte-erzbischof-tichon-von-ruza-die-gottliche-liturgie-in-der-kirche-zu-ehren-des-heiligen-sergius-v\/#primaryimage"},"thumbnailUrl":"https:\/\/rokmp.de\/wp-content\/uploads\/2025\/02\/WhatsApp-Image-2025-02-12-at-21.08.31.jpeg","datePublished":"2025-02-12T11:00:23+00:00","dateModified":"2025-02-26T11:01:14+00:00","author":{"@id":"https:\/\/rokmp.de\/#\/schema\/person\/1e05c7851b376b862ca66f74ee16b275"},"breadcrumb":{"@id":"https:\/\/rokmp.de\/deutsch-am-festtag-der-heiligen-basilius-der-grose-gregor-der-theologe-und-johannes-chrysostomus-feierte-erzbischof-tichon-von-ruza-die-gottliche-liturgie-in-der-kirche-zu-ehren-des-heiligen-sergius-v\/#breadcrumb"},"inLanguage":"de","potentialAction":[{"@type":"ReadAction","target":["https:\/\/rokmp.de\/deutsch-am-festtag-der-heiligen-basilius-der-grose-gregor-der-theologe-und-johannes-chrysostomus-feierte-erzbischof-tichon-von-ruza-die-gottliche-liturgie-in-der-kirche-zu-ehren-des-heiligen-sergius-v\/"]}]},{"@type":"ImageObject","inLanguage":"de","@id":"https:\/\/rokmp.de\/deutsch-am-festtag-der-heiligen-basilius-der-grose-gregor-der-theologe-und-johannes-chrysostomus-feierte-erzbischof-tichon-von-ruza-die-gottliche-liturgie-in-der-kirche-zu-ehren-des-heiligen-sergius-v\/#primaryimage","url":"https:\/\/rokmp.de\/wp-content\/uploads\/2025\/02\/WhatsApp-Image-2025-02-12-at-21.08.31.jpeg","contentUrl":"https:\/\/rokmp.de\/wp-content\/uploads\/2025\/02\/WhatsApp-Image-2025-02-12-at-21.08.31.jpeg","width":1600,"height":1200},{"@type":"BreadcrumbList","@id":"https:\/\/rokmp.de\/deutsch-am-festtag-der-heiligen-basilius-der-grose-gregor-der-theologe-und-johannes-chrysostomus-feierte-erzbischof-tichon-von-ruza-die-gottliche-liturgie-in-der-kirche-zu-ehren-des-heiligen-sergius-v\/#breadcrumb","itemListElement":[{"@type":"ListItem","position":1,"name":"\u0413\u043b\u0430\u0432\u043d\u0430\u044f \u0441\u0442\u0440\u0430\u043d\u0438\u0446\u0430","item":"https:\/\/rokmp.de\/"},{"@type":"ListItem","position":2,"name":"(Deutsch) Am Festtag der Heiligen Basilius der Gro\u00dfe, Gregor der Theologe und Johannes Chrysostomus feierte Erzbischof Tichon von Ruza die g\u00f6ttliche Liturgie in der Kirche zu Ehren des Heiligen Sergius von Radonesch in Berlin-Karlshorst"}]},{"@type":"WebSite","@id":"https:\/\/rokmp.de\/#website","url":"https:\/\/rokmp.de\/","name":"Berliner Di\u00f6zese der Russischen Orthodoxen Kirche (Kd\u00f6R)","description":"(\u0420\u0443\u0441\u0441\u043a\u0438\u0439) \u041e\u0444\u0438\u0446\u0438\u0430\u043b\u044c\u043d\u044b\u0439 \u0441\u0430\u0439\u0442 \u0420\u0443\u0441\u0441\u043a\u043e\u0439 \u041f\u0440\u0430\u0432\u043e\u0441\u043b\u0430\u0432\u043d\u043e\u0439 \u0426\u0435\u0440\u043a\u0432\u0438. \u0411\u0435\u0440\u043b\u0438\u043d\u0441\u043a\u043e-\u0413\u0435\u0440\u043c\u0430\u043d\u0441\u043a\u0430\u044f \u0435\u043f\u0430\u0440\u0445\u0438\u044f.","potentialAction":[{"@type":"SearchAction","target":{"@type":"EntryPoint","urlTemplate":"https:\/\/rokmp.de\/?s={search_term_string}"},"query-input":{"@type":"PropertyValueSpecification","valueRequired":true,"valueName":"search_term_string"}}],"inLanguage":"de"},{"@type":"Person","@id":"https:\/\/rokmp.de\/#\/schema\/person\/1e05c7851b376b862ca66f74ee16b275","name":"priester Eugeny Murzin","image":{"@type":"ImageObject","inLanguage":"de","@id":"https:\/\/rokmp.de\/#\/schema\/person\/image\/","url":"https:\/\/secure.gravatar.com\/avatar\/ab0791f77afedc1959682d928966c405d68e155dc34177d2d0970bb7906ee2ad?s=96&d=mm&r=g","contentUrl":"https:\/\/secure.gravatar.com\/avatar\/ab0791f77afedc1959682d928966c405d68e155dc34177d2d0970bb7906ee2ad?s=96&d=mm&r=g","caption":"priester Eugeny Murzin"},"sameAs":["https:\/\/rokmp.de"]}]}},"jetpack_featured_media_url":"https:\/\/rokmp.de\/wp-content\/uploads\/2025\/02\/WhatsApp-Image-2025-02-12-at-21.08.31.jpeg","jetpack_sharing_enabled":true,"_links":{"self":[{"href":"https:\/\/rokmp.de\/de\/wp-json\/wp\/v2\/posts\/39682","targetHints":{"allow":["GET"]}}],"collection":[{"href":"https:\/\/rokmp.de\/de\/wp-json\/wp\/v2\/posts"}],"about":[{"href":"https:\/\/rokmp.de\/de\/wp-json\/wp\/v2\/types\/post"}],"author":[{"embeddable":true,"href":"https:\/\/rokmp.de\/de\/wp-json\/wp\/v2\/users\/150"}],"replies":[{"embeddable":true,"href":"https:\/\/rokmp.de\/de\/wp-json\/wp\/v2\/comments?post=39682"}],"version-history":[{"count":1,"href":"https:\/\/rokmp.de\/de\/wp-json\/wp\/v2\/posts\/39682\/revisions"}],"predecessor-version":[{"id":39683,"href":"https:\/\/rokmp.de\/de\/wp-json\/wp\/v2\/posts\/39682\/revisions\/39683"}],"wp:featuredmedia":[{"embeddable":true,"href":"https:\/\/rokmp.de\/de\/wp-json\/wp\/v2\/media\/39581"}],"wp:attachment":[{"href":"https:\/\/rokmp.de\/de\/wp-json\/wp\/v2\/media?parent=39682"}],"wp:term":[{"taxonomy":"category","embeddable":true,"href":"https:\/\/rokmp.de\/de\/wp-json\/wp\/v2\/categories?post=39682"},{"taxonomy":"post_tag","embeddable":true,"href":"https:\/\/rokmp.de\/de\/wp-json\/wp\/v2\/tags?post=39682"}],"curies":[{"name":"wp","href":"https:\/\/api.w.org\/{rel}","templated":true}]}}