{"id":39799,"date":"2025-03-07T19:46:37","date_gmt":"2025-03-07T16:46:37","guid":{"rendered":"https:\/\/rokmp.de\/?p=39799"},"modified":"2025-03-13T19:48:10","modified_gmt":"2025-03-13T16:48:10","slug":"deutsch-in-der-ersten-woche-der-fastenzeit-verlas-erzbischof-tichon-den-grosen-buskanon-des-heiligen-andreas-von-kreta-und-feierte-die-liturgie-der-vorgeweihten-gaben-in-den-orthodoxen-gemeinden-in-be","status":"publish","type":"post","link":"https:\/\/rokmp.de\/de\/deutsch-in-der-ersten-woche-der-fastenzeit-verlas-erzbischof-tichon-den-grosen-buskanon-des-heiligen-andreas-von-kreta-und-feierte-die-liturgie-der-vorgeweihten-gaben-in-den-orthodoxen-gemeinden-in-be\/","title":{"rendered":"In der ersten Woche der Fastenzeit verlas Erzbischof Tichon den Gro\u00dfen Bu\u00dfkanon des heiligen Andreas von Kreta und feierte die Liturgie der vorgeweihten Gaben in den orthodoxen Gemeinden in Berlin"},"content":{"rendered":"<p>Am Montag, Dienstag, Mittwoch und Donnerstag der ersten Fastenwoche verlas Erzbischof Tichon von Ruza, der Leiter der Di\u00f6zese Berlin und Deutschland, den Gro\u00dfen Bu\u00dfkanon des heiligen Andreas von Kreta in der Kathedrale der Auferstehung Christi in Berlin und in der Residenzkirche zu Ehren des Heiligen Sergius von Radonesch in Berlin-Karlshorst.<\/p>\n<p>Am Mittwoch feierte Erzbischof Tichon in der Residenzkirche zu Ehren des Heiligen Sergius von Radonesch in Berlin-Karlshorst die erste Liturgie der vorgeweihten Gaben.<\/p>\n<p>Am Freitag feierte er die Liturgie der vorgeweihten Gaben in der Kathedrale der Auferstehung Christi. Nach dem Ambogebet sang der Erzbischof mit dem Klerus einen Bittkanon zum Gro\u00dfm\u00e4rtyrer Theodor Tiro und segnete das Koliwo \u2013 gekochte Weizenk\u00f6rner mit Honig.<\/p>\n<p>Nach Beendigung der Liturgie richtete Erzbischof Tichon ein Wort der Ermahnung an die Gemeinde \u00fcber die Bedeutung des Fastens.<\/p>","protected":false},"excerpt":{"rendered":"<p>Am Montag, Dienstag, Mittwoch und Donnerstag der ersten Fastenwoche verlas Erzbischof Tichon von Ruza, der Leiter der Di\u00f6zese Berlin und Deutschland, den Gro\u00dfen Bu\u00dfkanon des heiligen Andreas von Kreta in der Kathedrale der Auferstehung Christi in Berlin und in der Residenzkirche zu Ehren des Heiligen Sergius von Radonesch in Berlin-Karlshorst.<\/p>\n","protected":false},"author":150,"featured_media":39749,"comment_status":"open","ping_status":"closed","sticky":false,"template":"","format":"standard","meta":{"_acf_changed":false,"_jetpack_memberships_contains_paid_content":false,"footnotes":""},"categories":[21,16],"tags":[],"class_list":["post-39799","post","type-post","status-publish","format-standard","has-post-thumbnail","hentry","category-aktuell","category-eparh_news"],"acf":[],"yoast_head":"<!-- This site is optimized with the Yoast SEO plugin v24.9 - https:\/\/yoast.com\/wordpress\/plugins\/seo\/ -->\n<title>In der ersten Woche der Fastenzeit verlas Erzbischof Tichon den Gro\u00dfen Bu\u00dfkanon des heiligen Andreas von Kreta und feierte die Liturgie der vorgeweihten Gaben in den orthodoxen Gemeinden in Berlin - Berliner Di\u00f6zese der Russischen Orthodoxen Kirche (Kd\u00f6R)<\/title>\n<meta name=\"robots\" content=\"index, follow, max-snippet:-1, max-image-preview:large, max-video-preview:-1\" \/>\n<link rel=\"canonical\" href=\"https:\/\/rokmp.de\/deutsch-in-der-ersten-woche-der-fastenzeit-verlas-erzbischof-tichon-den-grosen-buskanon-des-heiligen-andreas-von-kreta-und-feierte-die-liturgie-der-vorgeweihten-gaben-in-den-orthodoxen-gemeinden-in-be\/\" \/>\n<meta property=\"og:locale\" content=\"de_DE\" \/>\n<meta property=\"og:type\" content=\"article\" \/>\n<meta property=\"og:title\" content=\"In der ersten Woche der Fastenzeit verlas Erzbischof Tichon den Gro\u00dfen Bu\u00dfkanon des heiligen Andreas von Kreta und feierte die Liturgie der vorgeweihten Gaben in den orthodoxen Gemeinden in Berlin - Berliner Di\u00f6zese der Russischen Orthodoxen Kirche (Kd\u00f6R)\" \/>\n<meta property=\"og:description\" content=\"[:de]Am Montag, Dienstag, Mittwoch und Donnerstag der ersten Fastenwoche verlas Erzbischof Tichon von Ruza, der Leiter der Di\u00f6zese Berlin und Deutschland, den Gro\u00dfen Bu\u00dfkanon des heiligen Andreas von Kreta in der Kathedrale der Auferstehung Christi in Berlin und in der Residenzkirche zu Ehren des Heiligen Sergius von Radonesch in Berlin-Karlshorst.[:]\" \/>\n<meta property=\"og:url\" content=\"https:\/\/rokmp.de\/deutsch-in-der-ersten-woche-der-fastenzeit-verlas-erzbischof-tichon-den-grosen-buskanon-des-heiligen-andreas-von-kreta-und-feierte-die-liturgie-der-vorgeweihten-gaben-in-den-orthodoxen-gemeinden-in-be\/\" \/>\n<meta property=\"og:site_name\" content=\"Berliner Di\u00f6zese der Russischen Orthodoxen Kirche (Kd\u00f6R)\" \/>\n<meta property=\"article:published_time\" content=\"2025-03-07T16:46:37+00:00\" \/>\n<meta property=\"article:modified_time\" content=\"2025-03-13T16:48:10+00:00\" \/>\n<meta property=\"og:image\" content=\"https:\/\/rokmp.de\/wp-content\/uploads\/2025\/03\/WhatsApp-Image-2025-03-07-at-17.27.52.jpeg\" \/>\n\t<meta property=\"og:image:width\" content=\"1600\" \/>\n\t<meta property=\"og:image:height\" content=\"1200\" \/>\n\t<meta property=\"og:image:type\" content=\"image\/jpeg\" \/>\n<meta name=\"author\" content=\"priester Eugeny Murzin\" \/>\n<meta name=\"twitter:card\" content=\"summary_large_image\" \/>\n<meta name=\"twitter:label1\" content=\"Verfasst von\" \/>\n\t<meta name=\"twitter:data1\" content=\"priester Eugeny Murzin\" \/>\n\t<meta name=\"twitter:label2\" content=\"Gesch\u00e4tzte Lesezeit\" \/>\n\t<meta name=\"twitter:data2\" content=\"1\u00a0Minute\" \/>\n<script type=\"application\/ld+json\" class=\"yoast-schema-graph\">{\"@context\":\"https:\/\/schema.org\",\"@graph\":[{\"@type\":\"WebPage\",\"@id\":\"https:\/\/rokmp.de\/deutsch-in-der-ersten-woche-der-fastenzeit-verlas-erzbischof-tichon-den-grosen-buskanon-des-heiligen-andreas-von-kreta-und-feierte-die-liturgie-der-vorgeweihten-gaben-in-den-orthodoxen-gemeinden-in-be\/\",\"url\":\"https:\/\/rokmp.de\/deutsch-in-der-ersten-woche-der-fastenzeit-verlas-erzbischof-tichon-den-grosen-buskanon-des-heiligen-andreas-von-kreta-und-feierte-die-liturgie-der-vorgeweihten-gaben-in-den-orthodoxen-gemeinden-in-be\/\",\"name\":\"In der ersten Woche der Fastenzeit verlas Erzbischof Tichon den Gro\u00dfen Bu\u00dfkanon des heiligen Andreas von Kreta und feierte die Liturgie der vorgeweihten Gaben in den orthodoxen Gemeinden in Berlin - Berliner Di\u00f6zese der Russischen Orthodoxen Kirche (Kd\u00f6R)\",\"isPartOf\":{\"@id\":\"https:\/\/rokmp.de\/#website\"},\"primaryImageOfPage\":{\"@id\":\"https:\/\/rokmp.de\/deutsch-in-der-ersten-woche-der-fastenzeit-verlas-erzbischof-tichon-den-grosen-buskanon-des-heiligen-andreas-von-kreta-und-feierte-die-liturgie-der-vorgeweihten-gaben-in-den-orthodoxen-gemeinden-in-be\/#primaryimage\"},\"image\":{\"@id\":\"https:\/\/rokmp.de\/deutsch-in-der-ersten-woche-der-fastenzeit-verlas-erzbischof-tichon-den-grosen-buskanon-des-heiligen-andreas-von-kreta-und-feierte-die-liturgie-der-vorgeweihten-gaben-in-den-orthodoxen-gemeinden-in-be\/#primaryimage\"},\"thumbnailUrl\":\"https:\/\/rokmp.de\/wp-content\/uploads\/2025\/03\/WhatsApp-Image-2025-03-07-at-17.27.52.jpeg\",\"datePublished\":\"2025-03-07T16:46:37+00:00\",\"dateModified\":\"2025-03-13T16:48:10+00:00\",\"author\":{\"@id\":\"https:\/\/rokmp.de\/#\/schema\/person\/1e05c7851b376b862ca66f74ee16b275\"},\"breadcrumb\":{\"@id\":\"https:\/\/rokmp.de\/deutsch-in-der-ersten-woche-der-fastenzeit-verlas-erzbischof-tichon-den-grosen-buskanon-des-heiligen-andreas-von-kreta-und-feierte-die-liturgie-der-vorgeweihten-gaben-in-den-orthodoxen-gemeinden-in-be\/#breadcrumb\"},\"inLanguage\":\"de\",\"potentialAction\":[{\"@type\":\"ReadAction\",\"target\":[\"https:\/\/rokmp.de\/deutsch-in-der-ersten-woche-der-fastenzeit-verlas-erzbischof-tichon-den-grosen-buskanon-des-heiligen-andreas-von-kreta-und-feierte-die-liturgie-der-vorgeweihten-gaben-in-den-orthodoxen-gemeinden-in-be\/\"]}]},{\"@type\":\"ImageObject\",\"inLanguage\":\"de\",\"@id\":\"https:\/\/rokmp.de\/deutsch-in-der-ersten-woche-der-fastenzeit-verlas-erzbischof-tichon-den-grosen-buskanon-des-heiligen-andreas-von-kreta-und-feierte-die-liturgie-der-vorgeweihten-gaben-in-den-orthodoxen-gemeinden-in-be\/#primaryimage\",\"url\":\"https:\/\/rokmp.de\/wp-content\/uploads\/2025\/03\/WhatsApp-Image-2025-03-07-at-17.27.52.jpeg\",\"contentUrl\":\"https:\/\/rokmp.de\/wp-content\/uploads\/2025\/03\/WhatsApp-Image-2025-03-07-at-17.27.52.jpeg\",\"width\":1600,\"height\":1200},{\"@type\":\"BreadcrumbList\",\"@id\":\"https:\/\/rokmp.de\/deutsch-in-der-ersten-woche-der-fastenzeit-verlas-erzbischof-tichon-den-grosen-buskanon-des-heiligen-andreas-von-kreta-und-feierte-die-liturgie-der-vorgeweihten-gaben-in-den-orthodoxen-gemeinden-in-be\/#breadcrumb\",\"itemListElement\":[{\"@type\":\"ListItem\",\"position\":1,\"name\":\"\u0413\u043b\u0430\u0432\u043d\u0430\u044f \u0441\u0442\u0440\u0430\u043d\u0438\u0446\u0430\",\"item\":\"https:\/\/rokmp.de\/\"},{\"@type\":\"ListItem\",\"position\":2,\"name\":\"(Deutsch) In der ersten Woche der Fastenzeit verlas Erzbischof Tichon den Gro\u00dfen Bu\u00dfkanon des heiligen Andreas von Kreta und feierte die Liturgie der vorgeweihten Gaben in den orthodoxen Gemeinden in Berlin\"}]},{\"@type\":\"WebSite\",\"@id\":\"https:\/\/rokmp.de\/#website\",\"url\":\"https:\/\/rokmp.de\/\",\"name\":\"Berliner Di\u00f6zese der Russischen Orthodoxen Kirche (Kd\u00f6R)\",\"description\":\"(\u0420\u0443\u0441\u0441\u043a\u0438\u0439) \u041e\u0444\u0438\u0446\u0438\u0430\u043b\u044c\u043d\u044b\u0439 \u0441\u0430\u0439\u0442 \u0420\u0443\u0441\u0441\u043a\u043e\u0439 \u041f\u0440\u0430\u0432\u043e\u0441\u043b\u0430\u0432\u043d\u043e\u0439 \u0426\u0435\u0440\u043a\u0432\u0438. \u0411\u0435\u0440\u043b\u0438\u043d\u0441\u043a\u043e-\u0413\u0435\u0440\u043c\u0430\u043d\u0441\u043a\u0430\u044f \u0435\u043f\u0430\u0440\u0445\u0438\u044f.\",\"potentialAction\":[{\"@type\":\"SearchAction\",\"target\":{\"@type\":\"EntryPoint\",\"urlTemplate\":\"https:\/\/rokmp.de\/?s={search_term_string}\"},\"query-input\":{\"@type\":\"PropertyValueSpecification\",\"valueRequired\":true,\"valueName\":\"search_term_string\"}}],\"inLanguage\":\"de\"},{\"@type\":\"Person\",\"@id\":\"https:\/\/rokmp.de\/#\/schema\/person\/1e05c7851b376b862ca66f74ee16b275\",\"name\":\"priester Eugeny Murzin\",\"image\":{\"@type\":\"ImageObject\",\"inLanguage\":\"de\",\"@id\":\"https:\/\/rokmp.de\/#\/schema\/person\/image\/\",\"url\":\"https:\/\/secure.gravatar.com\/avatar\/ab0791f77afedc1959682d928966c405d68e155dc34177d2d0970bb7906ee2ad?s=96&d=mm&r=g\",\"contentUrl\":\"https:\/\/secure.gravatar.com\/avatar\/ab0791f77afedc1959682d928966c405d68e155dc34177d2d0970bb7906ee2ad?s=96&d=mm&r=g\",\"caption\":\"priester Eugeny Murzin\"},\"sameAs\":[\"https:\/\/rokmp.de\"]}]}<\/script>\n<!-- \/ Yoast SEO plugin. -->","yoast_head_json":{"title":"In der ersten Woche der Fastenzeit verlas Erzbischof Tichon den Gro\u00dfen Bu\u00dfkanon des heiligen Andreas von Kreta und feierte die Liturgie der vorgeweihten Gaben in den orthodoxen Gemeinden in Berlin - Berliner Di\u00f6zese der Russischen Orthodoxen Kirche (Kd\u00f6R)","robots":{"index":"index","follow":"follow","max-snippet":"max-snippet:-1","max-image-preview":"max-image-preview:large","max-video-preview":"max-video-preview:-1"},"canonical":"https:\/\/rokmp.de\/deutsch-in-der-ersten-woche-der-fastenzeit-verlas-erzbischof-tichon-den-grosen-buskanon-des-heiligen-andreas-von-kreta-und-feierte-die-liturgie-der-vorgeweihten-gaben-in-den-orthodoxen-gemeinden-in-be\/","og_locale":"de_DE","og_type":"article","og_title":"In der ersten Woche der Fastenzeit verlas Erzbischof Tichon den Gro\u00dfen Bu\u00dfkanon des heiligen Andreas von Kreta und feierte die Liturgie der vorgeweihten Gaben in den orthodoxen Gemeinden in Berlin - Berliner Di\u00f6zese der Russischen Orthodoxen Kirche (Kd\u00f6R)","og_description":"[:de]Am Montag, Dienstag, Mittwoch und Donnerstag der ersten Fastenwoche verlas Erzbischof Tichon von Ruza, der Leiter der Di\u00f6zese Berlin und Deutschland, den Gro\u00dfen Bu\u00dfkanon des heiligen Andreas von Kreta in der Kathedrale der Auferstehung Christi in Berlin und in der Residenzkirche zu Ehren des Heiligen Sergius von Radonesch in Berlin-Karlshorst.[:]","og_url":"https:\/\/rokmp.de\/deutsch-in-der-ersten-woche-der-fastenzeit-verlas-erzbischof-tichon-den-grosen-buskanon-des-heiligen-andreas-von-kreta-und-feierte-die-liturgie-der-vorgeweihten-gaben-in-den-orthodoxen-gemeinden-in-be\/","og_site_name":"Berliner Di\u00f6zese der Russischen Orthodoxen Kirche (Kd\u00f6R)","article_published_time":"2025-03-07T16:46:37+00:00","article_modified_time":"2025-03-13T16:48:10+00:00","og_image":[{"width":1600,"height":1200,"url":"https:\/\/rokmp.de\/wp-content\/uploads\/2025\/03\/WhatsApp-Image-2025-03-07-at-17.27.52.jpeg","type":"image\/jpeg"}],"author":"priester Eugeny Murzin","twitter_card":"summary_large_image","twitter_misc":{"Verfasst von":"priester Eugeny Murzin","Gesch\u00e4tzte Lesezeit":"1\u00a0Minute"},"schema":{"@context":"https:\/\/schema.org","@graph":[{"@type":"WebPage","@id":"https:\/\/rokmp.de\/deutsch-in-der-ersten-woche-der-fastenzeit-verlas-erzbischof-tichon-den-grosen-buskanon-des-heiligen-andreas-von-kreta-und-feierte-die-liturgie-der-vorgeweihten-gaben-in-den-orthodoxen-gemeinden-in-be\/","url":"https:\/\/rokmp.de\/deutsch-in-der-ersten-woche-der-fastenzeit-verlas-erzbischof-tichon-den-grosen-buskanon-des-heiligen-andreas-von-kreta-und-feierte-die-liturgie-der-vorgeweihten-gaben-in-den-orthodoxen-gemeinden-in-be\/","name":"In der ersten Woche der Fastenzeit verlas Erzbischof Tichon den Gro\u00dfen Bu\u00dfkanon des heiligen Andreas von Kreta und feierte die Liturgie der vorgeweihten Gaben in den orthodoxen Gemeinden in Berlin - Berliner Di\u00f6zese der Russischen Orthodoxen Kirche (Kd\u00f6R)","isPartOf":{"@id":"https:\/\/rokmp.de\/#website"},"primaryImageOfPage":{"@id":"https:\/\/rokmp.de\/deutsch-in-der-ersten-woche-der-fastenzeit-verlas-erzbischof-tichon-den-grosen-buskanon-des-heiligen-andreas-von-kreta-und-feierte-die-liturgie-der-vorgeweihten-gaben-in-den-orthodoxen-gemeinden-in-be\/#primaryimage"},"image":{"@id":"https:\/\/rokmp.de\/deutsch-in-der-ersten-woche-der-fastenzeit-verlas-erzbischof-tichon-den-grosen-buskanon-des-heiligen-andreas-von-kreta-und-feierte-die-liturgie-der-vorgeweihten-gaben-in-den-orthodoxen-gemeinden-in-be\/#primaryimage"},"thumbnailUrl":"https:\/\/rokmp.de\/wp-content\/uploads\/2025\/03\/WhatsApp-Image-2025-03-07-at-17.27.52.jpeg","datePublished":"2025-03-07T16:46:37+00:00","dateModified":"2025-03-13T16:48:10+00:00","author":{"@id":"https:\/\/rokmp.de\/#\/schema\/person\/1e05c7851b376b862ca66f74ee16b275"},"breadcrumb":{"@id":"https:\/\/rokmp.de\/deutsch-in-der-ersten-woche-der-fastenzeit-verlas-erzbischof-tichon-den-grosen-buskanon-des-heiligen-andreas-von-kreta-und-feierte-die-liturgie-der-vorgeweihten-gaben-in-den-orthodoxen-gemeinden-in-be\/#breadcrumb"},"inLanguage":"de","potentialAction":[{"@type":"ReadAction","target":["https:\/\/rokmp.de\/deutsch-in-der-ersten-woche-der-fastenzeit-verlas-erzbischof-tichon-den-grosen-buskanon-des-heiligen-andreas-von-kreta-und-feierte-die-liturgie-der-vorgeweihten-gaben-in-den-orthodoxen-gemeinden-in-be\/"]}]},{"@type":"ImageObject","inLanguage":"de","@id":"https:\/\/rokmp.de\/deutsch-in-der-ersten-woche-der-fastenzeit-verlas-erzbischof-tichon-den-grosen-buskanon-des-heiligen-andreas-von-kreta-und-feierte-die-liturgie-der-vorgeweihten-gaben-in-den-orthodoxen-gemeinden-in-be\/#primaryimage","url":"https:\/\/rokmp.de\/wp-content\/uploads\/2025\/03\/WhatsApp-Image-2025-03-07-at-17.27.52.jpeg","contentUrl":"https:\/\/rokmp.de\/wp-content\/uploads\/2025\/03\/WhatsApp-Image-2025-03-07-at-17.27.52.jpeg","width":1600,"height":1200},{"@type":"BreadcrumbList","@id":"https:\/\/rokmp.de\/deutsch-in-der-ersten-woche-der-fastenzeit-verlas-erzbischof-tichon-den-grosen-buskanon-des-heiligen-andreas-von-kreta-und-feierte-die-liturgie-der-vorgeweihten-gaben-in-den-orthodoxen-gemeinden-in-be\/#breadcrumb","itemListElement":[{"@type":"ListItem","position":1,"name":"\u0413\u043b\u0430\u0432\u043d\u0430\u044f \u0441\u0442\u0440\u0430\u043d\u0438\u0446\u0430","item":"https:\/\/rokmp.de\/"},{"@type":"ListItem","position":2,"name":"(Deutsch) In der ersten Woche der Fastenzeit verlas Erzbischof Tichon den Gro\u00dfen Bu\u00dfkanon des heiligen Andreas von Kreta und feierte die Liturgie der vorgeweihten Gaben in den orthodoxen Gemeinden in Berlin"}]},{"@type":"WebSite","@id":"https:\/\/rokmp.de\/#website","url":"https:\/\/rokmp.de\/","name":"Berliner Di\u00f6zese der Russischen Orthodoxen Kirche (Kd\u00f6R)","description":"(\u0420\u0443\u0441\u0441\u043a\u0438\u0439) \u041e\u0444\u0438\u0446\u0438\u0430\u043b\u044c\u043d\u044b\u0439 \u0441\u0430\u0439\u0442 \u0420\u0443\u0441\u0441\u043a\u043e\u0439 \u041f\u0440\u0430\u0432\u043e\u0441\u043b\u0430\u0432\u043d\u043e\u0439 \u0426\u0435\u0440\u043a\u0432\u0438. \u0411\u0435\u0440\u043b\u0438\u043d\u0441\u043a\u043e-\u0413\u0435\u0440\u043c\u0430\u043d\u0441\u043a\u0430\u044f \u0435\u043f\u0430\u0440\u0445\u0438\u044f.","potentialAction":[{"@type":"SearchAction","target":{"@type":"EntryPoint","urlTemplate":"https:\/\/rokmp.de\/?s={search_term_string}"},"query-input":{"@type":"PropertyValueSpecification","valueRequired":true,"valueName":"search_term_string"}}],"inLanguage":"de"},{"@type":"Person","@id":"https:\/\/rokmp.de\/#\/schema\/person\/1e05c7851b376b862ca66f74ee16b275","name":"priester Eugeny Murzin","image":{"@type":"ImageObject","inLanguage":"de","@id":"https:\/\/rokmp.de\/#\/schema\/person\/image\/","url":"https:\/\/secure.gravatar.com\/avatar\/ab0791f77afedc1959682d928966c405d68e155dc34177d2d0970bb7906ee2ad?s=96&d=mm&r=g","contentUrl":"https:\/\/secure.gravatar.com\/avatar\/ab0791f77afedc1959682d928966c405d68e155dc34177d2d0970bb7906ee2ad?s=96&d=mm&r=g","caption":"priester Eugeny Murzin"},"sameAs":["https:\/\/rokmp.de"]}]}},"jetpack_featured_media_url":"https:\/\/rokmp.de\/wp-content\/uploads\/2025\/03\/WhatsApp-Image-2025-03-07-at-17.27.52.jpeg","jetpack_sharing_enabled":true,"_links":{"self":[{"href":"https:\/\/rokmp.de\/de\/wp-json\/wp\/v2\/posts\/39799","targetHints":{"allow":["GET"]}}],"collection":[{"href":"https:\/\/rokmp.de\/de\/wp-json\/wp\/v2\/posts"}],"about":[{"href":"https:\/\/rokmp.de\/de\/wp-json\/wp\/v2\/types\/post"}],"author":[{"embeddable":true,"href":"https:\/\/rokmp.de\/de\/wp-json\/wp\/v2\/users\/150"}],"replies":[{"embeddable":true,"href":"https:\/\/rokmp.de\/de\/wp-json\/wp\/v2\/comments?post=39799"}],"version-history":[{"count":1,"href":"https:\/\/rokmp.de\/de\/wp-json\/wp\/v2\/posts\/39799\/revisions"}],"predecessor-version":[{"id":39800,"href":"https:\/\/rokmp.de\/de\/wp-json\/wp\/v2\/posts\/39799\/revisions\/39800"}],"wp:featuredmedia":[{"embeddable":true,"href":"https:\/\/rokmp.de\/de\/wp-json\/wp\/v2\/media\/39749"}],"wp:attachment":[{"href":"https:\/\/rokmp.de\/de\/wp-json\/wp\/v2\/media?parent=39799"}],"wp:term":[{"taxonomy":"category","embeddable":true,"href":"https:\/\/rokmp.de\/de\/wp-json\/wp\/v2\/categories?post=39799"},{"taxonomy":"post_tag","embeddable":true,"href":"https:\/\/rokmp.de\/de\/wp-json\/wp\/v2\/tags?post=39799"}],"curies":[{"name":"wp","href":"https:\/\/api.w.org\/{rel}","templated":true}]}}