{"id":40352,"date":"2025-04-25T19:57:26","date_gmt":"2025-04-25T16:57:26","guid":{"rendered":"https:\/\/rokmp.de\/?p=40352"},"modified":"2025-05-01T19:32:10","modified_gmt":"2025-05-01T16:32:10","slug":"deutsch-der-leiter-der-diozese-von-berlin-und-deutschland-besuchte-die-apostolische-nuntiatur-und-sprach-sein-beileid-zum-tod-von-papst-franziskus-aus","status":"publish","type":"post","link":"https:\/\/rokmp.de\/de\/deutsch-der-leiter-der-diozese-von-berlin-und-deutschland-besuchte-die-apostolische-nuntiatur-und-sprach-sein-beileid-zum-tod-von-papst-franziskus-aus\/","title":{"rendered":"Der Leiter der Di\u00f6zese von Berlin und Deutschland besuchte die Apostolische Nuntiatur und sprach sein Beileid zum Tod von Papst Franziskus aus"},"content":{"rendered":"<p>Am 25. April 2025 besuchte Erzbischof Tichon von Rusa, Leiter der Di\u00f6zese von Berlin und Deutschland, die Apostolische Nuntiatur der R\u00f6misch-Katholischen Kirche in Berlin und sprach sein Beileid zum Tod von Papst Franziskus aus. Vor dem Gang in den Trauersaal traf sich der Di\u00f6zesanbischof mit dem Apostolischen Nuntius in Deutschland, Erzbischof Nikola Eterovi\u0107.<\/p>\n<p>Im Kondolenzbuch hinterlie\u00df Erzbischof Tichon folgenden Eintrag:<\/p>\n<p>\u201eIm Namen der Di\u00f6zese von Berlin und Deutschland der Russischen Orthodoxen Kirche und in meinem eigenen Namen spreche ich allen unseren Br\u00fcdern und Schwestern in der Katholischen Kirche mein Beileid zum Hinscheiden von Papst Franziskus aus.<\/p>\n<p>Der Verstorbene war ein hervorragender geistlicher Hirte, ein Mann mit starken Ansichten und \u00dcberzeugungen. Seine Worte trugen den Schmerz des Friedens und die Hoffnung der Auferstehung in sich, die er stets in Wort, Tat und Gebet zum Ausdruck brachte. Herr, schenke ihm die ewige Ruhe!\u201c<\/p>\n<p>Begleitet wurde der Di\u00f6zesanverwalter von Priester Evgeny Murzin und Diakon Rostislav Ustimenko.<\/p>\n<p>Am Tag des Todes von Papst Franziskus, dem 21. April 2025, hatte Erzbischof Tichon dem Apostolischen Nuntius, Erzbischof Nikola Eterovi\u0107, bereits ein Kondolenzschreiben \u00fcbermittelt.<\/p>\n<div class=\"tiled-gallery type-rectangular tiled-gallery-unresized\" data-original-width=\"860\" data-carousel-extra='{&quot;blog_id&quot;:1,&quot;permalink&quot;:&quot;https:\\\/\\\/rokmp.de\\\/de\\\/deutsch-der-leiter-der-diozese-von-berlin-und-deutschland-besuchte-die-apostolische-nuntiatur-und-sprach-sein-beileid-zum-tod-von-papst-franziskus-aus\\\/&quot;,&quot;likes_blog_id&quot;:102558546}' itemscope itemtype=\"http:\/\/schema.org\/ImageGallery\" > <div class=\"gallery-row\" style=\"width: 860px; height: 324px;\" data-original-width=\"860\" data-original-height=\"324\" > <div class=\"gallery-group images-1\" style=\"width: 430px; height: 324px;\" data-original-width=\"430\" data-original-height=\"324\" > <div class=\"tiled-gallery-item tiled-gallery-item-large\" itemprop=\"associatedMedia\" itemscope itemtype=\"http:\/\/schema.org\/ImageObject\"> <a href=\"https:\/\/i0.wp.com\/rokmp.de\/wp-content\/uploads\/2025\/04\/WhatsApp-Image-2025-04-25-at-19.48.47-1.jpeg?ssl=1\" border=\"0\" itemprop=\"url\"> <meta itemprop=\"width\" content=\"426\"> <meta itemprop=\"height\" content=\"320\"> <img decoding=\"async\" class=\"\" data-attachment-id=\"40361\" data-orig-file=\"https:\/\/rokmp.de\/wp-content\/uploads\/2025\/04\/WhatsApp-Image-2025-04-25-at-19.48.47-1.jpeg\" data-orig-size=\"1600,1200\" data-comments-opened=\"1\" data-image-meta=\"{&quot;aperture&quot;:&quot;0&quot;,&quot;credit&quot;:&quot;&quot;,&quot;camera&quot;:&quot;&quot;,&quot;caption&quot;:&quot;&quot;,&quot;created_timestamp&quot;:&quot;0&quot;,&quot;copyright&quot;:&quot;&quot;,&quot;focal_length&quot;:&quot;0&quot;,&quot;iso&quot;:&quot;0&quot;,&quot;shutter_speed&quot;:&quot;0&quot;,&quot;title&quot;:&quot;&quot;,&quot;orientation&quot;:&quot;0&quot;}\" data-image-title=\"WhatsApp Image 2025-04-25 at 19.48.47\" data-image-description=\"\" data-medium-file=\"https:\/\/rokmp.de\/wp-content\/uploads\/2025\/04\/WhatsApp-Image-2025-04-25-at-19.48.47-1-300x225.jpeg\" data-large-file=\"https:\/\/rokmp.de\/wp-content\/uploads\/2025\/04\/WhatsApp-Image-2025-04-25-at-19.48.47-1-1024x768.jpeg\" src=\"https:\/\/i0.wp.com\/rokmp.de\/wp-content\/uploads\/2025\/04\/WhatsApp-Image-2025-04-25-at-19.48.47-1.jpeg?w=426&#038;h=320&#038;ssl=1\" srcset=\"https:\/\/rokmp.de\/wp-content\/uploads\/2025\/04\/WhatsApp-Image-2025-04-25-at-19.48.47-1.jpeg 1600w, https:\/\/rokmp.de\/wp-content\/uploads\/2025\/04\/WhatsApp-Image-2025-04-25-at-19.48.47-1-300x225.jpeg 300w, https:\/\/rokmp.de\/wp-content\/uploads\/2025\/04\/WhatsApp-Image-2025-04-25-at-19.48.47-1-1024x768.jpeg 1024w, https:\/\/rokmp.de\/wp-content\/uploads\/2025\/04\/WhatsApp-Image-2025-04-25-at-19.48.47-1-768x576.jpeg 768w, https:\/\/rokmp.de\/wp-content\/uploads\/2025\/04\/WhatsApp-Image-2025-04-25-at-19.48.47-1-1536x1152.jpeg 1536w\" width=\"426\" height=\"320\" loading=\"lazy\" data-original-width=\"426\" data-original-height=\"320\" itemprop=\"http:\/\/schema.org\/image\" title=\"WhatsApp Image 2025-04-25 at 19.48.47\" alt=\"WhatsApp Image 2025-04-25 at 19.48.47\" style=\"width: 426px; height: 320px;\" \/> <\/a> <\/div> <\/div> <!-- close group --> <div class=\"gallery-group images-1\" style=\"width: 430px; height: 324px;\" data-original-width=\"430\" data-original-height=\"324\" > <div class=\"tiled-gallery-item tiled-gallery-item-large\" itemprop=\"associatedMedia\" itemscope itemtype=\"http:\/\/schema.org\/ImageObject\"> <a href=\"https:\/\/i0.wp.com\/rokmp.de\/wp-content\/uploads\/2025\/04\/WhatsApp-Image-2025-04-25-at-19.49.10-2.jpeg?ssl=1\" border=\"0\" itemprop=\"url\"> <meta itemprop=\"width\" content=\"426\"> <meta itemprop=\"height\" content=\"320\"> <img decoding=\"async\" class=\"\" data-attachment-id=\"40362\" data-orig-file=\"https:\/\/rokmp.de\/wp-content\/uploads\/2025\/04\/WhatsApp-Image-2025-04-25-at-19.49.10-2.jpeg\" data-orig-size=\"1600,1200\" data-comments-opened=\"1\" data-image-meta=\"{&quot;aperture&quot;:&quot;0&quot;,&quot;credit&quot;:&quot;&quot;,&quot;camera&quot;:&quot;&quot;,&quot;caption&quot;:&quot;&quot;,&quot;created_timestamp&quot;:&quot;0&quot;,&quot;copyright&quot;:&quot;&quot;,&quot;focal_length&quot;:&quot;0&quot;,&quot;iso&quot;:&quot;0&quot;,&quot;shutter_speed&quot;:&quot;0&quot;,&quot;title&quot;:&quot;&quot;,&quot;orientation&quot;:&quot;0&quot;}\" data-image-title=\"WhatsApp Image 2025-04-25 at 19.49.10\" data-image-description=\"\" data-medium-file=\"https:\/\/rokmp.de\/wp-content\/uploads\/2025\/04\/WhatsApp-Image-2025-04-25-at-19.49.10-2-300x225.jpeg\" data-large-file=\"https:\/\/rokmp.de\/wp-content\/uploads\/2025\/04\/WhatsApp-Image-2025-04-25-at-19.49.10-2-1024x768.jpeg\" src=\"https:\/\/i0.wp.com\/rokmp.de\/wp-content\/uploads\/2025\/04\/WhatsApp-Image-2025-04-25-at-19.49.10-2.jpeg?w=426&#038;h=320&#038;ssl=1\" srcset=\"https:\/\/rokmp.de\/wp-content\/uploads\/2025\/04\/WhatsApp-Image-2025-04-25-at-19.49.10-2.jpeg 1600w, https:\/\/rokmp.de\/wp-content\/uploads\/2025\/04\/WhatsApp-Image-2025-04-25-at-19.49.10-2-300x225.jpeg 300w, https:\/\/rokmp.de\/wp-content\/uploads\/2025\/04\/WhatsApp-Image-2025-04-25-at-19.49.10-2-1024x768.jpeg 1024w, https:\/\/rokmp.de\/wp-content\/uploads\/2025\/04\/WhatsApp-Image-2025-04-25-at-19.49.10-2-768x576.jpeg 768w, https:\/\/rokmp.de\/wp-content\/uploads\/2025\/04\/WhatsApp-Image-2025-04-25-at-19.49.10-2-1536x1152.jpeg 1536w\" width=\"426\" height=\"320\" loading=\"lazy\" data-original-width=\"426\" data-original-height=\"320\" itemprop=\"http:\/\/schema.org\/image\" title=\"WhatsApp Image 2025-04-25 at 19.49.10\" alt=\"WhatsApp Image 2025-04-25 at 19.49.10\" style=\"width: 426px; height: 320px;\" \/> <\/a> <\/div> <\/div> <!-- close group --> <\/div> <!-- close row --> <\/div>\n<p>&nbsp;<\/p>","protected":false},"excerpt":{"rendered":"<p>Am 25. April 2025 besuchte Erzbischof Tichon von Rusa, Leiter der Di\u00f6zese von Berlin und Deutschland, die Apostolische Nuntiatur der R\u00f6misch-Katholischen Kirche in Berlin und sprach sein Beileid zum Tod von Papst Franziskus aus. Vor dem Gang in den Trauersaal traf sich der Di\u00f6zesanbischof mit dem Apostolischen Nuntius in Deutschland, Erzbischof Nikola Eterovi\u0107.<\/p>\n","protected":false},"author":150,"featured_media":40363,"comment_status":"open","ping_status":"closed","sticky":false,"template":"","format":"standard","meta":{"_acf_changed":false,"_jetpack_memberships_contains_paid_content":false,"footnotes":""},"categories":[21,16],"tags":[],"class_list":["post-40352","post","type-post","status-publish","format-standard","has-post-thumbnail","hentry","category-aktuell","category-eparh_news"],"acf":[],"yoast_head":"<!-- This site is optimized with the Yoast SEO plugin v24.9 - https:\/\/yoast.com\/wordpress\/plugins\/seo\/ -->\n<title>Der Leiter der Di\u00f6zese von Berlin und Deutschland besuchte die Apostolische Nuntiatur und sprach sein Beileid zum Tod von Papst Franziskus aus - Berliner Di\u00f6zese der Russischen Orthodoxen Kirche (Kd\u00f6R)<\/title>\n<meta name=\"robots\" content=\"index, follow, max-snippet:-1, max-image-preview:large, max-video-preview:-1\" \/>\n<link rel=\"canonical\" href=\"https:\/\/rokmp.de\/deutsch-der-leiter-der-diozese-von-berlin-und-deutschland-besuchte-die-apostolische-nuntiatur-und-sprach-sein-beileid-zum-tod-von-papst-franziskus-aus\/\" \/>\n<meta property=\"og:locale\" content=\"de_DE\" \/>\n<meta property=\"og:type\" content=\"article\" \/>\n<meta property=\"og:title\" content=\"Der Leiter der Di\u00f6zese von Berlin und Deutschland besuchte die Apostolische Nuntiatur und sprach sein Beileid zum Tod von Papst Franziskus aus - Berliner Di\u00f6zese der Russischen Orthodoxen Kirche (Kd\u00f6R)\" \/>\n<meta property=\"og:description\" content=\"[:de]Am 25. April 2025 besuchte Erzbischof Tichon von Rusa, Leiter der Di\u00f6zese von Berlin und Deutschland, die Apostolische Nuntiatur der R\u00f6misch-Katholischen Kirche in Berlin und sprach sein Beileid zum Tod von Papst Franziskus aus. Vor dem Gang in den Trauersaal traf sich der Di\u00f6zesanbischof mit dem Apostolischen Nuntius in Deutschland, Erzbischof Nikola Eterovi\u0107.[:]\" \/>\n<meta property=\"og:url\" content=\"https:\/\/rokmp.de\/deutsch-der-leiter-der-diozese-von-berlin-und-deutschland-besuchte-die-apostolische-nuntiatur-und-sprach-sein-beileid-zum-tod-von-papst-franziskus-aus\/\" \/>\n<meta property=\"og:site_name\" content=\"Berliner Di\u00f6zese der Russischen Orthodoxen Kirche (Kd\u00f6R)\" \/>\n<meta property=\"article:published_time\" content=\"2025-04-25T16:57:26+00:00\" \/>\n<meta property=\"article:modified_time\" content=\"2025-05-01T16:32:10+00:00\" \/>\n<meta property=\"og:image\" content=\"https:\/\/rokmp.de\/wp-content\/uploads\/2025\/04\/WhatsApp-Image-2025-04-25-at-19.49.10-1-1.jpeg\" \/>\n\t<meta property=\"og:image:width\" content=\"1600\" \/>\n\t<meta property=\"og:image:height\" content=\"1200\" \/>\n\t<meta property=\"og:image:type\" content=\"image\/jpeg\" \/>\n<meta name=\"author\" content=\"priester Eugeny Murzin\" \/>\n<meta name=\"twitter:card\" content=\"summary_large_image\" \/>\n<meta name=\"twitter:label1\" content=\"Verfasst von\" \/>\n\t<meta name=\"twitter:data1\" content=\"priester Eugeny Murzin\" \/>\n\t<meta name=\"twitter:label2\" content=\"Gesch\u00e4tzte Lesezeit\" \/>\n\t<meta name=\"twitter:data2\" content=\"2\u00a0Minuten\" \/>\n<script type=\"application\/ld+json\" class=\"yoast-schema-graph\">{\"@context\":\"https:\/\/schema.org\",\"@graph\":[{\"@type\":\"WebPage\",\"@id\":\"https:\/\/rokmp.de\/deutsch-der-leiter-der-diozese-von-berlin-und-deutschland-besuchte-die-apostolische-nuntiatur-und-sprach-sein-beileid-zum-tod-von-papst-franziskus-aus\/\",\"url\":\"https:\/\/rokmp.de\/deutsch-der-leiter-der-diozese-von-berlin-und-deutschland-besuchte-die-apostolische-nuntiatur-und-sprach-sein-beileid-zum-tod-von-papst-franziskus-aus\/\",\"name\":\"Der Leiter der Di\u00f6zese von Berlin und Deutschland besuchte die Apostolische Nuntiatur und sprach sein Beileid zum Tod von Papst Franziskus aus - Berliner Di\u00f6zese der Russischen Orthodoxen Kirche (Kd\u00f6R)\",\"isPartOf\":{\"@id\":\"https:\/\/rokmp.de\/#website\"},\"primaryImageOfPage\":{\"@id\":\"https:\/\/rokmp.de\/deutsch-der-leiter-der-diozese-von-berlin-und-deutschland-besuchte-die-apostolische-nuntiatur-und-sprach-sein-beileid-zum-tod-von-papst-franziskus-aus\/#primaryimage\"},\"image\":{\"@id\":\"https:\/\/rokmp.de\/deutsch-der-leiter-der-diozese-von-berlin-und-deutschland-besuchte-die-apostolische-nuntiatur-und-sprach-sein-beileid-zum-tod-von-papst-franziskus-aus\/#primaryimage\"},\"thumbnailUrl\":\"https:\/\/rokmp.de\/wp-content\/uploads\/2025\/04\/WhatsApp-Image-2025-04-25-at-19.49.10-1-1.jpeg\",\"datePublished\":\"2025-04-25T16:57:26+00:00\",\"dateModified\":\"2025-05-01T16:32:10+00:00\",\"author\":{\"@id\":\"https:\/\/rokmp.de\/#\/schema\/person\/1e05c7851b376b862ca66f74ee16b275\"},\"breadcrumb\":{\"@id\":\"https:\/\/rokmp.de\/deutsch-der-leiter-der-diozese-von-berlin-und-deutschland-besuchte-die-apostolische-nuntiatur-und-sprach-sein-beileid-zum-tod-von-papst-franziskus-aus\/#breadcrumb\"},\"inLanguage\":\"de\",\"potentialAction\":[{\"@type\":\"ReadAction\",\"target\":[\"https:\/\/rokmp.de\/deutsch-der-leiter-der-diozese-von-berlin-und-deutschland-besuchte-die-apostolische-nuntiatur-und-sprach-sein-beileid-zum-tod-von-papst-franziskus-aus\/\"]}]},{\"@type\":\"ImageObject\",\"inLanguage\":\"de\",\"@id\":\"https:\/\/rokmp.de\/deutsch-der-leiter-der-diozese-von-berlin-und-deutschland-besuchte-die-apostolische-nuntiatur-und-sprach-sein-beileid-zum-tod-von-papst-franziskus-aus\/#primaryimage\",\"url\":\"https:\/\/rokmp.de\/wp-content\/uploads\/2025\/04\/WhatsApp-Image-2025-04-25-at-19.49.10-1-1.jpeg\",\"contentUrl\":\"https:\/\/rokmp.de\/wp-content\/uploads\/2025\/04\/WhatsApp-Image-2025-04-25-at-19.49.10-1-1.jpeg\",\"width\":1600,\"height\":1200},{\"@type\":\"BreadcrumbList\",\"@id\":\"https:\/\/rokmp.de\/deutsch-der-leiter-der-diozese-von-berlin-und-deutschland-besuchte-die-apostolische-nuntiatur-und-sprach-sein-beileid-zum-tod-von-papst-franziskus-aus\/#breadcrumb\",\"itemListElement\":[{\"@type\":\"ListItem\",\"position\":1,\"name\":\"\u0413\u043b\u0430\u0432\u043d\u0430\u044f \u0441\u0442\u0440\u0430\u043d\u0438\u0446\u0430\",\"item\":\"https:\/\/rokmp.de\/\"},{\"@type\":\"ListItem\",\"position\":2,\"name\":\"(Deutsch) Der Leiter der Di\u00f6zese von Berlin und Deutschland besuchte die Apostolische Nuntiatur und sprach sein Beileid zum Tod von Papst Franziskus aus\"}]},{\"@type\":\"WebSite\",\"@id\":\"https:\/\/rokmp.de\/#website\",\"url\":\"https:\/\/rokmp.de\/\",\"name\":\"Berliner Di\u00f6zese der Russischen Orthodoxen Kirche (Kd\u00f6R)\",\"description\":\"(\u0420\u0443\u0441\u0441\u043a\u0438\u0439) \u041e\u0444\u0438\u0446\u0438\u0430\u043b\u044c\u043d\u044b\u0439 \u0441\u0430\u0439\u0442 \u0420\u0443\u0441\u0441\u043a\u043e\u0439 \u041f\u0440\u0430\u0432\u043e\u0441\u043b\u0430\u0432\u043d\u043e\u0439 \u0426\u0435\u0440\u043a\u0432\u0438. \u0411\u0435\u0440\u043b\u0438\u043d\u0441\u043a\u043e-\u0413\u0435\u0440\u043c\u0430\u043d\u0441\u043a\u0430\u044f \u0435\u043f\u0430\u0440\u0445\u0438\u044f.\",\"potentialAction\":[{\"@type\":\"SearchAction\",\"target\":{\"@type\":\"EntryPoint\",\"urlTemplate\":\"https:\/\/rokmp.de\/?s={search_term_string}\"},\"query-input\":{\"@type\":\"PropertyValueSpecification\",\"valueRequired\":true,\"valueName\":\"search_term_string\"}}],\"inLanguage\":\"de\"},{\"@type\":\"Person\",\"@id\":\"https:\/\/rokmp.de\/#\/schema\/person\/1e05c7851b376b862ca66f74ee16b275\",\"name\":\"priester Eugeny Murzin\",\"image\":{\"@type\":\"ImageObject\",\"inLanguage\":\"de\",\"@id\":\"https:\/\/rokmp.de\/#\/schema\/person\/image\/\",\"url\":\"https:\/\/secure.gravatar.com\/avatar\/ab0791f77afedc1959682d928966c405d68e155dc34177d2d0970bb7906ee2ad?s=96&d=mm&r=g\",\"contentUrl\":\"https:\/\/secure.gravatar.com\/avatar\/ab0791f77afedc1959682d928966c405d68e155dc34177d2d0970bb7906ee2ad?s=96&d=mm&r=g\",\"caption\":\"priester Eugeny Murzin\"},\"sameAs\":[\"https:\/\/rokmp.de\"]}]}<\/script>\n<!-- \/ Yoast SEO plugin. -->","yoast_head_json":{"title":"Der Leiter der Di\u00f6zese von Berlin und Deutschland besuchte die Apostolische Nuntiatur und sprach sein Beileid zum Tod von Papst Franziskus aus - Berliner Di\u00f6zese der Russischen Orthodoxen Kirche (Kd\u00f6R)","robots":{"index":"index","follow":"follow","max-snippet":"max-snippet:-1","max-image-preview":"max-image-preview:large","max-video-preview":"max-video-preview:-1"},"canonical":"https:\/\/rokmp.de\/deutsch-der-leiter-der-diozese-von-berlin-und-deutschland-besuchte-die-apostolische-nuntiatur-und-sprach-sein-beileid-zum-tod-von-papst-franziskus-aus\/","og_locale":"de_DE","og_type":"article","og_title":"Der Leiter der Di\u00f6zese von Berlin und Deutschland besuchte die Apostolische Nuntiatur und sprach sein Beileid zum Tod von Papst Franziskus aus - Berliner Di\u00f6zese der Russischen Orthodoxen Kirche (Kd\u00f6R)","og_description":"[:de]Am 25. April 2025 besuchte Erzbischof Tichon von Rusa, Leiter der Di\u00f6zese von Berlin und Deutschland, die Apostolische Nuntiatur der R\u00f6misch-Katholischen Kirche in Berlin und sprach sein Beileid zum Tod von Papst Franziskus aus. Vor dem Gang in den Trauersaal traf sich der Di\u00f6zesanbischof mit dem Apostolischen Nuntius in Deutschland, Erzbischof Nikola Eterovi\u0107.[:]","og_url":"https:\/\/rokmp.de\/deutsch-der-leiter-der-diozese-von-berlin-und-deutschland-besuchte-die-apostolische-nuntiatur-und-sprach-sein-beileid-zum-tod-von-papst-franziskus-aus\/","og_site_name":"Berliner Di\u00f6zese der Russischen Orthodoxen Kirche (Kd\u00f6R)","article_published_time":"2025-04-25T16:57:26+00:00","article_modified_time":"2025-05-01T16:32:10+00:00","og_image":[{"width":1600,"height":1200,"url":"https:\/\/rokmp.de\/wp-content\/uploads\/2025\/04\/WhatsApp-Image-2025-04-25-at-19.49.10-1-1.jpeg","type":"image\/jpeg"}],"author":"priester Eugeny Murzin","twitter_card":"summary_large_image","twitter_misc":{"Verfasst von":"priester Eugeny Murzin","Gesch\u00e4tzte Lesezeit":"2\u00a0Minuten"},"schema":{"@context":"https:\/\/schema.org","@graph":[{"@type":"WebPage","@id":"https:\/\/rokmp.de\/deutsch-der-leiter-der-diozese-von-berlin-und-deutschland-besuchte-die-apostolische-nuntiatur-und-sprach-sein-beileid-zum-tod-von-papst-franziskus-aus\/","url":"https:\/\/rokmp.de\/deutsch-der-leiter-der-diozese-von-berlin-und-deutschland-besuchte-die-apostolische-nuntiatur-und-sprach-sein-beileid-zum-tod-von-papst-franziskus-aus\/","name":"Der Leiter der Di\u00f6zese von Berlin und Deutschland besuchte die Apostolische Nuntiatur und sprach sein Beileid zum Tod von Papst Franziskus aus - Berliner Di\u00f6zese der Russischen Orthodoxen Kirche (Kd\u00f6R)","isPartOf":{"@id":"https:\/\/rokmp.de\/#website"},"primaryImageOfPage":{"@id":"https:\/\/rokmp.de\/deutsch-der-leiter-der-diozese-von-berlin-und-deutschland-besuchte-die-apostolische-nuntiatur-und-sprach-sein-beileid-zum-tod-von-papst-franziskus-aus\/#primaryimage"},"image":{"@id":"https:\/\/rokmp.de\/deutsch-der-leiter-der-diozese-von-berlin-und-deutschland-besuchte-die-apostolische-nuntiatur-und-sprach-sein-beileid-zum-tod-von-papst-franziskus-aus\/#primaryimage"},"thumbnailUrl":"https:\/\/rokmp.de\/wp-content\/uploads\/2025\/04\/WhatsApp-Image-2025-04-25-at-19.49.10-1-1.jpeg","datePublished":"2025-04-25T16:57:26+00:00","dateModified":"2025-05-01T16:32:10+00:00","author":{"@id":"https:\/\/rokmp.de\/#\/schema\/person\/1e05c7851b376b862ca66f74ee16b275"},"breadcrumb":{"@id":"https:\/\/rokmp.de\/deutsch-der-leiter-der-diozese-von-berlin-und-deutschland-besuchte-die-apostolische-nuntiatur-und-sprach-sein-beileid-zum-tod-von-papst-franziskus-aus\/#breadcrumb"},"inLanguage":"de","potentialAction":[{"@type":"ReadAction","target":["https:\/\/rokmp.de\/deutsch-der-leiter-der-diozese-von-berlin-und-deutschland-besuchte-die-apostolische-nuntiatur-und-sprach-sein-beileid-zum-tod-von-papst-franziskus-aus\/"]}]},{"@type":"ImageObject","inLanguage":"de","@id":"https:\/\/rokmp.de\/deutsch-der-leiter-der-diozese-von-berlin-und-deutschland-besuchte-die-apostolische-nuntiatur-und-sprach-sein-beileid-zum-tod-von-papst-franziskus-aus\/#primaryimage","url":"https:\/\/rokmp.de\/wp-content\/uploads\/2025\/04\/WhatsApp-Image-2025-04-25-at-19.49.10-1-1.jpeg","contentUrl":"https:\/\/rokmp.de\/wp-content\/uploads\/2025\/04\/WhatsApp-Image-2025-04-25-at-19.49.10-1-1.jpeg","width":1600,"height":1200},{"@type":"BreadcrumbList","@id":"https:\/\/rokmp.de\/deutsch-der-leiter-der-diozese-von-berlin-und-deutschland-besuchte-die-apostolische-nuntiatur-und-sprach-sein-beileid-zum-tod-von-papst-franziskus-aus\/#breadcrumb","itemListElement":[{"@type":"ListItem","position":1,"name":"\u0413\u043b\u0430\u0432\u043d\u0430\u044f \u0441\u0442\u0440\u0430\u043d\u0438\u0446\u0430","item":"https:\/\/rokmp.de\/"},{"@type":"ListItem","position":2,"name":"(Deutsch) Der Leiter der Di\u00f6zese von Berlin und Deutschland besuchte die Apostolische Nuntiatur und sprach sein Beileid zum Tod von Papst Franziskus aus"}]},{"@type":"WebSite","@id":"https:\/\/rokmp.de\/#website","url":"https:\/\/rokmp.de\/","name":"Berliner Di\u00f6zese der Russischen Orthodoxen Kirche (Kd\u00f6R)","description":"(\u0420\u0443\u0441\u0441\u043a\u0438\u0439) \u041e\u0444\u0438\u0446\u0438\u0430\u043b\u044c\u043d\u044b\u0439 \u0441\u0430\u0439\u0442 \u0420\u0443\u0441\u0441\u043a\u043e\u0439 \u041f\u0440\u0430\u0432\u043e\u0441\u043b\u0430\u0432\u043d\u043e\u0439 \u0426\u0435\u0440\u043a\u0432\u0438. \u0411\u0435\u0440\u043b\u0438\u043d\u0441\u043a\u043e-\u0413\u0435\u0440\u043c\u0430\u043d\u0441\u043a\u0430\u044f \u0435\u043f\u0430\u0440\u0445\u0438\u044f.","potentialAction":[{"@type":"SearchAction","target":{"@type":"EntryPoint","urlTemplate":"https:\/\/rokmp.de\/?s={search_term_string}"},"query-input":{"@type":"PropertyValueSpecification","valueRequired":true,"valueName":"search_term_string"}}],"inLanguage":"de"},{"@type":"Person","@id":"https:\/\/rokmp.de\/#\/schema\/person\/1e05c7851b376b862ca66f74ee16b275","name":"priester Eugeny Murzin","image":{"@type":"ImageObject","inLanguage":"de","@id":"https:\/\/rokmp.de\/#\/schema\/person\/image\/","url":"https:\/\/secure.gravatar.com\/avatar\/ab0791f77afedc1959682d928966c405d68e155dc34177d2d0970bb7906ee2ad?s=96&d=mm&r=g","contentUrl":"https:\/\/secure.gravatar.com\/avatar\/ab0791f77afedc1959682d928966c405d68e155dc34177d2d0970bb7906ee2ad?s=96&d=mm&r=g","caption":"priester Eugeny Murzin"},"sameAs":["https:\/\/rokmp.de"]}]}},"jetpack_featured_media_url":"https:\/\/rokmp.de\/wp-content\/uploads\/2025\/04\/WhatsApp-Image-2025-04-25-at-19.49.10-1-1.jpeg","jetpack_sharing_enabled":true,"_links":{"self":[{"href":"https:\/\/rokmp.de\/de\/wp-json\/wp\/v2\/posts\/40352","targetHints":{"allow":["GET"]}}],"collection":[{"href":"https:\/\/rokmp.de\/de\/wp-json\/wp\/v2\/posts"}],"about":[{"href":"https:\/\/rokmp.de\/de\/wp-json\/wp\/v2\/types\/post"}],"author":[{"embeddable":true,"href":"https:\/\/rokmp.de\/de\/wp-json\/wp\/v2\/users\/150"}],"replies":[{"embeddable":true,"href":"https:\/\/rokmp.de\/de\/wp-json\/wp\/v2\/comments?post=40352"}],"version-history":[{"count":4,"href":"https:\/\/rokmp.de\/de\/wp-json\/wp\/v2\/posts\/40352\/revisions"}],"predecessor-version":[{"id":40457,"href":"https:\/\/rokmp.de\/de\/wp-json\/wp\/v2\/posts\/40352\/revisions\/40457"}],"wp:featuredmedia":[{"embeddable":true,"href":"https:\/\/rokmp.de\/de\/wp-json\/wp\/v2\/media\/40363"}],"wp:attachment":[{"href":"https:\/\/rokmp.de\/de\/wp-json\/wp\/v2\/media?parent=40352"}],"wp:term":[{"taxonomy":"category","embeddable":true,"href":"https:\/\/rokmp.de\/de\/wp-json\/wp\/v2\/categories?post=40352"},{"taxonomy":"post_tag","embeddable":true,"href":"https:\/\/rokmp.de\/de\/wp-json\/wp\/v2\/tags?post=40352"}],"curies":[{"name":"wp","href":"https:\/\/api.w.org\/{rel}","templated":true}]}}