{"id":40522,"date":"2025-04-27T19:07:02","date_gmt":"2025-04-27T16:07:02","guid":{"rendered":"https:\/\/rokmp.de\/?p=40522"},"modified":"2025-05-11T16:14:08","modified_gmt":"2025-05-11T13:14:08","slug":"deutsch-am-zweiten-sonntag-nach-ostern-nahm-erzbischof-tichon-an-der-grosen-weihe-der-serbischen-kirche-der-auferstehung-christi-in-frankfurt-am-main-teil","status":"publish","type":"post","link":"https:\/\/rokmp.de\/de\/deutsch-am-zweiten-sonntag-nach-ostern-nahm-erzbischof-tichon-an-der-grosen-weihe-der-serbischen-kirche-der-auferstehung-christi-in-frankfurt-am-main-teil\/","title":{"rendered":"Am zweiten Sonntag nach Ostern nahm Erzbischof Tichon an der gro\u00dfen Weihe der serbischen Kirche der Auferstehung Christi in Frankfurt am Main teil"},"content":{"rendered":"<p>Am 27. April 2025, dem zweiten Sonntag nach Ostern (Thomassonntag), nahm Erzbischof Tichon von Ruza, Leiter der Di\u00f6zese von Berlin und Deutschland, auf Einladung von Erzbischof Gregorije, Metropolit von D\u00fcsseldorf und Berlin (Serbische Orthodoxe Kirche), an den Feierlichkeiten zur Gro\u00dfen Weihe der Kirche der Auferstehung Christi in Frankfurt am Main (Land Hessen) teil.<\/p>\n<p>Die Weihe der Kirche und die anschlie\u00dfende G\u00f6ttliche Liturgie wurden von Metropolit Ioannikij von Montenegro und dem K\u00fcstenland geleitet. Gemeinsam zelebrierten Erzbischof Tichon von Ruza sowie mehrere Hierarchen der Serbisch-Orthodoxen Kirche: Metropolit Theodosius von Ra\u0161ka und Prizren, Metropolit Justin von \u017di\u010da, Metropolit Gregorije von Deutschland und Bischof Konstantin von Mitteleuropa. Auch zahlreiche Geistliche der serbischen und russischen orthodoxen Kirche nahmen daran teil.<\/p>\n<p>Der Gottesdienst wurde in serbischer, kirchenslawischer und deutscher Sprache gefeiert.<\/p>\n<p>F\u00fcr seine engagierte Arbeit bei der Vorbereitung der Gro\u00dfen Kirchenweihe wurde der Rektor der Gemeinde, Priester Simon Turkish, in den Rang eines Erzpriesters erhoben und mit einem geschm\u00fcckten Kreuz ausgezeichnet. Nach der Lesung des Evangeliums hielt Metropolit Justin von \u017di\u010da eine Predigt zum Thema der Sonntagslesung, die der Erscheinung des auferstandenen Herrn vor dem Apostel Thomas gewidmet war.<\/p>\n<p>Nach dem Kommunionvers wandte sich Metropolit Gregorije mit einem pastoralen Wort an die Gl\u00e4ubigen und verlieh patriarchale Auszeichnungen. Den Orden des Heiligen K\u00f6nigs Milutin erhielten Laien und Wohlt\u00e4ter, die sich besonders bei der Versch\u00f6nerung und Ausmalung der Kirche verdient gemacht hatten. Eine hohe kirchliche Auszeichnung, der Orden des Heiligen Sava von Serbien (II. Grad), wurde dem Oberb\u00fcrgermeister von Frankfurt am Main, Mike Josef, verliehen.<\/p>\n<p>Im Anschluss an die Liturgie fand ein festlicher Empfang statt, an dem rund 600 G\u00e4ste teilnahmen, die aus verschiedenen deutschen St\u00e4dten angereist waren. Metropolit Gregorije er\u00f6ffnete den Empfang, und Erzbischof Tichon von Ruza hielt eine Begr\u00fc\u00dfungsrede und \u00fcberreichte dem Metropolit Gregorije ein bemaltes Osterei.<\/p>\n<p>Ein Chor sang traditionelle Volkslieder, die Kinderchoreografiegruppe f\u00fchrte Volkst\u00e4nze auf, und auch Mitglieder der \u00c4thiopisch-Orthodoxen Kirche bereicherten das Programm mit dem Gesang von Osterliedern.<\/p>","protected":false},"excerpt":{"rendered":"<p>Am 27. April 2025, dem zweiten Sonntag nach Ostern (Thomassonntag), nahm Erzbischof Tichon von Ruza, Leiter der Di\u00f6zese von Berlin und Deutschland, auf Einladung von Erzbischof Gregorije, Metropolit von D\u00fcsseldorf und Berlin (Serbische Orthodoxe Kirche), an den Feierlichkeiten zur Gro\u00dfen Weihe der Kirche der Auferstehung Christi in Frankfurt am Main (Land Hessen) teil.<\/p>\n","protected":false},"author":150,"featured_media":40425,"comment_status":"open","ping_status":"closed","sticky":false,"template":"","format":"standard","meta":{"_acf_changed":false,"_jetpack_memberships_contains_paid_content":false,"footnotes":""},"categories":[21,16],"tags":[],"class_list":["post-40522","post","type-post","status-publish","format-standard","has-post-thumbnail","hentry","category-aktuell","category-eparh_news"],"acf":[],"yoast_head":"<!-- This site is optimized with the Yoast SEO plugin v24.9 - https:\/\/yoast.com\/wordpress\/plugins\/seo\/ -->\n<title>Am zweiten Sonntag nach Ostern nahm Erzbischof Tichon an der gro\u00dfen Weihe der serbischen Kirche der Auferstehung Christi in Frankfurt am Main teil - Berliner Di\u00f6zese der Russischen Orthodoxen Kirche (Kd\u00f6R)<\/title>\n<meta name=\"robots\" content=\"index, follow, max-snippet:-1, max-image-preview:large, max-video-preview:-1\" \/>\n<link rel=\"canonical\" href=\"https:\/\/rokmp.de\/deutsch-am-zweiten-sonntag-nach-ostern-nahm-erzbischof-tichon-an-der-grosen-weihe-der-serbischen-kirche-der-auferstehung-christi-in-frankfurt-am-main-teil\/\" \/>\n<meta property=\"og:locale\" content=\"de_DE\" \/>\n<meta property=\"og:type\" content=\"article\" \/>\n<meta property=\"og:title\" content=\"Am zweiten Sonntag nach Ostern nahm Erzbischof Tichon an der gro\u00dfen Weihe der serbischen Kirche der Auferstehung Christi in Frankfurt am Main teil - Berliner Di\u00f6zese der Russischen Orthodoxen Kirche (Kd\u00f6R)\" \/>\n<meta property=\"og:description\" content=\"[:de]Am 27. April 2025, dem zweiten Sonntag nach Ostern (Thomassonntag), nahm Erzbischof Tichon von Ruza, Leiter der Di\u00f6zese von Berlin und Deutschland, auf Einladung von Erzbischof Gregorije, Metropolit von D\u00fcsseldorf und Berlin (Serbische Orthodoxe Kirche), an den Feierlichkeiten zur Gro\u00dfen Weihe der Kirche der Auferstehung Christi in Frankfurt am Main (Land Hessen) teil.[:]\" \/>\n<meta property=\"og:url\" content=\"https:\/\/rokmp.de\/deutsch-am-zweiten-sonntag-nach-ostern-nahm-erzbischof-tichon-an-der-grosen-weihe-der-serbischen-kirche-der-auferstehung-christi-in-frankfurt-am-main-teil\/\" \/>\n<meta property=\"og:site_name\" content=\"Berliner Di\u00f6zese der Russischen Orthodoxen Kirche (Kd\u00f6R)\" \/>\n<meta property=\"article:published_time\" content=\"2025-04-27T16:07:02+00:00\" \/>\n<meta property=\"article:modified_time\" content=\"2025-05-11T13:14:08+00:00\" \/>\n<meta property=\"og:image\" content=\"https:\/\/rokmp.de\/wp-content\/uploads\/2025\/04\/WhatsApp-Image-2025-04-27-at-19.21.25.jpeg\" \/>\n\t<meta property=\"og:image:width\" content=\"1600\" \/>\n\t<meta property=\"og:image:height\" content=\"1200\" \/>\n\t<meta property=\"og:image:type\" content=\"image\/jpeg\" \/>\n<meta name=\"author\" content=\"priester Eugeny Murzin\" \/>\n<meta name=\"twitter:card\" content=\"summary_large_image\" \/>\n<meta name=\"twitter:label1\" content=\"Verfasst von\" \/>\n\t<meta name=\"twitter:data1\" content=\"priester Eugeny Murzin\" \/>\n\t<meta name=\"twitter:label2\" content=\"Gesch\u00e4tzte Lesezeit\" \/>\n\t<meta name=\"twitter:data2\" content=\"2\u00a0Minuten\" \/>\n<script type=\"application\/ld+json\" class=\"yoast-schema-graph\">{\"@context\":\"https:\/\/schema.org\",\"@graph\":[{\"@type\":\"WebPage\",\"@id\":\"https:\/\/rokmp.de\/deutsch-am-zweiten-sonntag-nach-ostern-nahm-erzbischof-tichon-an-der-grosen-weihe-der-serbischen-kirche-der-auferstehung-christi-in-frankfurt-am-main-teil\/\",\"url\":\"https:\/\/rokmp.de\/deutsch-am-zweiten-sonntag-nach-ostern-nahm-erzbischof-tichon-an-der-grosen-weihe-der-serbischen-kirche-der-auferstehung-christi-in-frankfurt-am-main-teil\/\",\"name\":\"Am zweiten Sonntag nach Ostern nahm Erzbischof Tichon an der gro\u00dfen Weihe der serbischen Kirche der Auferstehung Christi in Frankfurt am Main teil - Berliner Di\u00f6zese der Russischen Orthodoxen Kirche (Kd\u00f6R)\",\"isPartOf\":{\"@id\":\"https:\/\/rokmp.de\/#website\"},\"primaryImageOfPage\":{\"@id\":\"https:\/\/rokmp.de\/deutsch-am-zweiten-sonntag-nach-ostern-nahm-erzbischof-tichon-an-der-grosen-weihe-der-serbischen-kirche-der-auferstehung-christi-in-frankfurt-am-main-teil\/#primaryimage\"},\"image\":{\"@id\":\"https:\/\/rokmp.de\/deutsch-am-zweiten-sonntag-nach-ostern-nahm-erzbischof-tichon-an-der-grosen-weihe-der-serbischen-kirche-der-auferstehung-christi-in-frankfurt-am-main-teil\/#primaryimage\"},\"thumbnailUrl\":\"https:\/\/rokmp.de\/wp-content\/uploads\/2025\/04\/WhatsApp-Image-2025-04-27-at-19.21.25.jpeg\",\"datePublished\":\"2025-04-27T16:07:02+00:00\",\"dateModified\":\"2025-05-11T13:14:08+00:00\",\"author\":{\"@id\":\"https:\/\/rokmp.de\/#\/schema\/person\/1e05c7851b376b862ca66f74ee16b275\"},\"breadcrumb\":{\"@id\":\"https:\/\/rokmp.de\/deutsch-am-zweiten-sonntag-nach-ostern-nahm-erzbischof-tichon-an-der-grosen-weihe-der-serbischen-kirche-der-auferstehung-christi-in-frankfurt-am-main-teil\/#breadcrumb\"},\"inLanguage\":\"de\",\"potentialAction\":[{\"@type\":\"ReadAction\",\"target\":[\"https:\/\/rokmp.de\/deutsch-am-zweiten-sonntag-nach-ostern-nahm-erzbischof-tichon-an-der-grosen-weihe-der-serbischen-kirche-der-auferstehung-christi-in-frankfurt-am-main-teil\/\"]}]},{\"@type\":\"ImageObject\",\"inLanguage\":\"de\",\"@id\":\"https:\/\/rokmp.de\/deutsch-am-zweiten-sonntag-nach-ostern-nahm-erzbischof-tichon-an-der-grosen-weihe-der-serbischen-kirche-der-auferstehung-christi-in-frankfurt-am-main-teil\/#primaryimage\",\"url\":\"https:\/\/rokmp.de\/wp-content\/uploads\/2025\/04\/WhatsApp-Image-2025-04-27-at-19.21.25.jpeg\",\"contentUrl\":\"https:\/\/rokmp.de\/wp-content\/uploads\/2025\/04\/WhatsApp-Image-2025-04-27-at-19.21.25.jpeg\",\"width\":1600,\"height\":1200},{\"@type\":\"BreadcrumbList\",\"@id\":\"https:\/\/rokmp.de\/deutsch-am-zweiten-sonntag-nach-ostern-nahm-erzbischof-tichon-an-der-grosen-weihe-der-serbischen-kirche-der-auferstehung-christi-in-frankfurt-am-main-teil\/#breadcrumb\",\"itemListElement\":[{\"@type\":\"ListItem\",\"position\":1,\"name\":\"\u0413\u043b\u0430\u0432\u043d\u0430\u044f \u0441\u0442\u0440\u0430\u043d\u0438\u0446\u0430\",\"item\":\"https:\/\/rokmp.de\/\"},{\"@type\":\"ListItem\",\"position\":2,\"name\":\"(Deutsch) Am zweiten Sonntag nach Ostern nahm Erzbischof Tichon an der gro\u00dfen Weihe der serbischen Kirche der Auferstehung Christi in Frankfurt am Main teil\"}]},{\"@type\":\"WebSite\",\"@id\":\"https:\/\/rokmp.de\/#website\",\"url\":\"https:\/\/rokmp.de\/\",\"name\":\"Berliner Di\u00f6zese der Russischen Orthodoxen Kirche (Kd\u00f6R)\",\"description\":\"(\u0420\u0443\u0441\u0441\u043a\u0438\u0439) \u041e\u0444\u0438\u0446\u0438\u0430\u043b\u044c\u043d\u044b\u0439 \u0441\u0430\u0439\u0442 \u0420\u0443\u0441\u0441\u043a\u043e\u0439 \u041f\u0440\u0430\u0432\u043e\u0441\u043b\u0430\u0432\u043d\u043e\u0439 \u0426\u0435\u0440\u043a\u0432\u0438. \u0411\u0435\u0440\u043b\u0438\u043d\u0441\u043a\u043e-\u0413\u0435\u0440\u043c\u0430\u043d\u0441\u043a\u0430\u044f \u0435\u043f\u0430\u0440\u0445\u0438\u044f.\",\"potentialAction\":[{\"@type\":\"SearchAction\",\"target\":{\"@type\":\"EntryPoint\",\"urlTemplate\":\"https:\/\/rokmp.de\/?s={search_term_string}\"},\"query-input\":{\"@type\":\"PropertyValueSpecification\",\"valueRequired\":true,\"valueName\":\"search_term_string\"}}],\"inLanguage\":\"de\"},{\"@type\":\"Person\",\"@id\":\"https:\/\/rokmp.de\/#\/schema\/person\/1e05c7851b376b862ca66f74ee16b275\",\"name\":\"priester Eugeny Murzin\",\"image\":{\"@type\":\"ImageObject\",\"inLanguage\":\"de\",\"@id\":\"https:\/\/rokmp.de\/#\/schema\/person\/image\/\",\"url\":\"https:\/\/secure.gravatar.com\/avatar\/ab0791f77afedc1959682d928966c405d68e155dc34177d2d0970bb7906ee2ad?s=96&d=mm&r=g\",\"contentUrl\":\"https:\/\/secure.gravatar.com\/avatar\/ab0791f77afedc1959682d928966c405d68e155dc34177d2d0970bb7906ee2ad?s=96&d=mm&r=g\",\"caption\":\"priester Eugeny Murzin\"},\"sameAs\":[\"https:\/\/rokmp.de\"]}]}<\/script>\n<!-- \/ Yoast SEO plugin. -->","yoast_head_json":{"title":"Am zweiten Sonntag nach Ostern nahm Erzbischof Tichon an der gro\u00dfen Weihe der serbischen Kirche der Auferstehung Christi in Frankfurt am Main teil - Berliner Di\u00f6zese der Russischen Orthodoxen Kirche (Kd\u00f6R)","robots":{"index":"index","follow":"follow","max-snippet":"max-snippet:-1","max-image-preview":"max-image-preview:large","max-video-preview":"max-video-preview:-1"},"canonical":"https:\/\/rokmp.de\/deutsch-am-zweiten-sonntag-nach-ostern-nahm-erzbischof-tichon-an-der-grosen-weihe-der-serbischen-kirche-der-auferstehung-christi-in-frankfurt-am-main-teil\/","og_locale":"de_DE","og_type":"article","og_title":"Am zweiten Sonntag nach Ostern nahm Erzbischof Tichon an der gro\u00dfen Weihe der serbischen Kirche der Auferstehung Christi in Frankfurt am Main teil - Berliner Di\u00f6zese der Russischen Orthodoxen Kirche (Kd\u00f6R)","og_description":"[:de]Am 27. April 2025, dem zweiten Sonntag nach Ostern (Thomassonntag), nahm Erzbischof Tichon von Ruza, Leiter der Di\u00f6zese von Berlin und Deutschland, auf Einladung von Erzbischof Gregorije, Metropolit von D\u00fcsseldorf und Berlin (Serbische Orthodoxe Kirche), an den Feierlichkeiten zur Gro\u00dfen Weihe der Kirche der Auferstehung Christi in Frankfurt am Main (Land Hessen) teil.[:]","og_url":"https:\/\/rokmp.de\/deutsch-am-zweiten-sonntag-nach-ostern-nahm-erzbischof-tichon-an-der-grosen-weihe-der-serbischen-kirche-der-auferstehung-christi-in-frankfurt-am-main-teil\/","og_site_name":"Berliner Di\u00f6zese der Russischen Orthodoxen Kirche (Kd\u00f6R)","article_published_time":"2025-04-27T16:07:02+00:00","article_modified_time":"2025-05-11T13:14:08+00:00","og_image":[{"width":1600,"height":1200,"url":"https:\/\/rokmp.de\/wp-content\/uploads\/2025\/04\/WhatsApp-Image-2025-04-27-at-19.21.25.jpeg","type":"image\/jpeg"}],"author":"priester Eugeny Murzin","twitter_card":"summary_large_image","twitter_misc":{"Verfasst von":"priester Eugeny Murzin","Gesch\u00e4tzte Lesezeit":"2\u00a0Minuten"},"schema":{"@context":"https:\/\/schema.org","@graph":[{"@type":"WebPage","@id":"https:\/\/rokmp.de\/deutsch-am-zweiten-sonntag-nach-ostern-nahm-erzbischof-tichon-an-der-grosen-weihe-der-serbischen-kirche-der-auferstehung-christi-in-frankfurt-am-main-teil\/","url":"https:\/\/rokmp.de\/deutsch-am-zweiten-sonntag-nach-ostern-nahm-erzbischof-tichon-an-der-grosen-weihe-der-serbischen-kirche-der-auferstehung-christi-in-frankfurt-am-main-teil\/","name":"Am zweiten Sonntag nach Ostern nahm Erzbischof Tichon an der gro\u00dfen Weihe der serbischen Kirche der Auferstehung Christi in Frankfurt am Main teil - Berliner Di\u00f6zese der Russischen Orthodoxen Kirche (Kd\u00f6R)","isPartOf":{"@id":"https:\/\/rokmp.de\/#website"},"primaryImageOfPage":{"@id":"https:\/\/rokmp.de\/deutsch-am-zweiten-sonntag-nach-ostern-nahm-erzbischof-tichon-an-der-grosen-weihe-der-serbischen-kirche-der-auferstehung-christi-in-frankfurt-am-main-teil\/#primaryimage"},"image":{"@id":"https:\/\/rokmp.de\/deutsch-am-zweiten-sonntag-nach-ostern-nahm-erzbischof-tichon-an-der-grosen-weihe-der-serbischen-kirche-der-auferstehung-christi-in-frankfurt-am-main-teil\/#primaryimage"},"thumbnailUrl":"https:\/\/rokmp.de\/wp-content\/uploads\/2025\/04\/WhatsApp-Image-2025-04-27-at-19.21.25.jpeg","datePublished":"2025-04-27T16:07:02+00:00","dateModified":"2025-05-11T13:14:08+00:00","author":{"@id":"https:\/\/rokmp.de\/#\/schema\/person\/1e05c7851b376b862ca66f74ee16b275"},"breadcrumb":{"@id":"https:\/\/rokmp.de\/deutsch-am-zweiten-sonntag-nach-ostern-nahm-erzbischof-tichon-an-der-grosen-weihe-der-serbischen-kirche-der-auferstehung-christi-in-frankfurt-am-main-teil\/#breadcrumb"},"inLanguage":"de","potentialAction":[{"@type":"ReadAction","target":["https:\/\/rokmp.de\/deutsch-am-zweiten-sonntag-nach-ostern-nahm-erzbischof-tichon-an-der-grosen-weihe-der-serbischen-kirche-der-auferstehung-christi-in-frankfurt-am-main-teil\/"]}]},{"@type":"ImageObject","inLanguage":"de","@id":"https:\/\/rokmp.de\/deutsch-am-zweiten-sonntag-nach-ostern-nahm-erzbischof-tichon-an-der-grosen-weihe-der-serbischen-kirche-der-auferstehung-christi-in-frankfurt-am-main-teil\/#primaryimage","url":"https:\/\/rokmp.de\/wp-content\/uploads\/2025\/04\/WhatsApp-Image-2025-04-27-at-19.21.25.jpeg","contentUrl":"https:\/\/rokmp.de\/wp-content\/uploads\/2025\/04\/WhatsApp-Image-2025-04-27-at-19.21.25.jpeg","width":1600,"height":1200},{"@type":"BreadcrumbList","@id":"https:\/\/rokmp.de\/deutsch-am-zweiten-sonntag-nach-ostern-nahm-erzbischof-tichon-an-der-grosen-weihe-der-serbischen-kirche-der-auferstehung-christi-in-frankfurt-am-main-teil\/#breadcrumb","itemListElement":[{"@type":"ListItem","position":1,"name":"\u0413\u043b\u0430\u0432\u043d\u0430\u044f \u0441\u0442\u0440\u0430\u043d\u0438\u0446\u0430","item":"https:\/\/rokmp.de\/"},{"@type":"ListItem","position":2,"name":"(Deutsch) Am zweiten Sonntag nach Ostern nahm Erzbischof Tichon an der gro\u00dfen Weihe der serbischen Kirche der Auferstehung Christi in Frankfurt am Main teil"}]},{"@type":"WebSite","@id":"https:\/\/rokmp.de\/#website","url":"https:\/\/rokmp.de\/","name":"Berliner Di\u00f6zese der Russischen Orthodoxen Kirche (Kd\u00f6R)","description":"(\u0420\u0443\u0441\u0441\u043a\u0438\u0439) \u041e\u0444\u0438\u0446\u0438\u0430\u043b\u044c\u043d\u044b\u0439 \u0441\u0430\u0439\u0442 \u0420\u0443\u0441\u0441\u043a\u043e\u0439 \u041f\u0440\u0430\u0432\u043e\u0441\u043b\u0430\u0432\u043d\u043e\u0439 \u0426\u0435\u0440\u043a\u0432\u0438. \u0411\u0435\u0440\u043b\u0438\u043d\u0441\u043a\u043e-\u0413\u0435\u0440\u043c\u0430\u043d\u0441\u043a\u0430\u044f \u0435\u043f\u0430\u0440\u0445\u0438\u044f.","potentialAction":[{"@type":"SearchAction","target":{"@type":"EntryPoint","urlTemplate":"https:\/\/rokmp.de\/?s={search_term_string}"},"query-input":{"@type":"PropertyValueSpecification","valueRequired":true,"valueName":"search_term_string"}}],"inLanguage":"de"},{"@type":"Person","@id":"https:\/\/rokmp.de\/#\/schema\/person\/1e05c7851b376b862ca66f74ee16b275","name":"priester Eugeny Murzin","image":{"@type":"ImageObject","inLanguage":"de","@id":"https:\/\/rokmp.de\/#\/schema\/person\/image\/","url":"https:\/\/secure.gravatar.com\/avatar\/ab0791f77afedc1959682d928966c405d68e155dc34177d2d0970bb7906ee2ad?s=96&d=mm&r=g","contentUrl":"https:\/\/secure.gravatar.com\/avatar\/ab0791f77afedc1959682d928966c405d68e155dc34177d2d0970bb7906ee2ad?s=96&d=mm&r=g","caption":"priester Eugeny Murzin"},"sameAs":["https:\/\/rokmp.de"]}]}},"jetpack_featured_media_url":"https:\/\/rokmp.de\/wp-content\/uploads\/2025\/04\/WhatsApp-Image-2025-04-27-at-19.21.25.jpeg","jetpack_sharing_enabled":true,"_links":{"self":[{"href":"https:\/\/rokmp.de\/de\/wp-json\/wp\/v2\/posts\/40522","targetHints":{"allow":["GET"]}}],"collection":[{"href":"https:\/\/rokmp.de\/de\/wp-json\/wp\/v2\/posts"}],"about":[{"href":"https:\/\/rokmp.de\/de\/wp-json\/wp\/v2\/types\/post"}],"author":[{"embeddable":true,"href":"https:\/\/rokmp.de\/de\/wp-json\/wp\/v2\/users\/150"}],"replies":[{"embeddable":true,"href":"https:\/\/rokmp.de\/de\/wp-json\/wp\/v2\/comments?post=40522"}],"version-history":[{"count":2,"href":"https:\/\/rokmp.de\/de\/wp-json\/wp\/v2\/posts\/40522\/revisions"}],"predecessor-version":[{"id":40595,"href":"https:\/\/rokmp.de\/de\/wp-json\/wp\/v2\/posts\/40522\/revisions\/40595"}],"wp:featuredmedia":[{"embeddable":true,"href":"https:\/\/rokmp.de\/de\/wp-json\/wp\/v2\/media\/40425"}],"wp:attachment":[{"href":"https:\/\/rokmp.de\/de\/wp-json\/wp\/v2\/media?parent=40522"}],"wp:term":[{"taxonomy":"category","embeddable":true,"href":"https:\/\/rokmp.de\/de\/wp-json\/wp\/v2\/categories?post=40522"},{"taxonomy":"post_tag","embeddable":true,"href":"https:\/\/rokmp.de\/de\/wp-json\/wp\/v2\/tags?post=40522"}],"curies":[{"name":"wp","href":"https:\/\/api.w.org\/{rel}","templated":true}]}}