{"id":40593,"date":"2025-05-01T16:12:29","date_gmt":"2025-05-01T13:12:29","guid":{"rendered":"https:\/\/rokmp.de\/?p=40593"},"modified":"2025-05-11T16:13:18","modified_gmt":"2025-05-11T13:13:18","slug":"deutsch-anlasslich-des-50-jahrigen-dienstjubilaums-von-metropolit-markus-von-berlin-und-deutschland-rocor-im-priesterlichen-dienst-fanden-in-munchen-feierlichkeiten-statt","status":"publish","type":"post","link":"https:\/\/rokmp.de\/de\/deutsch-anlasslich-des-50-jahrigen-dienstjubilaums-von-metropolit-markus-von-berlin-und-deutschland-rocor-im-priesterlichen-dienst-fanden-in-munchen-feierlichkeiten-statt\/","title":{"rendered":"Anl\u00e4sslich des 50-j\u00e4hrigen Dienstjubil\u00e4ums von Metropolit Markus von Berlin und Deutschland (ROCOR) im priesterlichen Dienst fanden in M\u00fcnchen Feierlichkeiten statt"},"content":{"rendered":"<p>Am 1. Mai 2025, Donnerstag der dritten Osterwoche, nahm Erzbischof Tichon von Ruza, Leiter der Di\u00f6zese von Berlin und Deutschland, an den kirchlichen Feierlichkeiten anl\u00e4sslich des 50-j\u00e4hrigen Dienstjubil\u00e4ums von Metropolit Mark von Berlin und Deutschland (ROCOR) teil.<\/p>\n<p>Am Tag zuvor, am 30. April, beteten die Hierarchen und Geistlichen, die zur Feier des Jubil\u00e4ums angereist waren, beim Abendgottesdienst im Kloster St. Elisabeth in Buchendorf, einem Vorort von M\u00fcnchen.<\/p>\n<p>Die G\u00f6ttliche Liturgie, die in der Kathedrale zu Ehren der neuen M\u00e4rtyrer und Bekenner der Russischen Kirche in M\u00fcnchen gefeiert wurde, wurde von Metropolit Nikolaus von Ost-Amerika und New York, dem Ersten Hierarchen der Russischen Kirche im Ausland, geleitet. Erzbischof Tichon von Ruza, Leiter der Di\u00f6zese von Berlin und Deutschland, Metropolit Mark von Berlin und Deutschland (ROCOR), Erzbischof Gregorije von D\u00fcsseldorf-Berlin, Metropolit von ganz Deutschland (Serbische Orthodoxe Kirche), Metropolit Ioannikij von Montenegro und Primorje, Metropolit Seraphim von West- und Nordeuropa (Rum\u00e4nische Orthodoxe Kirche), Bischof Irinej von London und Westeuropa (ROCOR), Bischof Job von Stuttgart (ROCOR), Bischof Alexander von Vevey (ROCOR) haben mit Seiner Eminenz gefeiert.<\/p>\n<p>Vor Beginn der Liturgie wurde die Ikone der Mutter Gottes von Kursk in die Kirche gebracht.<\/p>\n<p>Der Gottesdienst wurde in Kirchenslawisch, Serbisch und Deutsch gehalten.<\/p>\n<p>Nach der inst\u00e4ndigen Litanei wurde ein Gebet f\u00fcr den Frieden gesprochen.<\/p>\n<p>Am Ende der g\u00f6ttlichen Liturgie gratulierte der Vorsteher der Russisch-Orthodoxen Kirche im Ausland Metropolit Mark, indem er die Urkunde der Bischofssynode vorgelesen hat und sie dem Jubilar \u00fcberreichte. Erzbischof Tichon von Ruza gratulierte Metropolit Mark im Namen der Deutsch-Berliner Di\u00f6zese und \u00fcberreichte ihm einen Blumenstrau\u00df. Anschlie\u00dfend hat er die Gl\u00fcckwunschrede von Metropolit Ambrosius von Twer und Kaschin, dem Vorsitzenden der Synodalen Liturgiekommission vorgelesen. Der Chor sang \u00abAuf viele Jahre\u00bb.<\/p>\n<p>Metropolit Mark dankte den Bisch\u00f6fen f\u00fcr die Freude an der Gebetsgemeinschaft sowie f\u00fcr die Hilfe, die er in all den Jahren bei den Geistlichen, M\u00f6nchen und Laien der Di\u00f6zese gefunden habe.<\/p>","protected":false},"excerpt":{"rendered":"<p>Am 1. Mai 2025, Donnerstag der dritten Osterwoche, nahm Erzbischof Tichon von Ruza, Leiter der Di\u00f6zese von Berlin und Deutschland, an den kirchlichen Feierlichkeiten anl\u00e4sslich des 50-j\u00e4hrigen Dienstjubil\u00e4ums von Metropolit Mark von Berlin und Deutschland (ROCOR) teil.<\/p>\n","protected":false},"author":150,"featured_media":40473,"comment_status":"open","ping_status":"closed","sticky":false,"template":"","format":"standard","meta":{"_acf_changed":false,"_jetpack_memberships_contains_paid_content":false,"footnotes":""},"categories":[21,16],"tags":[],"class_list":["post-40593","post","type-post","status-publish","format-standard","has-post-thumbnail","hentry","category-aktuell","category-eparh_news"],"acf":[],"yoast_head":"<!-- This site is optimized with the Yoast SEO plugin v24.9 - https:\/\/yoast.com\/wordpress\/plugins\/seo\/ -->\n<title>Anl\u00e4sslich des 50-j\u00e4hrigen Dienstjubil\u00e4ums von Metropolit Markus von Berlin und Deutschland (ROCOR) im priesterlichen Dienst fanden in M\u00fcnchen Feierlichkeiten statt - Berliner Di\u00f6zese der Russischen Orthodoxen Kirche (Kd\u00f6R)<\/title>\n<meta name=\"robots\" content=\"index, follow, max-snippet:-1, max-image-preview:large, max-video-preview:-1\" \/>\n<link rel=\"canonical\" href=\"https:\/\/rokmp.de\/deutsch-anlasslich-des-50-jahrigen-dienstjubilaums-von-metropolit-markus-von-berlin-und-deutschland-rocor-im-priesterlichen-dienst-fanden-in-munchen-feierlichkeiten-statt\/\" \/>\n<meta property=\"og:locale\" content=\"de_DE\" \/>\n<meta property=\"og:type\" content=\"article\" \/>\n<meta property=\"og:title\" content=\"Anl\u00e4sslich des 50-j\u00e4hrigen Dienstjubil\u00e4ums von Metropolit Markus von Berlin und Deutschland (ROCOR) im priesterlichen Dienst fanden in M\u00fcnchen Feierlichkeiten statt - Berliner Di\u00f6zese der Russischen Orthodoxen Kirche (Kd\u00f6R)\" \/>\n<meta property=\"og:description\" content=\"[:de]Am 1. Mai 2025, Donnerstag der dritten Osterwoche, nahm Erzbischof Tichon von Ruza, Leiter der Di\u00f6zese von Berlin und Deutschland, an den kirchlichen Feierlichkeiten anl\u00e4sslich des 50-j\u00e4hrigen Dienstjubil\u00e4ums von Metropolit Mark von Berlin und Deutschland (ROCOR) teil.[:]\" \/>\n<meta property=\"og:url\" content=\"https:\/\/rokmp.de\/deutsch-anlasslich-des-50-jahrigen-dienstjubilaums-von-metropolit-markus-von-berlin-und-deutschland-rocor-im-priesterlichen-dienst-fanden-in-munchen-feierlichkeiten-statt\/\" \/>\n<meta property=\"og:site_name\" content=\"Berliner Di\u00f6zese der Russischen Orthodoxen Kirche (Kd\u00f6R)\" \/>\n<meta property=\"article:published_time\" content=\"2025-05-01T13:12:29+00:00\" \/>\n<meta property=\"article:modified_time\" content=\"2025-05-11T13:13:18+00:00\" \/>\n<meta property=\"og:image\" content=\"https:\/\/rokmp.de\/wp-content\/uploads\/2025\/05\/WhatsApp-Image-2025-05-02-at-09.39.45-2.jpeg\" \/>\n\t<meta property=\"og:image:width\" content=\"1600\" \/>\n\t<meta property=\"og:image:height\" content=\"1200\" \/>\n\t<meta property=\"og:image:type\" content=\"image\/jpeg\" \/>\n<meta name=\"author\" content=\"priester Eugeny Murzin\" \/>\n<meta name=\"twitter:card\" content=\"summary_large_image\" \/>\n<meta name=\"twitter:label1\" content=\"Verfasst von\" \/>\n\t<meta name=\"twitter:data1\" content=\"priester Eugeny Murzin\" \/>\n\t<meta name=\"twitter:label2\" content=\"Gesch\u00e4tzte Lesezeit\" \/>\n\t<meta name=\"twitter:data2\" content=\"2\u00a0Minuten\" \/>\n<script type=\"application\/ld+json\" class=\"yoast-schema-graph\">{\"@context\":\"https:\/\/schema.org\",\"@graph\":[{\"@type\":\"WebPage\",\"@id\":\"https:\/\/rokmp.de\/deutsch-anlasslich-des-50-jahrigen-dienstjubilaums-von-metropolit-markus-von-berlin-und-deutschland-rocor-im-priesterlichen-dienst-fanden-in-munchen-feierlichkeiten-statt\/\",\"url\":\"https:\/\/rokmp.de\/deutsch-anlasslich-des-50-jahrigen-dienstjubilaums-von-metropolit-markus-von-berlin-und-deutschland-rocor-im-priesterlichen-dienst-fanden-in-munchen-feierlichkeiten-statt\/\",\"name\":\"Anl\u00e4sslich des 50-j\u00e4hrigen Dienstjubil\u00e4ums von Metropolit Markus von Berlin und Deutschland (ROCOR) im priesterlichen Dienst fanden in M\u00fcnchen Feierlichkeiten statt - Berliner Di\u00f6zese der Russischen Orthodoxen Kirche (Kd\u00f6R)\",\"isPartOf\":{\"@id\":\"https:\/\/rokmp.de\/#website\"},\"primaryImageOfPage\":{\"@id\":\"https:\/\/rokmp.de\/deutsch-anlasslich-des-50-jahrigen-dienstjubilaums-von-metropolit-markus-von-berlin-und-deutschland-rocor-im-priesterlichen-dienst-fanden-in-munchen-feierlichkeiten-statt\/#primaryimage\"},\"image\":{\"@id\":\"https:\/\/rokmp.de\/deutsch-anlasslich-des-50-jahrigen-dienstjubilaums-von-metropolit-markus-von-berlin-und-deutschland-rocor-im-priesterlichen-dienst-fanden-in-munchen-feierlichkeiten-statt\/#primaryimage\"},\"thumbnailUrl\":\"https:\/\/rokmp.de\/wp-content\/uploads\/2025\/05\/WhatsApp-Image-2025-05-02-at-09.39.45-2.jpeg\",\"datePublished\":\"2025-05-01T13:12:29+00:00\",\"dateModified\":\"2025-05-11T13:13:18+00:00\",\"author\":{\"@id\":\"https:\/\/rokmp.de\/#\/schema\/person\/1e05c7851b376b862ca66f74ee16b275\"},\"breadcrumb\":{\"@id\":\"https:\/\/rokmp.de\/deutsch-anlasslich-des-50-jahrigen-dienstjubilaums-von-metropolit-markus-von-berlin-und-deutschland-rocor-im-priesterlichen-dienst-fanden-in-munchen-feierlichkeiten-statt\/#breadcrumb\"},\"inLanguage\":\"de\",\"potentialAction\":[{\"@type\":\"ReadAction\",\"target\":[\"https:\/\/rokmp.de\/deutsch-anlasslich-des-50-jahrigen-dienstjubilaums-von-metropolit-markus-von-berlin-und-deutschland-rocor-im-priesterlichen-dienst-fanden-in-munchen-feierlichkeiten-statt\/\"]}]},{\"@type\":\"ImageObject\",\"inLanguage\":\"de\",\"@id\":\"https:\/\/rokmp.de\/deutsch-anlasslich-des-50-jahrigen-dienstjubilaums-von-metropolit-markus-von-berlin-und-deutschland-rocor-im-priesterlichen-dienst-fanden-in-munchen-feierlichkeiten-statt\/#primaryimage\",\"url\":\"https:\/\/rokmp.de\/wp-content\/uploads\/2025\/05\/WhatsApp-Image-2025-05-02-at-09.39.45-2.jpeg\",\"contentUrl\":\"https:\/\/rokmp.de\/wp-content\/uploads\/2025\/05\/WhatsApp-Image-2025-05-02-at-09.39.45-2.jpeg\",\"width\":1600,\"height\":1200},{\"@type\":\"BreadcrumbList\",\"@id\":\"https:\/\/rokmp.de\/deutsch-anlasslich-des-50-jahrigen-dienstjubilaums-von-metropolit-markus-von-berlin-und-deutschland-rocor-im-priesterlichen-dienst-fanden-in-munchen-feierlichkeiten-statt\/#breadcrumb\",\"itemListElement\":[{\"@type\":\"ListItem\",\"position\":1,\"name\":\"\u0413\u043b\u0430\u0432\u043d\u0430\u044f \u0441\u0442\u0440\u0430\u043d\u0438\u0446\u0430\",\"item\":\"https:\/\/rokmp.de\/\"},{\"@type\":\"ListItem\",\"position\":2,\"name\":\"(Deutsch) Anl\u00e4sslich des 50-j\u00e4hrigen Dienstjubil\u00e4ums von Metropolit Markus von Berlin und Deutschland (ROCOR) im priesterlichen Dienst fanden in M\u00fcnchen Feierlichkeiten statt\"}]},{\"@type\":\"WebSite\",\"@id\":\"https:\/\/rokmp.de\/#website\",\"url\":\"https:\/\/rokmp.de\/\",\"name\":\"Berliner Di\u00f6zese der Russischen Orthodoxen Kirche (Kd\u00f6R)\",\"description\":\"(\u0420\u0443\u0441\u0441\u043a\u0438\u0439) \u041e\u0444\u0438\u0446\u0438\u0430\u043b\u044c\u043d\u044b\u0439 \u0441\u0430\u0439\u0442 \u0420\u0443\u0441\u0441\u043a\u043e\u0439 \u041f\u0440\u0430\u0432\u043e\u0441\u043b\u0430\u0432\u043d\u043e\u0439 \u0426\u0435\u0440\u043a\u0432\u0438. \u0411\u0435\u0440\u043b\u0438\u043d\u0441\u043a\u043e-\u0413\u0435\u0440\u043c\u0430\u043d\u0441\u043a\u0430\u044f \u0435\u043f\u0430\u0440\u0445\u0438\u044f.\",\"potentialAction\":[{\"@type\":\"SearchAction\",\"target\":{\"@type\":\"EntryPoint\",\"urlTemplate\":\"https:\/\/rokmp.de\/?s={search_term_string}\"},\"query-input\":{\"@type\":\"PropertyValueSpecification\",\"valueRequired\":true,\"valueName\":\"search_term_string\"}}],\"inLanguage\":\"de\"},{\"@type\":\"Person\",\"@id\":\"https:\/\/rokmp.de\/#\/schema\/person\/1e05c7851b376b862ca66f74ee16b275\",\"name\":\"priester Eugeny Murzin\",\"image\":{\"@type\":\"ImageObject\",\"inLanguage\":\"de\",\"@id\":\"https:\/\/rokmp.de\/#\/schema\/person\/image\/\",\"url\":\"https:\/\/secure.gravatar.com\/avatar\/ab0791f77afedc1959682d928966c405d68e155dc34177d2d0970bb7906ee2ad?s=96&d=mm&r=g\",\"contentUrl\":\"https:\/\/secure.gravatar.com\/avatar\/ab0791f77afedc1959682d928966c405d68e155dc34177d2d0970bb7906ee2ad?s=96&d=mm&r=g\",\"caption\":\"priester Eugeny Murzin\"},\"sameAs\":[\"https:\/\/rokmp.de\"]}]}<\/script>\n<!-- \/ Yoast SEO plugin. -->","yoast_head_json":{"title":"Anl\u00e4sslich des 50-j\u00e4hrigen Dienstjubil\u00e4ums von Metropolit Markus von Berlin und Deutschland (ROCOR) im priesterlichen Dienst fanden in M\u00fcnchen Feierlichkeiten statt - Berliner Di\u00f6zese der Russischen Orthodoxen Kirche (Kd\u00f6R)","robots":{"index":"index","follow":"follow","max-snippet":"max-snippet:-1","max-image-preview":"max-image-preview:large","max-video-preview":"max-video-preview:-1"},"canonical":"https:\/\/rokmp.de\/deutsch-anlasslich-des-50-jahrigen-dienstjubilaums-von-metropolit-markus-von-berlin-und-deutschland-rocor-im-priesterlichen-dienst-fanden-in-munchen-feierlichkeiten-statt\/","og_locale":"de_DE","og_type":"article","og_title":"Anl\u00e4sslich des 50-j\u00e4hrigen Dienstjubil\u00e4ums von Metropolit Markus von Berlin und Deutschland (ROCOR) im priesterlichen Dienst fanden in M\u00fcnchen Feierlichkeiten statt - Berliner Di\u00f6zese der Russischen Orthodoxen Kirche (Kd\u00f6R)","og_description":"[:de]Am 1. Mai 2025, Donnerstag der dritten Osterwoche, nahm Erzbischof Tichon von Ruza, Leiter der Di\u00f6zese von Berlin und Deutschland, an den kirchlichen Feierlichkeiten anl\u00e4sslich des 50-j\u00e4hrigen Dienstjubil\u00e4ums von Metropolit Mark von Berlin und Deutschland (ROCOR) teil.[:]","og_url":"https:\/\/rokmp.de\/deutsch-anlasslich-des-50-jahrigen-dienstjubilaums-von-metropolit-markus-von-berlin-und-deutschland-rocor-im-priesterlichen-dienst-fanden-in-munchen-feierlichkeiten-statt\/","og_site_name":"Berliner Di\u00f6zese der Russischen Orthodoxen Kirche (Kd\u00f6R)","article_published_time":"2025-05-01T13:12:29+00:00","article_modified_time":"2025-05-11T13:13:18+00:00","og_image":[{"width":1600,"height":1200,"url":"https:\/\/rokmp.de\/wp-content\/uploads\/2025\/05\/WhatsApp-Image-2025-05-02-at-09.39.45-2.jpeg","type":"image\/jpeg"}],"author":"priester Eugeny Murzin","twitter_card":"summary_large_image","twitter_misc":{"Verfasst von":"priester Eugeny Murzin","Gesch\u00e4tzte Lesezeit":"2\u00a0Minuten"},"schema":{"@context":"https:\/\/schema.org","@graph":[{"@type":"WebPage","@id":"https:\/\/rokmp.de\/deutsch-anlasslich-des-50-jahrigen-dienstjubilaums-von-metropolit-markus-von-berlin-und-deutschland-rocor-im-priesterlichen-dienst-fanden-in-munchen-feierlichkeiten-statt\/","url":"https:\/\/rokmp.de\/deutsch-anlasslich-des-50-jahrigen-dienstjubilaums-von-metropolit-markus-von-berlin-und-deutschland-rocor-im-priesterlichen-dienst-fanden-in-munchen-feierlichkeiten-statt\/","name":"Anl\u00e4sslich des 50-j\u00e4hrigen Dienstjubil\u00e4ums von Metropolit Markus von Berlin und Deutschland (ROCOR) im priesterlichen Dienst fanden in M\u00fcnchen Feierlichkeiten statt - Berliner Di\u00f6zese der Russischen Orthodoxen Kirche (Kd\u00f6R)","isPartOf":{"@id":"https:\/\/rokmp.de\/#website"},"primaryImageOfPage":{"@id":"https:\/\/rokmp.de\/deutsch-anlasslich-des-50-jahrigen-dienstjubilaums-von-metropolit-markus-von-berlin-und-deutschland-rocor-im-priesterlichen-dienst-fanden-in-munchen-feierlichkeiten-statt\/#primaryimage"},"image":{"@id":"https:\/\/rokmp.de\/deutsch-anlasslich-des-50-jahrigen-dienstjubilaums-von-metropolit-markus-von-berlin-und-deutschland-rocor-im-priesterlichen-dienst-fanden-in-munchen-feierlichkeiten-statt\/#primaryimage"},"thumbnailUrl":"https:\/\/rokmp.de\/wp-content\/uploads\/2025\/05\/WhatsApp-Image-2025-05-02-at-09.39.45-2.jpeg","datePublished":"2025-05-01T13:12:29+00:00","dateModified":"2025-05-11T13:13:18+00:00","author":{"@id":"https:\/\/rokmp.de\/#\/schema\/person\/1e05c7851b376b862ca66f74ee16b275"},"breadcrumb":{"@id":"https:\/\/rokmp.de\/deutsch-anlasslich-des-50-jahrigen-dienstjubilaums-von-metropolit-markus-von-berlin-und-deutschland-rocor-im-priesterlichen-dienst-fanden-in-munchen-feierlichkeiten-statt\/#breadcrumb"},"inLanguage":"de","potentialAction":[{"@type":"ReadAction","target":["https:\/\/rokmp.de\/deutsch-anlasslich-des-50-jahrigen-dienstjubilaums-von-metropolit-markus-von-berlin-und-deutschland-rocor-im-priesterlichen-dienst-fanden-in-munchen-feierlichkeiten-statt\/"]}]},{"@type":"ImageObject","inLanguage":"de","@id":"https:\/\/rokmp.de\/deutsch-anlasslich-des-50-jahrigen-dienstjubilaums-von-metropolit-markus-von-berlin-und-deutschland-rocor-im-priesterlichen-dienst-fanden-in-munchen-feierlichkeiten-statt\/#primaryimage","url":"https:\/\/rokmp.de\/wp-content\/uploads\/2025\/05\/WhatsApp-Image-2025-05-02-at-09.39.45-2.jpeg","contentUrl":"https:\/\/rokmp.de\/wp-content\/uploads\/2025\/05\/WhatsApp-Image-2025-05-02-at-09.39.45-2.jpeg","width":1600,"height":1200},{"@type":"BreadcrumbList","@id":"https:\/\/rokmp.de\/deutsch-anlasslich-des-50-jahrigen-dienstjubilaums-von-metropolit-markus-von-berlin-und-deutschland-rocor-im-priesterlichen-dienst-fanden-in-munchen-feierlichkeiten-statt\/#breadcrumb","itemListElement":[{"@type":"ListItem","position":1,"name":"\u0413\u043b\u0430\u0432\u043d\u0430\u044f \u0441\u0442\u0440\u0430\u043d\u0438\u0446\u0430","item":"https:\/\/rokmp.de\/"},{"@type":"ListItem","position":2,"name":"(Deutsch) Anl\u00e4sslich des 50-j\u00e4hrigen Dienstjubil\u00e4ums von Metropolit Markus von Berlin und Deutschland (ROCOR) im priesterlichen Dienst fanden in M\u00fcnchen Feierlichkeiten statt"}]},{"@type":"WebSite","@id":"https:\/\/rokmp.de\/#website","url":"https:\/\/rokmp.de\/","name":"Berliner Di\u00f6zese der Russischen Orthodoxen Kirche (Kd\u00f6R)","description":"(\u0420\u0443\u0441\u0441\u043a\u0438\u0439) \u041e\u0444\u0438\u0446\u0438\u0430\u043b\u044c\u043d\u044b\u0439 \u0441\u0430\u0439\u0442 \u0420\u0443\u0441\u0441\u043a\u043e\u0439 \u041f\u0440\u0430\u0432\u043e\u0441\u043b\u0430\u0432\u043d\u043e\u0439 \u0426\u0435\u0440\u043a\u0432\u0438. \u0411\u0435\u0440\u043b\u0438\u043d\u0441\u043a\u043e-\u0413\u0435\u0440\u043c\u0430\u043d\u0441\u043a\u0430\u044f \u0435\u043f\u0430\u0440\u0445\u0438\u044f.","potentialAction":[{"@type":"SearchAction","target":{"@type":"EntryPoint","urlTemplate":"https:\/\/rokmp.de\/?s={search_term_string}"},"query-input":{"@type":"PropertyValueSpecification","valueRequired":true,"valueName":"search_term_string"}}],"inLanguage":"de"},{"@type":"Person","@id":"https:\/\/rokmp.de\/#\/schema\/person\/1e05c7851b376b862ca66f74ee16b275","name":"priester Eugeny Murzin","image":{"@type":"ImageObject","inLanguage":"de","@id":"https:\/\/rokmp.de\/#\/schema\/person\/image\/","url":"https:\/\/secure.gravatar.com\/avatar\/ab0791f77afedc1959682d928966c405d68e155dc34177d2d0970bb7906ee2ad?s=96&d=mm&r=g","contentUrl":"https:\/\/secure.gravatar.com\/avatar\/ab0791f77afedc1959682d928966c405d68e155dc34177d2d0970bb7906ee2ad?s=96&d=mm&r=g","caption":"priester Eugeny Murzin"},"sameAs":["https:\/\/rokmp.de"]}]}},"jetpack_featured_media_url":"https:\/\/rokmp.de\/wp-content\/uploads\/2025\/05\/WhatsApp-Image-2025-05-02-at-09.39.45-2.jpeg","jetpack_sharing_enabled":true,"_links":{"self":[{"href":"https:\/\/rokmp.de\/de\/wp-json\/wp\/v2\/posts\/40593","targetHints":{"allow":["GET"]}}],"collection":[{"href":"https:\/\/rokmp.de\/de\/wp-json\/wp\/v2\/posts"}],"about":[{"href":"https:\/\/rokmp.de\/de\/wp-json\/wp\/v2\/types\/post"}],"author":[{"embeddable":true,"href":"https:\/\/rokmp.de\/de\/wp-json\/wp\/v2\/users\/150"}],"replies":[{"embeddable":true,"href":"https:\/\/rokmp.de\/de\/wp-json\/wp\/v2\/comments?post=40593"}],"version-history":[{"count":1,"href":"https:\/\/rokmp.de\/de\/wp-json\/wp\/v2\/posts\/40593\/revisions"}],"predecessor-version":[{"id":40594,"href":"https:\/\/rokmp.de\/de\/wp-json\/wp\/v2\/posts\/40593\/revisions\/40594"}],"wp:featuredmedia":[{"embeddable":true,"href":"https:\/\/rokmp.de\/de\/wp-json\/wp\/v2\/media\/40473"}],"wp:attachment":[{"href":"https:\/\/rokmp.de\/de\/wp-json\/wp\/v2\/media?parent=40593"}],"wp:term":[{"taxonomy":"category","embeddable":true,"href":"https:\/\/rokmp.de\/de\/wp-json\/wp\/v2\/categories?post=40593"},{"taxonomy":"post_tag","embeddable":true,"href":"https:\/\/rokmp.de\/de\/wp-json\/wp\/v2\/tags?post=40593"}],"curies":[{"name":"wp","href":"https:\/\/api.w.org\/{rel}","templated":true}]}}