{"id":40733,"date":"2025-05-22T09:52:34","date_gmt":"2025-05-22T06:52:34","guid":{"rendered":"https:\/\/rokmp.de\/?p=40733"},"modified":"2025-06-03T09:53:43","modified_gmt":"2025-06-03T06:53:43","slug":"deutsch-am-gedenktag-des-heiligen-nikolaus-des-wundertaters-feierte-erzbischof-tichon-die-gottliche-liturgie-in-der-kirche-des-heiligen-sergij-von-radonez-in-der-bischofsresidenz-in-berlin-karlshorst","status":"publish","type":"post","link":"https:\/\/rokmp.de\/de\/deutsch-am-gedenktag-des-heiligen-nikolaus-des-wundertaters-feierte-erzbischof-tichon-die-gottliche-liturgie-in-der-kirche-des-heiligen-sergij-von-radonez-in-der-bischofsresidenz-in-berlin-karlshorst\/","title":{"rendered":"Am Gedenktag des Heiligen Nikolaus des Wundert\u00e4ters feierte Erzbischof Tichon die G\u00f6ttliche Liturgie in der Kirche des Heiligen Sergij von Radone\u017e in der Bischofsresidenz in Berlin-Karlshorst"},"content":{"rendered":"<p>Am 22. Mai 2025, am Donnerstag der 5. Woche nach Ostern, dem Festtag der \u00dcberf\u00fchrung der Reliquien des Heiligen Nikolaus, des Wundert\u00e4ters von Myra in Lykien, nach Bar (1087), zelebrierte Erzbischof Tichon von Ruza, Leiter der Di\u00f6zese Berlin und Deutschland, die G\u00f6ttliche Liturgie in der Kirche des Heiligen Sergij von Radone\u017e in der Bischofsresidenz Berlin-Karlshorst.<\/p>\n<p>Priester Oleg Beltek, Erzdiakon Vitali Sadakov und Diakon Rostislav Ustimenko konzelebrierten gemeinsam mit Seiner Eminenz.<\/p>\n<p>Nach der inst\u00e4ndigen Litanei wurde das Friedensgebet gesprochen. Nach dem Kommunionvers hielt Priester Oleg Beltek eine Predigt.<\/p>\n<p>Im Anschluss an die Liturgie fand eine Lobpreisung statt, Erzbischof Tichon las ein Gebet zu Ehren des Heiligen Nikolaus des Wundert\u00e4ters. Danach gratulierte der Di\u00f6zesanbischof den Gemeindemitgliedern zum Fest und wandte sich mit einer pastoralen Ansprache an die Versammelten.<\/p>","protected":false},"excerpt":{"rendered":"<p>Am 22. Mai 2025, am Donnerstag der 5. Woche nach Ostern, dem Festtag der \u00dcberf\u00fchrung der Reliquien des Heiligen Nikolaus, des Wundert\u00e4ters von Myra in Lykien, nach Bar (1087), zelebrierte Erzbischof Tichon von Ruza, Leiter der Di\u00f6zese Berlin und Deutschland, die G\u00f6ttliche Liturgie in der Kirche des Heiligen Sergij von Radone\u017e in der Bischofsresidenz Berlin-Karlshorst.<\/p>\n","protected":false},"author":150,"featured_media":40639,"comment_status":"open","ping_status":"closed","sticky":false,"template":"","format":"standard","meta":{"_acf_changed":false,"_jetpack_memberships_contains_paid_content":false,"footnotes":""},"categories":[21,16],"tags":[],"class_list":["post-40733","post","type-post","status-publish","format-standard","has-post-thumbnail","hentry","category-aktuell","category-eparh_news"],"acf":[],"yoast_head":"<!-- This site is optimized with the Yoast SEO plugin v24.9 - https:\/\/yoast.com\/wordpress\/plugins\/seo\/ -->\n<title>Am Gedenktag des Heiligen Nikolaus des Wundert\u00e4ters feierte Erzbischof Tichon die G\u00f6ttliche Liturgie in der Kirche des Heiligen Sergij von Radone\u017e in der Bischofsresidenz in Berlin-Karlshorst - Berliner Di\u00f6zese der Russischen Orthodoxen Kirche (Kd\u00f6R)<\/title>\n<meta name=\"robots\" content=\"index, follow, max-snippet:-1, max-image-preview:large, max-video-preview:-1\" \/>\n<link rel=\"canonical\" href=\"https:\/\/rokmp.de\/deutsch-am-gedenktag-des-heiligen-nikolaus-des-wundertaters-feierte-erzbischof-tichon-die-gottliche-liturgie-in-der-kirche-des-heiligen-sergij-von-radonez-in-der-bischofsresidenz-in-berlin-karlshorst\/\" \/>\n<meta property=\"og:locale\" content=\"de_DE\" \/>\n<meta property=\"og:type\" content=\"article\" \/>\n<meta property=\"og:title\" content=\"Am Gedenktag des Heiligen Nikolaus des Wundert\u00e4ters feierte Erzbischof Tichon die G\u00f6ttliche Liturgie in der Kirche des Heiligen Sergij von Radone\u017e in der Bischofsresidenz in Berlin-Karlshorst - Berliner Di\u00f6zese der Russischen Orthodoxen Kirche (Kd\u00f6R)\" \/>\n<meta property=\"og:description\" content=\"[:de]Am 22. Mai 2025, am Donnerstag der 5. Woche nach Ostern, dem Festtag der \u00dcberf\u00fchrung der Reliquien des Heiligen Nikolaus, des Wundert\u00e4ters von Myra in Lykien, nach Bar (1087), zelebrierte Erzbischof Tichon von Ruza, Leiter der Di\u00f6zese Berlin und Deutschland, die G\u00f6ttliche Liturgie in der Kirche des Heiligen Sergij von Radone\u017e in der Bischofsresidenz Berlin-Karlshorst.[:]\" \/>\n<meta property=\"og:url\" content=\"https:\/\/rokmp.de\/deutsch-am-gedenktag-des-heiligen-nikolaus-des-wundertaters-feierte-erzbischof-tichon-die-gottliche-liturgie-in-der-kirche-des-heiligen-sergij-von-radonez-in-der-bischofsresidenz-in-berlin-karlshorst\/\" \/>\n<meta property=\"og:site_name\" content=\"Berliner Di\u00f6zese der Russischen Orthodoxen Kirche (Kd\u00f6R)\" \/>\n<meta property=\"article:published_time\" content=\"2025-05-22T06:52:34+00:00\" \/>\n<meta property=\"article:modified_time\" content=\"2025-06-03T06:53:43+00:00\" \/>\n<meta property=\"og:image\" content=\"https:\/\/rokmp.de\/wp-content\/uploads\/2025\/05\/WhatsApp-Image-2025-05-22-at-14.58.32.jpeg\" \/>\n\t<meta property=\"og:image:width\" content=\"570\" \/>\n\t<meta property=\"og:image:height\" content=\"606\" \/>\n\t<meta property=\"og:image:type\" content=\"image\/jpeg\" \/>\n<meta name=\"author\" content=\"priester Eugeny Murzin\" \/>\n<meta name=\"twitter:card\" content=\"summary_large_image\" \/>\n<meta name=\"twitter:label1\" content=\"Verfasst von\" \/>\n\t<meta name=\"twitter:data1\" content=\"priester Eugeny Murzin\" \/>\n\t<meta name=\"twitter:label2\" content=\"Gesch\u00e4tzte Lesezeit\" \/>\n\t<meta name=\"twitter:data2\" content=\"1\u00a0Minute\" \/>\n<script type=\"application\/ld+json\" class=\"yoast-schema-graph\">{\"@context\":\"https:\/\/schema.org\",\"@graph\":[{\"@type\":\"WebPage\",\"@id\":\"https:\/\/rokmp.de\/deutsch-am-gedenktag-des-heiligen-nikolaus-des-wundertaters-feierte-erzbischof-tichon-die-gottliche-liturgie-in-der-kirche-des-heiligen-sergij-von-radonez-in-der-bischofsresidenz-in-berlin-karlshorst\/\",\"url\":\"https:\/\/rokmp.de\/deutsch-am-gedenktag-des-heiligen-nikolaus-des-wundertaters-feierte-erzbischof-tichon-die-gottliche-liturgie-in-der-kirche-des-heiligen-sergij-von-radonez-in-der-bischofsresidenz-in-berlin-karlshorst\/\",\"name\":\"Am Gedenktag des Heiligen Nikolaus des Wundert\u00e4ters feierte Erzbischof Tichon die G\u00f6ttliche Liturgie in der Kirche des Heiligen Sergij von Radone\u017e in der Bischofsresidenz in Berlin-Karlshorst - Berliner Di\u00f6zese der Russischen Orthodoxen Kirche (Kd\u00f6R)\",\"isPartOf\":{\"@id\":\"https:\/\/rokmp.de\/#website\"},\"primaryImageOfPage\":{\"@id\":\"https:\/\/rokmp.de\/deutsch-am-gedenktag-des-heiligen-nikolaus-des-wundertaters-feierte-erzbischof-tichon-die-gottliche-liturgie-in-der-kirche-des-heiligen-sergij-von-radonez-in-der-bischofsresidenz-in-berlin-karlshorst\/#primaryimage\"},\"image\":{\"@id\":\"https:\/\/rokmp.de\/deutsch-am-gedenktag-des-heiligen-nikolaus-des-wundertaters-feierte-erzbischof-tichon-die-gottliche-liturgie-in-der-kirche-des-heiligen-sergij-von-radonez-in-der-bischofsresidenz-in-berlin-karlshorst\/#primaryimage\"},\"thumbnailUrl\":\"https:\/\/rokmp.de\/wp-content\/uploads\/2025\/05\/WhatsApp-Image-2025-05-22-at-14.58.32.jpeg\",\"datePublished\":\"2025-05-22T06:52:34+00:00\",\"dateModified\":\"2025-06-03T06:53:43+00:00\",\"author\":{\"@id\":\"https:\/\/rokmp.de\/#\/schema\/person\/1e05c7851b376b862ca66f74ee16b275\"},\"breadcrumb\":{\"@id\":\"https:\/\/rokmp.de\/deutsch-am-gedenktag-des-heiligen-nikolaus-des-wundertaters-feierte-erzbischof-tichon-die-gottliche-liturgie-in-der-kirche-des-heiligen-sergij-von-radonez-in-der-bischofsresidenz-in-berlin-karlshorst\/#breadcrumb\"},\"inLanguage\":\"de\",\"potentialAction\":[{\"@type\":\"ReadAction\",\"target\":[\"https:\/\/rokmp.de\/deutsch-am-gedenktag-des-heiligen-nikolaus-des-wundertaters-feierte-erzbischof-tichon-die-gottliche-liturgie-in-der-kirche-des-heiligen-sergij-von-radonez-in-der-bischofsresidenz-in-berlin-karlshorst\/\"]}]},{\"@type\":\"ImageObject\",\"inLanguage\":\"de\",\"@id\":\"https:\/\/rokmp.de\/deutsch-am-gedenktag-des-heiligen-nikolaus-des-wundertaters-feierte-erzbischof-tichon-die-gottliche-liturgie-in-der-kirche-des-heiligen-sergij-von-radonez-in-der-bischofsresidenz-in-berlin-karlshorst\/#primaryimage\",\"url\":\"https:\/\/rokmp.de\/wp-content\/uploads\/2025\/05\/WhatsApp-Image-2025-05-22-at-14.58.32.jpeg\",\"contentUrl\":\"https:\/\/rokmp.de\/wp-content\/uploads\/2025\/05\/WhatsApp-Image-2025-05-22-at-14.58.32.jpeg\",\"width\":570,\"height\":606},{\"@type\":\"BreadcrumbList\",\"@id\":\"https:\/\/rokmp.de\/deutsch-am-gedenktag-des-heiligen-nikolaus-des-wundertaters-feierte-erzbischof-tichon-die-gottliche-liturgie-in-der-kirche-des-heiligen-sergij-von-radonez-in-der-bischofsresidenz-in-berlin-karlshorst\/#breadcrumb\",\"itemListElement\":[{\"@type\":\"ListItem\",\"position\":1,\"name\":\"\u0413\u043b\u0430\u0432\u043d\u0430\u044f \u0441\u0442\u0440\u0430\u043d\u0438\u0446\u0430\",\"item\":\"https:\/\/rokmp.de\/\"},{\"@type\":\"ListItem\",\"position\":2,\"name\":\"(Deutsch) Am Gedenktag des Heiligen Nikolaus des Wundert\u00e4ters feierte Erzbischof Tichon die G\u00f6ttliche Liturgie in der Kirche des Heiligen Sergij von Radone\u017e in der Bischofsresidenz in Berlin-Karlshorst\"}]},{\"@type\":\"WebSite\",\"@id\":\"https:\/\/rokmp.de\/#website\",\"url\":\"https:\/\/rokmp.de\/\",\"name\":\"Berliner Di\u00f6zese der Russischen Orthodoxen Kirche (Kd\u00f6R)\",\"description\":\"(\u0420\u0443\u0441\u0441\u043a\u0438\u0439) \u041e\u0444\u0438\u0446\u0438\u0430\u043b\u044c\u043d\u044b\u0439 \u0441\u0430\u0439\u0442 \u0420\u0443\u0441\u0441\u043a\u043e\u0439 \u041f\u0440\u0430\u0432\u043e\u0441\u043b\u0430\u0432\u043d\u043e\u0439 \u0426\u0435\u0440\u043a\u0432\u0438. \u0411\u0435\u0440\u043b\u0438\u043d\u0441\u043a\u043e-\u0413\u0435\u0440\u043c\u0430\u043d\u0441\u043a\u0430\u044f \u0435\u043f\u0430\u0440\u0445\u0438\u044f.\",\"potentialAction\":[{\"@type\":\"SearchAction\",\"target\":{\"@type\":\"EntryPoint\",\"urlTemplate\":\"https:\/\/rokmp.de\/?s={search_term_string}\"},\"query-input\":{\"@type\":\"PropertyValueSpecification\",\"valueRequired\":true,\"valueName\":\"search_term_string\"}}],\"inLanguage\":\"de\"},{\"@type\":\"Person\",\"@id\":\"https:\/\/rokmp.de\/#\/schema\/person\/1e05c7851b376b862ca66f74ee16b275\",\"name\":\"priester Eugeny Murzin\",\"image\":{\"@type\":\"ImageObject\",\"inLanguage\":\"de\",\"@id\":\"https:\/\/rokmp.de\/#\/schema\/person\/image\/\",\"url\":\"https:\/\/secure.gravatar.com\/avatar\/ab0791f77afedc1959682d928966c405d68e155dc34177d2d0970bb7906ee2ad?s=96&d=mm&r=g\",\"contentUrl\":\"https:\/\/secure.gravatar.com\/avatar\/ab0791f77afedc1959682d928966c405d68e155dc34177d2d0970bb7906ee2ad?s=96&d=mm&r=g\",\"caption\":\"priester Eugeny Murzin\"},\"sameAs\":[\"https:\/\/rokmp.de\"]}]}<\/script>\n<!-- \/ Yoast SEO plugin. -->","yoast_head_json":{"title":"Am Gedenktag des Heiligen Nikolaus des Wundert\u00e4ters feierte Erzbischof Tichon die G\u00f6ttliche Liturgie in der Kirche des Heiligen Sergij von Radone\u017e in der Bischofsresidenz in Berlin-Karlshorst - Berliner Di\u00f6zese der Russischen Orthodoxen Kirche (Kd\u00f6R)","robots":{"index":"index","follow":"follow","max-snippet":"max-snippet:-1","max-image-preview":"max-image-preview:large","max-video-preview":"max-video-preview:-1"},"canonical":"https:\/\/rokmp.de\/deutsch-am-gedenktag-des-heiligen-nikolaus-des-wundertaters-feierte-erzbischof-tichon-die-gottliche-liturgie-in-der-kirche-des-heiligen-sergij-von-radonez-in-der-bischofsresidenz-in-berlin-karlshorst\/","og_locale":"de_DE","og_type":"article","og_title":"Am Gedenktag des Heiligen Nikolaus des Wundert\u00e4ters feierte Erzbischof Tichon die G\u00f6ttliche Liturgie in der Kirche des Heiligen Sergij von Radone\u017e in der Bischofsresidenz in Berlin-Karlshorst - Berliner Di\u00f6zese der Russischen Orthodoxen Kirche (Kd\u00f6R)","og_description":"[:de]Am 22. Mai 2025, am Donnerstag der 5. Woche nach Ostern, dem Festtag der \u00dcberf\u00fchrung der Reliquien des Heiligen Nikolaus, des Wundert\u00e4ters von Myra in Lykien, nach Bar (1087), zelebrierte Erzbischof Tichon von Ruza, Leiter der Di\u00f6zese Berlin und Deutschland, die G\u00f6ttliche Liturgie in der Kirche des Heiligen Sergij von Radone\u017e in der Bischofsresidenz Berlin-Karlshorst.[:]","og_url":"https:\/\/rokmp.de\/deutsch-am-gedenktag-des-heiligen-nikolaus-des-wundertaters-feierte-erzbischof-tichon-die-gottliche-liturgie-in-der-kirche-des-heiligen-sergij-von-radonez-in-der-bischofsresidenz-in-berlin-karlshorst\/","og_site_name":"Berliner Di\u00f6zese der Russischen Orthodoxen Kirche (Kd\u00f6R)","article_published_time":"2025-05-22T06:52:34+00:00","article_modified_time":"2025-06-03T06:53:43+00:00","og_image":[{"width":570,"height":606,"url":"https:\/\/rokmp.de\/wp-content\/uploads\/2025\/05\/WhatsApp-Image-2025-05-22-at-14.58.32.jpeg","type":"image\/jpeg"}],"author":"priester Eugeny Murzin","twitter_card":"summary_large_image","twitter_misc":{"Verfasst von":"priester Eugeny Murzin","Gesch\u00e4tzte Lesezeit":"1\u00a0Minute"},"schema":{"@context":"https:\/\/schema.org","@graph":[{"@type":"WebPage","@id":"https:\/\/rokmp.de\/deutsch-am-gedenktag-des-heiligen-nikolaus-des-wundertaters-feierte-erzbischof-tichon-die-gottliche-liturgie-in-der-kirche-des-heiligen-sergij-von-radonez-in-der-bischofsresidenz-in-berlin-karlshorst\/","url":"https:\/\/rokmp.de\/deutsch-am-gedenktag-des-heiligen-nikolaus-des-wundertaters-feierte-erzbischof-tichon-die-gottliche-liturgie-in-der-kirche-des-heiligen-sergij-von-radonez-in-der-bischofsresidenz-in-berlin-karlshorst\/","name":"Am Gedenktag des Heiligen Nikolaus des Wundert\u00e4ters feierte Erzbischof Tichon die G\u00f6ttliche Liturgie in der Kirche des Heiligen Sergij von Radone\u017e in der Bischofsresidenz in Berlin-Karlshorst - Berliner Di\u00f6zese der Russischen Orthodoxen Kirche (Kd\u00f6R)","isPartOf":{"@id":"https:\/\/rokmp.de\/#website"},"primaryImageOfPage":{"@id":"https:\/\/rokmp.de\/deutsch-am-gedenktag-des-heiligen-nikolaus-des-wundertaters-feierte-erzbischof-tichon-die-gottliche-liturgie-in-der-kirche-des-heiligen-sergij-von-radonez-in-der-bischofsresidenz-in-berlin-karlshorst\/#primaryimage"},"image":{"@id":"https:\/\/rokmp.de\/deutsch-am-gedenktag-des-heiligen-nikolaus-des-wundertaters-feierte-erzbischof-tichon-die-gottliche-liturgie-in-der-kirche-des-heiligen-sergij-von-radonez-in-der-bischofsresidenz-in-berlin-karlshorst\/#primaryimage"},"thumbnailUrl":"https:\/\/rokmp.de\/wp-content\/uploads\/2025\/05\/WhatsApp-Image-2025-05-22-at-14.58.32.jpeg","datePublished":"2025-05-22T06:52:34+00:00","dateModified":"2025-06-03T06:53:43+00:00","author":{"@id":"https:\/\/rokmp.de\/#\/schema\/person\/1e05c7851b376b862ca66f74ee16b275"},"breadcrumb":{"@id":"https:\/\/rokmp.de\/deutsch-am-gedenktag-des-heiligen-nikolaus-des-wundertaters-feierte-erzbischof-tichon-die-gottliche-liturgie-in-der-kirche-des-heiligen-sergij-von-radonez-in-der-bischofsresidenz-in-berlin-karlshorst\/#breadcrumb"},"inLanguage":"de","potentialAction":[{"@type":"ReadAction","target":["https:\/\/rokmp.de\/deutsch-am-gedenktag-des-heiligen-nikolaus-des-wundertaters-feierte-erzbischof-tichon-die-gottliche-liturgie-in-der-kirche-des-heiligen-sergij-von-radonez-in-der-bischofsresidenz-in-berlin-karlshorst\/"]}]},{"@type":"ImageObject","inLanguage":"de","@id":"https:\/\/rokmp.de\/deutsch-am-gedenktag-des-heiligen-nikolaus-des-wundertaters-feierte-erzbischof-tichon-die-gottliche-liturgie-in-der-kirche-des-heiligen-sergij-von-radonez-in-der-bischofsresidenz-in-berlin-karlshorst\/#primaryimage","url":"https:\/\/rokmp.de\/wp-content\/uploads\/2025\/05\/WhatsApp-Image-2025-05-22-at-14.58.32.jpeg","contentUrl":"https:\/\/rokmp.de\/wp-content\/uploads\/2025\/05\/WhatsApp-Image-2025-05-22-at-14.58.32.jpeg","width":570,"height":606},{"@type":"BreadcrumbList","@id":"https:\/\/rokmp.de\/deutsch-am-gedenktag-des-heiligen-nikolaus-des-wundertaters-feierte-erzbischof-tichon-die-gottliche-liturgie-in-der-kirche-des-heiligen-sergij-von-radonez-in-der-bischofsresidenz-in-berlin-karlshorst\/#breadcrumb","itemListElement":[{"@type":"ListItem","position":1,"name":"\u0413\u043b\u0430\u0432\u043d\u0430\u044f \u0441\u0442\u0440\u0430\u043d\u0438\u0446\u0430","item":"https:\/\/rokmp.de\/"},{"@type":"ListItem","position":2,"name":"(Deutsch) Am Gedenktag des Heiligen Nikolaus des Wundert\u00e4ters feierte Erzbischof Tichon die G\u00f6ttliche Liturgie in der Kirche des Heiligen Sergij von Radone\u017e in der Bischofsresidenz in Berlin-Karlshorst"}]},{"@type":"WebSite","@id":"https:\/\/rokmp.de\/#website","url":"https:\/\/rokmp.de\/","name":"Berliner Di\u00f6zese der Russischen Orthodoxen Kirche (Kd\u00f6R)","description":"(\u0420\u0443\u0441\u0441\u043a\u0438\u0439) \u041e\u0444\u0438\u0446\u0438\u0430\u043b\u044c\u043d\u044b\u0439 \u0441\u0430\u0439\u0442 \u0420\u0443\u0441\u0441\u043a\u043e\u0439 \u041f\u0440\u0430\u0432\u043e\u0441\u043b\u0430\u0432\u043d\u043e\u0439 \u0426\u0435\u0440\u043a\u0432\u0438. \u0411\u0435\u0440\u043b\u0438\u043d\u0441\u043a\u043e-\u0413\u0435\u0440\u043c\u0430\u043d\u0441\u043a\u0430\u044f \u0435\u043f\u0430\u0440\u0445\u0438\u044f.","potentialAction":[{"@type":"SearchAction","target":{"@type":"EntryPoint","urlTemplate":"https:\/\/rokmp.de\/?s={search_term_string}"},"query-input":{"@type":"PropertyValueSpecification","valueRequired":true,"valueName":"search_term_string"}}],"inLanguage":"de"},{"@type":"Person","@id":"https:\/\/rokmp.de\/#\/schema\/person\/1e05c7851b376b862ca66f74ee16b275","name":"priester Eugeny Murzin","image":{"@type":"ImageObject","inLanguage":"de","@id":"https:\/\/rokmp.de\/#\/schema\/person\/image\/","url":"https:\/\/secure.gravatar.com\/avatar\/ab0791f77afedc1959682d928966c405d68e155dc34177d2d0970bb7906ee2ad?s=96&d=mm&r=g","contentUrl":"https:\/\/secure.gravatar.com\/avatar\/ab0791f77afedc1959682d928966c405d68e155dc34177d2d0970bb7906ee2ad?s=96&d=mm&r=g","caption":"priester Eugeny Murzin"},"sameAs":["https:\/\/rokmp.de"]}]}},"jetpack_featured_media_url":"https:\/\/rokmp.de\/wp-content\/uploads\/2025\/05\/WhatsApp-Image-2025-05-22-at-14.58.32.jpeg","jetpack_sharing_enabled":true,"_links":{"self":[{"href":"https:\/\/rokmp.de\/de\/wp-json\/wp\/v2\/posts\/40733","targetHints":{"allow":["GET"]}}],"collection":[{"href":"https:\/\/rokmp.de\/de\/wp-json\/wp\/v2\/posts"}],"about":[{"href":"https:\/\/rokmp.de\/de\/wp-json\/wp\/v2\/types\/post"}],"author":[{"embeddable":true,"href":"https:\/\/rokmp.de\/de\/wp-json\/wp\/v2\/users\/150"}],"replies":[{"embeddable":true,"href":"https:\/\/rokmp.de\/de\/wp-json\/wp\/v2\/comments?post=40733"}],"version-history":[{"count":1,"href":"https:\/\/rokmp.de\/de\/wp-json\/wp\/v2\/posts\/40733\/revisions"}],"predecessor-version":[{"id":40734,"href":"https:\/\/rokmp.de\/de\/wp-json\/wp\/v2\/posts\/40733\/revisions\/40734"}],"wp:featuredmedia":[{"embeddable":true,"href":"https:\/\/rokmp.de\/de\/wp-json\/wp\/v2\/media\/40639"}],"wp:attachment":[{"href":"https:\/\/rokmp.de\/de\/wp-json\/wp\/v2\/media?parent=40733"}],"wp:term":[{"taxonomy":"category","embeddable":true,"href":"https:\/\/rokmp.de\/de\/wp-json\/wp\/v2\/categories?post=40733"},{"taxonomy":"post_tag","embeddable":true,"href":"https:\/\/rokmp.de\/de\/wp-json\/wp\/v2\/tags?post=40733"}],"curies":[{"name":"wp","href":"https:\/\/api.w.org\/{rel}","templated":true}]}}