{"id":40735,"date":"2025-05-28T09:53:56","date_gmt":"2025-05-28T06:53:56","guid":{"rendered":"https:\/\/rokmp.de\/?p=40735"},"modified":"2025-06-03T09:55:10","modified_gmt":"2025-06-03T06:55:10","slug":"deutsch-am-tag-des-festabschlusses-von-ostern-und-vorfestes-der-himmelfahrt-wurde-in-der-auferstehungskathedrale-eine-liturgie-unter-der-leitung-von-erzbischof-tikhon-gefeiert","status":"publish","type":"post","link":"https:\/\/rokmp.de\/de\/deutsch-am-tag-des-festabschlusses-von-ostern-und-vorfestes-der-himmelfahrt-wurde-in-der-auferstehungskathedrale-eine-liturgie-unter-der-leitung-von-erzbischof-tikhon-gefeiert\/","title":{"rendered":"Am Tag des Festabschlusses von Ostern und Vorfestes der Himmelfahrt wurde in der Auferstehungskathedrale eine Liturgie unter der Leitung von Erzbischof Tikhon gefeiert"},"content":{"rendered":"<p>Am 28. Mai 2025, dem Tag des Festabschlusses von Ostern, zelebrierte Erzbischof Tichon von Ruza, Leiter der Di\u00f6zese Berlin und Deutschland, die G\u00f6ttliche Liturgie in der Kathedrale der Auferstehung Christi in Berlin. Am Vorabend wurden die Gro\u00dfe Vesper und die Ostervigil nach dem Osterritus gefeiert.<\/p>\n<p>Erzpriester Ion Dorosh, Priester Maxim Yudakov, Priester Oleg Beltek, Erzdiakon Vitaly Sadakov, Erzdiakon Archil Chkhikvadze und Diakon Rostislav Ustimenko konzelebrierten gemeinsam mit Seiner Eminenz.<\/p>\n<p>Am Ende der Liturgie wandte sich Erzbischof Tichon mit einer pastoralen Ansprache an Geistliche und Gemeindemitglieder und reichte ihnen das Kreuz zum Kuss.<\/p>\n<p>Der Festabschluss von Ostern ist der letzte Tag der Feierlichkeiten zur Auferstehung Christi. An diesem Tag findet ein feierlicher Gottesdienst mit Gebeten und Ges\u00e4ngen statt, die bereits am Festtag selbst gesungen wurden. Die Osterfeierlichkeiten dauern so lange, um daran zu erinnern, dass der auferstandene Herr vierzig Tage auf Erden verweilte: Der Erl\u00f6ser erschien seinen J\u00fcngern und der Heiligen Mutter Gottes bis zu seiner Himmelfahrt.<\/p>\n<p>Am Tag des Festabschlusses wird in den Kirchen ein Gottesdienst nach dem Osterritus gefeiert, das Grabtuch, das seit dem Tag der Auferstehung Christi auf dem Altar lag, wird weggetragen, und es findet eine Kreuzprozession statt.<\/p>","protected":false},"excerpt":{"rendered":"<p>Am 28. Mai 2025, dem Tag des Festabschlusses von Ostern, zelebrierte Erzbischof Tichon von Ruza, Leiter der Di\u00f6zese Berlin und Deutschland, die G\u00f6ttliche Liturgie in der Kathedrale der Auferstehung Christi in Berlin. Am Vorabend wurden die Gro\u00dfe Vesper und die Ostervigil nach dem Osterritus gefeiert.<\/p>\n","protected":false},"author":150,"featured_media":40664,"comment_status":"open","ping_status":"closed","sticky":false,"template":"","format":"standard","meta":{"_acf_changed":false,"_jetpack_memberships_contains_paid_content":false,"footnotes":""},"categories":[21,16],"tags":[],"class_list":["post-40735","post","type-post","status-publish","format-standard","has-post-thumbnail","hentry","category-aktuell","category-eparh_news"],"acf":[],"yoast_head":"<!-- This site is optimized with the Yoast SEO plugin v24.9 - https:\/\/yoast.com\/wordpress\/plugins\/seo\/ -->\n<title>Am Tag des Festabschlusses von Ostern und Vorfestes der Himmelfahrt wurde in der Auferstehungskathedrale eine Liturgie unter der Leitung von Erzbischof Tikhon gefeiert - Berliner Di\u00f6zese der Russischen Orthodoxen Kirche (Kd\u00f6R)<\/title>\n<meta name=\"robots\" content=\"index, follow, max-snippet:-1, max-image-preview:large, max-video-preview:-1\" \/>\n<link rel=\"canonical\" href=\"https:\/\/rokmp.de\/deutsch-am-tag-des-festabschlusses-von-ostern-und-vorfestes-der-himmelfahrt-wurde-in-der-auferstehungskathedrale-eine-liturgie-unter-der-leitung-von-erzbischof-tikhon-gefeiert\/\" \/>\n<meta property=\"og:locale\" content=\"de_DE\" \/>\n<meta property=\"og:type\" content=\"article\" \/>\n<meta property=\"og:title\" content=\"Am Tag des Festabschlusses von Ostern und Vorfestes der Himmelfahrt wurde in der Auferstehungskathedrale eine Liturgie unter der Leitung von Erzbischof Tikhon gefeiert - Berliner Di\u00f6zese der Russischen Orthodoxen Kirche (Kd\u00f6R)\" \/>\n<meta property=\"og:description\" content=\"[:de]Am 28. Mai 2025, dem Tag des Festabschlusses von Ostern, zelebrierte Erzbischof Tichon von Ruza, Leiter der Di\u00f6zese Berlin und Deutschland, die G\u00f6ttliche Liturgie in der Kathedrale der Auferstehung Christi in Berlin. Am Vorabend wurden die Gro\u00dfe Vesper und die Ostervigil nach dem Osterritus gefeiert.[:]\" \/>\n<meta property=\"og:url\" content=\"https:\/\/rokmp.de\/deutsch-am-tag-des-festabschlusses-von-ostern-und-vorfestes-der-himmelfahrt-wurde-in-der-auferstehungskathedrale-eine-liturgie-unter-der-leitung-von-erzbischof-tikhon-gefeiert\/\" \/>\n<meta property=\"og:site_name\" content=\"Berliner Di\u00f6zese der Russischen Orthodoxen Kirche (Kd\u00f6R)\" \/>\n<meta property=\"article:published_time\" content=\"2025-05-28T06:53:56+00:00\" \/>\n<meta property=\"article:modified_time\" content=\"2025-06-03T06:55:10+00:00\" \/>\n<meta property=\"og:image\" content=\"https:\/\/rokmp.de\/wp-content\/uploads\/2025\/05\/WhatsApp-Image-2025-05-28-at-14.59.40.jpeg\" \/>\n\t<meta property=\"og:image:width\" content=\"800\" \/>\n\t<meta property=\"og:image:height\" content=\"500\" \/>\n\t<meta property=\"og:image:type\" content=\"image\/jpeg\" \/>\n<meta name=\"author\" content=\"priester Eugeny Murzin\" \/>\n<meta name=\"twitter:card\" content=\"summary_large_image\" \/>\n<meta name=\"twitter:label1\" content=\"Verfasst von\" \/>\n\t<meta name=\"twitter:data1\" content=\"priester Eugeny Murzin\" \/>\n\t<meta name=\"twitter:label2\" content=\"Gesch\u00e4tzte Lesezeit\" \/>\n\t<meta name=\"twitter:data2\" content=\"2\u00a0Minuten\" \/>\n<script type=\"application\/ld+json\" class=\"yoast-schema-graph\">{\"@context\":\"https:\/\/schema.org\",\"@graph\":[{\"@type\":\"WebPage\",\"@id\":\"https:\/\/rokmp.de\/deutsch-am-tag-des-festabschlusses-von-ostern-und-vorfestes-der-himmelfahrt-wurde-in-der-auferstehungskathedrale-eine-liturgie-unter-der-leitung-von-erzbischof-tikhon-gefeiert\/\",\"url\":\"https:\/\/rokmp.de\/deutsch-am-tag-des-festabschlusses-von-ostern-und-vorfestes-der-himmelfahrt-wurde-in-der-auferstehungskathedrale-eine-liturgie-unter-der-leitung-von-erzbischof-tikhon-gefeiert\/\",\"name\":\"Am Tag des Festabschlusses von Ostern und Vorfestes der Himmelfahrt wurde in der Auferstehungskathedrale eine Liturgie unter der Leitung von Erzbischof Tikhon gefeiert - Berliner Di\u00f6zese der Russischen Orthodoxen Kirche (Kd\u00f6R)\",\"isPartOf\":{\"@id\":\"https:\/\/rokmp.de\/#website\"},\"primaryImageOfPage\":{\"@id\":\"https:\/\/rokmp.de\/deutsch-am-tag-des-festabschlusses-von-ostern-und-vorfestes-der-himmelfahrt-wurde-in-der-auferstehungskathedrale-eine-liturgie-unter-der-leitung-von-erzbischof-tikhon-gefeiert\/#primaryimage\"},\"image\":{\"@id\":\"https:\/\/rokmp.de\/deutsch-am-tag-des-festabschlusses-von-ostern-und-vorfestes-der-himmelfahrt-wurde-in-der-auferstehungskathedrale-eine-liturgie-unter-der-leitung-von-erzbischof-tikhon-gefeiert\/#primaryimage\"},\"thumbnailUrl\":\"https:\/\/rokmp.de\/wp-content\/uploads\/2025\/05\/WhatsApp-Image-2025-05-28-at-14.59.40.jpeg\",\"datePublished\":\"2025-05-28T06:53:56+00:00\",\"dateModified\":\"2025-06-03T06:55:10+00:00\",\"author\":{\"@id\":\"https:\/\/rokmp.de\/#\/schema\/person\/1e05c7851b376b862ca66f74ee16b275\"},\"breadcrumb\":{\"@id\":\"https:\/\/rokmp.de\/deutsch-am-tag-des-festabschlusses-von-ostern-und-vorfestes-der-himmelfahrt-wurde-in-der-auferstehungskathedrale-eine-liturgie-unter-der-leitung-von-erzbischof-tikhon-gefeiert\/#breadcrumb\"},\"inLanguage\":\"de\",\"potentialAction\":[{\"@type\":\"ReadAction\",\"target\":[\"https:\/\/rokmp.de\/deutsch-am-tag-des-festabschlusses-von-ostern-und-vorfestes-der-himmelfahrt-wurde-in-der-auferstehungskathedrale-eine-liturgie-unter-der-leitung-von-erzbischof-tikhon-gefeiert\/\"]}]},{\"@type\":\"ImageObject\",\"inLanguage\":\"de\",\"@id\":\"https:\/\/rokmp.de\/deutsch-am-tag-des-festabschlusses-von-ostern-und-vorfestes-der-himmelfahrt-wurde-in-der-auferstehungskathedrale-eine-liturgie-unter-der-leitung-von-erzbischof-tikhon-gefeiert\/#primaryimage\",\"url\":\"https:\/\/rokmp.de\/wp-content\/uploads\/2025\/05\/WhatsApp-Image-2025-05-28-at-14.59.40.jpeg\",\"contentUrl\":\"https:\/\/rokmp.de\/wp-content\/uploads\/2025\/05\/WhatsApp-Image-2025-05-28-at-14.59.40.jpeg\",\"width\":800,\"height\":500},{\"@type\":\"BreadcrumbList\",\"@id\":\"https:\/\/rokmp.de\/deutsch-am-tag-des-festabschlusses-von-ostern-und-vorfestes-der-himmelfahrt-wurde-in-der-auferstehungskathedrale-eine-liturgie-unter-der-leitung-von-erzbischof-tikhon-gefeiert\/#breadcrumb\",\"itemListElement\":[{\"@type\":\"ListItem\",\"position\":1,\"name\":\"\u0413\u043b\u0430\u0432\u043d\u0430\u044f \u0441\u0442\u0440\u0430\u043d\u0438\u0446\u0430\",\"item\":\"https:\/\/rokmp.de\/\"},{\"@type\":\"ListItem\",\"position\":2,\"name\":\"(Deutsch) Am Tag des Festabschlusses von Ostern und Vorfestes der Himmelfahrt wurde in der Auferstehungskathedrale eine Liturgie unter der Leitung von Erzbischof Tikhon gefeiert\"}]},{\"@type\":\"WebSite\",\"@id\":\"https:\/\/rokmp.de\/#website\",\"url\":\"https:\/\/rokmp.de\/\",\"name\":\"Berliner Di\u00f6zese der Russischen Orthodoxen Kirche (Kd\u00f6R)\",\"description\":\"(\u0420\u0443\u0441\u0441\u043a\u0438\u0439) \u041e\u0444\u0438\u0446\u0438\u0430\u043b\u044c\u043d\u044b\u0439 \u0441\u0430\u0439\u0442 \u0420\u0443\u0441\u0441\u043a\u043e\u0439 \u041f\u0440\u0430\u0432\u043e\u0441\u043b\u0430\u0432\u043d\u043e\u0439 \u0426\u0435\u0440\u043a\u0432\u0438. \u0411\u0435\u0440\u043b\u0438\u043d\u0441\u043a\u043e-\u0413\u0435\u0440\u043c\u0430\u043d\u0441\u043a\u0430\u044f \u0435\u043f\u0430\u0440\u0445\u0438\u044f.\",\"potentialAction\":[{\"@type\":\"SearchAction\",\"target\":{\"@type\":\"EntryPoint\",\"urlTemplate\":\"https:\/\/rokmp.de\/?s={search_term_string}\"},\"query-input\":{\"@type\":\"PropertyValueSpecification\",\"valueRequired\":true,\"valueName\":\"search_term_string\"}}],\"inLanguage\":\"de\"},{\"@type\":\"Person\",\"@id\":\"https:\/\/rokmp.de\/#\/schema\/person\/1e05c7851b376b862ca66f74ee16b275\",\"name\":\"priester Eugeny Murzin\",\"image\":{\"@type\":\"ImageObject\",\"inLanguage\":\"de\",\"@id\":\"https:\/\/rokmp.de\/#\/schema\/person\/image\/\",\"url\":\"https:\/\/secure.gravatar.com\/avatar\/ab0791f77afedc1959682d928966c405d68e155dc34177d2d0970bb7906ee2ad?s=96&d=mm&r=g\",\"contentUrl\":\"https:\/\/secure.gravatar.com\/avatar\/ab0791f77afedc1959682d928966c405d68e155dc34177d2d0970bb7906ee2ad?s=96&d=mm&r=g\",\"caption\":\"priester Eugeny Murzin\"},\"sameAs\":[\"https:\/\/rokmp.de\"]}]}<\/script>\n<!-- \/ Yoast SEO plugin. -->","yoast_head_json":{"title":"Am Tag des Festabschlusses von Ostern und Vorfestes der Himmelfahrt wurde in der Auferstehungskathedrale eine Liturgie unter der Leitung von Erzbischof Tikhon gefeiert - Berliner Di\u00f6zese der Russischen Orthodoxen Kirche (Kd\u00f6R)","robots":{"index":"index","follow":"follow","max-snippet":"max-snippet:-1","max-image-preview":"max-image-preview:large","max-video-preview":"max-video-preview:-1"},"canonical":"https:\/\/rokmp.de\/deutsch-am-tag-des-festabschlusses-von-ostern-und-vorfestes-der-himmelfahrt-wurde-in-der-auferstehungskathedrale-eine-liturgie-unter-der-leitung-von-erzbischof-tikhon-gefeiert\/","og_locale":"de_DE","og_type":"article","og_title":"Am Tag des Festabschlusses von Ostern und Vorfestes der Himmelfahrt wurde in der Auferstehungskathedrale eine Liturgie unter der Leitung von Erzbischof Tikhon gefeiert - Berliner Di\u00f6zese der Russischen Orthodoxen Kirche (Kd\u00f6R)","og_description":"[:de]Am 28. Mai 2025, dem Tag des Festabschlusses von Ostern, zelebrierte Erzbischof Tichon von Ruza, Leiter der Di\u00f6zese Berlin und Deutschland, die G\u00f6ttliche Liturgie in der Kathedrale der Auferstehung Christi in Berlin. Am Vorabend wurden die Gro\u00dfe Vesper und die Ostervigil nach dem Osterritus gefeiert.[:]","og_url":"https:\/\/rokmp.de\/deutsch-am-tag-des-festabschlusses-von-ostern-und-vorfestes-der-himmelfahrt-wurde-in-der-auferstehungskathedrale-eine-liturgie-unter-der-leitung-von-erzbischof-tikhon-gefeiert\/","og_site_name":"Berliner Di\u00f6zese der Russischen Orthodoxen Kirche (Kd\u00f6R)","article_published_time":"2025-05-28T06:53:56+00:00","article_modified_time":"2025-06-03T06:55:10+00:00","og_image":[{"width":800,"height":500,"url":"https:\/\/rokmp.de\/wp-content\/uploads\/2025\/05\/WhatsApp-Image-2025-05-28-at-14.59.40.jpeg","type":"image\/jpeg"}],"author":"priester Eugeny Murzin","twitter_card":"summary_large_image","twitter_misc":{"Verfasst von":"priester Eugeny Murzin","Gesch\u00e4tzte Lesezeit":"2\u00a0Minuten"},"schema":{"@context":"https:\/\/schema.org","@graph":[{"@type":"WebPage","@id":"https:\/\/rokmp.de\/deutsch-am-tag-des-festabschlusses-von-ostern-und-vorfestes-der-himmelfahrt-wurde-in-der-auferstehungskathedrale-eine-liturgie-unter-der-leitung-von-erzbischof-tikhon-gefeiert\/","url":"https:\/\/rokmp.de\/deutsch-am-tag-des-festabschlusses-von-ostern-und-vorfestes-der-himmelfahrt-wurde-in-der-auferstehungskathedrale-eine-liturgie-unter-der-leitung-von-erzbischof-tikhon-gefeiert\/","name":"Am Tag des Festabschlusses von Ostern und Vorfestes der Himmelfahrt wurde in der Auferstehungskathedrale eine Liturgie unter der Leitung von Erzbischof Tikhon gefeiert - Berliner Di\u00f6zese der Russischen Orthodoxen Kirche (Kd\u00f6R)","isPartOf":{"@id":"https:\/\/rokmp.de\/#website"},"primaryImageOfPage":{"@id":"https:\/\/rokmp.de\/deutsch-am-tag-des-festabschlusses-von-ostern-und-vorfestes-der-himmelfahrt-wurde-in-der-auferstehungskathedrale-eine-liturgie-unter-der-leitung-von-erzbischof-tikhon-gefeiert\/#primaryimage"},"image":{"@id":"https:\/\/rokmp.de\/deutsch-am-tag-des-festabschlusses-von-ostern-und-vorfestes-der-himmelfahrt-wurde-in-der-auferstehungskathedrale-eine-liturgie-unter-der-leitung-von-erzbischof-tikhon-gefeiert\/#primaryimage"},"thumbnailUrl":"https:\/\/rokmp.de\/wp-content\/uploads\/2025\/05\/WhatsApp-Image-2025-05-28-at-14.59.40.jpeg","datePublished":"2025-05-28T06:53:56+00:00","dateModified":"2025-06-03T06:55:10+00:00","author":{"@id":"https:\/\/rokmp.de\/#\/schema\/person\/1e05c7851b376b862ca66f74ee16b275"},"breadcrumb":{"@id":"https:\/\/rokmp.de\/deutsch-am-tag-des-festabschlusses-von-ostern-und-vorfestes-der-himmelfahrt-wurde-in-der-auferstehungskathedrale-eine-liturgie-unter-der-leitung-von-erzbischof-tikhon-gefeiert\/#breadcrumb"},"inLanguage":"de","potentialAction":[{"@type":"ReadAction","target":["https:\/\/rokmp.de\/deutsch-am-tag-des-festabschlusses-von-ostern-und-vorfestes-der-himmelfahrt-wurde-in-der-auferstehungskathedrale-eine-liturgie-unter-der-leitung-von-erzbischof-tikhon-gefeiert\/"]}]},{"@type":"ImageObject","inLanguage":"de","@id":"https:\/\/rokmp.de\/deutsch-am-tag-des-festabschlusses-von-ostern-und-vorfestes-der-himmelfahrt-wurde-in-der-auferstehungskathedrale-eine-liturgie-unter-der-leitung-von-erzbischof-tikhon-gefeiert\/#primaryimage","url":"https:\/\/rokmp.de\/wp-content\/uploads\/2025\/05\/WhatsApp-Image-2025-05-28-at-14.59.40.jpeg","contentUrl":"https:\/\/rokmp.de\/wp-content\/uploads\/2025\/05\/WhatsApp-Image-2025-05-28-at-14.59.40.jpeg","width":800,"height":500},{"@type":"BreadcrumbList","@id":"https:\/\/rokmp.de\/deutsch-am-tag-des-festabschlusses-von-ostern-und-vorfestes-der-himmelfahrt-wurde-in-der-auferstehungskathedrale-eine-liturgie-unter-der-leitung-von-erzbischof-tikhon-gefeiert\/#breadcrumb","itemListElement":[{"@type":"ListItem","position":1,"name":"\u0413\u043b\u0430\u0432\u043d\u0430\u044f \u0441\u0442\u0440\u0430\u043d\u0438\u0446\u0430","item":"https:\/\/rokmp.de\/"},{"@type":"ListItem","position":2,"name":"(Deutsch) Am Tag des Festabschlusses von Ostern und Vorfestes der Himmelfahrt wurde in der Auferstehungskathedrale eine Liturgie unter der Leitung von Erzbischof Tikhon gefeiert"}]},{"@type":"WebSite","@id":"https:\/\/rokmp.de\/#website","url":"https:\/\/rokmp.de\/","name":"Berliner Di\u00f6zese der Russischen Orthodoxen Kirche (Kd\u00f6R)","description":"(\u0420\u0443\u0441\u0441\u043a\u0438\u0439) \u041e\u0444\u0438\u0446\u0438\u0430\u043b\u044c\u043d\u044b\u0439 \u0441\u0430\u0439\u0442 \u0420\u0443\u0441\u0441\u043a\u043e\u0439 \u041f\u0440\u0430\u0432\u043e\u0441\u043b\u0430\u0432\u043d\u043e\u0439 \u0426\u0435\u0440\u043a\u0432\u0438. \u0411\u0435\u0440\u043b\u0438\u043d\u0441\u043a\u043e-\u0413\u0435\u0440\u043c\u0430\u043d\u0441\u043a\u0430\u044f \u0435\u043f\u0430\u0440\u0445\u0438\u044f.","potentialAction":[{"@type":"SearchAction","target":{"@type":"EntryPoint","urlTemplate":"https:\/\/rokmp.de\/?s={search_term_string}"},"query-input":{"@type":"PropertyValueSpecification","valueRequired":true,"valueName":"search_term_string"}}],"inLanguage":"de"},{"@type":"Person","@id":"https:\/\/rokmp.de\/#\/schema\/person\/1e05c7851b376b862ca66f74ee16b275","name":"priester Eugeny Murzin","image":{"@type":"ImageObject","inLanguage":"de","@id":"https:\/\/rokmp.de\/#\/schema\/person\/image\/","url":"https:\/\/secure.gravatar.com\/avatar\/ab0791f77afedc1959682d928966c405d68e155dc34177d2d0970bb7906ee2ad?s=96&d=mm&r=g","contentUrl":"https:\/\/secure.gravatar.com\/avatar\/ab0791f77afedc1959682d928966c405d68e155dc34177d2d0970bb7906ee2ad?s=96&d=mm&r=g","caption":"priester Eugeny Murzin"},"sameAs":["https:\/\/rokmp.de"]}]}},"jetpack_featured_media_url":"https:\/\/rokmp.de\/wp-content\/uploads\/2025\/05\/WhatsApp-Image-2025-05-28-at-14.59.40.jpeg","jetpack_sharing_enabled":true,"_links":{"self":[{"href":"https:\/\/rokmp.de\/de\/wp-json\/wp\/v2\/posts\/40735","targetHints":{"allow":["GET"]}}],"collection":[{"href":"https:\/\/rokmp.de\/de\/wp-json\/wp\/v2\/posts"}],"about":[{"href":"https:\/\/rokmp.de\/de\/wp-json\/wp\/v2\/types\/post"}],"author":[{"embeddable":true,"href":"https:\/\/rokmp.de\/de\/wp-json\/wp\/v2\/users\/150"}],"replies":[{"embeddable":true,"href":"https:\/\/rokmp.de\/de\/wp-json\/wp\/v2\/comments?post=40735"}],"version-history":[{"count":1,"href":"https:\/\/rokmp.de\/de\/wp-json\/wp\/v2\/posts\/40735\/revisions"}],"predecessor-version":[{"id":40736,"href":"https:\/\/rokmp.de\/de\/wp-json\/wp\/v2\/posts\/40735\/revisions\/40736"}],"wp:featuredmedia":[{"embeddable":true,"href":"https:\/\/rokmp.de\/de\/wp-json\/wp\/v2\/media\/40664"}],"wp:attachment":[{"href":"https:\/\/rokmp.de\/de\/wp-json\/wp\/v2\/media?parent=40735"}],"wp:term":[{"taxonomy":"category","embeddable":true,"href":"https:\/\/rokmp.de\/de\/wp-json\/wp\/v2\/categories?post=40735"},{"taxonomy":"post_tag","embeddable":true,"href":"https:\/\/rokmp.de\/de\/wp-json\/wp\/v2\/tags?post=40735"}],"curies":[{"name":"wp","href":"https:\/\/api.w.org\/{rel}","templated":true}]}}