{"id":41908,"date":"2025-10-22T12:08:01","date_gmt":"2025-10-22T09:08:01","guid":{"rendered":"https:\/\/rokmp.de\/?p=41908"},"modified":"2025-11-11T20:50:16","modified_gmt":"2025-11-11T17:50:16","slug":"deutsch-zweite-konferenz-der-orthodoxen-jugend-der-berliner-diozese-findet-in-krefeld-statt","status":"publish","type":"post","link":"https:\/\/rokmp.de\/de\/deutsch-zweite-konferenz-der-orthodoxen-jugend-der-berliner-diozese-findet-in-krefeld-statt\/","title":{"rendered":"Zweite Konferenz der Orthodoxen Jugend der Berliner Di\u00f6zese findet in Krefeld statt"},"content":{"rendered":"<p>Mit dem Segen des Erzbischofs Tichon, findet vom 30. Oktober bis 02. November 2025 die \u201eZweite Konferenz der Orthodoxen Jugend der Berliner Di\u00f6zese des Moskauer Patriarchats\u201c in Krefeld statt.<\/p>\n<p>Die Konferenz bietet eine einmalige Gelegenheit, die orthodoxe Jugend Deutschlands zu vernetzen, spirituell zu wachsen und sich zum Konferenzthema \u201eEine moderne orthodoxe Familie gr\u00fcnden und bewahren\u201c auszutauschen.<\/p>\n<p>Euch erwartet ein vielseitiges Programm, das sich in vier Bereiche gliedert:<\/p>\n<p>Liturgischer Teil: gemeinsame Liturgie mit Erzbischof Tichon.<\/p>\n<p>Bildender Teil: Vortr\u00e4ge und Gespr\u00e4che zum Thema \u201eEine moderne orthodoxe Familie gr\u00fcnden und bewahren\u201c.<\/p>\n<p>Organisatorischer Teil: Vorstellung der Jugendarbeit in den Gemeinden und F\u00f6rderung der Zusammenarbeit der orthodoxen Jugend in der Di\u00f6zese.<\/p>\n<p>Kultureller Teil: Entdeckung der Region, Kennenlernen der Gemeinde und Austausch mit den Konferenzteilnehmern.<\/p>\n<p>Anreise am Donnerstag, dem 30. Oktober, um 17 Uhr<\/p>\n<p>Abreise am Sonntag, dem 2. November, ab 14 Uhr<\/p>\n<p>Adresse: Orthodoxe St. Barbara Kirche, Wielandstr. 11, 47799 Krefeld<\/p>\n<p>Teilnehmer, die von au\u00dferhalb anreisen, werden f\u00fcr die Dauer der Konferenz in einem Hotel untergebracht. F\u00fcr alle Teilnehmer sind t\u00e4glich drei Mahlzeiten vorgesehen. Um einen Teil der Kosten zu decken, wird ein Teilnahmebeitrag von 50 \u20ac erhoben. Spenden, die \u00fcber diesen Betrag hinausgehen, sind herzlich willkommen.<\/p>\n<p>Die Konferenz richtet sich an orthodoxe Jugendliche im Alter von 17 bis 35 Jahren.<\/p>\n<p>Die Teilnehmerzahl ist begrenzt! Daher ist eine fr\u00fchzeitige Anmeldung unter dem folgenden Link erforderlich:<\/p>\n<p><a href=\"http:\/\/www.rok-krefeld.de\/meet\">www.rok-krefeld.de\/meet<\/a><\/p>\n<p>Bei Fragen zur Unterkunft oder zum Programm wendet euch bitte an: <a href=\"mailto:irina.kiokoglou@rok-krefeld.de\">irina.kiokoglou@rok-krefeld.de<\/a><\/p>\n<p>Beachte bitte!<\/p>\n<p>Der 31. Oktober ist ein Feiertag in den Bundesl\u00e4ndern Brandenburg, Bremen, Hamburg, Niedersachsen, Mecklenburg-Vorpommern, Sachsen, Sachsen-Anhalt, Schleswig-Holstein, Th\u00fcringen.<\/p>\n<p>Der 1. November ist ein Feiertag in den Bundesl\u00e4ndern Baden-W\u00fcrttemberg, Bayern, Nordrhein-Westfalen, Rheinland-Pfalz, Saarland.<\/p>\n<p>Falls ihr w\u00e4hrend der Konferenz Schule Schule habt, k\u00f6nnen die Organisatoren eine Teilnahmebest\u00e4tigung ausstellen. Auf Grundlage dieser Best\u00e4tigung kann euch die Schule vom Unterricht freistellen.<\/p>\n<p>Erzbischof Tichon, Verwalter der Di\u00f6zese von Berlin und Deutschland wird ein Gru\u00dfwort an die Teilnehmer richten.<\/p>\n<p><b>Programm der Konferenz<\/b><\/p>\n<p><b>Donnerstag, 30. Oktober<\/b><\/p>\n<p>17:00 \u2013 Ankunft, Unterbringung<\/p>\n<p>18:00 \u2013 Bittgebet zu Beginn eines Werkes<\/p>\n<p>18:30 \u2013 Abendessen<\/p>\n<p>19:30 \u2013 Kennenlernen<\/p>\n<p><b>Freitag, 31. Oktober<\/b><\/p>\n<p>08:00 \u2013 G\u00f6ttliche Liturgie<\/p>\n<p>10:00 \u2013 Fr\u00fchst\u00fcck<\/p>\n<p>11:00 \u2013 Er\u00f6ffnung der Tagung. Gru\u00dfwort von Erzbischof Tichon, Leiter der Di\u00f6zese von Berlin und Deutschland.<\/p>\n<p>11:15 \u2013 Vortrag: \u201eFamilien- und Elterenschule. Wie kann man lernen, in der Ehe zu leben und Kinder zu erziehen?\u201c Priester Alexej Veselov<\/p>\n<p>12:05 \u2013 Vortrag: \u201eTheologisch-philosophische Betrachtung der Ehe.\u201c Denis Melkov<\/p>\n<p>12:55 \u2013 Kaffeepause<\/p>\n<p>13:20 \u2013 Vortrag: \u201eEhe, Liebe und Ewigkeit: eine biblische Formel, die wir vergessen haben.\u201c Priester Alexander Anisimov<\/p>\n<p>14:10 \u2013 Vortrag: \u201eVerschiedene religi\u00f6se Motivationen in orthodoxen Ehen. Konfessionell gemischte Ehen.\u201c Priester Alexej Tereschenko<\/p>\n<p>15:00 \u2013 Mittagessen<\/p>\n<p>16:00 \u2013 Ausflug in die Stadt Kamp-Lintfort: Bittgebet am Schrein der hl. M\u00e4rtyrerin Agathia, F\u00fchrung durch den Klostergarten und Spaziergang durch die Stadt.<\/p>\n<p>18:45 \u2013 Abendgebet<\/p>\n<p>19:00 \u2013 Abendessen<\/p>\n<p>20:00 \u2013 Abendprogramm<\/p>\n<p><b>Samstag, 1. November<\/b><\/p>\n<p>08:00 \u2013 Totengedenken zum Demetrios-Samstag des Ahnengedenkens<\/p>\n<p>08:30 \u2013 Fr\u00fchst\u00fcck<\/p>\n<p>09:20 \u2013 Vortrag<\/p>\n<p>10:10 \u2013 Vortrag: \u201eWie sollten ein orthodoxer Mann und eine orthodoxe Frau heute sein: eine Analyse im Licht von Glaube und Leben.\u201c Priester Wladimir Koljada<\/p>\n<p>11:00 \u2013 Kaffeepause<\/p>\n<p>11:30 \u2013 Vortrag: \u201eModerne &#8211; Postmoderne und Tradition: Orthodoxe Familien zwischen den Fronten.\u201c Cornelia Delkeskamp-Hayes<\/p>\n<p>12:20 \u2013 Vortrag: \u201eAktuelle Herausforderungen in der orthodoxen Ehe und Wege zu ihrer \u00dcberwindung.\u201c Erzpriester Ilja Limberger<\/p>\n<p>13:30 \u2013 Mittagessen<\/p>\n<p>14:30 \u2013 Runde Tische<\/p>\n<p>16:00 \u2013 Plenum und Zusammenfassung der Runden Tische<\/p>\n<p>17:00 \u2013 Vigil<\/p>\n<p>18:15 \u2013 Abendessen<\/p>\n<p>19:15 \u2013 Ball<\/p>\n<p><b>Sonntag, 2. November<\/b><\/p>\n<p>10:00 \u2013 G\u00f6ttliche Liturgie<\/p>\n<p>12:00 \u2013 Mittagessen<\/p>\n<p>13:00 \u2013 Stadtspaziergang und Abschied<\/p>","protected":false},"excerpt":{"rendered":"<p>Vom 30. Oktober bis 02. November 2025 findet in Krefeld die Zweite Konferenz der Orthodoxen Jugend der Berliner Di\u00f6zese statt. Die Konferenz bietet eine einmalige Gelegenheit, die orthodoxe Jugend Deutschlands zu vernetzen, spirituell zu wachsen und sich zum Konferenzthema \u201eEine moderne orthodoxe Familie gr\u00fcnden und bewahren\u201c auszutauschen.<\/p>\n","protected":false},"author":150,"featured_media":41530,"comment_status":"open","ping_status":"closed","sticky":false,"template":"","format":"standard","meta":{"_acf_changed":false,"_jetpack_memberships_contains_paid_content":false,"footnotes":""},"categories":[21,16],"tags":[],"class_list":["post-41908","post","type-post","status-publish","format-standard","has-post-thumbnail","hentry","category-aktuell","category-eparh_news"],"acf":[],"yoast_head":"<!-- This site is optimized with the Yoast SEO plugin v24.9 - https:\/\/yoast.com\/wordpress\/plugins\/seo\/ -->\n<title>Zweite Konferenz der Orthodoxen Jugend der Berliner Di\u00f6zese findet in Krefeld statt - Berliner Di\u00f6zese der Russischen Orthodoxen Kirche (Kd\u00f6R)<\/title>\n<meta name=\"robots\" content=\"index, follow, max-snippet:-1, max-image-preview:large, max-video-preview:-1\" \/>\n<link rel=\"canonical\" href=\"https:\/\/rokmp.de\/deutsch-zweite-konferenz-der-orthodoxen-jugend-der-berliner-diozese-findet-in-krefeld-statt\/\" \/>\n<meta property=\"og:locale\" content=\"de_DE\" \/>\n<meta property=\"og:type\" content=\"article\" \/>\n<meta property=\"og:title\" content=\"Zweite Konferenz der Orthodoxen Jugend der Berliner Di\u00f6zese findet in Krefeld statt - Berliner Di\u00f6zese der Russischen Orthodoxen Kirche (Kd\u00f6R)\" \/>\n<meta property=\"og:description\" content=\"[:de]Vom 30. Oktober bis 02. November 2025 findet in Krefeld die Zweite Konferenz der Orthodoxen Jugend der Berliner Di\u00f6zese statt. Die Konferenz bietet eine einmalige Gelegenheit, die orthodoxe Jugend Deutschlands zu vernetzen, spirituell zu wachsen und sich zum Konferenzthema \u201eEine moderne orthodoxe Familie gr\u00fcnden und bewahren\u201c auszutauschen.[:]\" \/>\n<meta property=\"og:url\" content=\"https:\/\/rokmp.de\/deutsch-zweite-konferenz-der-orthodoxen-jugend-der-berliner-diozese-findet-in-krefeld-statt\/\" \/>\n<meta property=\"og:site_name\" content=\"Berliner Di\u00f6zese der Russischen Orthodoxen Kirche (Kd\u00f6R)\" \/>\n<meta property=\"article:published_time\" content=\"2025-10-22T09:08:01+00:00\" \/>\n<meta property=\"article:modified_time\" content=\"2025-11-11T17:50:16+00:00\" \/>\n<meta property=\"og:image\" content=\"https:\/\/rokmp.de\/wp-content\/uploads\/2025\/09\/mol1.jpeg\" \/>\n\t<meta property=\"og:image:width\" content=\"1600\" \/>\n\t<meta property=\"og:image:height\" content=\"1066\" \/>\n\t<meta property=\"og:image:type\" content=\"image\/jpeg\" \/>\n<meta name=\"author\" content=\"priester Eugeny Murzin\" \/>\n<meta name=\"twitter:card\" content=\"summary_large_image\" \/>\n<meta name=\"twitter:label1\" content=\"Verfasst von\" \/>\n\t<meta name=\"twitter:data1\" content=\"priester Eugeny Murzin\" \/>\n\t<meta name=\"twitter:label2\" content=\"Gesch\u00e4tzte Lesezeit\" \/>\n\t<meta name=\"twitter:data2\" content=\"4\u00a0Minuten\" \/>\n<script type=\"application\/ld+json\" class=\"yoast-schema-graph\">{\"@context\":\"https:\/\/schema.org\",\"@graph\":[{\"@type\":\"WebPage\",\"@id\":\"https:\/\/rokmp.de\/deutsch-zweite-konferenz-der-orthodoxen-jugend-der-berliner-diozese-findet-in-krefeld-statt\/\",\"url\":\"https:\/\/rokmp.de\/deutsch-zweite-konferenz-der-orthodoxen-jugend-der-berliner-diozese-findet-in-krefeld-statt\/\",\"name\":\"Zweite Konferenz der Orthodoxen Jugend der Berliner Di\u00f6zese findet in Krefeld statt - Berliner Di\u00f6zese der Russischen Orthodoxen Kirche (Kd\u00f6R)\",\"isPartOf\":{\"@id\":\"https:\/\/rokmp.de\/#website\"},\"primaryImageOfPage\":{\"@id\":\"https:\/\/rokmp.de\/deutsch-zweite-konferenz-der-orthodoxen-jugend-der-berliner-diozese-findet-in-krefeld-statt\/#primaryimage\"},\"image\":{\"@id\":\"https:\/\/rokmp.de\/deutsch-zweite-konferenz-der-orthodoxen-jugend-der-berliner-diozese-findet-in-krefeld-statt\/#primaryimage\"},\"thumbnailUrl\":\"https:\/\/rokmp.de\/wp-content\/uploads\/2025\/09\/mol1.jpeg\",\"datePublished\":\"2025-10-22T09:08:01+00:00\",\"dateModified\":\"2025-11-11T17:50:16+00:00\",\"author\":{\"@id\":\"https:\/\/rokmp.de\/#\/schema\/person\/1e05c7851b376b862ca66f74ee16b275\"},\"breadcrumb\":{\"@id\":\"https:\/\/rokmp.de\/deutsch-zweite-konferenz-der-orthodoxen-jugend-der-berliner-diozese-findet-in-krefeld-statt\/#breadcrumb\"},\"inLanguage\":\"de\",\"potentialAction\":[{\"@type\":\"ReadAction\",\"target\":[\"https:\/\/rokmp.de\/deutsch-zweite-konferenz-der-orthodoxen-jugend-der-berliner-diozese-findet-in-krefeld-statt\/\"]}]},{\"@type\":\"ImageObject\",\"inLanguage\":\"de\",\"@id\":\"https:\/\/rokmp.de\/deutsch-zweite-konferenz-der-orthodoxen-jugend-der-berliner-diozese-findet-in-krefeld-statt\/#primaryimage\",\"url\":\"https:\/\/rokmp.de\/wp-content\/uploads\/2025\/09\/mol1.jpeg\",\"contentUrl\":\"https:\/\/rokmp.de\/wp-content\/uploads\/2025\/09\/mol1.jpeg\",\"width\":1600,\"height\":1066},{\"@type\":\"BreadcrumbList\",\"@id\":\"https:\/\/rokmp.de\/deutsch-zweite-konferenz-der-orthodoxen-jugend-der-berliner-diozese-findet-in-krefeld-statt\/#breadcrumb\",\"itemListElement\":[{\"@type\":\"ListItem\",\"position\":1,\"name\":\"\u0413\u043b\u0430\u0432\u043d\u0430\u044f \u0441\u0442\u0440\u0430\u043d\u0438\u0446\u0430\",\"item\":\"https:\/\/rokmp.de\/\"},{\"@type\":\"ListItem\",\"position\":2,\"name\":\"(Deutsch) Zweite Konferenz der Orthodoxen Jugend der Berliner Di\u00f6zese findet in Krefeld statt\"}]},{\"@type\":\"WebSite\",\"@id\":\"https:\/\/rokmp.de\/#website\",\"url\":\"https:\/\/rokmp.de\/\",\"name\":\"Berliner Di\u00f6zese der Russischen Orthodoxen Kirche (Kd\u00f6R)\",\"description\":\"(\u0420\u0443\u0441\u0441\u043a\u0438\u0439) \u041e\u0444\u0438\u0446\u0438\u0430\u043b\u044c\u043d\u044b\u0439 \u0441\u0430\u0439\u0442 \u0420\u0443\u0441\u0441\u043a\u043e\u0439 \u041f\u0440\u0430\u0432\u043e\u0441\u043b\u0430\u0432\u043d\u043e\u0439 \u0426\u0435\u0440\u043a\u0432\u0438. \u0411\u0435\u0440\u043b\u0438\u043d\u0441\u043a\u043e-\u0413\u0435\u0440\u043c\u0430\u043d\u0441\u043a\u0430\u044f \u0435\u043f\u0430\u0440\u0445\u0438\u044f.\",\"potentialAction\":[{\"@type\":\"SearchAction\",\"target\":{\"@type\":\"EntryPoint\",\"urlTemplate\":\"https:\/\/rokmp.de\/?s={search_term_string}\"},\"query-input\":{\"@type\":\"PropertyValueSpecification\",\"valueRequired\":true,\"valueName\":\"search_term_string\"}}],\"inLanguage\":\"de\"},{\"@type\":\"Person\",\"@id\":\"https:\/\/rokmp.de\/#\/schema\/person\/1e05c7851b376b862ca66f74ee16b275\",\"name\":\"priester Eugeny Murzin\",\"image\":{\"@type\":\"ImageObject\",\"inLanguage\":\"de\",\"@id\":\"https:\/\/rokmp.de\/#\/schema\/person\/image\/\",\"url\":\"https:\/\/secure.gravatar.com\/avatar\/ab0791f77afedc1959682d928966c405d68e155dc34177d2d0970bb7906ee2ad?s=96&d=mm&r=g\",\"contentUrl\":\"https:\/\/secure.gravatar.com\/avatar\/ab0791f77afedc1959682d928966c405d68e155dc34177d2d0970bb7906ee2ad?s=96&d=mm&r=g\",\"caption\":\"priester Eugeny Murzin\"},\"sameAs\":[\"https:\/\/rokmp.de\"]}]}<\/script>\n<!-- \/ Yoast SEO plugin. -->","yoast_head_json":{"title":"Zweite Konferenz der Orthodoxen Jugend der Berliner Di\u00f6zese findet in Krefeld statt - Berliner Di\u00f6zese der Russischen Orthodoxen Kirche (Kd\u00f6R)","robots":{"index":"index","follow":"follow","max-snippet":"max-snippet:-1","max-image-preview":"max-image-preview:large","max-video-preview":"max-video-preview:-1"},"canonical":"https:\/\/rokmp.de\/deutsch-zweite-konferenz-der-orthodoxen-jugend-der-berliner-diozese-findet-in-krefeld-statt\/","og_locale":"de_DE","og_type":"article","og_title":"Zweite Konferenz der Orthodoxen Jugend der Berliner Di\u00f6zese findet in Krefeld statt - Berliner Di\u00f6zese der Russischen Orthodoxen Kirche (Kd\u00f6R)","og_description":"[:de]Vom 30. Oktober bis 02. November 2025 findet in Krefeld die Zweite Konferenz der Orthodoxen Jugend der Berliner Di\u00f6zese statt. Die Konferenz bietet eine einmalige Gelegenheit, die orthodoxe Jugend Deutschlands zu vernetzen, spirituell zu wachsen und sich zum Konferenzthema \u201eEine moderne orthodoxe Familie gr\u00fcnden und bewahren\u201c auszutauschen.[:]","og_url":"https:\/\/rokmp.de\/deutsch-zweite-konferenz-der-orthodoxen-jugend-der-berliner-diozese-findet-in-krefeld-statt\/","og_site_name":"Berliner Di\u00f6zese der Russischen Orthodoxen Kirche (Kd\u00f6R)","article_published_time":"2025-10-22T09:08:01+00:00","article_modified_time":"2025-11-11T17:50:16+00:00","og_image":[{"width":1600,"height":1066,"url":"https:\/\/rokmp.de\/wp-content\/uploads\/2025\/09\/mol1.jpeg","type":"image\/jpeg"}],"author":"priester Eugeny Murzin","twitter_card":"summary_large_image","twitter_misc":{"Verfasst von":"priester Eugeny Murzin","Gesch\u00e4tzte Lesezeit":"4\u00a0Minuten"},"schema":{"@context":"https:\/\/schema.org","@graph":[{"@type":"WebPage","@id":"https:\/\/rokmp.de\/deutsch-zweite-konferenz-der-orthodoxen-jugend-der-berliner-diozese-findet-in-krefeld-statt\/","url":"https:\/\/rokmp.de\/deutsch-zweite-konferenz-der-orthodoxen-jugend-der-berliner-diozese-findet-in-krefeld-statt\/","name":"Zweite Konferenz der Orthodoxen Jugend der Berliner Di\u00f6zese findet in Krefeld statt - Berliner Di\u00f6zese der Russischen Orthodoxen Kirche (Kd\u00f6R)","isPartOf":{"@id":"https:\/\/rokmp.de\/#website"},"primaryImageOfPage":{"@id":"https:\/\/rokmp.de\/deutsch-zweite-konferenz-der-orthodoxen-jugend-der-berliner-diozese-findet-in-krefeld-statt\/#primaryimage"},"image":{"@id":"https:\/\/rokmp.de\/deutsch-zweite-konferenz-der-orthodoxen-jugend-der-berliner-diozese-findet-in-krefeld-statt\/#primaryimage"},"thumbnailUrl":"https:\/\/rokmp.de\/wp-content\/uploads\/2025\/09\/mol1.jpeg","datePublished":"2025-10-22T09:08:01+00:00","dateModified":"2025-11-11T17:50:16+00:00","author":{"@id":"https:\/\/rokmp.de\/#\/schema\/person\/1e05c7851b376b862ca66f74ee16b275"},"breadcrumb":{"@id":"https:\/\/rokmp.de\/deutsch-zweite-konferenz-der-orthodoxen-jugend-der-berliner-diozese-findet-in-krefeld-statt\/#breadcrumb"},"inLanguage":"de","potentialAction":[{"@type":"ReadAction","target":["https:\/\/rokmp.de\/deutsch-zweite-konferenz-der-orthodoxen-jugend-der-berliner-diozese-findet-in-krefeld-statt\/"]}]},{"@type":"ImageObject","inLanguage":"de","@id":"https:\/\/rokmp.de\/deutsch-zweite-konferenz-der-orthodoxen-jugend-der-berliner-diozese-findet-in-krefeld-statt\/#primaryimage","url":"https:\/\/rokmp.de\/wp-content\/uploads\/2025\/09\/mol1.jpeg","contentUrl":"https:\/\/rokmp.de\/wp-content\/uploads\/2025\/09\/mol1.jpeg","width":1600,"height":1066},{"@type":"BreadcrumbList","@id":"https:\/\/rokmp.de\/deutsch-zweite-konferenz-der-orthodoxen-jugend-der-berliner-diozese-findet-in-krefeld-statt\/#breadcrumb","itemListElement":[{"@type":"ListItem","position":1,"name":"\u0413\u043b\u0430\u0432\u043d\u0430\u044f \u0441\u0442\u0440\u0430\u043d\u0438\u0446\u0430","item":"https:\/\/rokmp.de\/"},{"@type":"ListItem","position":2,"name":"(Deutsch) Zweite Konferenz der Orthodoxen Jugend der Berliner Di\u00f6zese findet in Krefeld statt"}]},{"@type":"WebSite","@id":"https:\/\/rokmp.de\/#website","url":"https:\/\/rokmp.de\/","name":"Berliner Di\u00f6zese der Russischen Orthodoxen Kirche (Kd\u00f6R)","description":"(\u0420\u0443\u0441\u0441\u043a\u0438\u0439) \u041e\u0444\u0438\u0446\u0438\u0430\u043b\u044c\u043d\u044b\u0439 \u0441\u0430\u0439\u0442 \u0420\u0443\u0441\u0441\u043a\u043e\u0439 \u041f\u0440\u0430\u0432\u043e\u0441\u043b\u0430\u0432\u043d\u043e\u0439 \u0426\u0435\u0440\u043a\u0432\u0438. \u0411\u0435\u0440\u043b\u0438\u043d\u0441\u043a\u043e-\u0413\u0435\u0440\u043c\u0430\u043d\u0441\u043a\u0430\u044f \u0435\u043f\u0430\u0440\u0445\u0438\u044f.","potentialAction":[{"@type":"SearchAction","target":{"@type":"EntryPoint","urlTemplate":"https:\/\/rokmp.de\/?s={search_term_string}"},"query-input":{"@type":"PropertyValueSpecification","valueRequired":true,"valueName":"search_term_string"}}],"inLanguage":"de"},{"@type":"Person","@id":"https:\/\/rokmp.de\/#\/schema\/person\/1e05c7851b376b862ca66f74ee16b275","name":"priester Eugeny Murzin","image":{"@type":"ImageObject","inLanguage":"de","@id":"https:\/\/rokmp.de\/#\/schema\/person\/image\/","url":"https:\/\/secure.gravatar.com\/avatar\/ab0791f77afedc1959682d928966c405d68e155dc34177d2d0970bb7906ee2ad?s=96&d=mm&r=g","contentUrl":"https:\/\/secure.gravatar.com\/avatar\/ab0791f77afedc1959682d928966c405d68e155dc34177d2d0970bb7906ee2ad?s=96&d=mm&r=g","caption":"priester Eugeny Murzin"},"sameAs":["https:\/\/rokmp.de"]}]}},"jetpack_featured_media_url":"https:\/\/rokmp.de\/wp-content\/uploads\/2025\/09\/mol1.jpeg","jetpack_sharing_enabled":true,"_links":{"self":[{"href":"https:\/\/rokmp.de\/de\/wp-json\/wp\/v2\/posts\/41908","targetHints":{"allow":["GET"]}}],"collection":[{"href":"https:\/\/rokmp.de\/de\/wp-json\/wp\/v2\/posts"}],"about":[{"href":"https:\/\/rokmp.de\/de\/wp-json\/wp\/v2\/types\/post"}],"author":[{"embeddable":true,"href":"https:\/\/rokmp.de\/de\/wp-json\/wp\/v2\/users\/150"}],"replies":[{"embeddable":true,"href":"https:\/\/rokmp.de\/de\/wp-json\/wp\/v2\/comments?post=41908"}],"version-history":[{"count":3,"href":"https:\/\/rokmp.de\/de\/wp-json\/wp\/v2\/posts\/41908\/revisions"}],"predecessor-version":[{"id":42137,"href":"https:\/\/rokmp.de\/de\/wp-json\/wp\/v2\/posts\/41908\/revisions\/42137"}],"wp:featuredmedia":[{"embeddable":true,"href":"https:\/\/rokmp.de\/de\/wp-json\/wp\/v2\/media\/41530"}],"wp:attachment":[{"href":"https:\/\/rokmp.de\/de\/wp-json\/wp\/v2\/media?parent=41908"}],"wp:term":[{"taxonomy":"category","embeddable":true,"href":"https:\/\/rokmp.de\/de\/wp-json\/wp\/v2\/categories?post=41908"},{"taxonomy":"post_tag","embeddable":true,"href":"https:\/\/rokmp.de\/de\/wp-json\/wp\/v2\/tags?post=41908"}],"curies":[{"name":"wp","href":"https:\/\/api.w.org\/{rel}","templated":true}]}}