{"id":42138,"date":"2025-11-01T20:51:42","date_gmt":"2025-11-01T17:51:42","guid":{"rendered":"https:\/\/rokmp.de\/?p=42138"},"modified":"2025-11-11T20:53:32","modified_gmt":"2025-11-11T17:53:32","slug":"deutsch-am-dimitrius-seelensamstag-hielt-erzbischof-tichon-eine-trauerfeier-in-der-kirche-der-heiligen-barbara-in-krefeld","status":"publish","type":"post","link":"https:\/\/rokmp.de\/de\/deutsch-am-dimitrius-seelensamstag-hielt-erzbischof-tichon-eine-trauerfeier-in-der-kirche-der-heiligen-barbara-in-krefeld\/","title":{"rendered":"Am Dimitrius-Seelensamstag  hielt Erzbischof Tichon eine Trauerfeier in der Kirche der Heiligen Barbara in Krefeld"},"content":{"rendered":"<p>Am 1. November 2025, dem Dimitrius-Seelensamstag (einem der Samstage des Gedenkens aller verstorbenen Seelen), hielt Erzbischof Tichon von Ruza, Leiter der Berliner Di\u00f6zese der Russischen Orthodoxen Kirche, eine Trauerfeier in der Kirche der Heiligen Gro\u00dfm\u00e4rtyrerin Barbara in Krefeld.<\/p>\n<p>Seiner Exzellenz konzelebrierten Protopriester Wladislav Dihanov, Priester WladislaW Azews (Di\u00f6zese Wien-\u00d6sterreich), Priester Alexander AnisimoW und Protodiakon Archil Tschkhikwadse.<\/p>\n<p>Vor Beginn der Trauerfeier wandte sich der Di\u00f6zesanvorsteher mit einer pastoralen Ansprache an die Versammelten.<\/p>\n<p>Der Gottesdienst wurde vom Jugendchor unter der Leitung des Vors\u00e4ngers Matfei Kobro musikalisch begleitet.<\/p>","protected":false},"excerpt":{"rendered":"<p>Am 1. November 2025, dem Dimitrius-Seelensamstag (einem der Samstage des Gedenkens aller verstorbenen Seelen), hielt Erzbischof Tichon von Ruza, Leiter der Berliner Di\u00f6zese der Russischen Orthodoxen Kirche, eine Trauerfeier in der Kirche der Heiligen Gro\u00dfm\u00e4rtyrerin Barbara in Krefeld.<\/p>\n","protected":false},"author":150,"featured_media":42036,"comment_status":"open","ping_status":"closed","sticky":false,"template":"","format":"standard","meta":{"_acf_changed":false,"_jetpack_memberships_contains_paid_content":false,"footnotes":""},"categories":[21,16],"tags":[],"class_list":["post-42138","post","type-post","status-publish","format-standard","has-post-thumbnail","hentry","category-aktuell","category-eparh_news"],"acf":[],"yoast_head":"<!-- This site is optimized with the Yoast SEO plugin v24.9 - https:\/\/yoast.com\/wordpress\/plugins\/seo\/ -->\n<title>Am Dimitrius-Seelensamstag hielt Erzbischof Tichon eine Trauerfeier in der Kirche der Heiligen Barbara in Krefeld - Berliner Di\u00f6zese der Russischen Orthodoxen Kirche (Kd\u00f6R)<\/title>\n<meta name=\"robots\" content=\"index, follow, max-snippet:-1, max-image-preview:large, max-video-preview:-1\" \/>\n<link rel=\"canonical\" href=\"https:\/\/rokmp.de\/deutsch-am-dimitrius-seelensamstag-hielt-erzbischof-tichon-eine-trauerfeier-in-der-kirche-der-heiligen-barbara-in-krefeld\/\" \/>\n<meta property=\"og:locale\" content=\"de_DE\" \/>\n<meta property=\"og:type\" content=\"article\" \/>\n<meta property=\"og:title\" content=\"Am Dimitrius-Seelensamstag hielt Erzbischof Tichon eine Trauerfeier in der Kirche der Heiligen Barbara in Krefeld - Berliner Di\u00f6zese der Russischen Orthodoxen Kirche (Kd\u00f6R)\" \/>\n<meta property=\"og:description\" content=\"[:de]Am 1. November 2025, dem Dimitrius-Seelensamstag (einem der Samstage des Gedenkens aller verstorbenen Seelen), hielt Erzbischof Tichon von Ruza, Leiter der Berliner Di\u00f6zese der Russischen Orthodoxen Kirche, eine Trauerfeier in der Kirche der Heiligen Gro\u00dfm\u00e4rtyrerin Barbara in Krefeld.[:]\" \/>\n<meta property=\"og:url\" content=\"https:\/\/rokmp.de\/deutsch-am-dimitrius-seelensamstag-hielt-erzbischof-tichon-eine-trauerfeier-in-der-kirche-der-heiligen-barbara-in-krefeld\/\" \/>\n<meta property=\"og:site_name\" content=\"Berliner Di\u00f6zese der Russischen Orthodoxen Kirche (Kd\u00f6R)\" \/>\n<meta property=\"article:published_time\" content=\"2025-11-01T17:51:42+00:00\" \/>\n<meta property=\"article:modified_time\" content=\"2025-11-11T17:53:32+00:00\" \/>\n<meta property=\"og:image\" content=\"https:\/\/rokmp.de\/wp-content\/uploads\/2025\/11\/WhatsApp-Image-2025-11-01-at-17.23.21.jpeg\" \/>\n\t<meta property=\"og:image:width\" content=\"1600\" \/>\n\t<meta property=\"og:image:height\" content=\"1200\" \/>\n\t<meta property=\"og:image:type\" content=\"image\/jpeg\" \/>\n<meta name=\"author\" content=\"priester Eugeny Murzin\" \/>\n<meta name=\"twitter:card\" content=\"summary_large_image\" \/>\n<meta name=\"twitter:label1\" content=\"Verfasst von\" \/>\n\t<meta name=\"twitter:data1\" content=\"priester Eugeny Murzin\" \/>\n\t<meta name=\"twitter:label2\" content=\"Gesch\u00e4tzte Lesezeit\" \/>\n\t<meta name=\"twitter:data2\" content=\"1\u00a0Minute\" \/>\n<script type=\"application\/ld+json\" class=\"yoast-schema-graph\">{\"@context\":\"https:\/\/schema.org\",\"@graph\":[{\"@type\":\"WebPage\",\"@id\":\"https:\/\/rokmp.de\/deutsch-am-dimitrius-seelensamstag-hielt-erzbischof-tichon-eine-trauerfeier-in-der-kirche-der-heiligen-barbara-in-krefeld\/\",\"url\":\"https:\/\/rokmp.de\/deutsch-am-dimitrius-seelensamstag-hielt-erzbischof-tichon-eine-trauerfeier-in-der-kirche-der-heiligen-barbara-in-krefeld\/\",\"name\":\"Am Dimitrius-Seelensamstag hielt Erzbischof Tichon eine Trauerfeier in der Kirche der Heiligen Barbara in Krefeld - Berliner Di\u00f6zese der Russischen Orthodoxen Kirche (Kd\u00f6R)\",\"isPartOf\":{\"@id\":\"https:\/\/rokmp.de\/#website\"},\"primaryImageOfPage\":{\"@id\":\"https:\/\/rokmp.de\/deutsch-am-dimitrius-seelensamstag-hielt-erzbischof-tichon-eine-trauerfeier-in-der-kirche-der-heiligen-barbara-in-krefeld\/#primaryimage\"},\"image\":{\"@id\":\"https:\/\/rokmp.de\/deutsch-am-dimitrius-seelensamstag-hielt-erzbischof-tichon-eine-trauerfeier-in-der-kirche-der-heiligen-barbara-in-krefeld\/#primaryimage\"},\"thumbnailUrl\":\"https:\/\/rokmp.de\/wp-content\/uploads\/2025\/11\/WhatsApp-Image-2025-11-01-at-17.23.21.jpeg\",\"datePublished\":\"2025-11-01T17:51:42+00:00\",\"dateModified\":\"2025-11-11T17:53:32+00:00\",\"author\":{\"@id\":\"https:\/\/rokmp.de\/#\/schema\/person\/1e05c7851b376b862ca66f74ee16b275\"},\"breadcrumb\":{\"@id\":\"https:\/\/rokmp.de\/deutsch-am-dimitrius-seelensamstag-hielt-erzbischof-tichon-eine-trauerfeier-in-der-kirche-der-heiligen-barbara-in-krefeld\/#breadcrumb\"},\"inLanguage\":\"de\",\"potentialAction\":[{\"@type\":\"ReadAction\",\"target\":[\"https:\/\/rokmp.de\/deutsch-am-dimitrius-seelensamstag-hielt-erzbischof-tichon-eine-trauerfeier-in-der-kirche-der-heiligen-barbara-in-krefeld\/\"]}]},{\"@type\":\"ImageObject\",\"inLanguage\":\"de\",\"@id\":\"https:\/\/rokmp.de\/deutsch-am-dimitrius-seelensamstag-hielt-erzbischof-tichon-eine-trauerfeier-in-der-kirche-der-heiligen-barbara-in-krefeld\/#primaryimage\",\"url\":\"https:\/\/rokmp.de\/wp-content\/uploads\/2025\/11\/WhatsApp-Image-2025-11-01-at-17.23.21.jpeg\",\"contentUrl\":\"https:\/\/rokmp.de\/wp-content\/uploads\/2025\/11\/WhatsApp-Image-2025-11-01-at-17.23.21.jpeg\",\"width\":1600,\"height\":1200},{\"@type\":\"BreadcrumbList\",\"@id\":\"https:\/\/rokmp.de\/deutsch-am-dimitrius-seelensamstag-hielt-erzbischof-tichon-eine-trauerfeier-in-der-kirche-der-heiligen-barbara-in-krefeld\/#breadcrumb\",\"itemListElement\":[{\"@type\":\"ListItem\",\"position\":1,\"name\":\"\u0413\u043b\u0430\u0432\u043d\u0430\u044f \u0441\u0442\u0440\u0430\u043d\u0438\u0446\u0430\",\"item\":\"https:\/\/rokmp.de\/\"},{\"@type\":\"ListItem\",\"position\":2,\"name\":\"(Deutsch) Am Dimitrius-Seelensamstag hielt Erzbischof Tichon eine Trauerfeier in der Kirche der Heiligen Barbara in Krefeld\"}]},{\"@type\":\"WebSite\",\"@id\":\"https:\/\/rokmp.de\/#website\",\"url\":\"https:\/\/rokmp.de\/\",\"name\":\"Berliner Di\u00f6zese der Russischen Orthodoxen Kirche (Kd\u00f6R)\",\"description\":\"(\u0420\u0443\u0441\u0441\u043a\u0438\u0439) \u041e\u0444\u0438\u0446\u0438\u0430\u043b\u044c\u043d\u044b\u0439 \u0441\u0430\u0439\u0442 \u0420\u0443\u0441\u0441\u043a\u043e\u0439 \u041f\u0440\u0430\u0432\u043e\u0441\u043b\u0430\u0432\u043d\u043e\u0439 \u0426\u0435\u0440\u043a\u0432\u0438. \u0411\u0435\u0440\u043b\u0438\u043d\u0441\u043a\u043e-\u0413\u0435\u0440\u043c\u0430\u043d\u0441\u043a\u0430\u044f \u0435\u043f\u0430\u0440\u0445\u0438\u044f.\",\"potentialAction\":[{\"@type\":\"SearchAction\",\"target\":{\"@type\":\"EntryPoint\",\"urlTemplate\":\"https:\/\/rokmp.de\/?s={search_term_string}\"},\"query-input\":{\"@type\":\"PropertyValueSpecification\",\"valueRequired\":true,\"valueName\":\"search_term_string\"}}],\"inLanguage\":\"de\"},{\"@type\":\"Person\",\"@id\":\"https:\/\/rokmp.de\/#\/schema\/person\/1e05c7851b376b862ca66f74ee16b275\",\"name\":\"priester Eugeny Murzin\",\"image\":{\"@type\":\"ImageObject\",\"inLanguage\":\"de\",\"@id\":\"https:\/\/rokmp.de\/#\/schema\/person\/image\/\",\"url\":\"https:\/\/secure.gravatar.com\/avatar\/ab0791f77afedc1959682d928966c405d68e155dc34177d2d0970bb7906ee2ad?s=96&d=mm&r=g\",\"contentUrl\":\"https:\/\/secure.gravatar.com\/avatar\/ab0791f77afedc1959682d928966c405d68e155dc34177d2d0970bb7906ee2ad?s=96&d=mm&r=g\",\"caption\":\"priester Eugeny Murzin\"},\"sameAs\":[\"https:\/\/rokmp.de\"]}]}<\/script>\n<!-- \/ Yoast SEO plugin. -->","yoast_head_json":{"title":"Am Dimitrius-Seelensamstag hielt Erzbischof Tichon eine Trauerfeier in der Kirche der Heiligen Barbara in Krefeld - Berliner Di\u00f6zese der Russischen Orthodoxen Kirche (Kd\u00f6R)","robots":{"index":"index","follow":"follow","max-snippet":"max-snippet:-1","max-image-preview":"max-image-preview:large","max-video-preview":"max-video-preview:-1"},"canonical":"https:\/\/rokmp.de\/deutsch-am-dimitrius-seelensamstag-hielt-erzbischof-tichon-eine-trauerfeier-in-der-kirche-der-heiligen-barbara-in-krefeld\/","og_locale":"de_DE","og_type":"article","og_title":"Am Dimitrius-Seelensamstag hielt Erzbischof Tichon eine Trauerfeier in der Kirche der Heiligen Barbara in Krefeld - Berliner Di\u00f6zese der Russischen Orthodoxen Kirche (Kd\u00f6R)","og_description":"[:de]Am 1. November 2025, dem Dimitrius-Seelensamstag (einem der Samstage des Gedenkens aller verstorbenen Seelen), hielt Erzbischof Tichon von Ruza, Leiter der Berliner Di\u00f6zese der Russischen Orthodoxen Kirche, eine Trauerfeier in der Kirche der Heiligen Gro\u00dfm\u00e4rtyrerin Barbara in Krefeld.[:]","og_url":"https:\/\/rokmp.de\/deutsch-am-dimitrius-seelensamstag-hielt-erzbischof-tichon-eine-trauerfeier-in-der-kirche-der-heiligen-barbara-in-krefeld\/","og_site_name":"Berliner Di\u00f6zese der Russischen Orthodoxen Kirche (Kd\u00f6R)","article_published_time":"2025-11-01T17:51:42+00:00","article_modified_time":"2025-11-11T17:53:32+00:00","og_image":[{"width":1600,"height":1200,"url":"https:\/\/rokmp.de\/wp-content\/uploads\/2025\/11\/WhatsApp-Image-2025-11-01-at-17.23.21.jpeg","type":"image\/jpeg"}],"author":"priester Eugeny Murzin","twitter_card":"summary_large_image","twitter_misc":{"Verfasst von":"priester Eugeny Murzin","Gesch\u00e4tzte Lesezeit":"1\u00a0Minute"},"schema":{"@context":"https:\/\/schema.org","@graph":[{"@type":"WebPage","@id":"https:\/\/rokmp.de\/deutsch-am-dimitrius-seelensamstag-hielt-erzbischof-tichon-eine-trauerfeier-in-der-kirche-der-heiligen-barbara-in-krefeld\/","url":"https:\/\/rokmp.de\/deutsch-am-dimitrius-seelensamstag-hielt-erzbischof-tichon-eine-trauerfeier-in-der-kirche-der-heiligen-barbara-in-krefeld\/","name":"Am Dimitrius-Seelensamstag hielt Erzbischof Tichon eine Trauerfeier in der Kirche der Heiligen Barbara in Krefeld - Berliner Di\u00f6zese der Russischen Orthodoxen Kirche (Kd\u00f6R)","isPartOf":{"@id":"https:\/\/rokmp.de\/#website"},"primaryImageOfPage":{"@id":"https:\/\/rokmp.de\/deutsch-am-dimitrius-seelensamstag-hielt-erzbischof-tichon-eine-trauerfeier-in-der-kirche-der-heiligen-barbara-in-krefeld\/#primaryimage"},"image":{"@id":"https:\/\/rokmp.de\/deutsch-am-dimitrius-seelensamstag-hielt-erzbischof-tichon-eine-trauerfeier-in-der-kirche-der-heiligen-barbara-in-krefeld\/#primaryimage"},"thumbnailUrl":"https:\/\/rokmp.de\/wp-content\/uploads\/2025\/11\/WhatsApp-Image-2025-11-01-at-17.23.21.jpeg","datePublished":"2025-11-01T17:51:42+00:00","dateModified":"2025-11-11T17:53:32+00:00","author":{"@id":"https:\/\/rokmp.de\/#\/schema\/person\/1e05c7851b376b862ca66f74ee16b275"},"breadcrumb":{"@id":"https:\/\/rokmp.de\/deutsch-am-dimitrius-seelensamstag-hielt-erzbischof-tichon-eine-trauerfeier-in-der-kirche-der-heiligen-barbara-in-krefeld\/#breadcrumb"},"inLanguage":"de","potentialAction":[{"@type":"ReadAction","target":["https:\/\/rokmp.de\/deutsch-am-dimitrius-seelensamstag-hielt-erzbischof-tichon-eine-trauerfeier-in-der-kirche-der-heiligen-barbara-in-krefeld\/"]}]},{"@type":"ImageObject","inLanguage":"de","@id":"https:\/\/rokmp.de\/deutsch-am-dimitrius-seelensamstag-hielt-erzbischof-tichon-eine-trauerfeier-in-der-kirche-der-heiligen-barbara-in-krefeld\/#primaryimage","url":"https:\/\/rokmp.de\/wp-content\/uploads\/2025\/11\/WhatsApp-Image-2025-11-01-at-17.23.21.jpeg","contentUrl":"https:\/\/rokmp.de\/wp-content\/uploads\/2025\/11\/WhatsApp-Image-2025-11-01-at-17.23.21.jpeg","width":1600,"height":1200},{"@type":"BreadcrumbList","@id":"https:\/\/rokmp.de\/deutsch-am-dimitrius-seelensamstag-hielt-erzbischof-tichon-eine-trauerfeier-in-der-kirche-der-heiligen-barbara-in-krefeld\/#breadcrumb","itemListElement":[{"@type":"ListItem","position":1,"name":"\u0413\u043b\u0430\u0432\u043d\u0430\u044f \u0441\u0442\u0440\u0430\u043d\u0438\u0446\u0430","item":"https:\/\/rokmp.de\/"},{"@type":"ListItem","position":2,"name":"(Deutsch) Am Dimitrius-Seelensamstag hielt Erzbischof Tichon eine Trauerfeier in der Kirche der Heiligen Barbara in Krefeld"}]},{"@type":"WebSite","@id":"https:\/\/rokmp.de\/#website","url":"https:\/\/rokmp.de\/","name":"Berliner Di\u00f6zese der Russischen Orthodoxen Kirche (Kd\u00f6R)","description":"(\u0420\u0443\u0441\u0441\u043a\u0438\u0439) \u041e\u0444\u0438\u0446\u0438\u0430\u043b\u044c\u043d\u044b\u0439 \u0441\u0430\u0439\u0442 \u0420\u0443\u0441\u0441\u043a\u043e\u0439 \u041f\u0440\u0430\u0432\u043e\u0441\u043b\u0430\u0432\u043d\u043e\u0439 \u0426\u0435\u0440\u043a\u0432\u0438. \u0411\u0435\u0440\u043b\u0438\u043d\u0441\u043a\u043e-\u0413\u0435\u0440\u043c\u0430\u043d\u0441\u043a\u0430\u044f \u0435\u043f\u0430\u0440\u0445\u0438\u044f.","potentialAction":[{"@type":"SearchAction","target":{"@type":"EntryPoint","urlTemplate":"https:\/\/rokmp.de\/?s={search_term_string}"},"query-input":{"@type":"PropertyValueSpecification","valueRequired":true,"valueName":"search_term_string"}}],"inLanguage":"de"},{"@type":"Person","@id":"https:\/\/rokmp.de\/#\/schema\/person\/1e05c7851b376b862ca66f74ee16b275","name":"priester Eugeny Murzin","image":{"@type":"ImageObject","inLanguage":"de","@id":"https:\/\/rokmp.de\/#\/schema\/person\/image\/","url":"https:\/\/secure.gravatar.com\/avatar\/ab0791f77afedc1959682d928966c405d68e155dc34177d2d0970bb7906ee2ad?s=96&d=mm&r=g","contentUrl":"https:\/\/secure.gravatar.com\/avatar\/ab0791f77afedc1959682d928966c405d68e155dc34177d2d0970bb7906ee2ad?s=96&d=mm&r=g","caption":"priester Eugeny Murzin"},"sameAs":["https:\/\/rokmp.de"]}]}},"jetpack_featured_media_url":"https:\/\/rokmp.de\/wp-content\/uploads\/2025\/11\/WhatsApp-Image-2025-11-01-at-17.23.21.jpeg","jetpack_sharing_enabled":true,"_links":{"self":[{"href":"https:\/\/rokmp.de\/de\/wp-json\/wp\/v2\/posts\/42138","targetHints":{"allow":["GET"]}}],"collection":[{"href":"https:\/\/rokmp.de\/de\/wp-json\/wp\/v2\/posts"}],"about":[{"href":"https:\/\/rokmp.de\/de\/wp-json\/wp\/v2\/types\/post"}],"author":[{"embeddable":true,"href":"https:\/\/rokmp.de\/de\/wp-json\/wp\/v2\/users\/150"}],"replies":[{"embeddable":true,"href":"https:\/\/rokmp.de\/de\/wp-json\/wp\/v2\/comments?post=42138"}],"version-history":[{"count":1,"href":"https:\/\/rokmp.de\/de\/wp-json\/wp\/v2\/posts\/42138\/revisions"}],"predecessor-version":[{"id":42139,"href":"https:\/\/rokmp.de\/de\/wp-json\/wp\/v2\/posts\/42138\/revisions\/42139"}],"wp:featuredmedia":[{"embeddable":true,"href":"https:\/\/rokmp.de\/de\/wp-json\/wp\/v2\/media\/42036"}],"wp:attachment":[{"href":"https:\/\/rokmp.de\/de\/wp-json\/wp\/v2\/media?parent=42138"}],"wp:term":[{"taxonomy":"category","embeddable":true,"href":"https:\/\/rokmp.de\/de\/wp-json\/wp\/v2\/categories?post=42138"},{"taxonomy":"post_tag","embeddable":true,"href":"https:\/\/rokmp.de\/de\/wp-json\/wp\/v2\/tags?post=42138"}],"curies":[{"name":"wp","href":"https:\/\/api.w.org\/{rel}","templated":true}]}}