{"id":42149,"date":"2025-10-17T21:14:26","date_gmt":"2025-10-17T18:14:26","guid":{"rendered":"https:\/\/rokmp.de\/?p=42149"},"modified":"2025-11-11T21:15:24","modified_gmt":"2025-11-11T18:15:24","slug":"deutsch-in-saarbrucken-fanden-die-trauerfeier-und-beisetzung-von-erzpriester-evgeny-kiryazi-statt","status":"publish","type":"post","link":"https:\/\/rokmp.de\/de\/deutsch-in-saarbrucken-fanden-die-trauerfeier-und-beisetzung-von-erzpriester-evgeny-kiryazi-statt\/","title":{"rendered":"In Saarbr\u00fccken fanden die Trauerfeier und Beisetzung von Erzpriester Evgeny Kiryazi statt"},"content":{"rendered":"<p>Am 17. Oktober 2025 wurden in Saarbr\u00fccken die G\u00f6ttliche Liturgie, die Trauerfeier und die Beisetzung des Gemeindevorstehers, Erzpriester Evgeny Kiryazi, abgehalten.<\/p>\n<p>Die G\u00f6ttliche Liturgie in der Gemeinde im Namen des Heiligen Gro\u00dfm\u00e4rtyrers und Heilers Panteleimon in Saarbr\u00fccken wurde vom Pfarrer der Gemeinde zu Ehren der Gottesmutter in Bonn, Priester Evgeny Theodor, in der Konzelebration mit dem stellvertretenden Dekan des westlichen Dekanats, dem Vorsteher der Pokrows-Kirche in D\u00fcsseldorf, Priester Michail Holmezkij, und Diakon Alexander Panyutin (Gie\u00dfen) gefeiert.<\/p>\n<p>Die Trauerfeier wurde von Priester Michail Holmezkij geleitet. Ihm feierte Erzpriester Nikolai Sudosa (Frankfurt am Main), Priester Evgeny Theodor und Diakon Alexander Panyutin mit.<\/p>\n<p>Um Abschied von dem verstorbenen Erzpriester Evgenij zu nehmen, kamen seine geistlichen Kinder aus Saarbr\u00fccken und Kaiserslautern sowie Gemeindemitglieder der Pokrows-Gemeinde in Bonn.<\/p>\n<p>Vor Beginn der Trauerfeier wurde das Beileid des Erzbischofs Tichon von Ruza, Leiter der Di\u00f6zese von Berliner und Deutschland, verlesen.<\/p>\n<p>Anschlie\u00dfend wurde der Sarg mit dem Leichnam des verstorbenen Geistlichen zum st\u00e4dtischen Friedhof von Saarbr\u00fccken \u00fcberf\u00fchrt, wo die Beisetzung stattfand.<\/p>","protected":false},"excerpt":{"rendered":"<p>Am 17. Oktober 2025 wurden in Saarbr\u00fccken die G\u00f6ttliche Liturgie, die Trauerfeier und die Beisetzung des Gemeindevorstehers, Erzpriester Evgeny Kiryazi, abgehalten.<\/p>\n","protected":false},"author":150,"featured_media":41862,"comment_status":"open","ping_status":"closed","sticky":false,"template":"","format":"standard","meta":{"_acf_changed":false,"_jetpack_memberships_contains_paid_content":false,"footnotes":""},"categories":[21,16],"tags":[],"class_list":["post-42149","post","type-post","status-publish","format-standard","has-post-thumbnail","hentry","category-aktuell","category-eparh_news"],"acf":[],"yoast_head":"<!-- This site is optimized with the Yoast SEO plugin v24.9 - https:\/\/yoast.com\/wordpress\/plugins\/seo\/ -->\n<title>In Saarbr\u00fccken fanden die Trauerfeier und Beisetzung von Erzpriester Evgeny Kiryazi statt - Berliner Di\u00f6zese der Russischen Orthodoxen Kirche (Kd\u00f6R)<\/title>\n<meta name=\"robots\" content=\"index, follow, max-snippet:-1, max-image-preview:large, max-video-preview:-1\" \/>\n<link rel=\"canonical\" href=\"https:\/\/rokmp.de\/deutsch-in-saarbrucken-fanden-die-trauerfeier-und-beisetzung-von-erzpriester-evgeny-kiryazi-statt\/\" \/>\n<meta property=\"og:locale\" content=\"de_DE\" \/>\n<meta property=\"og:type\" content=\"article\" \/>\n<meta property=\"og:title\" content=\"In Saarbr\u00fccken fanden die Trauerfeier und Beisetzung von Erzpriester Evgeny Kiryazi statt - Berliner Di\u00f6zese der Russischen Orthodoxen Kirche (Kd\u00f6R)\" \/>\n<meta property=\"og:description\" content=\"[:de]Am 17. Oktober 2025 wurden in Saarbr\u00fccken die G\u00f6ttliche Liturgie, die Trauerfeier und die Beisetzung des Gemeindevorstehers, Erzpriester Evgeny Kiryazi, abgehalten.[:]\" \/>\n<meta property=\"og:url\" content=\"https:\/\/rokmp.de\/deutsch-in-saarbrucken-fanden-die-trauerfeier-und-beisetzung-von-erzpriester-evgeny-kiryazi-statt\/\" \/>\n<meta property=\"og:site_name\" content=\"Berliner Di\u00f6zese der Russischen Orthodoxen Kirche (Kd\u00f6R)\" \/>\n<meta property=\"article:published_time\" content=\"2025-10-17T18:14:26+00:00\" \/>\n<meta property=\"article:modified_time\" content=\"2025-11-11T18:15:24+00:00\" \/>\n<meta property=\"og:image\" content=\"https:\/\/rokmp.de\/wp-content\/uploads\/2025\/10\/WhatsApp-Image-2025-10-17-at-22.03.43.jpeg\" \/>\n\t<meta property=\"og:image:width\" content=\"1448\" \/>\n\t<meta property=\"og:image:height\" content=\"1001\" \/>\n\t<meta property=\"og:image:type\" content=\"image\/jpeg\" \/>\n<meta name=\"author\" content=\"priester Eugeny Murzin\" \/>\n<meta name=\"twitter:card\" content=\"summary_large_image\" \/>\n<meta name=\"twitter:label1\" content=\"Verfasst von\" \/>\n\t<meta name=\"twitter:data1\" content=\"priester Eugeny Murzin\" \/>\n\t<meta name=\"twitter:label2\" content=\"Gesch\u00e4tzte Lesezeit\" \/>\n\t<meta name=\"twitter:data2\" content=\"2\u00a0Minuten\" \/>\n<script type=\"application\/ld+json\" class=\"yoast-schema-graph\">{\"@context\":\"https:\/\/schema.org\",\"@graph\":[{\"@type\":\"WebPage\",\"@id\":\"https:\/\/rokmp.de\/deutsch-in-saarbrucken-fanden-die-trauerfeier-und-beisetzung-von-erzpriester-evgeny-kiryazi-statt\/\",\"url\":\"https:\/\/rokmp.de\/deutsch-in-saarbrucken-fanden-die-trauerfeier-und-beisetzung-von-erzpriester-evgeny-kiryazi-statt\/\",\"name\":\"In Saarbr\u00fccken fanden die Trauerfeier und Beisetzung von Erzpriester Evgeny Kiryazi statt - Berliner Di\u00f6zese der Russischen Orthodoxen Kirche (Kd\u00f6R)\",\"isPartOf\":{\"@id\":\"https:\/\/rokmp.de\/#website\"},\"primaryImageOfPage\":{\"@id\":\"https:\/\/rokmp.de\/deutsch-in-saarbrucken-fanden-die-trauerfeier-und-beisetzung-von-erzpriester-evgeny-kiryazi-statt\/#primaryimage\"},\"image\":{\"@id\":\"https:\/\/rokmp.de\/deutsch-in-saarbrucken-fanden-die-trauerfeier-und-beisetzung-von-erzpriester-evgeny-kiryazi-statt\/#primaryimage\"},\"thumbnailUrl\":\"https:\/\/rokmp.de\/wp-content\/uploads\/2025\/10\/WhatsApp-Image-2025-10-17-at-22.03.43.jpeg\",\"datePublished\":\"2025-10-17T18:14:26+00:00\",\"dateModified\":\"2025-11-11T18:15:24+00:00\",\"author\":{\"@id\":\"https:\/\/rokmp.de\/#\/schema\/person\/1e05c7851b376b862ca66f74ee16b275\"},\"breadcrumb\":{\"@id\":\"https:\/\/rokmp.de\/deutsch-in-saarbrucken-fanden-die-trauerfeier-und-beisetzung-von-erzpriester-evgeny-kiryazi-statt\/#breadcrumb\"},\"inLanguage\":\"de\",\"potentialAction\":[{\"@type\":\"ReadAction\",\"target\":[\"https:\/\/rokmp.de\/deutsch-in-saarbrucken-fanden-die-trauerfeier-und-beisetzung-von-erzpriester-evgeny-kiryazi-statt\/\"]}]},{\"@type\":\"ImageObject\",\"inLanguage\":\"de\",\"@id\":\"https:\/\/rokmp.de\/deutsch-in-saarbrucken-fanden-die-trauerfeier-und-beisetzung-von-erzpriester-evgeny-kiryazi-statt\/#primaryimage\",\"url\":\"https:\/\/rokmp.de\/wp-content\/uploads\/2025\/10\/WhatsApp-Image-2025-10-17-at-22.03.43.jpeg\",\"contentUrl\":\"https:\/\/rokmp.de\/wp-content\/uploads\/2025\/10\/WhatsApp-Image-2025-10-17-at-22.03.43.jpeg\",\"width\":1448,\"height\":1001},{\"@type\":\"BreadcrumbList\",\"@id\":\"https:\/\/rokmp.de\/deutsch-in-saarbrucken-fanden-die-trauerfeier-und-beisetzung-von-erzpriester-evgeny-kiryazi-statt\/#breadcrumb\",\"itemListElement\":[{\"@type\":\"ListItem\",\"position\":1,\"name\":\"\u0413\u043b\u0430\u0432\u043d\u0430\u044f \u0441\u0442\u0440\u0430\u043d\u0438\u0446\u0430\",\"item\":\"https:\/\/rokmp.de\/\"},{\"@type\":\"ListItem\",\"position\":2,\"name\":\"(Deutsch) In Saarbr\u00fccken fanden die Trauerfeier und Beisetzung von Erzpriester Evgeny Kiryazi statt\"}]},{\"@type\":\"WebSite\",\"@id\":\"https:\/\/rokmp.de\/#website\",\"url\":\"https:\/\/rokmp.de\/\",\"name\":\"Berliner Di\u00f6zese der Russischen Orthodoxen Kirche (Kd\u00f6R)\",\"description\":\"(\u0420\u0443\u0441\u0441\u043a\u0438\u0439) \u041e\u0444\u0438\u0446\u0438\u0430\u043b\u044c\u043d\u044b\u0439 \u0441\u0430\u0439\u0442 \u0420\u0443\u0441\u0441\u043a\u043e\u0439 \u041f\u0440\u0430\u0432\u043e\u0441\u043b\u0430\u0432\u043d\u043e\u0439 \u0426\u0435\u0440\u043a\u0432\u0438. \u0411\u0435\u0440\u043b\u0438\u043d\u0441\u043a\u043e-\u0413\u0435\u0440\u043c\u0430\u043d\u0441\u043a\u0430\u044f \u0435\u043f\u0430\u0440\u0445\u0438\u044f.\",\"potentialAction\":[{\"@type\":\"SearchAction\",\"target\":{\"@type\":\"EntryPoint\",\"urlTemplate\":\"https:\/\/rokmp.de\/?s={search_term_string}\"},\"query-input\":{\"@type\":\"PropertyValueSpecification\",\"valueRequired\":true,\"valueName\":\"search_term_string\"}}],\"inLanguage\":\"de\"},{\"@type\":\"Person\",\"@id\":\"https:\/\/rokmp.de\/#\/schema\/person\/1e05c7851b376b862ca66f74ee16b275\",\"name\":\"priester Eugeny Murzin\",\"image\":{\"@type\":\"ImageObject\",\"inLanguage\":\"de\",\"@id\":\"https:\/\/rokmp.de\/#\/schema\/person\/image\/\",\"url\":\"https:\/\/secure.gravatar.com\/avatar\/ab0791f77afedc1959682d928966c405d68e155dc34177d2d0970bb7906ee2ad?s=96&d=mm&r=g\",\"contentUrl\":\"https:\/\/secure.gravatar.com\/avatar\/ab0791f77afedc1959682d928966c405d68e155dc34177d2d0970bb7906ee2ad?s=96&d=mm&r=g\",\"caption\":\"priester Eugeny Murzin\"},\"sameAs\":[\"https:\/\/rokmp.de\"]}]}<\/script>\n<!-- \/ Yoast SEO plugin. -->","yoast_head_json":{"title":"In Saarbr\u00fccken fanden die Trauerfeier und Beisetzung von Erzpriester Evgeny Kiryazi statt - Berliner Di\u00f6zese der Russischen Orthodoxen Kirche (Kd\u00f6R)","robots":{"index":"index","follow":"follow","max-snippet":"max-snippet:-1","max-image-preview":"max-image-preview:large","max-video-preview":"max-video-preview:-1"},"canonical":"https:\/\/rokmp.de\/deutsch-in-saarbrucken-fanden-die-trauerfeier-und-beisetzung-von-erzpriester-evgeny-kiryazi-statt\/","og_locale":"de_DE","og_type":"article","og_title":"In Saarbr\u00fccken fanden die Trauerfeier und Beisetzung von Erzpriester Evgeny Kiryazi statt - Berliner Di\u00f6zese der Russischen Orthodoxen Kirche (Kd\u00f6R)","og_description":"[:de]Am 17. Oktober 2025 wurden in Saarbr\u00fccken die G\u00f6ttliche Liturgie, die Trauerfeier und die Beisetzung des Gemeindevorstehers, Erzpriester Evgeny Kiryazi, abgehalten.[:]","og_url":"https:\/\/rokmp.de\/deutsch-in-saarbrucken-fanden-die-trauerfeier-und-beisetzung-von-erzpriester-evgeny-kiryazi-statt\/","og_site_name":"Berliner Di\u00f6zese der Russischen Orthodoxen Kirche (Kd\u00f6R)","article_published_time":"2025-10-17T18:14:26+00:00","article_modified_time":"2025-11-11T18:15:24+00:00","og_image":[{"width":1448,"height":1001,"url":"https:\/\/rokmp.de\/wp-content\/uploads\/2025\/10\/WhatsApp-Image-2025-10-17-at-22.03.43.jpeg","type":"image\/jpeg"}],"author":"priester Eugeny Murzin","twitter_card":"summary_large_image","twitter_misc":{"Verfasst von":"priester Eugeny Murzin","Gesch\u00e4tzte Lesezeit":"2\u00a0Minuten"},"schema":{"@context":"https:\/\/schema.org","@graph":[{"@type":"WebPage","@id":"https:\/\/rokmp.de\/deutsch-in-saarbrucken-fanden-die-trauerfeier-und-beisetzung-von-erzpriester-evgeny-kiryazi-statt\/","url":"https:\/\/rokmp.de\/deutsch-in-saarbrucken-fanden-die-trauerfeier-und-beisetzung-von-erzpriester-evgeny-kiryazi-statt\/","name":"In Saarbr\u00fccken fanden die Trauerfeier und Beisetzung von Erzpriester Evgeny Kiryazi statt - Berliner Di\u00f6zese der Russischen Orthodoxen Kirche (Kd\u00f6R)","isPartOf":{"@id":"https:\/\/rokmp.de\/#website"},"primaryImageOfPage":{"@id":"https:\/\/rokmp.de\/deutsch-in-saarbrucken-fanden-die-trauerfeier-und-beisetzung-von-erzpriester-evgeny-kiryazi-statt\/#primaryimage"},"image":{"@id":"https:\/\/rokmp.de\/deutsch-in-saarbrucken-fanden-die-trauerfeier-und-beisetzung-von-erzpriester-evgeny-kiryazi-statt\/#primaryimage"},"thumbnailUrl":"https:\/\/rokmp.de\/wp-content\/uploads\/2025\/10\/WhatsApp-Image-2025-10-17-at-22.03.43.jpeg","datePublished":"2025-10-17T18:14:26+00:00","dateModified":"2025-11-11T18:15:24+00:00","author":{"@id":"https:\/\/rokmp.de\/#\/schema\/person\/1e05c7851b376b862ca66f74ee16b275"},"breadcrumb":{"@id":"https:\/\/rokmp.de\/deutsch-in-saarbrucken-fanden-die-trauerfeier-und-beisetzung-von-erzpriester-evgeny-kiryazi-statt\/#breadcrumb"},"inLanguage":"de","potentialAction":[{"@type":"ReadAction","target":["https:\/\/rokmp.de\/deutsch-in-saarbrucken-fanden-die-trauerfeier-und-beisetzung-von-erzpriester-evgeny-kiryazi-statt\/"]}]},{"@type":"ImageObject","inLanguage":"de","@id":"https:\/\/rokmp.de\/deutsch-in-saarbrucken-fanden-die-trauerfeier-und-beisetzung-von-erzpriester-evgeny-kiryazi-statt\/#primaryimage","url":"https:\/\/rokmp.de\/wp-content\/uploads\/2025\/10\/WhatsApp-Image-2025-10-17-at-22.03.43.jpeg","contentUrl":"https:\/\/rokmp.de\/wp-content\/uploads\/2025\/10\/WhatsApp-Image-2025-10-17-at-22.03.43.jpeg","width":1448,"height":1001},{"@type":"BreadcrumbList","@id":"https:\/\/rokmp.de\/deutsch-in-saarbrucken-fanden-die-trauerfeier-und-beisetzung-von-erzpriester-evgeny-kiryazi-statt\/#breadcrumb","itemListElement":[{"@type":"ListItem","position":1,"name":"\u0413\u043b\u0430\u0432\u043d\u0430\u044f \u0441\u0442\u0440\u0430\u043d\u0438\u0446\u0430","item":"https:\/\/rokmp.de\/"},{"@type":"ListItem","position":2,"name":"(Deutsch) In Saarbr\u00fccken fanden die Trauerfeier und Beisetzung von Erzpriester Evgeny Kiryazi statt"}]},{"@type":"WebSite","@id":"https:\/\/rokmp.de\/#website","url":"https:\/\/rokmp.de\/","name":"Berliner Di\u00f6zese der Russischen Orthodoxen Kirche (Kd\u00f6R)","description":"(\u0420\u0443\u0441\u0441\u043a\u0438\u0439) \u041e\u0444\u0438\u0446\u0438\u0430\u043b\u044c\u043d\u044b\u0439 \u0441\u0430\u0439\u0442 \u0420\u0443\u0441\u0441\u043a\u043e\u0439 \u041f\u0440\u0430\u0432\u043e\u0441\u043b\u0430\u0432\u043d\u043e\u0439 \u0426\u0435\u0440\u043a\u0432\u0438. \u0411\u0435\u0440\u043b\u0438\u043d\u0441\u043a\u043e-\u0413\u0435\u0440\u043c\u0430\u043d\u0441\u043a\u0430\u044f \u0435\u043f\u0430\u0440\u0445\u0438\u044f.","potentialAction":[{"@type":"SearchAction","target":{"@type":"EntryPoint","urlTemplate":"https:\/\/rokmp.de\/?s={search_term_string}"},"query-input":{"@type":"PropertyValueSpecification","valueRequired":true,"valueName":"search_term_string"}}],"inLanguage":"de"},{"@type":"Person","@id":"https:\/\/rokmp.de\/#\/schema\/person\/1e05c7851b376b862ca66f74ee16b275","name":"priester Eugeny Murzin","image":{"@type":"ImageObject","inLanguage":"de","@id":"https:\/\/rokmp.de\/#\/schema\/person\/image\/","url":"https:\/\/secure.gravatar.com\/avatar\/ab0791f77afedc1959682d928966c405d68e155dc34177d2d0970bb7906ee2ad?s=96&d=mm&r=g","contentUrl":"https:\/\/secure.gravatar.com\/avatar\/ab0791f77afedc1959682d928966c405d68e155dc34177d2d0970bb7906ee2ad?s=96&d=mm&r=g","caption":"priester Eugeny Murzin"},"sameAs":["https:\/\/rokmp.de"]}]}},"jetpack_featured_media_url":"https:\/\/rokmp.de\/wp-content\/uploads\/2025\/10\/WhatsApp-Image-2025-10-17-at-22.03.43.jpeg","jetpack_sharing_enabled":true,"_links":{"self":[{"href":"https:\/\/rokmp.de\/de\/wp-json\/wp\/v2\/posts\/42149","targetHints":{"allow":["GET"]}}],"collection":[{"href":"https:\/\/rokmp.de\/de\/wp-json\/wp\/v2\/posts"}],"about":[{"href":"https:\/\/rokmp.de\/de\/wp-json\/wp\/v2\/types\/post"}],"author":[{"embeddable":true,"href":"https:\/\/rokmp.de\/de\/wp-json\/wp\/v2\/users\/150"}],"replies":[{"embeddable":true,"href":"https:\/\/rokmp.de\/de\/wp-json\/wp\/v2\/comments?post=42149"}],"version-history":[{"count":1,"href":"https:\/\/rokmp.de\/de\/wp-json\/wp\/v2\/posts\/42149\/revisions"}],"predecessor-version":[{"id":42150,"href":"https:\/\/rokmp.de\/de\/wp-json\/wp\/v2\/posts\/42149\/revisions\/42150"}],"wp:featuredmedia":[{"embeddable":true,"href":"https:\/\/rokmp.de\/de\/wp-json\/wp\/v2\/media\/41862"}],"wp:attachment":[{"href":"https:\/\/rokmp.de\/de\/wp-json\/wp\/v2\/media?parent=42149"}],"wp:term":[{"taxonomy":"category","embeddable":true,"href":"https:\/\/rokmp.de\/de\/wp-json\/wp\/v2\/categories?post=42149"},{"taxonomy":"post_tag","embeddable":true,"href":"https:\/\/rokmp.de\/de\/wp-json\/wp\/v2\/tags?post=42149"}],"curies":[{"name":"wp","href":"https:\/\/api.w.org\/{rel}","templated":true}]}}