{"id":43055,"date":"2026-02-15T15:23:09","date_gmt":"2026-02-15T12:23:09","guid":{"rendered":"https:\/\/rokmp.de\/?p=43055"},"modified":"2026-02-19T18:25:04","modified_gmt":"2026-02-19T15:25:04","slug":"deutsch-patriarchale-ansprache-anlasslich-der-feierlichkeiten-zum-tag-der-orthodoxen-jugend","status":"publish","type":"post","link":"https:\/\/rokmp.de\/de\/deutsch-patriarchale-ansprache-anlasslich-der-feierlichkeiten-zum-tag-der-orthodoxen-jugend\/","title":{"rendered":"Patriarchale Ansprache anl\u00e4sslich der Feierlichkeiten zum Tag der orthodoxen Jugend"},"content":{"rendered":"<p><em>Seine Heiligkeit, der Patriarch von Moskau und ganz Russland, Kirill, hat eine Ansprache anl\u00e4sslich des Tages der orthodoxen Jugend gehalten.<\/em><\/p>\n<p>Liebe Br\u00fcder und Schwestern!<\/p>\n<p>Ich gratuliere Ihnen allen herzlich zum gro\u00dfen Fest der Darstellung des Herrn und zum heutigen Tag der orthodoxen Jugend.<\/p>\n<p>Die Darstellung des Herrn ist ein Fest der Begegnung. Es handelt sich jedoch nicht nur um eine historische Begegnung, die im Evangelium beschrieben wird und nur f\u00fcr wenige Menschen von Bedeutung ist. Das geheimnisvolle Ereignis, an das wir uns heute erinnern, reicht in Wirklichkeit bis in die Ewigkeit. Der gerechte Simeon, der das Jesuskind empfing, wurde zum Symbol jeder menschlichen Seele, die sich nach Gott sehnt. Das Kind, das der Greis mit seinen Armen umarmt (Irmos des 9. Liedes des Kanons), ist derselbe Christus, der an der T\u00fcr unseres Herzens steht und klopft (Offb 3,20) und darauf wartet, dass wir ihn mit ganzer Seele und ganzem Verstand annehmen und lieben (Mt 22,37).<\/p>\n<p>Unser Leben ist manchmal mit verschiedenen Ereignissen \u00fcberladen, aber hinter dem Nebel der Eile und der F\u00fclle der Sorgen ist es wichtig, das Wesentliche nicht zu \u00fcbersehen. Das Wichtigste ist das, wof\u00fcr jeder Mensch lebt: die Begegnung mit Gott \u2013 das ist es, was unser Dasein mit echtem Sinn und bleibendem Wert erf\u00fcllen kann, was uns den festen Halt und die geistige Unterst\u00fctzung gibt, die jeder von uns sucht, aber besonders junge Menschen.<\/p>\n<p>An diesem Festtag w\u00fcnsche ich Ihnen allen von Herzen, dass Sie, wenn Sie dem Herrn Ihr Herz \u00f6ffnen, unersch\u00fctterlichen Seelenfrieden, wahres Gl\u00fcck und Leben in F\u00fclle finden m\u00f6gen (Joh 10,10).<\/p>\n<p>Der Segen des Erl\u00f6sers der Welt sei mit Ihnen allen.<\/p>\n<p><em>+ KIRILL, PATRIARCH VON MOSKAU UND GANZ RUS&#8216;<\/em><\/p>","protected":false},"excerpt":{"rendered":"<p>Seine Heiligkeit, der Patriarch von Moskau und ganz Russland, Kirill, hat eine Ansprache anl\u00e4sslich des Tages der orthodoxen Jugend gehalten.<\/p>\n","protected":false},"author":150,"featured_media":43025,"comment_status":"open","ping_status":"closed","sticky":false,"template":"","format":"standard","meta":{"_acf_changed":false,"_jetpack_memberships_contains_paid_content":false,"footnotes":""},"categories":[21,16],"tags":[],"class_list":["post-43055","post","type-post","status-publish","format-standard","has-post-thumbnail","hentry","category-aktuell","category-eparh_news"],"acf":[],"yoast_head":"<!-- This site is optimized with the Yoast SEO plugin v24.9 - https:\/\/yoast.com\/wordpress\/plugins\/seo\/ -->\n<title>Patriarchale Ansprache anl\u00e4sslich der Feierlichkeiten zum Tag der orthodoxen Jugend - Berliner Di\u00f6zese der Russischen Orthodoxen Kirche (Kd\u00f6R)<\/title>\n<meta name=\"robots\" content=\"index, follow, max-snippet:-1, max-image-preview:large, max-video-preview:-1\" \/>\n<link rel=\"canonical\" href=\"https:\/\/rokmp.de\/deutsch-patriarchale-ansprache-anlasslich-der-feierlichkeiten-zum-tag-der-orthodoxen-jugend\/\" \/>\n<meta property=\"og:locale\" content=\"de_DE\" \/>\n<meta property=\"og:type\" content=\"article\" \/>\n<meta property=\"og:title\" content=\"Patriarchale Ansprache anl\u00e4sslich der Feierlichkeiten zum Tag der orthodoxen Jugend - Berliner Di\u00f6zese der Russischen Orthodoxen Kirche (Kd\u00f6R)\" \/>\n<meta property=\"og:description\" content=\"[:de]Seine Heiligkeit, der Patriarch von Moskau und ganz Russland, Kirill, hat eine Ansprache anl\u00e4sslich des Tages der orthodoxen Jugend gehalten.[:]\" \/>\n<meta property=\"og:url\" content=\"https:\/\/rokmp.de\/deutsch-patriarchale-ansprache-anlasslich-der-feierlichkeiten-zum-tag-der-orthodoxen-jugend\/\" \/>\n<meta property=\"og:site_name\" content=\"Berliner Di\u00f6zese der Russischen Orthodoxen Kirche (Kd\u00f6R)\" \/>\n<meta property=\"article:published_time\" content=\"2026-02-15T12:23:09+00:00\" \/>\n<meta property=\"article:modified_time\" content=\"2026-02-19T15:25:04+00:00\" \/>\n<meta property=\"og:image\" content=\"https:\/\/rokmp.de\/wp-content\/uploads\/2026\/02\/1VknauioFVUr5IZ4905RDhWX9pGnyhWTgC0ZnzQb.jpeg\" \/>\n\t<meta property=\"og:image:width\" content=\"1200\" \/>\n\t<meta property=\"og:image:height\" content=\"800\" \/>\n\t<meta property=\"og:image:type\" content=\"image\/jpeg\" \/>\n<meta name=\"author\" content=\"priester Eugeny Murzin\" \/>\n<meta name=\"twitter:card\" content=\"summary_large_image\" \/>\n<meta name=\"twitter:label1\" content=\"Verfasst von\" \/>\n\t<meta name=\"twitter:data1\" content=\"priester Eugeny Murzin\" \/>\n\t<meta name=\"twitter:label2\" content=\"Gesch\u00e4tzte Lesezeit\" \/>\n\t<meta name=\"twitter:data2\" content=\"2\u00a0Minuten\" \/>\n<script type=\"application\/ld+json\" class=\"yoast-schema-graph\">{\"@context\":\"https:\/\/schema.org\",\"@graph\":[{\"@type\":\"WebPage\",\"@id\":\"https:\/\/rokmp.de\/deutsch-patriarchale-ansprache-anlasslich-der-feierlichkeiten-zum-tag-der-orthodoxen-jugend\/\",\"url\":\"https:\/\/rokmp.de\/deutsch-patriarchale-ansprache-anlasslich-der-feierlichkeiten-zum-tag-der-orthodoxen-jugend\/\",\"name\":\"Patriarchale Ansprache anl\u00e4sslich der Feierlichkeiten zum Tag der orthodoxen Jugend - Berliner Di\u00f6zese der Russischen Orthodoxen Kirche (Kd\u00f6R)\",\"isPartOf\":{\"@id\":\"https:\/\/rokmp.de\/#website\"},\"primaryImageOfPage\":{\"@id\":\"https:\/\/rokmp.de\/deutsch-patriarchale-ansprache-anlasslich-der-feierlichkeiten-zum-tag-der-orthodoxen-jugend\/#primaryimage\"},\"image\":{\"@id\":\"https:\/\/rokmp.de\/deutsch-patriarchale-ansprache-anlasslich-der-feierlichkeiten-zum-tag-der-orthodoxen-jugend\/#primaryimage\"},\"thumbnailUrl\":\"https:\/\/rokmp.de\/wp-content\/uploads\/2026\/02\/1VknauioFVUr5IZ4905RDhWX9pGnyhWTgC0ZnzQb.jpeg\",\"datePublished\":\"2026-02-15T12:23:09+00:00\",\"dateModified\":\"2026-02-19T15:25:04+00:00\",\"author\":{\"@id\":\"https:\/\/rokmp.de\/#\/schema\/person\/1e05c7851b376b862ca66f74ee16b275\"},\"breadcrumb\":{\"@id\":\"https:\/\/rokmp.de\/deutsch-patriarchale-ansprache-anlasslich-der-feierlichkeiten-zum-tag-der-orthodoxen-jugend\/#breadcrumb\"},\"inLanguage\":\"de\",\"potentialAction\":[{\"@type\":\"ReadAction\",\"target\":[\"https:\/\/rokmp.de\/deutsch-patriarchale-ansprache-anlasslich-der-feierlichkeiten-zum-tag-der-orthodoxen-jugend\/\"]}]},{\"@type\":\"ImageObject\",\"inLanguage\":\"de\",\"@id\":\"https:\/\/rokmp.de\/deutsch-patriarchale-ansprache-anlasslich-der-feierlichkeiten-zum-tag-der-orthodoxen-jugend\/#primaryimage\",\"url\":\"https:\/\/rokmp.de\/wp-content\/uploads\/2026\/02\/1VknauioFVUr5IZ4905RDhWX9pGnyhWTgC0ZnzQb.jpeg\",\"contentUrl\":\"https:\/\/rokmp.de\/wp-content\/uploads\/2026\/02\/1VknauioFVUr5IZ4905RDhWX9pGnyhWTgC0ZnzQb.jpeg\",\"width\":1200,\"height\":800},{\"@type\":\"BreadcrumbList\",\"@id\":\"https:\/\/rokmp.de\/deutsch-patriarchale-ansprache-anlasslich-der-feierlichkeiten-zum-tag-der-orthodoxen-jugend\/#breadcrumb\",\"itemListElement\":[{\"@type\":\"ListItem\",\"position\":1,\"name\":\"\u0413\u043b\u0430\u0432\u043d\u0430\u044f \u0441\u0442\u0440\u0430\u043d\u0438\u0446\u0430\",\"item\":\"https:\/\/rokmp.de\/\"},{\"@type\":\"ListItem\",\"position\":2,\"name\":\"(Deutsch) Patriarchale Ansprache anl\u00e4sslich der Feierlichkeiten zum Tag der orthodoxen Jugend\"}]},{\"@type\":\"WebSite\",\"@id\":\"https:\/\/rokmp.de\/#website\",\"url\":\"https:\/\/rokmp.de\/\",\"name\":\"Berliner Di\u00f6zese der Russischen Orthodoxen Kirche (Kd\u00f6R)\",\"description\":\"(\u0420\u0443\u0441\u0441\u043a\u0438\u0439) \u041e\u0444\u0438\u0446\u0438\u0430\u043b\u044c\u043d\u044b\u0439 \u0441\u0430\u0439\u0442 \u0420\u0443\u0441\u0441\u043a\u043e\u0439 \u041f\u0440\u0430\u0432\u043e\u0441\u043b\u0430\u0432\u043d\u043e\u0439 \u0426\u0435\u0440\u043a\u0432\u0438. \u0411\u0435\u0440\u043b\u0438\u043d\u0441\u043a\u043e-\u0413\u0435\u0440\u043c\u0430\u043d\u0441\u043a\u0430\u044f \u0435\u043f\u0430\u0440\u0445\u0438\u044f.\",\"potentialAction\":[{\"@type\":\"SearchAction\",\"target\":{\"@type\":\"EntryPoint\",\"urlTemplate\":\"https:\/\/rokmp.de\/?s={search_term_string}\"},\"query-input\":{\"@type\":\"PropertyValueSpecification\",\"valueRequired\":true,\"valueName\":\"search_term_string\"}}],\"inLanguage\":\"de\"},{\"@type\":\"Person\",\"@id\":\"https:\/\/rokmp.de\/#\/schema\/person\/1e05c7851b376b862ca66f74ee16b275\",\"name\":\"priester Eugeny Murzin\",\"image\":{\"@type\":\"ImageObject\",\"inLanguage\":\"de\",\"@id\":\"https:\/\/rokmp.de\/#\/schema\/person\/image\/\",\"url\":\"https:\/\/secure.gravatar.com\/avatar\/ab0791f77afedc1959682d928966c405d68e155dc34177d2d0970bb7906ee2ad?s=96&d=mm&r=g\",\"contentUrl\":\"https:\/\/secure.gravatar.com\/avatar\/ab0791f77afedc1959682d928966c405d68e155dc34177d2d0970bb7906ee2ad?s=96&d=mm&r=g\",\"caption\":\"priester Eugeny Murzin\"},\"sameAs\":[\"https:\/\/rokmp.de\"]}]}<\/script>\n<!-- \/ Yoast SEO plugin. -->","yoast_head_json":{"title":"Patriarchale Ansprache anl\u00e4sslich der Feierlichkeiten zum Tag der orthodoxen Jugend - Berliner Di\u00f6zese der Russischen Orthodoxen Kirche (Kd\u00f6R)","robots":{"index":"index","follow":"follow","max-snippet":"max-snippet:-1","max-image-preview":"max-image-preview:large","max-video-preview":"max-video-preview:-1"},"canonical":"https:\/\/rokmp.de\/deutsch-patriarchale-ansprache-anlasslich-der-feierlichkeiten-zum-tag-der-orthodoxen-jugend\/","og_locale":"de_DE","og_type":"article","og_title":"Patriarchale Ansprache anl\u00e4sslich der Feierlichkeiten zum Tag der orthodoxen Jugend - Berliner Di\u00f6zese der Russischen Orthodoxen Kirche (Kd\u00f6R)","og_description":"[:de]Seine Heiligkeit, der Patriarch von Moskau und ganz Russland, Kirill, hat eine Ansprache anl\u00e4sslich des Tages der orthodoxen Jugend gehalten.[:]","og_url":"https:\/\/rokmp.de\/deutsch-patriarchale-ansprache-anlasslich-der-feierlichkeiten-zum-tag-der-orthodoxen-jugend\/","og_site_name":"Berliner Di\u00f6zese der Russischen Orthodoxen Kirche (Kd\u00f6R)","article_published_time":"2026-02-15T12:23:09+00:00","article_modified_time":"2026-02-19T15:25:04+00:00","og_image":[{"width":1200,"height":800,"url":"https:\/\/rokmp.de\/wp-content\/uploads\/2026\/02\/1VknauioFVUr5IZ4905RDhWX9pGnyhWTgC0ZnzQb.jpeg","type":"image\/jpeg"}],"author":"priester Eugeny Murzin","twitter_card":"summary_large_image","twitter_misc":{"Verfasst von":"priester Eugeny Murzin","Gesch\u00e4tzte Lesezeit":"2\u00a0Minuten"},"schema":{"@context":"https:\/\/schema.org","@graph":[{"@type":"WebPage","@id":"https:\/\/rokmp.de\/deutsch-patriarchale-ansprache-anlasslich-der-feierlichkeiten-zum-tag-der-orthodoxen-jugend\/","url":"https:\/\/rokmp.de\/deutsch-patriarchale-ansprache-anlasslich-der-feierlichkeiten-zum-tag-der-orthodoxen-jugend\/","name":"Patriarchale Ansprache anl\u00e4sslich der Feierlichkeiten zum Tag der orthodoxen Jugend - Berliner Di\u00f6zese der Russischen Orthodoxen Kirche (Kd\u00f6R)","isPartOf":{"@id":"https:\/\/rokmp.de\/#website"},"primaryImageOfPage":{"@id":"https:\/\/rokmp.de\/deutsch-patriarchale-ansprache-anlasslich-der-feierlichkeiten-zum-tag-der-orthodoxen-jugend\/#primaryimage"},"image":{"@id":"https:\/\/rokmp.de\/deutsch-patriarchale-ansprache-anlasslich-der-feierlichkeiten-zum-tag-der-orthodoxen-jugend\/#primaryimage"},"thumbnailUrl":"https:\/\/rokmp.de\/wp-content\/uploads\/2026\/02\/1VknauioFVUr5IZ4905RDhWX9pGnyhWTgC0ZnzQb.jpeg","datePublished":"2026-02-15T12:23:09+00:00","dateModified":"2026-02-19T15:25:04+00:00","author":{"@id":"https:\/\/rokmp.de\/#\/schema\/person\/1e05c7851b376b862ca66f74ee16b275"},"breadcrumb":{"@id":"https:\/\/rokmp.de\/deutsch-patriarchale-ansprache-anlasslich-der-feierlichkeiten-zum-tag-der-orthodoxen-jugend\/#breadcrumb"},"inLanguage":"de","potentialAction":[{"@type":"ReadAction","target":["https:\/\/rokmp.de\/deutsch-patriarchale-ansprache-anlasslich-der-feierlichkeiten-zum-tag-der-orthodoxen-jugend\/"]}]},{"@type":"ImageObject","inLanguage":"de","@id":"https:\/\/rokmp.de\/deutsch-patriarchale-ansprache-anlasslich-der-feierlichkeiten-zum-tag-der-orthodoxen-jugend\/#primaryimage","url":"https:\/\/rokmp.de\/wp-content\/uploads\/2026\/02\/1VknauioFVUr5IZ4905RDhWX9pGnyhWTgC0ZnzQb.jpeg","contentUrl":"https:\/\/rokmp.de\/wp-content\/uploads\/2026\/02\/1VknauioFVUr5IZ4905RDhWX9pGnyhWTgC0ZnzQb.jpeg","width":1200,"height":800},{"@type":"BreadcrumbList","@id":"https:\/\/rokmp.de\/deutsch-patriarchale-ansprache-anlasslich-der-feierlichkeiten-zum-tag-der-orthodoxen-jugend\/#breadcrumb","itemListElement":[{"@type":"ListItem","position":1,"name":"\u0413\u043b\u0430\u0432\u043d\u0430\u044f \u0441\u0442\u0440\u0430\u043d\u0438\u0446\u0430","item":"https:\/\/rokmp.de\/"},{"@type":"ListItem","position":2,"name":"(Deutsch) Patriarchale Ansprache anl\u00e4sslich der Feierlichkeiten zum Tag der orthodoxen Jugend"}]},{"@type":"WebSite","@id":"https:\/\/rokmp.de\/#website","url":"https:\/\/rokmp.de\/","name":"Berliner Di\u00f6zese der Russischen Orthodoxen Kirche (Kd\u00f6R)","description":"(\u0420\u0443\u0441\u0441\u043a\u0438\u0439) \u041e\u0444\u0438\u0446\u0438\u0430\u043b\u044c\u043d\u044b\u0439 \u0441\u0430\u0439\u0442 \u0420\u0443\u0441\u0441\u043a\u043e\u0439 \u041f\u0440\u0430\u0432\u043e\u0441\u043b\u0430\u0432\u043d\u043e\u0439 \u0426\u0435\u0440\u043a\u0432\u0438. \u0411\u0435\u0440\u043b\u0438\u043d\u0441\u043a\u043e-\u0413\u0435\u0440\u043c\u0430\u043d\u0441\u043a\u0430\u044f \u0435\u043f\u0430\u0440\u0445\u0438\u044f.","potentialAction":[{"@type":"SearchAction","target":{"@type":"EntryPoint","urlTemplate":"https:\/\/rokmp.de\/?s={search_term_string}"},"query-input":{"@type":"PropertyValueSpecification","valueRequired":true,"valueName":"search_term_string"}}],"inLanguage":"de"},{"@type":"Person","@id":"https:\/\/rokmp.de\/#\/schema\/person\/1e05c7851b376b862ca66f74ee16b275","name":"priester Eugeny Murzin","image":{"@type":"ImageObject","inLanguage":"de","@id":"https:\/\/rokmp.de\/#\/schema\/person\/image\/","url":"https:\/\/secure.gravatar.com\/avatar\/ab0791f77afedc1959682d928966c405d68e155dc34177d2d0970bb7906ee2ad?s=96&d=mm&r=g","contentUrl":"https:\/\/secure.gravatar.com\/avatar\/ab0791f77afedc1959682d928966c405d68e155dc34177d2d0970bb7906ee2ad?s=96&d=mm&r=g","caption":"priester Eugeny Murzin"},"sameAs":["https:\/\/rokmp.de"]}]}},"jetpack_featured_media_url":"https:\/\/rokmp.de\/wp-content\/uploads\/2026\/02\/1VknauioFVUr5IZ4905RDhWX9pGnyhWTgC0ZnzQb.jpeg","jetpack_sharing_enabled":true,"_links":{"self":[{"href":"https:\/\/rokmp.de\/de\/wp-json\/wp\/v2\/posts\/43055","targetHints":{"allow":["GET"]}}],"collection":[{"href":"https:\/\/rokmp.de\/de\/wp-json\/wp\/v2\/posts"}],"about":[{"href":"https:\/\/rokmp.de\/de\/wp-json\/wp\/v2\/types\/post"}],"author":[{"embeddable":true,"href":"https:\/\/rokmp.de\/de\/wp-json\/wp\/v2\/users\/150"}],"replies":[{"embeddable":true,"href":"https:\/\/rokmp.de\/de\/wp-json\/wp\/v2\/comments?post=43055"}],"version-history":[{"count":1,"href":"https:\/\/rokmp.de\/de\/wp-json\/wp\/v2\/posts\/43055\/revisions"}],"predecessor-version":[{"id":43056,"href":"https:\/\/rokmp.de\/de\/wp-json\/wp\/v2\/posts\/43055\/revisions\/43056"}],"wp:featuredmedia":[{"embeddable":true,"href":"https:\/\/rokmp.de\/de\/wp-json\/wp\/v2\/media\/43025"}],"wp:attachment":[{"href":"https:\/\/rokmp.de\/de\/wp-json\/wp\/v2\/media?parent=43055"}],"wp:term":[{"taxonomy":"category","embeddable":true,"href":"https:\/\/rokmp.de\/de\/wp-json\/wp\/v2\/categories?post=43055"},{"taxonomy":"post_tag","embeddable":true,"href":"https:\/\/rokmp.de\/de\/wp-json\/wp\/v2\/tags?post=43055"}],"curies":[{"name":"wp","href":"https:\/\/api.w.org\/{rel}","templated":true}]}}