{"id":43297,"date":"2026-03-01T18:44:05","date_gmt":"2026-03-01T15:44:05","guid":{"rendered":"https:\/\/rokmp.de\/?p=43297"},"modified":"2026-03-15T18:48:14","modified_gmt":"2026-03-15T15:48:14","slug":"deutsch-am-sonntag-der-orthodoxie-feierte-erzbischof-tichon-die-gottliche-liturgie-in-der-auferstehungskathedrale-in-berlin","status":"publish","type":"post","link":"https:\/\/rokmp.de\/de\/deutsch-am-sonntag-der-orthodoxie-feierte-erzbischof-tichon-die-gottliche-liturgie-in-der-auferstehungskathedrale-in-berlin\/","title":{"rendered":"Am Sonntag der Orthodoxie feierte Erzbischof Tichon die G\u00f6ttliche Liturgie in der Auferstehungskathedrale in Berlin"},"content":{"rendered":"<p>Am 1. M\u00e4rz 2026, den ersten Sonntag der Fastenzeit, dem Fest der Orthodoxie, zelebrierte Erzbischof Tichon von Ruza, Leiter der Di\u00f6zese von Berlin und Deutschland, die Liturgie des Heiligen Basilius des Gro\u00dfen und den Ritus des Festes der Orthodoxie in der Kathedrale der Auferstehung Christi in Berlin.<\/p>\n<p>Am Vorabend, dem 28. Februar, leitete der Erzbischof in der Kathedrale die Alln\u00e4chtliche Vigil.<\/p>\n<p>Seiner Exzellenz konzelebrierten der Dekan des \u00f6stlichen Bezirks Erzpriester Georgij Antonjuk, Erzpriester Ilja Tschirin, M\u00f6nchspriester Ilarion (Reznichenko), Erzdiakon Vitalij Sadakow, Erzdiakon Archil Tschchikwadse und Diakon Michail Koch.<\/p>\n<p>Bei der inbr\u00fcnstigen Ektenie wurden Bitten vorgebracht und ein Gebet f\u00fcr den Frieden gesprochen.<\/p>\n<p>Nach dem Kommunionvers hielt Erzbischof Tichon eine Predigt:<\/p>\n<p style=\"padding-left: 40px;\">\u201eIm Namen des Vaters und des Sohnes und des Heiligen Geistes.<\/p>\n<p style=\"padding-left: 40px;\">Nach der ersten Woche des Gebets, des Fastens und der Bu\u00dfe feiern wir das Fest der Orthodoxie. Die Kirche bietet uns heute die Lesung aus dem Evangelium \u00fcber die Begegnung des Erl\u00f6sers mit Nathanael. Der Apostel Philippus findet Nathanael und sagt zu ihm: \u201eWir haben den gefunden, von dem Mose geschrieben hat &#8230; Jesus, den Sohn Josephs, aus Nazareth\u201c (Joh 1,45). Nathanael antwortete: \u201eKann aus Nazareth etwas Gutes kommen?\u201c Auf diesen Zweifel und diesen Unglauben antwortete Philippus entschlossen: \u201eGeh und sieh selbst.\u201c Und Nathanael ging. Er begegnete Christus, der Nathanael das verborgene Geheimnis seines Lebens offenbarte, \u00fcber das er unter dem Feigenbaum nachgedacht hatte. Das Herz Nathanaels wurde f\u00fcr die Wahrheit ge\u00f6ffnet, und er verstand, dass derjenige mit ihm sprach, von dem Moses und die Propheten gesprochen hatten, und bekannte seinen Glauben an ihn: \u201eRabbi, du bist der Sohn Gottes, du bist der K\u00f6nig Israels.\u201c<\/p>\n<p style=\"padding-left: 40px;\">Auf dem Glauben an Christus, den Sohn Gottes, den Nathanael und alle Apostel bekundeten, gefolgt von den apostolischen M\u00e4nnern und heiligen V\u00e4tern, wurde die Kirche Christi im Laufe der Jahrhunderte gegr\u00fcndet. Durch diesen Glauben wurden viele Christen gerettet. Weder schreckliche Verfolgungen noch Irrlehren oder H\u00e4resien, die nach den Verfolgungen aufkamen, konnten ihn ersch\u00fcttern. Auf den \u00d6kumenischen Konzilien wurde der Glaube von den heiligen V\u00e4tern dargelegt. Mit diesem Glauben leben und werden wir heute gerettet, Br\u00fcder und Schwestern. Wie einen gr\u00f6\u00dften Schatz bewahrt die Heilige Kirche den wahren Glauben, den nach den Worten Christi, des Erl\u00f6sers, niemand und niemals \u00fcberwinden kann, nicht einmal die schrecklichsten M\u00e4chte der H\u00f6lle (Mt 16,18). \u201eDieser apostolische Glaube, dieser v\u00e4terliche Glaube, dieser orthodoxe Glaube, dieser Glaube hat das Universum gegr\u00fcndet\u201c, verk\u00fcndet die Kirche in einem Gebetsgesang, der als \u201eTriumph der Orthodoxie\u201c bezeichnet wird. Was ist der Kern des heutigen Festes?<\/p>\n<p style=\"padding-left: 40px;\">Das Fest der Orthodoxie ist ein Fest zur Feier der heiligen Ikonen nach der Verfolgung, die ihnen von H\u00e4retikern und ikonoklastischen Kaisern auferlegt wurde. Es ist kein Zufall, dass gerade die Wiederherstellung der Ikonenverehrung als Triumph der Orthodoxie gefeiert wird. Denn gerade der Sieg \u00fcber die H\u00e4resie des Ikonoklasmus beendete alle fr\u00fcheren Verfolgungen der Kirche, einschlie\u00dflich des M\u00f6nchtums, das sich f\u00fcr die Ikonenverehrung einsetzte. Nach den Worten des ehrw\u00fcrdigen Theodoros Studites waren die M\u00f6nche die Nervenenden der Kirche. Das Siebte \u00d6kumenische Konzil, das 787 in Nic\u00e4a einberufen wurde, best\u00e4tigte die Verehrung heiliger Ikonen. Die heiligen V\u00e4ter des Konzils bestimmten, dass die Verehrung von Ikonen heilsbringend ist und dass das Gebet vor ihnen dem Betenden g\u00f6ttliche Gnade vermittelt. In der Entscheidung der V\u00e4ter des Konzils hei\u00dft es, dass die Ehre, die den heiligen Ikonen erwiesen wird, nicht dem Holz oder Stein selbst gilt, sondern dem darauf abgebildeten Antlitz, und dass die Gebetsverehrung dem Urbild selbst geb\u00fchrt.<\/p>\n<p style=\"padding-left: 40px;\">Den Anfang der Verehrung heiliger Bilder machte Gott selbst, der aus dem Heiligen Geist und der Jungfrau Maria Mensch geworden ist, um uns zu erl\u00f6sen. Der Herr Jesus Christus hat sein reines Antlitz auf Leinwand gebannt und es den Menschen zur Verehrung gegeben. Es ist bekannt, dass einer der ersten, der das Antlitz des Gottessohnes Christus und der Gottesmutter gemalt hat, der heilige Apostel Lukas, Evangelist und Ikonenmaler, war. Als er die von ihm gemalten Bilder der Heiligen Jungfrau brachte, sah sie die Ikonen mit dem Antlitz ihres g\u00f6ttlichen Sohnes und verk\u00fcndete: \u201eDie Gnade meines Sohnes und meine Gnade sei mit diesen Ikonen.\u201c Das Malen heiliger Bilder pr\u00e4gte die ersten Jahrhunderte des Bestehens der christlichen Kirche. \u201eUnsere Ikonen\u201c, wie ein zeitgen\u00f6ssischer Asket sehr treffend sagte, \u201esind ein feierliches Zeugnis dessen, was die Kirche seit der Menschwerdung des Herrn Jesus Christus bis zum heutigen Tag gesehen hat&#8230; Sie sind die bildliche \u00dcberlieferung unserer Kirche.\u201c<\/p>\n<p style=\"padding-left: 40px;\">Das Fest der Orthodoxie ist also ein Fest des wahren Glaubens und der Gotteserkenntnis, die wir, Br\u00fcder und Schwestern, vom Herrn durch die heiligen Apostel empfangen haben. Es ist ein Fest der Wahrheit \u00fcber alle Arten von Irrt\u00fcmern, Verf\u00e4lschungen und H\u00e4resien. Das Fest der Orthodoxie ist eine jahrhundertelange Erfahrung von Heiligkeit, Rechtschaffenheit und Heldentum. Es geh\u00f6rt nicht zu einer fernen Vergangenheit und zum Bereich der B\u00fccher \u00fcber Kirchengeschichte, dieses Triumphfest muss sich heute und jetzt in unserem pers\u00f6nlichen Leben manifestieren. \u201eDer Ausgangspunkt, an dem die Orthodoxie entweder triumphiert oder gedem\u00fctigt wird\u201c, sagte ein Asket, \u201eist mein Gewissen, mein Herz, mein Leben.\u201c Wie richtig bemerkt. Das Orthodoxe Christentum triumphiert, wenn wir den Glauben, die Treue zu Gott und zur Kirche bewahren, wenn wir uns in unserem Leben von der Wahrheit Gottes leiten lassen, wenn wir Gehorsam gegen\u00fcber dem Willen Gottes zeigen und unseren N\u00e4chsten zum Heil dienen. Amen.\u201c<\/p>\n<p>Am Ende der Liturgie vollzog Erzbischof Tichon in Zusammenarbeit mit dem Domkapitel den Ritus der Feier der Orthodoxie. Zum Abschluss sang der Chor die Hymne des Heiligen Ambrosius von Mailand \u201eWir preisen dich, Gott\u201c.<\/p>","protected":false},"excerpt":{"rendered":"<p>Am 1. M\u00e4rz 2026, den ersten Sonntag der Fastenzeit, dem Fest der Orthodoxie, zelebrierte Erzbischof Tichon von Ruza, Leiter der Di\u00f6zese von Berlin und Deutschland, die Liturgie des Heiligen Basilius des Gro\u00dfen und den Ritus des Festes der Orthodoxie in der Kathedrale der Auferstehung Christi in Berlin.<\/p>\n","protected":false},"author":150,"featured_media":43203,"comment_status":"open","ping_status":"closed","sticky":false,"template":"","format":"standard","meta":{"_acf_changed":false,"_jetpack_memberships_contains_paid_content":false,"footnotes":""},"categories":[21,16],"tags":[],"class_list":["post-43297","post","type-post","status-publish","format-standard","has-post-thumbnail","hentry","category-aktuell","category-eparh_news"],"acf":[],"yoast_head":"<!-- This site is optimized with the Yoast SEO plugin v24.9 - https:\/\/yoast.com\/wordpress\/plugins\/seo\/ -->\n<title>Am Sonntag der Orthodoxie feierte Erzbischof Tichon die G\u00f6ttliche Liturgie in der Auferstehungskathedrale in Berlin - Berliner Di\u00f6zese der Russischen Orthodoxen Kirche (Kd\u00f6R)<\/title>\n<meta name=\"robots\" content=\"index, follow, max-snippet:-1, max-image-preview:large, max-video-preview:-1\" \/>\n<link rel=\"canonical\" href=\"https:\/\/rokmp.de\/deutsch-am-sonntag-der-orthodoxie-feierte-erzbischof-tichon-die-gottliche-liturgie-in-der-auferstehungskathedrale-in-berlin\/\" \/>\n<meta property=\"og:locale\" content=\"de_DE\" \/>\n<meta property=\"og:type\" content=\"article\" \/>\n<meta property=\"og:title\" content=\"Am Sonntag der Orthodoxie feierte Erzbischof Tichon die G\u00f6ttliche Liturgie in der Auferstehungskathedrale in Berlin - Berliner Di\u00f6zese der Russischen Orthodoxen Kirche (Kd\u00f6R)\" \/>\n<meta property=\"og:description\" content=\"[:de]Am 1. M\u00e4rz 2026, den ersten Sonntag der Fastenzeit, dem Fest der Orthodoxie, zelebrierte Erzbischof Tichon von Ruza, Leiter der Di\u00f6zese von Berlin und Deutschland, die Liturgie des Heiligen Basilius des Gro\u00dfen und den Ritus des Festes der Orthodoxie in der Kathedrale der Auferstehung Christi in Berlin.[:]\" \/>\n<meta property=\"og:url\" content=\"https:\/\/rokmp.de\/deutsch-am-sonntag-der-orthodoxie-feierte-erzbischof-tichon-die-gottliche-liturgie-in-der-auferstehungskathedrale-in-berlin\/\" \/>\n<meta property=\"og:site_name\" content=\"Berliner Di\u00f6zese der Russischen Orthodoxen Kirche (Kd\u00f6R)\" \/>\n<meta property=\"article:published_time\" content=\"2026-03-01T15:44:05+00:00\" \/>\n<meta property=\"article:modified_time\" content=\"2026-03-15T15:48:14+00:00\" \/>\n<meta property=\"og:image\" content=\"https:\/\/rokmp.de\/wp-content\/uploads\/2026\/03\/WhatsApp-Image-2026-03-01-at-18.57.00-9.jpeg\" \/>\n\t<meta property=\"og:image:width\" content=\"700\" \/>\n\t<meta property=\"og:image:height\" content=\"506\" \/>\n\t<meta property=\"og:image:type\" content=\"image\/jpeg\" \/>\n<meta name=\"author\" content=\"priester Eugeny Murzin\" \/>\n<meta name=\"twitter:card\" content=\"summary_large_image\" \/>\n<meta name=\"twitter:label1\" content=\"Verfasst von\" \/>\n\t<meta name=\"twitter:data1\" content=\"priester Eugeny Murzin\" \/>\n\t<meta name=\"twitter:label2\" content=\"Gesch\u00e4tzte Lesezeit\" \/>\n\t<meta name=\"twitter:data2\" content=\"6\u00a0Minuten\" \/>\n<script type=\"application\/ld+json\" class=\"yoast-schema-graph\">{\"@context\":\"https:\/\/schema.org\",\"@graph\":[{\"@type\":\"WebPage\",\"@id\":\"https:\/\/rokmp.de\/deutsch-am-sonntag-der-orthodoxie-feierte-erzbischof-tichon-die-gottliche-liturgie-in-der-auferstehungskathedrale-in-berlin\/\",\"url\":\"https:\/\/rokmp.de\/deutsch-am-sonntag-der-orthodoxie-feierte-erzbischof-tichon-die-gottliche-liturgie-in-der-auferstehungskathedrale-in-berlin\/\",\"name\":\"Am Sonntag der Orthodoxie feierte Erzbischof Tichon die G\u00f6ttliche Liturgie in der Auferstehungskathedrale in Berlin - Berliner Di\u00f6zese der Russischen Orthodoxen Kirche (Kd\u00f6R)\",\"isPartOf\":{\"@id\":\"https:\/\/rokmp.de\/#website\"},\"primaryImageOfPage\":{\"@id\":\"https:\/\/rokmp.de\/deutsch-am-sonntag-der-orthodoxie-feierte-erzbischof-tichon-die-gottliche-liturgie-in-der-auferstehungskathedrale-in-berlin\/#primaryimage\"},\"image\":{\"@id\":\"https:\/\/rokmp.de\/deutsch-am-sonntag-der-orthodoxie-feierte-erzbischof-tichon-die-gottliche-liturgie-in-der-auferstehungskathedrale-in-berlin\/#primaryimage\"},\"thumbnailUrl\":\"https:\/\/rokmp.de\/wp-content\/uploads\/2026\/03\/WhatsApp-Image-2026-03-01-at-18.57.00-9.jpeg\",\"datePublished\":\"2026-03-01T15:44:05+00:00\",\"dateModified\":\"2026-03-15T15:48:14+00:00\",\"author\":{\"@id\":\"https:\/\/rokmp.de\/#\/schema\/person\/1e05c7851b376b862ca66f74ee16b275\"},\"breadcrumb\":{\"@id\":\"https:\/\/rokmp.de\/deutsch-am-sonntag-der-orthodoxie-feierte-erzbischof-tichon-die-gottliche-liturgie-in-der-auferstehungskathedrale-in-berlin\/#breadcrumb\"},\"inLanguage\":\"de\",\"potentialAction\":[{\"@type\":\"ReadAction\",\"target\":[\"https:\/\/rokmp.de\/deutsch-am-sonntag-der-orthodoxie-feierte-erzbischof-tichon-die-gottliche-liturgie-in-der-auferstehungskathedrale-in-berlin\/\"]}]},{\"@type\":\"ImageObject\",\"inLanguage\":\"de\",\"@id\":\"https:\/\/rokmp.de\/deutsch-am-sonntag-der-orthodoxie-feierte-erzbischof-tichon-die-gottliche-liturgie-in-der-auferstehungskathedrale-in-berlin\/#primaryimage\",\"url\":\"https:\/\/rokmp.de\/wp-content\/uploads\/2026\/03\/WhatsApp-Image-2026-03-01-at-18.57.00-9.jpeg\",\"contentUrl\":\"https:\/\/rokmp.de\/wp-content\/uploads\/2026\/03\/WhatsApp-Image-2026-03-01-at-18.57.00-9.jpeg\",\"width\":700,\"height\":506},{\"@type\":\"BreadcrumbList\",\"@id\":\"https:\/\/rokmp.de\/deutsch-am-sonntag-der-orthodoxie-feierte-erzbischof-tichon-die-gottliche-liturgie-in-der-auferstehungskathedrale-in-berlin\/#breadcrumb\",\"itemListElement\":[{\"@type\":\"ListItem\",\"position\":1,\"name\":\"\u0413\u043b\u0430\u0432\u043d\u0430\u044f \u0441\u0442\u0440\u0430\u043d\u0438\u0446\u0430\",\"item\":\"https:\/\/rokmp.de\/\"},{\"@type\":\"ListItem\",\"position\":2,\"name\":\"(Deutsch) Am Sonntag der Orthodoxie feierte Erzbischof Tichon die G\u00f6ttliche Liturgie in der Auferstehungskathedrale in Berlin\"}]},{\"@type\":\"WebSite\",\"@id\":\"https:\/\/rokmp.de\/#website\",\"url\":\"https:\/\/rokmp.de\/\",\"name\":\"Berliner Di\u00f6zese der Russischen Orthodoxen Kirche (Kd\u00f6R)\",\"description\":\"(\u0420\u0443\u0441\u0441\u043a\u0438\u0439) \u041e\u0444\u0438\u0446\u0438\u0430\u043b\u044c\u043d\u044b\u0439 \u0441\u0430\u0439\u0442 \u0420\u0443\u0441\u0441\u043a\u043e\u0439 \u041f\u0440\u0430\u0432\u043e\u0441\u043b\u0430\u0432\u043d\u043e\u0439 \u0426\u0435\u0440\u043a\u0432\u0438. \u0411\u0435\u0440\u043b\u0438\u043d\u0441\u043a\u043e-\u0413\u0435\u0440\u043c\u0430\u043d\u0441\u043a\u0430\u044f \u0435\u043f\u0430\u0440\u0445\u0438\u044f.\",\"potentialAction\":[{\"@type\":\"SearchAction\",\"target\":{\"@type\":\"EntryPoint\",\"urlTemplate\":\"https:\/\/rokmp.de\/?s={search_term_string}\"},\"query-input\":{\"@type\":\"PropertyValueSpecification\",\"valueRequired\":true,\"valueName\":\"search_term_string\"}}],\"inLanguage\":\"de\"},{\"@type\":\"Person\",\"@id\":\"https:\/\/rokmp.de\/#\/schema\/person\/1e05c7851b376b862ca66f74ee16b275\",\"name\":\"priester Eugeny Murzin\",\"image\":{\"@type\":\"ImageObject\",\"inLanguage\":\"de\",\"@id\":\"https:\/\/rokmp.de\/#\/schema\/person\/image\/\",\"url\":\"https:\/\/secure.gravatar.com\/avatar\/ab0791f77afedc1959682d928966c405d68e155dc34177d2d0970bb7906ee2ad?s=96&d=mm&r=g\",\"contentUrl\":\"https:\/\/secure.gravatar.com\/avatar\/ab0791f77afedc1959682d928966c405d68e155dc34177d2d0970bb7906ee2ad?s=96&d=mm&r=g\",\"caption\":\"priester Eugeny Murzin\"},\"sameAs\":[\"https:\/\/rokmp.de\"]}]}<\/script>\n<!-- \/ Yoast SEO plugin. -->","yoast_head_json":{"title":"Am Sonntag der Orthodoxie feierte Erzbischof Tichon die G\u00f6ttliche Liturgie in der Auferstehungskathedrale in Berlin - Berliner Di\u00f6zese der Russischen Orthodoxen Kirche (Kd\u00f6R)","robots":{"index":"index","follow":"follow","max-snippet":"max-snippet:-1","max-image-preview":"max-image-preview:large","max-video-preview":"max-video-preview:-1"},"canonical":"https:\/\/rokmp.de\/deutsch-am-sonntag-der-orthodoxie-feierte-erzbischof-tichon-die-gottliche-liturgie-in-der-auferstehungskathedrale-in-berlin\/","og_locale":"de_DE","og_type":"article","og_title":"Am Sonntag der Orthodoxie feierte Erzbischof Tichon die G\u00f6ttliche Liturgie in der Auferstehungskathedrale in Berlin - Berliner Di\u00f6zese der Russischen Orthodoxen Kirche (Kd\u00f6R)","og_description":"[:de]Am 1. M\u00e4rz 2026, den ersten Sonntag der Fastenzeit, dem Fest der Orthodoxie, zelebrierte Erzbischof Tichon von Ruza, Leiter der Di\u00f6zese von Berlin und Deutschland, die Liturgie des Heiligen Basilius des Gro\u00dfen und den Ritus des Festes der Orthodoxie in der Kathedrale der Auferstehung Christi in Berlin.[:]","og_url":"https:\/\/rokmp.de\/deutsch-am-sonntag-der-orthodoxie-feierte-erzbischof-tichon-die-gottliche-liturgie-in-der-auferstehungskathedrale-in-berlin\/","og_site_name":"Berliner Di\u00f6zese der Russischen Orthodoxen Kirche (Kd\u00f6R)","article_published_time":"2026-03-01T15:44:05+00:00","article_modified_time":"2026-03-15T15:48:14+00:00","og_image":[{"width":700,"height":506,"url":"https:\/\/rokmp.de\/wp-content\/uploads\/2026\/03\/WhatsApp-Image-2026-03-01-at-18.57.00-9.jpeg","type":"image\/jpeg"}],"author":"priester Eugeny Murzin","twitter_card":"summary_large_image","twitter_misc":{"Verfasst von":"priester Eugeny Murzin","Gesch\u00e4tzte Lesezeit":"6\u00a0Minuten"},"schema":{"@context":"https:\/\/schema.org","@graph":[{"@type":"WebPage","@id":"https:\/\/rokmp.de\/deutsch-am-sonntag-der-orthodoxie-feierte-erzbischof-tichon-die-gottliche-liturgie-in-der-auferstehungskathedrale-in-berlin\/","url":"https:\/\/rokmp.de\/deutsch-am-sonntag-der-orthodoxie-feierte-erzbischof-tichon-die-gottliche-liturgie-in-der-auferstehungskathedrale-in-berlin\/","name":"Am Sonntag der Orthodoxie feierte Erzbischof Tichon die G\u00f6ttliche Liturgie in der Auferstehungskathedrale in Berlin - Berliner Di\u00f6zese der Russischen Orthodoxen Kirche (Kd\u00f6R)","isPartOf":{"@id":"https:\/\/rokmp.de\/#website"},"primaryImageOfPage":{"@id":"https:\/\/rokmp.de\/deutsch-am-sonntag-der-orthodoxie-feierte-erzbischof-tichon-die-gottliche-liturgie-in-der-auferstehungskathedrale-in-berlin\/#primaryimage"},"image":{"@id":"https:\/\/rokmp.de\/deutsch-am-sonntag-der-orthodoxie-feierte-erzbischof-tichon-die-gottliche-liturgie-in-der-auferstehungskathedrale-in-berlin\/#primaryimage"},"thumbnailUrl":"https:\/\/rokmp.de\/wp-content\/uploads\/2026\/03\/WhatsApp-Image-2026-03-01-at-18.57.00-9.jpeg","datePublished":"2026-03-01T15:44:05+00:00","dateModified":"2026-03-15T15:48:14+00:00","author":{"@id":"https:\/\/rokmp.de\/#\/schema\/person\/1e05c7851b376b862ca66f74ee16b275"},"breadcrumb":{"@id":"https:\/\/rokmp.de\/deutsch-am-sonntag-der-orthodoxie-feierte-erzbischof-tichon-die-gottliche-liturgie-in-der-auferstehungskathedrale-in-berlin\/#breadcrumb"},"inLanguage":"de","potentialAction":[{"@type":"ReadAction","target":["https:\/\/rokmp.de\/deutsch-am-sonntag-der-orthodoxie-feierte-erzbischof-tichon-die-gottliche-liturgie-in-der-auferstehungskathedrale-in-berlin\/"]}]},{"@type":"ImageObject","inLanguage":"de","@id":"https:\/\/rokmp.de\/deutsch-am-sonntag-der-orthodoxie-feierte-erzbischof-tichon-die-gottliche-liturgie-in-der-auferstehungskathedrale-in-berlin\/#primaryimage","url":"https:\/\/rokmp.de\/wp-content\/uploads\/2026\/03\/WhatsApp-Image-2026-03-01-at-18.57.00-9.jpeg","contentUrl":"https:\/\/rokmp.de\/wp-content\/uploads\/2026\/03\/WhatsApp-Image-2026-03-01-at-18.57.00-9.jpeg","width":700,"height":506},{"@type":"BreadcrumbList","@id":"https:\/\/rokmp.de\/deutsch-am-sonntag-der-orthodoxie-feierte-erzbischof-tichon-die-gottliche-liturgie-in-der-auferstehungskathedrale-in-berlin\/#breadcrumb","itemListElement":[{"@type":"ListItem","position":1,"name":"\u0413\u043b\u0430\u0432\u043d\u0430\u044f \u0441\u0442\u0440\u0430\u043d\u0438\u0446\u0430","item":"https:\/\/rokmp.de\/"},{"@type":"ListItem","position":2,"name":"(Deutsch) Am Sonntag der Orthodoxie feierte Erzbischof Tichon die G\u00f6ttliche Liturgie in der Auferstehungskathedrale in Berlin"}]},{"@type":"WebSite","@id":"https:\/\/rokmp.de\/#website","url":"https:\/\/rokmp.de\/","name":"Berliner Di\u00f6zese der Russischen Orthodoxen Kirche (Kd\u00f6R)","description":"(\u0420\u0443\u0441\u0441\u043a\u0438\u0439) \u041e\u0444\u0438\u0446\u0438\u0430\u043b\u044c\u043d\u044b\u0439 \u0441\u0430\u0439\u0442 \u0420\u0443\u0441\u0441\u043a\u043e\u0439 \u041f\u0440\u0430\u0432\u043e\u0441\u043b\u0430\u0432\u043d\u043e\u0439 \u0426\u0435\u0440\u043a\u0432\u0438. \u0411\u0435\u0440\u043b\u0438\u043d\u0441\u043a\u043e-\u0413\u0435\u0440\u043c\u0430\u043d\u0441\u043a\u0430\u044f \u0435\u043f\u0430\u0440\u0445\u0438\u044f.","potentialAction":[{"@type":"SearchAction","target":{"@type":"EntryPoint","urlTemplate":"https:\/\/rokmp.de\/?s={search_term_string}"},"query-input":{"@type":"PropertyValueSpecification","valueRequired":true,"valueName":"search_term_string"}}],"inLanguage":"de"},{"@type":"Person","@id":"https:\/\/rokmp.de\/#\/schema\/person\/1e05c7851b376b862ca66f74ee16b275","name":"priester Eugeny Murzin","image":{"@type":"ImageObject","inLanguage":"de","@id":"https:\/\/rokmp.de\/#\/schema\/person\/image\/","url":"https:\/\/secure.gravatar.com\/avatar\/ab0791f77afedc1959682d928966c405d68e155dc34177d2d0970bb7906ee2ad?s=96&d=mm&r=g","contentUrl":"https:\/\/secure.gravatar.com\/avatar\/ab0791f77afedc1959682d928966c405d68e155dc34177d2d0970bb7906ee2ad?s=96&d=mm&r=g","caption":"priester Eugeny Murzin"},"sameAs":["https:\/\/rokmp.de"]}]}},"jetpack_featured_media_url":"https:\/\/rokmp.de\/wp-content\/uploads\/2026\/03\/WhatsApp-Image-2026-03-01-at-18.57.00-9.jpeg","jetpack_sharing_enabled":true,"_links":{"self":[{"href":"https:\/\/rokmp.de\/de\/wp-json\/wp\/v2\/posts\/43297","targetHints":{"allow":["GET"]}}],"collection":[{"href":"https:\/\/rokmp.de\/de\/wp-json\/wp\/v2\/posts"}],"about":[{"href":"https:\/\/rokmp.de\/de\/wp-json\/wp\/v2\/types\/post"}],"author":[{"embeddable":true,"href":"https:\/\/rokmp.de\/de\/wp-json\/wp\/v2\/users\/150"}],"replies":[{"embeddable":true,"href":"https:\/\/rokmp.de\/de\/wp-json\/wp\/v2\/comments?post=43297"}],"version-history":[{"count":1,"href":"https:\/\/rokmp.de\/de\/wp-json\/wp\/v2\/posts\/43297\/revisions"}],"predecessor-version":[{"id":43298,"href":"https:\/\/rokmp.de\/de\/wp-json\/wp\/v2\/posts\/43297\/revisions\/43298"}],"wp:featuredmedia":[{"embeddable":true,"href":"https:\/\/rokmp.de\/de\/wp-json\/wp\/v2\/media\/43203"}],"wp:attachment":[{"href":"https:\/\/rokmp.de\/de\/wp-json\/wp\/v2\/media?parent=43297"}],"wp:term":[{"taxonomy":"category","embeddable":true,"href":"https:\/\/rokmp.de\/de\/wp-json\/wp\/v2\/categories?post=43297"},{"taxonomy":"post_tag","embeddable":true,"href":"https:\/\/rokmp.de\/de\/wp-json\/wp\/v2\/tags?post=43297"}],"curies":[{"name":"wp","href":"https:\/\/api.w.org\/{rel}","templated":true}]}}