{"id":43301,"date":"2026-03-08T18:51:58","date_gmt":"2026-03-08T15:51:58","guid":{"rendered":"https:\/\/rokmp.de\/?p=43301"},"modified":"2026-03-15T18:52:47","modified_gmt":"2026-03-15T15:52:47","slug":"deutsch-am-zweiten-sonntag-der-grosen-fastenzeit-feierte-erzbischof-tichon-die-gottliche-liturgie-in-der-auferstehungskathedrale-in-berlin","status":"publish","type":"post","link":"https:\/\/rokmp.de\/de\/deutsch-am-zweiten-sonntag-der-grosen-fastenzeit-feierte-erzbischof-tichon-die-gottliche-liturgie-in-der-auferstehungskathedrale-in-berlin\/","title":{"rendered":"Am zweiten Sonntag der Gro\u00dfen Fastenzeit feierte Erzbischof Tichon die G\u00f6ttliche Liturgie in der Auferstehungskathedrale in Berlin"},"content":{"rendered":"<p>Am 8. M\u00e4rz 2026, in der zweiten Sonntag der Fastenzeit, dem Gedenktag des Heiligen Gregor Palamas, Erzbischof von Thessaloniki, zelebrierte der Erzbischof von Ruza Tichon, Leiter der Di\u00f6zese von Berlin und Deutschland, die G\u00f6ttliche Liturgie in der Kathedrale der Auferstehung Christi in Berlin.<\/p>\n<p>Am Vorabend leitete der Erzbischof in der Kathedrale die Allnacht.<\/p>\n<p>Seiner Exzellenz konzelebrierten der Sekret\u00e4r der Di\u00f6zese und Domvorsteher Erzpriester Michail Diwakow, Erzpriester Ilja Tschirin, Hieromonch Ilarion (Reznichenko), Protodiakon Vitali Sadakow, Protodiakon Archil Tschchikwadse, Diakon Michail Koch und Diakon Roman Iwanow (Metropolie Kostroma).<\/p>\n<p>Bei der inbr\u00fcnstigen Ektenie wurden Bitten vorgebracht und ein Gebet f\u00fcr den Frieden gesprochen.<\/p>\n<p>Nach dem Entlassungsgebet der Liturgie hielt Erzpriester Michail Diwakow eine Predigt zum Thema der Sonntagslesung aus dem Evangelium.<\/p>\n<p align=\"CENTER\">***<\/p>\n<p>Der zweite Sonntag der Fastenzeit ist dem Heiligen Gregor Palamas, Erzbischof von Thessaloniki, gewidmet.<\/p>\n<p>Der Heilige wurde 1296 in Konstantinopel in einer Senatorenfamilie geboren. Er erhielt eine brillante klassische Ausbildung. Mit 18 Jahren oder kurz danach trat er auf dem Berg Athos in den M\u00f6nchsstand ein und begann 1332, theologische Abhandlungen zu verfassen. Er hinterlie\u00df zahlreiche Werke \u2013 Predigten, polemische Traktate, theologische Schriften \u2013, aber sein wichtigster Beitrag zur orthodoxen Glaubenslehre besteht darin, dass er ein Verfechter und Praktiker des ununterbrochenen Gebets, der Hesychasmus (Stille), der Lehre von den ungeschaffenen Energien und des Taborlichts war. Mit Gottes Hilfe kann ein Asket seinen Geist und K\u00f6rper so sehr von s\u00fcndigen Gedanken und Taten reinigen, dass er einer echten Begegnung mit Christus w\u00fcrdig wird und das ungeschaffene Licht von Tabor sieht, das den Aposteln auf dem Berg der Verkl\u00e4rung gew\u00e4hrt wurde, lehrte der Heilige Gregor.<\/p>\n<p>Oft werden die Ideen des Heiligen Gregor als ausschlie\u00dflich f\u00fcr die monastische Praxis relevant angesehen. Tats\u00e4chlich gebot der Apostel Paulus allen Christen, nicht nur den M\u00f6nchen, \u201eunabl\u00e4ssig zu beten und f\u00fcr alles zu danken\u201c: \u201eFreut euch allezeit. Betet ohne Unterlass. Dankt f\u00fcr alles, denn das ist der Wille Gottes in Christus Jesus f\u00fcr euch\u201c (1 Thess 5,16-18).<\/p>\n<p><b>Die Woche des Gregor Palamas: Was ist der Kern seiner Lehre?<\/b><\/p>\n<p>Der theologische Gegner des Heiligen Gregor war der M\u00f6nch Barlaam, der aus Kalabrien in Italien nach Konstantinopel gekommen war. Er begann eine Polemik mit Gregor Palamas, die sechs Jahre bis 1341 andauerte. Der Hauptunterschied zwischen ihnen bestand darin, dass Barlaam es f\u00fcr unm\u00f6glich hielt, Gott wirklich zu erkennen oder ihm im irdischen Leben zu begegnen.<\/p>\n<p>Nach Ansicht von Gregor Palamas ist eine solche Begegnung jedoch m\u00f6glich, insofern der Heilige Geist sie dem Menschen offenbaren kann. Dabei geht es nicht um eine physische Vision, sondern um eine innere Betrachtung mit den \u201eAugen des Geistes\u201c . Palamas behauptet, dass Gott in seinem Wesen unerkennbar und unzug\u00e4nglich ist. Der Mensch hat jedoch die M\u00f6glichkeit, sich der ungeschaffenen g\u00f6ttlichen Energie (oder Wirken) anzun\u00e4hern, f\u00fcr die der Heilige das Bild des Lichts von Tabor verwendet. Dabei verwandelt diese g\u00f6ttliche Energie unser ganzes Wesen: unseren Verstand, unsere Seele und sogar unseren K\u00f6rper.<\/p>\n<p>Dazu sind nat\u00fcrlich nicht nur rationale, intellektuelle Anstrengungen erforderlich, sondern auch ein spirituelles Leben, Askese, Fasten und Gebet. Das Ziel dieses Weges ist die Verg\u00f6ttlichung, d. h. die Vereinigung des Menschen mit Gott, die Teilhabe am g\u00f6ttlichen Leben mit Hilfe der g\u00f6ttlichen Gnade und die Kontemplation der g\u00f6ttlichen Energien \u2013 des ungeschaffenen Lichts.<\/p>\n<p>Die Gegner Palamas behaupteten hingegen, dass der Mensch nicht wirklich an Gott teilhaben k\u00f6nne und dass seine Energien geschaffener Natur seien. Wenn es jedoch keine ungeschaffene Gnade (Energie) gibt, dann nimmt der Mensch entweder direkt an der g\u00f6ttlichen Wesenheit teil, was logisch unm\u00f6glich ist, oder er kann \u00fcberhaupt keine echte Gemeinschaft mit Gott haben. Im Gegensatz dazu unterst\u00fctzte die orthodoxe Kirche den Heiligen Gregor und erkannte seine Lehre von der ungeschaffenen Energie an, die Gott selbst au\u00dferhalb seines Wesens ist.<\/p>\n<p>Nach 1347 wurde der Heilige Gregor zum Bischof von Thessaloniki gew\u00e4hlt (genau der Stadt, deren Einwohner der Apostel Paulus dazu aufrief, immer zu beten), verbrachte ein Jahr in Gefangenschaft bei Piraten, wo er auf seine Freilassung wartete, leitete danach mehrere Jahre lang seine Di\u00f6zese und starb am 14. November 1359 an einer Krankheit. Er war etwas \u00fcber 60 Jahre alt. \u201eDas Leben und die Theologie des Heiligen Gregor sind f\u00fcr uns alle ein Orientierungspunkt\u201c, sagt Bischof Konstantin von Zarajsk, Rektor des Theologischen Seminars in Kolomna. \u201eSein Beispiel zeigt, dass auf dem Weg des spirituellen Wachstums, des Weges der Bu\u00dfe, des Fastens und des Gebets eine echte Begegnung mit Gott selbst und ein gnadenreiches, paradiesisches Zusammensein mit ihm m\u00f6glich ist.\u201c<\/p>\n<p><b>Troparion des Heiligen Gregor Palamas<\/b><\/p>\n<p>Leuchtturm der Orthodoxie, St\u00fctze der Kirche und Lehrer, G\u00fcte der M\u00f6nche, un\u00fcberwindlicher Verfechter der Theologie, Gregor, Wundert\u00e4ter, Lobpreisung Thessalonikis, Prediger der Gnade, bitte immer f\u00fcr die Erl\u00f6sung unserer Seelen.<\/p>\n<p><b>Kondakion des Heiligen Gregor Palamas<\/b><\/p>\n<p>Du Sprachrohr der Heiligen und G\u00f6ttlichen Weisheit, helles Sprachrohr der Theologie, wir preisen dich, Gregor, Gottgesegneter: Da du dem ersten Verstand beistehst, richte unseren Verstand auf Ihn, geistiger Vater, damit wir rufen: Freue dich, Prediger der Gnade.<\/p>","protected":false},"excerpt":{"rendered":"<p>Am 8. M\u00e4rz 2026, in der zweiten Sonntag der Fastenzeit, dem Gedenktag des Heiligen Gregor Palamas, Erzbischof von Thessaloniki, zelebrierte der Erzbischof von Ruza Tichon, Leiter der Di\u00f6zese von Berlin und Deutschland, die G\u00f6ttliche Liturgie in der Kathedrale der Auferstehung Christi in Berlin.<\/p>\n","protected":false},"author":150,"featured_media":43234,"comment_status":"open","ping_status":"closed","sticky":false,"template":"","format":"standard","meta":{"_acf_changed":false,"_jetpack_memberships_contains_paid_content":false,"footnotes":""},"categories":[21,16],"tags":[],"class_list":["post-43301","post","type-post","status-publish","format-standard","has-post-thumbnail","hentry","category-aktuell","category-eparh_news"],"acf":[],"yoast_head":"<!-- This site is optimized with the Yoast SEO plugin v24.9 - https:\/\/yoast.com\/wordpress\/plugins\/seo\/ -->\n<title>Am zweiten Sonntag der Gro\u00dfen Fastenzeit feierte Erzbischof Tichon die G\u00f6ttliche Liturgie in der Auferstehungskathedrale in Berlin - Berliner Di\u00f6zese der Russischen Orthodoxen Kirche (Kd\u00f6R)<\/title>\n<meta name=\"robots\" content=\"index, follow, max-snippet:-1, max-image-preview:large, max-video-preview:-1\" \/>\n<link rel=\"canonical\" href=\"https:\/\/rokmp.de\/deutsch-am-zweiten-sonntag-der-grosen-fastenzeit-feierte-erzbischof-tichon-die-gottliche-liturgie-in-der-auferstehungskathedrale-in-berlin\/\" \/>\n<meta property=\"og:locale\" content=\"de_DE\" \/>\n<meta property=\"og:type\" content=\"article\" \/>\n<meta property=\"og:title\" content=\"Am zweiten Sonntag der Gro\u00dfen Fastenzeit feierte Erzbischof Tichon die G\u00f6ttliche Liturgie in der Auferstehungskathedrale in Berlin - Berliner Di\u00f6zese der Russischen Orthodoxen Kirche (Kd\u00f6R)\" \/>\n<meta property=\"og:description\" content=\"[:de]Am 8. M\u00e4rz 2026, in der zweiten Sonntag der Fastenzeit, dem Gedenktag des Heiligen Gregor Palamas, Erzbischof von Thessaloniki, zelebrierte der Erzbischof von Ruza Tichon, Leiter der Di\u00f6zese von Berlin und Deutschland, die G\u00f6ttliche Liturgie in der Kathedrale der Auferstehung Christi in Berlin.[:]\" \/>\n<meta property=\"og:url\" content=\"https:\/\/rokmp.de\/deutsch-am-zweiten-sonntag-der-grosen-fastenzeit-feierte-erzbischof-tichon-die-gottliche-liturgie-in-der-auferstehungskathedrale-in-berlin\/\" \/>\n<meta property=\"og:site_name\" content=\"Berliner Di\u00f6zese der Russischen Orthodoxen Kirche (Kd\u00f6R)\" \/>\n<meta property=\"article:published_time\" content=\"2026-03-08T15:51:58+00:00\" \/>\n<meta property=\"article:modified_time\" content=\"2026-03-15T15:52:47+00:00\" \/>\n<meta property=\"og:image\" content=\"https:\/\/rokmp.de\/wp-content\/uploads\/2026\/03\/IMG-20260308-WA0010.jpg\" \/>\n\t<meta property=\"og:image:width\" content=\"1600\" \/>\n\t<meta property=\"og:image:height\" content=\"1200\" \/>\n\t<meta property=\"og:image:type\" content=\"image\/jpeg\" \/>\n<meta name=\"author\" content=\"priester Eugeny Murzin\" \/>\n<meta name=\"twitter:card\" content=\"summary_large_image\" \/>\n<meta name=\"twitter:label1\" content=\"Verfasst von\" \/>\n\t<meta name=\"twitter:data1\" content=\"priester Eugeny Murzin\" \/>\n\t<meta name=\"twitter:label2\" content=\"Gesch\u00e4tzte Lesezeit\" \/>\n\t<meta name=\"twitter:data2\" content=\"5\u00a0Minuten\" \/>\n<script type=\"application\/ld+json\" class=\"yoast-schema-graph\">{\"@context\":\"https:\/\/schema.org\",\"@graph\":[{\"@type\":\"WebPage\",\"@id\":\"https:\/\/rokmp.de\/deutsch-am-zweiten-sonntag-der-grosen-fastenzeit-feierte-erzbischof-tichon-die-gottliche-liturgie-in-der-auferstehungskathedrale-in-berlin\/\",\"url\":\"https:\/\/rokmp.de\/deutsch-am-zweiten-sonntag-der-grosen-fastenzeit-feierte-erzbischof-tichon-die-gottliche-liturgie-in-der-auferstehungskathedrale-in-berlin\/\",\"name\":\"Am zweiten Sonntag der Gro\u00dfen Fastenzeit feierte Erzbischof Tichon die G\u00f6ttliche Liturgie in der Auferstehungskathedrale in Berlin - Berliner Di\u00f6zese der Russischen Orthodoxen Kirche (Kd\u00f6R)\",\"isPartOf\":{\"@id\":\"https:\/\/rokmp.de\/#website\"},\"primaryImageOfPage\":{\"@id\":\"https:\/\/rokmp.de\/deutsch-am-zweiten-sonntag-der-grosen-fastenzeit-feierte-erzbischof-tichon-die-gottliche-liturgie-in-der-auferstehungskathedrale-in-berlin\/#primaryimage\"},\"image\":{\"@id\":\"https:\/\/rokmp.de\/deutsch-am-zweiten-sonntag-der-grosen-fastenzeit-feierte-erzbischof-tichon-die-gottliche-liturgie-in-der-auferstehungskathedrale-in-berlin\/#primaryimage\"},\"thumbnailUrl\":\"https:\/\/rokmp.de\/wp-content\/uploads\/2026\/03\/IMG-20260308-WA0010.jpg\",\"datePublished\":\"2026-03-08T15:51:58+00:00\",\"dateModified\":\"2026-03-15T15:52:47+00:00\",\"author\":{\"@id\":\"https:\/\/rokmp.de\/#\/schema\/person\/1e05c7851b376b862ca66f74ee16b275\"},\"breadcrumb\":{\"@id\":\"https:\/\/rokmp.de\/deutsch-am-zweiten-sonntag-der-grosen-fastenzeit-feierte-erzbischof-tichon-die-gottliche-liturgie-in-der-auferstehungskathedrale-in-berlin\/#breadcrumb\"},\"inLanguage\":\"de\",\"potentialAction\":[{\"@type\":\"ReadAction\",\"target\":[\"https:\/\/rokmp.de\/deutsch-am-zweiten-sonntag-der-grosen-fastenzeit-feierte-erzbischof-tichon-die-gottliche-liturgie-in-der-auferstehungskathedrale-in-berlin\/\"]}]},{\"@type\":\"ImageObject\",\"inLanguage\":\"de\",\"@id\":\"https:\/\/rokmp.de\/deutsch-am-zweiten-sonntag-der-grosen-fastenzeit-feierte-erzbischof-tichon-die-gottliche-liturgie-in-der-auferstehungskathedrale-in-berlin\/#primaryimage\",\"url\":\"https:\/\/rokmp.de\/wp-content\/uploads\/2026\/03\/IMG-20260308-WA0010.jpg\",\"contentUrl\":\"https:\/\/rokmp.de\/wp-content\/uploads\/2026\/03\/IMG-20260308-WA0010.jpg\",\"width\":1600,\"height\":1200},{\"@type\":\"BreadcrumbList\",\"@id\":\"https:\/\/rokmp.de\/deutsch-am-zweiten-sonntag-der-grosen-fastenzeit-feierte-erzbischof-tichon-die-gottliche-liturgie-in-der-auferstehungskathedrale-in-berlin\/#breadcrumb\",\"itemListElement\":[{\"@type\":\"ListItem\",\"position\":1,\"name\":\"\u0413\u043b\u0430\u0432\u043d\u0430\u044f \u0441\u0442\u0440\u0430\u043d\u0438\u0446\u0430\",\"item\":\"https:\/\/rokmp.de\/\"},{\"@type\":\"ListItem\",\"position\":2,\"name\":\"(Deutsch) Am zweiten Sonntag der Gro\u00dfen Fastenzeit feierte Erzbischof Tichon die G\u00f6ttliche Liturgie in der Auferstehungskathedrale in Berlin\"}]},{\"@type\":\"WebSite\",\"@id\":\"https:\/\/rokmp.de\/#website\",\"url\":\"https:\/\/rokmp.de\/\",\"name\":\"Berliner Di\u00f6zese der Russischen Orthodoxen Kirche (Kd\u00f6R)\",\"description\":\"(\u0420\u0443\u0441\u0441\u043a\u0438\u0439) \u041e\u0444\u0438\u0446\u0438\u0430\u043b\u044c\u043d\u044b\u0439 \u0441\u0430\u0439\u0442 \u0420\u0443\u0441\u0441\u043a\u043e\u0439 \u041f\u0440\u0430\u0432\u043e\u0441\u043b\u0430\u0432\u043d\u043e\u0439 \u0426\u0435\u0440\u043a\u0432\u0438. \u0411\u0435\u0440\u043b\u0438\u043d\u0441\u043a\u043e-\u0413\u0435\u0440\u043c\u0430\u043d\u0441\u043a\u0430\u044f \u0435\u043f\u0430\u0440\u0445\u0438\u044f.\",\"potentialAction\":[{\"@type\":\"SearchAction\",\"target\":{\"@type\":\"EntryPoint\",\"urlTemplate\":\"https:\/\/rokmp.de\/?s={search_term_string}\"},\"query-input\":{\"@type\":\"PropertyValueSpecification\",\"valueRequired\":true,\"valueName\":\"search_term_string\"}}],\"inLanguage\":\"de\"},{\"@type\":\"Person\",\"@id\":\"https:\/\/rokmp.de\/#\/schema\/person\/1e05c7851b376b862ca66f74ee16b275\",\"name\":\"priester Eugeny Murzin\",\"image\":{\"@type\":\"ImageObject\",\"inLanguage\":\"de\",\"@id\":\"https:\/\/rokmp.de\/#\/schema\/person\/image\/\",\"url\":\"https:\/\/secure.gravatar.com\/avatar\/ab0791f77afedc1959682d928966c405d68e155dc34177d2d0970bb7906ee2ad?s=96&d=mm&r=g\",\"contentUrl\":\"https:\/\/secure.gravatar.com\/avatar\/ab0791f77afedc1959682d928966c405d68e155dc34177d2d0970bb7906ee2ad?s=96&d=mm&r=g\",\"caption\":\"priester Eugeny Murzin\"},\"sameAs\":[\"https:\/\/rokmp.de\"]}]}<\/script>\n<!-- \/ Yoast SEO plugin. -->","yoast_head_json":{"title":"Am zweiten Sonntag der Gro\u00dfen Fastenzeit feierte Erzbischof Tichon die G\u00f6ttliche Liturgie in der Auferstehungskathedrale in Berlin - Berliner Di\u00f6zese der Russischen Orthodoxen Kirche (Kd\u00f6R)","robots":{"index":"index","follow":"follow","max-snippet":"max-snippet:-1","max-image-preview":"max-image-preview:large","max-video-preview":"max-video-preview:-1"},"canonical":"https:\/\/rokmp.de\/deutsch-am-zweiten-sonntag-der-grosen-fastenzeit-feierte-erzbischof-tichon-die-gottliche-liturgie-in-der-auferstehungskathedrale-in-berlin\/","og_locale":"de_DE","og_type":"article","og_title":"Am zweiten Sonntag der Gro\u00dfen Fastenzeit feierte Erzbischof Tichon die G\u00f6ttliche Liturgie in der Auferstehungskathedrale in Berlin - Berliner Di\u00f6zese der Russischen Orthodoxen Kirche (Kd\u00f6R)","og_description":"[:de]Am 8. M\u00e4rz 2026, in der zweiten Sonntag der Fastenzeit, dem Gedenktag des Heiligen Gregor Palamas, Erzbischof von Thessaloniki, zelebrierte der Erzbischof von Ruza Tichon, Leiter der Di\u00f6zese von Berlin und Deutschland, die G\u00f6ttliche Liturgie in der Kathedrale der Auferstehung Christi in Berlin.[:]","og_url":"https:\/\/rokmp.de\/deutsch-am-zweiten-sonntag-der-grosen-fastenzeit-feierte-erzbischof-tichon-die-gottliche-liturgie-in-der-auferstehungskathedrale-in-berlin\/","og_site_name":"Berliner Di\u00f6zese der Russischen Orthodoxen Kirche (Kd\u00f6R)","article_published_time":"2026-03-08T15:51:58+00:00","article_modified_time":"2026-03-15T15:52:47+00:00","og_image":[{"width":1600,"height":1200,"url":"https:\/\/rokmp.de\/wp-content\/uploads\/2026\/03\/IMG-20260308-WA0010.jpg","type":"image\/jpeg"}],"author":"priester Eugeny Murzin","twitter_card":"summary_large_image","twitter_misc":{"Verfasst von":"priester Eugeny Murzin","Gesch\u00e4tzte Lesezeit":"5\u00a0Minuten"},"schema":{"@context":"https:\/\/schema.org","@graph":[{"@type":"WebPage","@id":"https:\/\/rokmp.de\/deutsch-am-zweiten-sonntag-der-grosen-fastenzeit-feierte-erzbischof-tichon-die-gottliche-liturgie-in-der-auferstehungskathedrale-in-berlin\/","url":"https:\/\/rokmp.de\/deutsch-am-zweiten-sonntag-der-grosen-fastenzeit-feierte-erzbischof-tichon-die-gottliche-liturgie-in-der-auferstehungskathedrale-in-berlin\/","name":"Am zweiten Sonntag der Gro\u00dfen Fastenzeit feierte Erzbischof Tichon die G\u00f6ttliche Liturgie in der Auferstehungskathedrale in Berlin - Berliner Di\u00f6zese der Russischen Orthodoxen Kirche (Kd\u00f6R)","isPartOf":{"@id":"https:\/\/rokmp.de\/#website"},"primaryImageOfPage":{"@id":"https:\/\/rokmp.de\/deutsch-am-zweiten-sonntag-der-grosen-fastenzeit-feierte-erzbischof-tichon-die-gottliche-liturgie-in-der-auferstehungskathedrale-in-berlin\/#primaryimage"},"image":{"@id":"https:\/\/rokmp.de\/deutsch-am-zweiten-sonntag-der-grosen-fastenzeit-feierte-erzbischof-tichon-die-gottliche-liturgie-in-der-auferstehungskathedrale-in-berlin\/#primaryimage"},"thumbnailUrl":"https:\/\/rokmp.de\/wp-content\/uploads\/2026\/03\/IMG-20260308-WA0010.jpg","datePublished":"2026-03-08T15:51:58+00:00","dateModified":"2026-03-15T15:52:47+00:00","author":{"@id":"https:\/\/rokmp.de\/#\/schema\/person\/1e05c7851b376b862ca66f74ee16b275"},"breadcrumb":{"@id":"https:\/\/rokmp.de\/deutsch-am-zweiten-sonntag-der-grosen-fastenzeit-feierte-erzbischof-tichon-die-gottliche-liturgie-in-der-auferstehungskathedrale-in-berlin\/#breadcrumb"},"inLanguage":"de","potentialAction":[{"@type":"ReadAction","target":["https:\/\/rokmp.de\/deutsch-am-zweiten-sonntag-der-grosen-fastenzeit-feierte-erzbischof-tichon-die-gottliche-liturgie-in-der-auferstehungskathedrale-in-berlin\/"]}]},{"@type":"ImageObject","inLanguage":"de","@id":"https:\/\/rokmp.de\/deutsch-am-zweiten-sonntag-der-grosen-fastenzeit-feierte-erzbischof-tichon-die-gottliche-liturgie-in-der-auferstehungskathedrale-in-berlin\/#primaryimage","url":"https:\/\/rokmp.de\/wp-content\/uploads\/2026\/03\/IMG-20260308-WA0010.jpg","contentUrl":"https:\/\/rokmp.de\/wp-content\/uploads\/2026\/03\/IMG-20260308-WA0010.jpg","width":1600,"height":1200},{"@type":"BreadcrumbList","@id":"https:\/\/rokmp.de\/deutsch-am-zweiten-sonntag-der-grosen-fastenzeit-feierte-erzbischof-tichon-die-gottliche-liturgie-in-der-auferstehungskathedrale-in-berlin\/#breadcrumb","itemListElement":[{"@type":"ListItem","position":1,"name":"\u0413\u043b\u0430\u0432\u043d\u0430\u044f \u0441\u0442\u0440\u0430\u043d\u0438\u0446\u0430","item":"https:\/\/rokmp.de\/"},{"@type":"ListItem","position":2,"name":"(Deutsch) Am zweiten Sonntag der Gro\u00dfen Fastenzeit feierte Erzbischof Tichon die G\u00f6ttliche Liturgie in der Auferstehungskathedrale in Berlin"}]},{"@type":"WebSite","@id":"https:\/\/rokmp.de\/#website","url":"https:\/\/rokmp.de\/","name":"Berliner Di\u00f6zese der Russischen Orthodoxen Kirche (Kd\u00f6R)","description":"(\u0420\u0443\u0441\u0441\u043a\u0438\u0439) \u041e\u0444\u0438\u0446\u0438\u0430\u043b\u044c\u043d\u044b\u0439 \u0441\u0430\u0439\u0442 \u0420\u0443\u0441\u0441\u043a\u043e\u0439 \u041f\u0440\u0430\u0432\u043e\u0441\u043b\u0430\u0432\u043d\u043e\u0439 \u0426\u0435\u0440\u043a\u0432\u0438. \u0411\u0435\u0440\u043b\u0438\u043d\u0441\u043a\u043e-\u0413\u0435\u0440\u043c\u0430\u043d\u0441\u043a\u0430\u044f \u0435\u043f\u0430\u0440\u0445\u0438\u044f.","potentialAction":[{"@type":"SearchAction","target":{"@type":"EntryPoint","urlTemplate":"https:\/\/rokmp.de\/?s={search_term_string}"},"query-input":{"@type":"PropertyValueSpecification","valueRequired":true,"valueName":"search_term_string"}}],"inLanguage":"de"},{"@type":"Person","@id":"https:\/\/rokmp.de\/#\/schema\/person\/1e05c7851b376b862ca66f74ee16b275","name":"priester Eugeny Murzin","image":{"@type":"ImageObject","inLanguage":"de","@id":"https:\/\/rokmp.de\/#\/schema\/person\/image\/","url":"https:\/\/secure.gravatar.com\/avatar\/ab0791f77afedc1959682d928966c405d68e155dc34177d2d0970bb7906ee2ad?s=96&d=mm&r=g","contentUrl":"https:\/\/secure.gravatar.com\/avatar\/ab0791f77afedc1959682d928966c405d68e155dc34177d2d0970bb7906ee2ad?s=96&d=mm&r=g","caption":"priester Eugeny Murzin"},"sameAs":["https:\/\/rokmp.de"]}]}},"jetpack_featured_media_url":"https:\/\/rokmp.de\/wp-content\/uploads\/2026\/03\/IMG-20260308-WA0010.jpg","jetpack_sharing_enabled":true,"_links":{"self":[{"href":"https:\/\/rokmp.de\/de\/wp-json\/wp\/v2\/posts\/43301","targetHints":{"allow":["GET"]}}],"collection":[{"href":"https:\/\/rokmp.de\/de\/wp-json\/wp\/v2\/posts"}],"about":[{"href":"https:\/\/rokmp.de\/de\/wp-json\/wp\/v2\/types\/post"}],"author":[{"embeddable":true,"href":"https:\/\/rokmp.de\/de\/wp-json\/wp\/v2\/users\/150"}],"replies":[{"embeddable":true,"href":"https:\/\/rokmp.de\/de\/wp-json\/wp\/v2\/comments?post=43301"}],"version-history":[{"count":1,"href":"https:\/\/rokmp.de\/de\/wp-json\/wp\/v2\/posts\/43301\/revisions"}],"predecessor-version":[{"id":43302,"href":"https:\/\/rokmp.de\/de\/wp-json\/wp\/v2\/posts\/43301\/revisions\/43302"}],"wp:featuredmedia":[{"embeddable":true,"href":"https:\/\/rokmp.de\/de\/wp-json\/wp\/v2\/media\/43234"}],"wp:attachment":[{"href":"https:\/\/rokmp.de\/de\/wp-json\/wp\/v2\/media?parent=43301"}],"wp:term":[{"taxonomy":"category","embeddable":true,"href":"https:\/\/rokmp.de\/de\/wp-json\/wp\/v2\/categories?post=43301"},{"taxonomy":"post_tag","embeddable":true,"href":"https:\/\/rokmp.de\/de\/wp-json\/wp\/v2\/tags?post=43301"}],"curies":[{"name":"wp","href":"https:\/\/api.w.org\/{rel}","templated":true}]}}