{"id":43317,"date":"2026-03-12T12:06:59","date_gmt":"2026-03-12T09:06:59","guid":{"rendered":"https:\/\/rokmp.de\/?p=43317"},"modified":"2026-03-19T12:08:06","modified_gmt":"2026-03-19T09:08:06","slug":"deutsch-in-berlin-fand-eine-sitzung-des-diozesanrats-der-diozese-von-berlin-und-deutschland-statt","status":"publish","type":"post","link":"https:\/\/rokmp.de\/de\/deutsch-in-berlin-fand-eine-sitzung-des-diozesanrats-der-diozese-von-berlin-und-deutschland-statt\/","title":{"rendered":"In Berlin fand eine Sitzung des Di\u00f6zesanrats der Di\u00f6zese von Berlin und Deutschland statt"},"content":{"rendered":"<p>Am 12. M\u00e4rz 2026 fand in der Kirche des Heiligen Gleichapostlichen Gro\u00dff\u00fcrsten Wladimir in Marzahn (Berlin) unter dem Vorsitz von Erzbischof Tichon von Ruza, dem Leiter der Di\u00f6zese von Berlin und Deutschland, eine Sitzung des Di\u00f6zesanrats statt.<\/p>\n<p>Vor Beginn der Sitzung hielt der Kirchenvorsteher, Erzpriester Peter Pakholkov, eine Andacht.<\/p>\n<p>Erzbischof Tichon von Ruza richtete ein Er\u00f6ffnungswort an die Mitglieder des Rates. Es wurden Berichte von Priester Maxim Judakov, dem Verantwortlichen f\u00fcr die Ausbildung der Studenten der Berliner-Deutschen Di\u00f6zese im Fernstudium der Theologischen Hochschule Minsk, \u00fcber den Stand der Dinge zu Beginn des Fr\u00fchjahrs dieses Jahres sowie von Priester Alexei Veselov, dem Leiter der orthodoxen theologischen Fernschule, \u00fcber die Ergebnisse der zweij\u00e4hrigen Ausbildung angeh\u00f6rt.<\/p>\n<p>Anschlie\u00dfend wurde das Thema des Alldeutschen Kongresses der orthodoxen Jugend der Berliner und deutschen Di\u00f6zese best\u00e4tigt, der vom 29. Oktober bis zum 1. November 2026 in Braunlage (Sachsen-Anhalt) stattfinden wird.<\/p>\n<p>Der Sekret\u00e4r des Di\u00f6zesanrats, Hegumen Maxim (Schmidt), gab das Datum und den Ort der Di\u00f6zesanversammlung und der Pastoralversammlung der Berliner und Deutschen Di\u00f6zese bekannt.<\/p>\n<p>Zum Abschluss der Sitzung pr\u00fcften die Ratsmitglieder die Kandidaten f\u00fcr die Priesterweihe.<\/p>\n<p>Im Anschluss an die Sitzung wurde eine Resolution verabschiedet.<\/p>","protected":false},"excerpt":{"rendered":"<p>Am 12. M\u00e4rz 2026 fand in der Kirche des Heiligen Gleichapostlichen Gro\u00dff\u00fcrsten Wladimir in Marzahn (Berlin) unter dem Vorsitz von Erzbischof Tichon von Ruza, dem Leiter der Di\u00f6zese von Berlin und Deutschland, eine Sitzung des Di\u00f6zesanrats statt.<\/p>\n","protected":false},"author":150,"featured_media":43260,"comment_status":"open","ping_status":"closed","sticky":false,"template":"","format":"standard","meta":{"_acf_changed":false,"_jetpack_memberships_contains_paid_content":false,"footnotes":""},"categories":[21,16],"tags":[],"class_list":["post-43317","post","type-post","status-publish","format-standard","has-post-thumbnail","hentry","category-aktuell","category-eparh_news"],"acf":[],"yoast_head":"<!-- This site is optimized with the Yoast SEO plugin v24.9 - https:\/\/yoast.com\/wordpress\/plugins\/seo\/ -->\n<title>In Berlin fand eine Sitzung des Di\u00f6zesanrats der Di\u00f6zese von Berlin und Deutschland statt - Berliner Di\u00f6zese der Russischen Orthodoxen Kirche (Kd\u00f6R)<\/title>\n<meta name=\"robots\" content=\"index, follow, max-snippet:-1, max-image-preview:large, max-video-preview:-1\" \/>\n<link rel=\"canonical\" href=\"https:\/\/rokmp.de\/deutsch-in-berlin-fand-eine-sitzung-des-diozesanrats-der-diozese-von-berlin-und-deutschland-statt\/\" \/>\n<meta property=\"og:locale\" content=\"de_DE\" \/>\n<meta property=\"og:type\" content=\"article\" \/>\n<meta property=\"og:title\" content=\"In Berlin fand eine Sitzung des Di\u00f6zesanrats der Di\u00f6zese von Berlin und Deutschland statt - Berliner Di\u00f6zese der Russischen Orthodoxen Kirche (Kd\u00f6R)\" \/>\n<meta property=\"og:description\" content=\"[:de]Am 12. M\u00e4rz 2026 fand in der Kirche des Heiligen Gleichapostlichen Gro\u00dff\u00fcrsten Wladimir in Marzahn (Berlin) unter dem Vorsitz von Erzbischof Tichon von Ruza, dem Leiter der Di\u00f6zese von Berlin und Deutschland, eine Sitzung des Di\u00f6zesanrats statt.[:]\" \/>\n<meta property=\"og:url\" content=\"https:\/\/rokmp.de\/deutsch-in-berlin-fand-eine-sitzung-des-diozesanrats-der-diozese-von-berlin-und-deutschland-statt\/\" \/>\n<meta property=\"og:site_name\" content=\"Berliner Di\u00f6zese der Russischen Orthodoxen Kirche (Kd\u00f6R)\" \/>\n<meta property=\"article:published_time\" content=\"2026-03-12T09:06:59+00:00\" \/>\n<meta property=\"article:modified_time\" content=\"2026-03-19T09:08:06+00:00\" \/>\n<meta property=\"og:image\" content=\"https:\/\/rokmp.de\/wp-content\/uploads\/2026\/03\/WhatsApp-Image-2026-03-13-at-00.05.56-3.jpeg\" \/>\n\t<meta property=\"og:image:width\" content=\"1600\" \/>\n\t<meta property=\"og:image:height\" content=\"1168\" \/>\n\t<meta property=\"og:image:type\" content=\"image\/jpeg\" \/>\n<meta name=\"author\" content=\"priester Eugeny Murzin\" \/>\n<meta name=\"twitter:card\" content=\"summary_large_image\" \/>\n<meta name=\"twitter:label1\" content=\"Verfasst von\" \/>\n\t<meta name=\"twitter:data1\" content=\"priester Eugeny Murzin\" \/>\n\t<meta name=\"twitter:label2\" content=\"Gesch\u00e4tzte Lesezeit\" \/>\n\t<meta name=\"twitter:data2\" content=\"2\u00a0Minuten\" \/>\n<script type=\"application\/ld+json\" class=\"yoast-schema-graph\">{\"@context\":\"https:\/\/schema.org\",\"@graph\":[{\"@type\":\"WebPage\",\"@id\":\"https:\/\/rokmp.de\/deutsch-in-berlin-fand-eine-sitzung-des-diozesanrats-der-diozese-von-berlin-und-deutschland-statt\/\",\"url\":\"https:\/\/rokmp.de\/deutsch-in-berlin-fand-eine-sitzung-des-diozesanrats-der-diozese-von-berlin-und-deutschland-statt\/\",\"name\":\"In Berlin fand eine Sitzung des Di\u00f6zesanrats der Di\u00f6zese von Berlin und Deutschland statt - Berliner Di\u00f6zese der Russischen Orthodoxen Kirche (Kd\u00f6R)\",\"isPartOf\":{\"@id\":\"https:\/\/rokmp.de\/#website\"},\"primaryImageOfPage\":{\"@id\":\"https:\/\/rokmp.de\/deutsch-in-berlin-fand-eine-sitzung-des-diozesanrats-der-diozese-von-berlin-und-deutschland-statt\/#primaryimage\"},\"image\":{\"@id\":\"https:\/\/rokmp.de\/deutsch-in-berlin-fand-eine-sitzung-des-diozesanrats-der-diozese-von-berlin-und-deutschland-statt\/#primaryimage\"},\"thumbnailUrl\":\"https:\/\/rokmp.de\/wp-content\/uploads\/2026\/03\/WhatsApp-Image-2026-03-13-at-00.05.56-3.jpeg\",\"datePublished\":\"2026-03-12T09:06:59+00:00\",\"dateModified\":\"2026-03-19T09:08:06+00:00\",\"author\":{\"@id\":\"https:\/\/rokmp.de\/#\/schema\/person\/1e05c7851b376b862ca66f74ee16b275\"},\"breadcrumb\":{\"@id\":\"https:\/\/rokmp.de\/deutsch-in-berlin-fand-eine-sitzung-des-diozesanrats-der-diozese-von-berlin-und-deutschland-statt\/#breadcrumb\"},\"inLanguage\":\"de\",\"potentialAction\":[{\"@type\":\"ReadAction\",\"target\":[\"https:\/\/rokmp.de\/deutsch-in-berlin-fand-eine-sitzung-des-diozesanrats-der-diozese-von-berlin-und-deutschland-statt\/\"]}]},{\"@type\":\"ImageObject\",\"inLanguage\":\"de\",\"@id\":\"https:\/\/rokmp.de\/deutsch-in-berlin-fand-eine-sitzung-des-diozesanrats-der-diozese-von-berlin-und-deutschland-statt\/#primaryimage\",\"url\":\"https:\/\/rokmp.de\/wp-content\/uploads\/2026\/03\/WhatsApp-Image-2026-03-13-at-00.05.56-3.jpeg\",\"contentUrl\":\"https:\/\/rokmp.de\/wp-content\/uploads\/2026\/03\/WhatsApp-Image-2026-03-13-at-00.05.56-3.jpeg\",\"width\":1600,\"height\":1168},{\"@type\":\"BreadcrumbList\",\"@id\":\"https:\/\/rokmp.de\/deutsch-in-berlin-fand-eine-sitzung-des-diozesanrats-der-diozese-von-berlin-und-deutschland-statt\/#breadcrumb\",\"itemListElement\":[{\"@type\":\"ListItem\",\"position\":1,\"name\":\"\u0413\u043b\u0430\u0432\u043d\u0430\u044f \u0441\u0442\u0440\u0430\u043d\u0438\u0446\u0430\",\"item\":\"https:\/\/rokmp.de\/\"},{\"@type\":\"ListItem\",\"position\":2,\"name\":\"(Deutsch) In Berlin fand eine Sitzung des Di\u00f6zesanrats der Di\u00f6zese von Berlin und Deutschland statt\"}]},{\"@type\":\"WebSite\",\"@id\":\"https:\/\/rokmp.de\/#website\",\"url\":\"https:\/\/rokmp.de\/\",\"name\":\"Berliner Di\u00f6zese der Russischen Orthodoxen Kirche (Kd\u00f6R)\",\"description\":\"(\u0420\u0443\u0441\u0441\u043a\u0438\u0439) \u041e\u0444\u0438\u0446\u0438\u0430\u043b\u044c\u043d\u044b\u0439 \u0441\u0430\u0439\u0442 \u0420\u0443\u0441\u0441\u043a\u043e\u0439 \u041f\u0440\u0430\u0432\u043e\u0441\u043b\u0430\u0432\u043d\u043e\u0439 \u0426\u0435\u0440\u043a\u0432\u0438. \u0411\u0435\u0440\u043b\u0438\u043d\u0441\u043a\u043e-\u0413\u0435\u0440\u043c\u0430\u043d\u0441\u043a\u0430\u044f \u0435\u043f\u0430\u0440\u0445\u0438\u044f.\",\"potentialAction\":[{\"@type\":\"SearchAction\",\"target\":{\"@type\":\"EntryPoint\",\"urlTemplate\":\"https:\/\/rokmp.de\/?s={search_term_string}\"},\"query-input\":{\"@type\":\"PropertyValueSpecification\",\"valueRequired\":true,\"valueName\":\"search_term_string\"}}],\"inLanguage\":\"de\"},{\"@type\":\"Person\",\"@id\":\"https:\/\/rokmp.de\/#\/schema\/person\/1e05c7851b376b862ca66f74ee16b275\",\"name\":\"priester Eugeny Murzin\",\"image\":{\"@type\":\"ImageObject\",\"inLanguage\":\"de\",\"@id\":\"https:\/\/rokmp.de\/#\/schema\/person\/image\/\",\"url\":\"https:\/\/secure.gravatar.com\/avatar\/ab0791f77afedc1959682d928966c405d68e155dc34177d2d0970bb7906ee2ad?s=96&d=mm&r=g\",\"contentUrl\":\"https:\/\/secure.gravatar.com\/avatar\/ab0791f77afedc1959682d928966c405d68e155dc34177d2d0970bb7906ee2ad?s=96&d=mm&r=g\",\"caption\":\"priester Eugeny Murzin\"},\"sameAs\":[\"https:\/\/rokmp.de\"]}]}<\/script>\n<!-- \/ Yoast SEO plugin. -->","yoast_head_json":{"title":"In Berlin fand eine Sitzung des Di\u00f6zesanrats der Di\u00f6zese von Berlin und Deutschland statt - Berliner Di\u00f6zese der Russischen Orthodoxen Kirche (Kd\u00f6R)","robots":{"index":"index","follow":"follow","max-snippet":"max-snippet:-1","max-image-preview":"max-image-preview:large","max-video-preview":"max-video-preview:-1"},"canonical":"https:\/\/rokmp.de\/deutsch-in-berlin-fand-eine-sitzung-des-diozesanrats-der-diozese-von-berlin-und-deutschland-statt\/","og_locale":"de_DE","og_type":"article","og_title":"In Berlin fand eine Sitzung des Di\u00f6zesanrats der Di\u00f6zese von Berlin und Deutschland statt - Berliner Di\u00f6zese der Russischen Orthodoxen Kirche (Kd\u00f6R)","og_description":"[:de]Am 12. M\u00e4rz 2026 fand in der Kirche des Heiligen Gleichapostlichen Gro\u00dff\u00fcrsten Wladimir in Marzahn (Berlin) unter dem Vorsitz von Erzbischof Tichon von Ruza, dem Leiter der Di\u00f6zese von Berlin und Deutschland, eine Sitzung des Di\u00f6zesanrats statt.[:]","og_url":"https:\/\/rokmp.de\/deutsch-in-berlin-fand-eine-sitzung-des-diozesanrats-der-diozese-von-berlin-und-deutschland-statt\/","og_site_name":"Berliner Di\u00f6zese der Russischen Orthodoxen Kirche (Kd\u00f6R)","article_published_time":"2026-03-12T09:06:59+00:00","article_modified_time":"2026-03-19T09:08:06+00:00","og_image":[{"width":1600,"height":1168,"url":"https:\/\/rokmp.de\/wp-content\/uploads\/2026\/03\/WhatsApp-Image-2026-03-13-at-00.05.56-3.jpeg","type":"image\/jpeg"}],"author":"priester Eugeny Murzin","twitter_card":"summary_large_image","twitter_misc":{"Verfasst von":"priester Eugeny Murzin","Gesch\u00e4tzte Lesezeit":"2\u00a0Minuten"},"schema":{"@context":"https:\/\/schema.org","@graph":[{"@type":"WebPage","@id":"https:\/\/rokmp.de\/deutsch-in-berlin-fand-eine-sitzung-des-diozesanrats-der-diozese-von-berlin-und-deutschland-statt\/","url":"https:\/\/rokmp.de\/deutsch-in-berlin-fand-eine-sitzung-des-diozesanrats-der-diozese-von-berlin-und-deutschland-statt\/","name":"In Berlin fand eine Sitzung des Di\u00f6zesanrats der Di\u00f6zese von Berlin und Deutschland statt - Berliner Di\u00f6zese der Russischen Orthodoxen Kirche (Kd\u00f6R)","isPartOf":{"@id":"https:\/\/rokmp.de\/#website"},"primaryImageOfPage":{"@id":"https:\/\/rokmp.de\/deutsch-in-berlin-fand-eine-sitzung-des-diozesanrats-der-diozese-von-berlin-und-deutschland-statt\/#primaryimage"},"image":{"@id":"https:\/\/rokmp.de\/deutsch-in-berlin-fand-eine-sitzung-des-diozesanrats-der-diozese-von-berlin-und-deutschland-statt\/#primaryimage"},"thumbnailUrl":"https:\/\/rokmp.de\/wp-content\/uploads\/2026\/03\/WhatsApp-Image-2026-03-13-at-00.05.56-3.jpeg","datePublished":"2026-03-12T09:06:59+00:00","dateModified":"2026-03-19T09:08:06+00:00","author":{"@id":"https:\/\/rokmp.de\/#\/schema\/person\/1e05c7851b376b862ca66f74ee16b275"},"breadcrumb":{"@id":"https:\/\/rokmp.de\/deutsch-in-berlin-fand-eine-sitzung-des-diozesanrats-der-diozese-von-berlin-und-deutschland-statt\/#breadcrumb"},"inLanguage":"de","potentialAction":[{"@type":"ReadAction","target":["https:\/\/rokmp.de\/deutsch-in-berlin-fand-eine-sitzung-des-diozesanrats-der-diozese-von-berlin-und-deutschland-statt\/"]}]},{"@type":"ImageObject","inLanguage":"de","@id":"https:\/\/rokmp.de\/deutsch-in-berlin-fand-eine-sitzung-des-diozesanrats-der-diozese-von-berlin-und-deutschland-statt\/#primaryimage","url":"https:\/\/rokmp.de\/wp-content\/uploads\/2026\/03\/WhatsApp-Image-2026-03-13-at-00.05.56-3.jpeg","contentUrl":"https:\/\/rokmp.de\/wp-content\/uploads\/2026\/03\/WhatsApp-Image-2026-03-13-at-00.05.56-3.jpeg","width":1600,"height":1168},{"@type":"BreadcrumbList","@id":"https:\/\/rokmp.de\/deutsch-in-berlin-fand-eine-sitzung-des-diozesanrats-der-diozese-von-berlin-und-deutschland-statt\/#breadcrumb","itemListElement":[{"@type":"ListItem","position":1,"name":"\u0413\u043b\u0430\u0432\u043d\u0430\u044f \u0441\u0442\u0440\u0430\u043d\u0438\u0446\u0430","item":"https:\/\/rokmp.de\/"},{"@type":"ListItem","position":2,"name":"(Deutsch) In Berlin fand eine Sitzung des Di\u00f6zesanrats der Di\u00f6zese von Berlin und Deutschland statt"}]},{"@type":"WebSite","@id":"https:\/\/rokmp.de\/#website","url":"https:\/\/rokmp.de\/","name":"Berliner Di\u00f6zese der Russischen Orthodoxen Kirche (Kd\u00f6R)","description":"(\u0420\u0443\u0441\u0441\u043a\u0438\u0439) \u041e\u0444\u0438\u0446\u0438\u0430\u043b\u044c\u043d\u044b\u0439 \u0441\u0430\u0439\u0442 \u0420\u0443\u0441\u0441\u043a\u043e\u0439 \u041f\u0440\u0430\u0432\u043e\u0441\u043b\u0430\u0432\u043d\u043e\u0439 \u0426\u0435\u0440\u043a\u0432\u0438. \u0411\u0435\u0440\u043b\u0438\u043d\u0441\u043a\u043e-\u0413\u0435\u0440\u043c\u0430\u043d\u0441\u043a\u0430\u044f \u0435\u043f\u0430\u0440\u0445\u0438\u044f.","potentialAction":[{"@type":"SearchAction","target":{"@type":"EntryPoint","urlTemplate":"https:\/\/rokmp.de\/?s={search_term_string}"},"query-input":{"@type":"PropertyValueSpecification","valueRequired":true,"valueName":"search_term_string"}}],"inLanguage":"de"},{"@type":"Person","@id":"https:\/\/rokmp.de\/#\/schema\/person\/1e05c7851b376b862ca66f74ee16b275","name":"priester Eugeny Murzin","image":{"@type":"ImageObject","inLanguage":"de","@id":"https:\/\/rokmp.de\/#\/schema\/person\/image\/","url":"https:\/\/secure.gravatar.com\/avatar\/ab0791f77afedc1959682d928966c405d68e155dc34177d2d0970bb7906ee2ad?s=96&d=mm&r=g","contentUrl":"https:\/\/secure.gravatar.com\/avatar\/ab0791f77afedc1959682d928966c405d68e155dc34177d2d0970bb7906ee2ad?s=96&d=mm&r=g","caption":"priester Eugeny Murzin"},"sameAs":["https:\/\/rokmp.de"]}]}},"jetpack_featured_media_url":"https:\/\/rokmp.de\/wp-content\/uploads\/2026\/03\/WhatsApp-Image-2026-03-13-at-00.05.56-3.jpeg","jetpack_sharing_enabled":true,"_links":{"self":[{"href":"https:\/\/rokmp.de\/de\/wp-json\/wp\/v2\/posts\/43317","targetHints":{"allow":["GET"]}}],"collection":[{"href":"https:\/\/rokmp.de\/de\/wp-json\/wp\/v2\/posts"}],"about":[{"href":"https:\/\/rokmp.de\/de\/wp-json\/wp\/v2\/types\/post"}],"author":[{"embeddable":true,"href":"https:\/\/rokmp.de\/de\/wp-json\/wp\/v2\/users\/150"}],"replies":[{"embeddable":true,"href":"https:\/\/rokmp.de\/de\/wp-json\/wp\/v2\/comments?post=43317"}],"version-history":[{"count":1,"href":"https:\/\/rokmp.de\/de\/wp-json\/wp\/v2\/posts\/43317\/revisions"}],"predecessor-version":[{"id":43318,"href":"https:\/\/rokmp.de\/de\/wp-json\/wp\/v2\/posts\/43317\/revisions\/43318"}],"wp:featuredmedia":[{"embeddable":true,"href":"https:\/\/rokmp.de\/de\/wp-json\/wp\/v2\/media\/43260"}],"wp:attachment":[{"href":"https:\/\/rokmp.de\/de\/wp-json\/wp\/v2\/media?parent=43317"}],"wp:term":[{"taxonomy":"category","embeddable":true,"href":"https:\/\/rokmp.de\/de\/wp-json\/wp\/v2\/categories?post=43317"},{"taxonomy":"post_tag","embeddable":true,"href":"https:\/\/rokmp.de\/de\/wp-json\/wp\/v2\/tags?post=43317"}],"curies":[{"name":"wp","href":"https:\/\/api.w.org\/{rel}","templated":true}]}}