{"id":43365,"date":"2026-03-18T21:26:43","date_gmt":"2026-03-18T18:26:43","guid":{"rendered":"https:\/\/rokmp.de\/?p=43365"},"modified":"2026-03-23T21:33:31","modified_gmt":"2026-03-23T18:33:31","slug":"beileidsbekundung-von-erzbischof-tichon-von-ruza-dem-leiter-der-diozese-von-berlin-und-deutschland-anlasslich-des-ablebens-seiner-heiligkeit-ilia-ii-katholikos-patriarch-von-ganz-georgien","status":"publish","type":"post","link":"https:\/\/rokmp.de\/de\/beileidsbekundung-von-erzbischof-tichon-von-ruza-dem-leiter-der-diozese-von-berlin-und-deutschland-anlasslich-des-ablebens-seiner-heiligkeit-ilia-ii-katholikos-patriarch-von-ganz-georgien\/","title":{"rendered":"Beileidsbekundung von Erzbischof Tichon von Ruza, dem Leiter der Di\u00f6zese von Berlin und Deutschland, anl\u00e4sslich des Ablebens Seiner Heiligkeit Ilia II., Katholikos-Patriarch von ganz Georgien"},"content":{"rendered":"<p><\/p>\n<p style=\"text-align: center;\"><strong>An den Metropoliten von Zugdidi und Tsaishi, Gerassime,<\/strong><br \/>\n<strong>Leiter der Di\u00f6zese von \u00d6sterreich und Deutschland<\/strong><br \/>\n<strong>der Georgisch-Orthodoxen Kirche<\/strong><\/p>\n<p style=\"text-align: center;\">Eure Hochheiligkeit, lieber Bischof Gerassime!<\/p>\n<p>Mit tiefer Trauer habe ich die Nachricht vom Tod Seiner Heiligkeit und Seligkeit, des Katholikos-Patriarchen von ganz Georgien, Ilia, aufgenommen. Im Namen des Klerus und der Laien der Berliner und Deutschen Di\u00f6zese sowie in meinem eigenen Namen spreche ich Ihnen, dem Klerus und allen gl\u00e4ubigen Kindern der Georgisch-Orthodoxen Kirche in Deutschland mein aufrichtiges Beileid zu diesem schweren Verlust aus.<\/p>\n<p>Seine Heiligkeit Patriarch Ilia war nicht nur das Oberhaupt der Georgischen Kirche, sondern auch ein geistlicher Vater f\u00fcr viele Generationen von Gl\u00e4ubigen. Er zeichnete sich durch Festigkeit im Glauben, pastorale Weisheit, aufopfernde Liebe und Hingabe an Christus und Seine Kirche aus. Das langj\u00e4hrige Wirken Seiner Heiligkeit Patriarch Ilia als Oberhaupt der Kirche war ein wichtiger Meilenstein in der Geschichte der weltweiten Orthodoxie und hat tiefe Spuren in den Herzen der Menschen hinterlassen.<\/p>\n<p>Es liegt uns besonders am Herzen, dass Seine Heiligkeit der Patriarch Deutschland mehrmals besucht hat, wo er Gottesdienste zelebrierte, unter anderem in der Kathedrale der Auferstehung in Berlin. Sein gebetsvolles Auftreten, sein Bild als frommer Diener der Kirche Christi und seine spirituelle Tiefe haben ihm die aufrichtige Liebe und den Respekt des Volkes Gottes eingebracht. Ich danke Gott, der mir die Freude geschenkt hat, diesen strahlenden Menschen und geistlichen Lehrer zu treffen und pers\u00f6nlich mit ihm zu sprechen.<\/p>\n<p>In diesen Tagen beten wir zum barmherzigen Herrn um die Ruhe der Seele des verstorbenen Heiligen Patriarchen Ilia in den Wohnst\u00e4tten der Gerechten, wo es weder Krankheit noch Trauer noch Seufzen gibt, sondern ewiges Leben.<\/p>\n<p>In br\u00fcderlicher Liebe in Christus,<\/p>\n<p style=\"text-align: center;\"><strong>+ Tichon<\/strong><br \/>\n<strong>Erzbischof von Ruza,<\/strong><br \/>\n<strong>Leiter der Di\u00f6zese von Berlin und Deutschland<\/strong><\/p>\n<p><\/p>","protected":false},"excerpt":{"rendered":"<p>Am 17. M\u00e4rz 2026 ist im Alter von 94 Jahren Seine Heiligkeit und Seligkeit, der Katholikos-Patriarch von ganz Georgien Ilia II., zum Herrn heimgegangen. Erzbischof Tichon von Ruza hat dem Leiter der \u00d6sterreichischen und Deutschen Di\u00f6zese der Georgischen Orthodoxen Kirche, Metropolit Gerasim von Zugdidi und Tsaischi, sein Beileid ausgesprochen.<\/p>\n","protected":false},"author":150,"featured_media":43313,"comment_status":"open","ping_status":"closed","sticky":false,"template":"","format":"standard","meta":{"_acf_changed":false,"_jetpack_memberships_contains_paid_content":false,"footnotes":""},"categories":[21,16],"tags":[],"class_list":["post-43365","post","type-post","status-publish","format-standard","has-post-thumbnail","hentry","category-aktuell","category-eparh_news"],"acf":[],"yoast_head":"<!-- This site is optimized with the Yoast SEO plugin v24.9 - https:\/\/yoast.com\/wordpress\/plugins\/seo\/ -->\n<title>Beileidsbekundung von Erzbischof Tichon von Ruza, dem Leiter der Di\u00f6zese von Berlin und Deutschland, anl\u00e4sslich des Ablebens Seiner Heiligkeit Ilia II., Katholikos-Patriarch von ganz Georgien - Berliner Di\u00f6zese der Russischen Orthodoxen Kirche (Kd\u00f6R)<\/title>\n<meta name=\"robots\" content=\"index, follow, max-snippet:-1, max-image-preview:large, max-video-preview:-1\" \/>\n<link rel=\"canonical\" href=\"https:\/\/rokmp.de\/beileidsbekundung-von-erzbischof-tichon-von-ruza-dem-leiter-der-diozese-von-berlin-und-deutschland-anlasslich-des-ablebens-seiner-heiligkeit-ilia-ii-katholikos-patriarch-von-ganz-georgien\/\" \/>\n<meta property=\"og:locale\" content=\"de_DE\" \/>\n<meta property=\"og:type\" content=\"article\" \/>\n<meta property=\"og:title\" content=\"Beileidsbekundung von Erzbischof Tichon von Ruza, dem Leiter der Di\u00f6zese von Berlin und Deutschland, anl\u00e4sslich des Ablebens Seiner Heiligkeit Ilia II., Katholikos-Patriarch von ganz Georgien - Berliner Di\u00f6zese der Russischen Orthodoxen Kirche (Kd\u00f6R)\" \/>\n<meta property=\"og:description\" content=\"[:de]Am 17. M\u00e4rz 2026 ist im Alter von 94 Jahren Seine Heiligkeit und Seligkeit, der Katholikos-Patriarch von ganz Georgien Ilia II., zum Herrn heimgegangen. Erzbischof Tichon von Ruza hat dem Leiter der \u00d6sterreichischen und Deutschen Di\u00f6zese der Georgischen Orthodoxen Kirche, Metropolit Gerasim von Zugdidi und Tsaischi, sein Beileid ausgesprochen.[:]\" \/>\n<meta property=\"og:url\" content=\"https:\/\/rokmp.de\/beileidsbekundung-von-erzbischof-tichon-von-ruza-dem-leiter-der-diozese-von-berlin-und-deutschland-anlasslich-des-ablebens-seiner-heiligkeit-ilia-ii-katholikos-patriarch-von-ganz-georgien\/\" \/>\n<meta property=\"og:site_name\" content=\"Berliner Di\u00f6zese der Russischen Orthodoxen Kirche (Kd\u00f6R)\" \/>\n<meta property=\"article:published_time\" content=\"2026-03-18T18:26:43+00:00\" \/>\n<meta property=\"article:modified_time\" content=\"2026-03-23T18:33:31+00:00\" \/>\n<meta property=\"og:image\" content=\"https:\/\/rokmp.de\/wp-content\/uploads\/2026\/03\/WhatsApp-Image-2026-03-18-at-13.14.50.jpeg\" \/>\n\t<meta property=\"og:image:width\" content=\"550\" \/>\n\t<meta property=\"og:image:height\" content=\"464\" \/>\n\t<meta property=\"og:image:type\" content=\"image\/jpeg\" \/>\n<meta name=\"author\" content=\"priester Eugeny Murzin\" \/>\n<meta name=\"twitter:card\" content=\"summary_large_image\" \/>\n<meta name=\"twitter:label1\" content=\"Verfasst von\" \/>\n\t<meta name=\"twitter:data1\" content=\"priester Eugeny Murzin\" \/>\n\t<meta name=\"twitter:label2\" content=\"Gesch\u00e4tzte Lesezeit\" \/>\n\t<meta name=\"twitter:data2\" content=\"2\u00a0Minuten\" \/>\n<script type=\"application\/ld+json\" class=\"yoast-schema-graph\">{\"@context\":\"https:\/\/schema.org\",\"@graph\":[{\"@type\":\"WebPage\",\"@id\":\"https:\/\/rokmp.de\/beileidsbekundung-von-erzbischof-tichon-von-ruza-dem-leiter-der-diozese-von-berlin-und-deutschland-anlasslich-des-ablebens-seiner-heiligkeit-ilia-ii-katholikos-patriarch-von-ganz-georgien\/\",\"url\":\"https:\/\/rokmp.de\/beileidsbekundung-von-erzbischof-tichon-von-ruza-dem-leiter-der-diozese-von-berlin-und-deutschland-anlasslich-des-ablebens-seiner-heiligkeit-ilia-ii-katholikos-patriarch-von-ganz-georgien\/\",\"name\":\"Beileidsbekundung von Erzbischof Tichon von Ruza, dem Leiter der Di\u00f6zese von Berlin und Deutschland, anl\u00e4sslich des Ablebens Seiner Heiligkeit Ilia II., Katholikos-Patriarch von ganz Georgien - Berliner Di\u00f6zese der Russischen Orthodoxen Kirche (Kd\u00f6R)\",\"isPartOf\":{\"@id\":\"https:\/\/rokmp.de\/#website\"},\"primaryImageOfPage\":{\"@id\":\"https:\/\/rokmp.de\/beileidsbekundung-von-erzbischof-tichon-von-ruza-dem-leiter-der-diozese-von-berlin-und-deutschland-anlasslich-des-ablebens-seiner-heiligkeit-ilia-ii-katholikos-patriarch-von-ganz-georgien\/#primaryimage\"},\"image\":{\"@id\":\"https:\/\/rokmp.de\/beileidsbekundung-von-erzbischof-tichon-von-ruza-dem-leiter-der-diozese-von-berlin-und-deutschland-anlasslich-des-ablebens-seiner-heiligkeit-ilia-ii-katholikos-patriarch-von-ganz-georgien\/#primaryimage\"},\"thumbnailUrl\":\"https:\/\/rokmp.de\/wp-content\/uploads\/2026\/03\/WhatsApp-Image-2026-03-18-at-13.14.50.jpeg\",\"datePublished\":\"2026-03-18T18:26:43+00:00\",\"dateModified\":\"2026-03-23T18:33:31+00:00\",\"author\":{\"@id\":\"https:\/\/rokmp.de\/#\/schema\/person\/1e05c7851b376b862ca66f74ee16b275\"},\"breadcrumb\":{\"@id\":\"https:\/\/rokmp.de\/beileidsbekundung-von-erzbischof-tichon-von-ruza-dem-leiter-der-diozese-von-berlin-und-deutschland-anlasslich-des-ablebens-seiner-heiligkeit-ilia-ii-katholikos-patriarch-von-ganz-georgien\/#breadcrumb\"},\"inLanguage\":\"de\",\"potentialAction\":[{\"@type\":\"ReadAction\",\"target\":[\"https:\/\/rokmp.de\/beileidsbekundung-von-erzbischof-tichon-von-ruza-dem-leiter-der-diozese-von-berlin-und-deutschland-anlasslich-des-ablebens-seiner-heiligkeit-ilia-ii-katholikos-patriarch-von-ganz-georgien\/\"]}]},{\"@type\":\"ImageObject\",\"inLanguage\":\"de\",\"@id\":\"https:\/\/rokmp.de\/beileidsbekundung-von-erzbischof-tichon-von-ruza-dem-leiter-der-diozese-von-berlin-und-deutschland-anlasslich-des-ablebens-seiner-heiligkeit-ilia-ii-katholikos-patriarch-von-ganz-georgien\/#primaryimage\",\"url\":\"https:\/\/rokmp.de\/wp-content\/uploads\/2026\/03\/WhatsApp-Image-2026-03-18-at-13.14.50.jpeg\",\"contentUrl\":\"https:\/\/rokmp.de\/wp-content\/uploads\/2026\/03\/WhatsApp-Image-2026-03-18-at-13.14.50.jpeg\",\"width\":550,\"height\":464},{\"@type\":\"BreadcrumbList\",\"@id\":\"https:\/\/rokmp.de\/beileidsbekundung-von-erzbischof-tichon-von-ruza-dem-leiter-der-diozese-von-berlin-und-deutschland-anlasslich-des-ablebens-seiner-heiligkeit-ilia-ii-katholikos-patriarch-von-ganz-georgien\/#breadcrumb\",\"itemListElement\":[{\"@type\":\"ListItem\",\"position\":1,\"name\":\"\u0413\u043b\u0430\u0432\u043d\u0430\u044f \u0441\u0442\u0440\u0430\u043d\u0438\u0446\u0430\",\"item\":\"https:\/\/rokmp.de\/\"},{\"@type\":\"ListItem\",\"position\":2,\"name\":\"(Deutsch) Beileidsbekundung von Erzbischof Tichon von Ruza, dem Leiter der Di\u00f6zese von Berlin und Deutschland, anl\u00e4sslich des Ablebens Seiner Heiligkeit Ilia II., Katholikos-Patriarch von ganz Georgien\"}]},{\"@type\":\"WebSite\",\"@id\":\"https:\/\/rokmp.de\/#website\",\"url\":\"https:\/\/rokmp.de\/\",\"name\":\"Berliner Di\u00f6zese der Russischen Orthodoxen Kirche (Kd\u00f6R)\",\"description\":\"(\u0420\u0443\u0441\u0441\u043a\u0438\u0439) \u041e\u0444\u0438\u0446\u0438\u0430\u043b\u044c\u043d\u044b\u0439 \u0441\u0430\u0439\u0442 \u0420\u0443\u0441\u0441\u043a\u043e\u0439 \u041f\u0440\u0430\u0432\u043e\u0441\u043b\u0430\u0432\u043d\u043e\u0439 \u0426\u0435\u0440\u043a\u0432\u0438. \u0411\u0435\u0440\u043b\u0438\u043d\u0441\u043a\u043e-\u0413\u0435\u0440\u043c\u0430\u043d\u0441\u043a\u0430\u044f \u0435\u043f\u0430\u0440\u0445\u0438\u044f.\",\"potentialAction\":[{\"@type\":\"SearchAction\",\"target\":{\"@type\":\"EntryPoint\",\"urlTemplate\":\"https:\/\/rokmp.de\/?s={search_term_string}\"},\"query-input\":{\"@type\":\"PropertyValueSpecification\",\"valueRequired\":true,\"valueName\":\"search_term_string\"}}],\"inLanguage\":\"de\"},{\"@type\":\"Person\",\"@id\":\"https:\/\/rokmp.de\/#\/schema\/person\/1e05c7851b376b862ca66f74ee16b275\",\"name\":\"priester Eugeny Murzin\",\"image\":{\"@type\":\"ImageObject\",\"inLanguage\":\"de\",\"@id\":\"https:\/\/rokmp.de\/#\/schema\/person\/image\/\",\"url\":\"https:\/\/secure.gravatar.com\/avatar\/ab0791f77afedc1959682d928966c405d68e155dc34177d2d0970bb7906ee2ad?s=96&d=mm&r=g\",\"contentUrl\":\"https:\/\/secure.gravatar.com\/avatar\/ab0791f77afedc1959682d928966c405d68e155dc34177d2d0970bb7906ee2ad?s=96&d=mm&r=g\",\"caption\":\"priester Eugeny Murzin\"},\"sameAs\":[\"https:\/\/rokmp.de\"]}]}<\/script>\n<!-- \/ Yoast SEO plugin. -->","yoast_head_json":{"title":"Beileidsbekundung von Erzbischof Tichon von Ruza, dem Leiter der Di\u00f6zese von Berlin und Deutschland, anl\u00e4sslich des Ablebens Seiner Heiligkeit Ilia II., Katholikos-Patriarch von ganz Georgien - Berliner Di\u00f6zese der Russischen Orthodoxen Kirche (Kd\u00f6R)","robots":{"index":"index","follow":"follow","max-snippet":"max-snippet:-1","max-image-preview":"max-image-preview:large","max-video-preview":"max-video-preview:-1"},"canonical":"https:\/\/rokmp.de\/beileidsbekundung-von-erzbischof-tichon-von-ruza-dem-leiter-der-diozese-von-berlin-und-deutschland-anlasslich-des-ablebens-seiner-heiligkeit-ilia-ii-katholikos-patriarch-von-ganz-georgien\/","og_locale":"de_DE","og_type":"article","og_title":"Beileidsbekundung von Erzbischof Tichon von Ruza, dem Leiter der Di\u00f6zese von Berlin und Deutschland, anl\u00e4sslich des Ablebens Seiner Heiligkeit Ilia II., Katholikos-Patriarch von ganz Georgien - Berliner Di\u00f6zese der Russischen Orthodoxen Kirche (Kd\u00f6R)","og_description":"[:de]Am 17. M\u00e4rz 2026 ist im Alter von 94 Jahren Seine Heiligkeit und Seligkeit, der Katholikos-Patriarch von ganz Georgien Ilia II., zum Herrn heimgegangen. Erzbischof Tichon von Ruza hat dem Leiter der \u00d6sterreichischen und Deutschen Di\u00f6zese der Georgischen Orthodoxen Kirche, Metropolit Gerasim von Zugdidi und Tsaischi, sein Beileid ausgesprochen.[:]","og_url":"https:\/\/rokmp.de\/beileidsbekundung-von-erzbischof-tichon-von-ruza-dem-leiter-der-diozese-von-berlin-und-deutschland-anlasslich-des-ablebens-seiner-heiligkeit-ilia-ii-katholikos-patriarch-von-ganz-georgien\/","og_site_name":"Berliner Di\u00f6zese der Russischen Orthodoxen Kirche (Kd\u00f6R)","article_published_time":"2026-03-18T18:26:43+00:00","article_modified_time":"2026-03-23T18:33:31+00:00","og_image":[{"width":550,"height":464,"url":"https:\/\/rokmp.de\/wp-content\/uploads\/2026\/03\/WhatsApp-Image-2026-03-18-at-13.14.50.jpeg","type":"image\/jpeg"}],"author":"priester Eugeny Murzin","twitter_card":"summary_large_image","twitter_misc":{"Verfasst von":"priester Eugeny Murzin","Gesch\u00e4tzte Lesezeit":"2\u00a0Minuten"},"schema":{"@context":"https:\/\/schema.org","@graph":[{"@type":"WebPage","@id":"https:\/\/rokmp.de\/beileidsbekundung-von-erzbischof-tichon-von-ruza-dem-leiter-der-diozese-von-berlin-und-deutschland-anlasslich-des-ablebens-seiner-heiligkeit-ilia-ii-katholikos-patriarch-von-ganz-georgien\/","url":"https:\/\/rokmp.de\/beileidsbekundung-von-erzbischof-tichon-von-ruza-dem-leiter-der-diozese-von-berlin-und-deutschland-anlasslich-des-ablebens-seiner-heiligkeit-ilia-ii-katholikos-patriarch-von-ganz-georgien\/","name":"Beileidsbekundung von Erzbischof Tichon von Ruza, dem Leiter der Di\u00f6zese von Berlin und Deutschland, anl\u00e4sslich des Ablebens Seiner Heiligkeit Ilia II., Katholikos-Patriarch von ganz Georgien - Berliner Di\u00f6zese der Russischen Orthodoxen Kirche (Kd\u00f6R)","isPartOf":{"@id":"https:\/\/rokmp.de\/#website"},"primaryImageOfPage":{"@id":"https:\/\/rokmp.de\/beileidsbekundung-von-erzbischof-tichon-von-ruza-dem-leiter-der-diozese-von-berlin-und-deutschland-anlasslich-des-ablebens-seiner-heiligkeit-ilia-ii-katholikos-patriarch-von-ganz-georgien\/#primaryimage"},"image":{"@id":"https:\/\/rokmp.de\/beileidsbekundung-von-erzbischof-tichon-von-ruza-dem-leiter-der-diozese-von-berlin-und-deutschland-anlasslich-des-ablebens-seiner-heiligkeit-ilia-ii-katholikos-patriarch-von-ganz-georgien\/#primaryimage"},"thumbnailUrl":"https:\/\/rokmp.de\/wp-content\/uploads\/2026\/03\/WhatsApp-Image-2026-03-18-at-13.14.50.jpeg","datePublished":"2026-03-18T18:26:43+00:00","dateModified":"2026-03-23T18:33:31+00:00","author":{"@id":"https:\/\/rokmp.de\/#\/schema\/person\/1e05c7851b376b862ca66f74ee16b275"},"breadcrumb":{"@id":"https:\/\/rokmp.de\/beileidsbekundung-von-erzbischof-tichon-von-ruza-dem-leiter-der-diozese-von-berlin-und-deutschland-anlasslich-des-ablebens-seiner-heiligkeit-ilia-ii-katholikos-patriarch-von-ganz-georgien\/#breadcrumb"},"inLanguage":"de","potentialAction":[{"@type":"ReadAction","target":["https:\/\/rokmp.de\/beileidsbekundung-von-erzbischof-tichon-von-ruza-dem-leiter-der-diozese-von-berlin-und-deutschland-anlasslich-des-ablebens-seiner-heiligkeit-ilia-ii-katholikos-patriarch-von-ganz-georgien\/"]}]},{"@type":"ImageObject","inLanguage":"de","@id":"https:\/\/rokmp.de\/beileidsbekundung-von-erzbischof-tichon-von-ruza-dem-leiter-der-diozese-von-berlin-und-deutschland-anlasslich-des-ablebens-seiner-heiligkeit-ilia-ii-katholikos-patriarch-von-ganz-georgien\/#primaryimage","url":"https:\/\/rokmp.de\/wp-content\/uploads\/2026\/03\/WhatsApp-Image-2026-03-18-at-13.14.50.jpeg","contentUrl":"https:\/\/rokmp.de\/wp-content\/uploads\/2026\/03\/WhatsApp-Image-2026-03-18-at-13.14.50.jpeg","width":550,"height":464},{"@type":"BreadcrumbList","@id":"https:\/\/rokmp.de\/beileidsbekundung-von-erzbischof-tichon-von-ruza-dem-leiter-der-diozese-von-berlin-und-deutschland-anlasslich-des-ablebens-seiner-heiligkeit-ilia-ii-katholikos-patriarch-von-ganz-georgien\/#breadcrumb","itemListElement":[{"@type":"ListItem","position":1,"name":"\u0413\u043b\u0430\u0432\u043d\u0430\u044f \u0441\u0442\u0440\u0430\u043d\u0438\u0446\u0430","item":"https:\/\/rokmp.de\/"},{"@type":"ListItem","position":2,"name":"(Deutsch) Beileidsbekundung von Erzbischof Tichon von Ruza, dem Leiter der Di\u00f6zese von Berlin und Deutschland, anl\u00e4sslich des Ablebens Seiner Heiligkeit Ilia II., Katholikos-Patriarch von ganz Georgien"}]},{"@type":"WebSite","@id":"https:\/\/rokmp.de\/#website","url":"https:\/\/rokmp.de\/","name":"Berliner Di\u00f6zese der Russischen Orthodoxen Kirche (Kd\u00f6R)","description":"(\u0420\u0443\u0441\u0441\u043a\u0438\u0439) \u041e\u0444\u0438\u0446\u0438\u0430\u043b\u044c\u043d\u044b\u0439 \u0441\u0430\u0439\u0442 \u0420\u0443\u0441\u0441\u043a\u043e\u0439 \u041f\u0440\u0430\u0432\u043e\u0441\u043b\u0430\u0432\u043d\u043e\u0439 \u0426\u0435\u0440\u043a\u0432\u0438. \u0411\u0435\u0440\u043b\u0438\u043d\u0441\u043a\u043e-\u0413\u0435\u0440\u043c\u0430\u043d\u0441\u043a\u0430\u044f \u0435\u043f\u0430\u0440\u0445\u0438\u044f.","potentialAction":[{"@type":"SearchAction","target":{"@type":"EntryPoint","urlTemplate":"https:\/\/rokmp.de\/?s={search_term_string}"},"query-input":{"@type":"PropertyValueSpecification","valueRequired":true,"valueName":"search_term_string"}}],"inLanguage":"de"},{"@type":"Person","@id":"https:\/\/rokmp.de\/#\/schema\/person\/1e05c7851b376b862ca66f74ee16b275","name":"priester Eugeny Murzin","image":{"@type":"ImageObject","inLanguage":"de","@id":"https:\/\/rokmp.de\/#\/schema\/person\/image\/","url":"https:\/\/secure.gravatar.com\/avatar\/ab0791f77afedc1959682d928966c405d68e155dc34177d2d0970bb7906ee2ad?s=96&d=mm&r=g","contentUrl":"https:\/\/secure.gravatar.com\/avatar\/ab0791f77afedc1959682d928966c405d68e155dc34177d2d0970bb7906ee2ad?s=96&d=mm&r=g","caption":"priester Eugeny Murzin"},"sameAs":["https:\/\/rokmp.de"]}]}},"jetpack_featured_media_url":"https:\/\/rokmp.de\/wp-content\/uploads\/2026\/03\/WhatsApp-Image-2026-03-18-at-13.14.50.jpeg","jetpack_sharing_enabled":true,"_links":{"self":[{"href":"https:\/\/rokmp.de\/de\/wp-json\/wp\/v2\/posts\/43365","targetHints":{"allow":["GET"]}}],"collection":[{"href":"https:\/\/rokmp.de\/de\/wp-json\/wp\/v2\/posts"}],"about":[{"href":"https:\/\/rokmp.de\/de\/wp-json\/wp\/v2\/types\/post"}],"author":[{"embeddable":true,"href":"https:\/\/rokmp.de\/de\/wp-json\/wp\/v2\/users\/150"}],"replies":[{"embeddable":true,"href":"https:\/\/rokmp.de\/de\/wp-json\/wp\/v2\/comments?post=43365"}],"version-history":[{"count":1,"href":"https:\/\/rokmp.de\/de\/wp-json\/wp\/v2\/posts\/43365\/revisions"}],"predecessor-version":[{"id":43371,"href":"https:\/\/rokmp.de\/de\/wp-json\/wp\/v2\/posts\/43365\/revisions\/43371"}],"wp:featuredmedia":[{"embeddable":true,"href":"https:\/\/rokmp.de\/de\/wp-json\/wp\/v2\/media\/43313"}],"wp:attachment":[{"href":"https:\/\/rokmp.de\/de\/wp-json\/wp\/v2\/media?parent=43365"}],"wp:term":[{"taxonomy":"category","embeddable":true,"href":"https:\/\/rokmp.de\/de\/wp-json\/wp\/v2\/categories?post=43365"},{"taxonomy":"post_tag","embeddable":true,"href":"https:\/\/rokmp.de\/de\/wp-json\/wp\/v2\/tags?post=43365"}],"curies":[{"name":"wp","href":"https:\/\/api.w.org\/{rel}","templated":true}]}}