{"id":43383,"date":"2026-03-25T22:34:36","date_gmt":"2026-03-25T19:34:36","guid":{"rendered":"https:\/\/rokmp.de\/?p=43383"},"modified":"2026-04-02T08:52:48","modified_gmt":"2026-04-02T05:52:48","slug":"deutsch-am-mittwoch-der-5-woche-der-fastenzeit-feierte-erzbischof-tichon-die-liturgie-der-vorgeweihten-gaben-in-der-auferstehungskathedrale-in-berlin","status":"publish","type":"post","link":"https:\/\/rokmp.de\/de\/deutsch-am-mittwoch-der-5-woche-der-fastenzeit-feierte-erzbischof-tichon-die-liturgie-der-vorgeweihten-gaben-in-der-auferstehungskathedrale-in-berlin\/","title":{"rendered":"Am Mittwoch der 5. Woche der Fastenzeit feierte Erzbischof Tichon die Liturgie der vorgeweihten Gaben in der Auferstehungskathedrale in Berlin"},"content":{"rendered":"<p>Am 25. M\u00e4rz 2026, dem Mittwoch der 5. Woche der Fastenzeit, dem Gedenktag des Heiligen Gregor des Zweisprachigen, Papst von Rom, und des Ehrw\u00fcrdigen Simeon des Neuen Theologen, feierte Erzbischof Tichon von Ruza, Leiter der Di\u00f6zese von Berlin und Deutschland, die Liturgie der vorgeweihten Gaben in der Kathedrale der Auferstehung Christi in Berlin.<\/p>\n<p>Seiner Eminenz konzelebrierten Priester Maxim Yudakov, Priester Oleg Beltek und Erzdiakon Archil Chkhikvadze.<\/p>\n<p>Bei der Vesper verlas der Erzbischof 24 (entsprechend der Anzahl der Buchstaben des griechischen Alphabets) Bu\u00dfstichiren des Ehrw\u00fcrdigen Andreas von Kreta mit dem Refrain zu jedem einzelnen: \u201eHerr, bevor ich ganz zugrunde gehe, errette mich.\u201c Nach der Ordnung der Heiligen Kirche sollen diese am Mittwoch der 5. Woche bei der Vesper gesungen\/gelesen werden, nach dem Singen der Strophen auf \u201eHerr, ich rufe zu dir\u201c<\/p>\n<p>Nach Beendigung der Liturgie hielt der amtierende Bischof eine Seelenmesse f\u00fcr den k\u00fcrzlich verstorbenen Heiligen und Seligen Katholikos-Patriarchen von ganz Georgien, Ilia II. (+17.03.2026), ab, dessen neunt\u00e4giges Gedenken an diesem Tag begangen wird.<\/p>\n<p><div class=\"tiled-gallery type-rectangular tiled-gallery-unresized\" data-original-width=\"860\" data-carousel-extra='{&quot;blog_id&quot;:1,&quot;permalink&quot;:&quot;https:\\\/\\\/rokmp.de\\\/de\\\/deutsch-am-mittwoch-der-5-woche-der-fastenzeit-feierte-erzbischof-tichon-die-liturgie-der-vorgeweihten-gaben-in-der-auferstehungskathedrale-in-berlin\\\/&quot;,&quot;likes_blog_id&quot;:102558546}' itemscope itemtype=\"http:\/\/schema.org\/ImageGallery\" > <div class=\"gallery-row\" style=\"width: 860px; height: 431px;\" data-original-width=\"860\" data-original-height=\"431\" > <div class=\"gallery-group images-1\" style=\"width: 574px; height: 431px;\" data-original-width=\"574\" data-original-height=\"431\" > <div class=\"tiled-gallery-item tiled-gallery-item-large\" itemprop=\"associatedMedia\" itemscope itemtype=\"http:\/\/schema.org\/ImageObject\"> <a href=\"https:\/\/i0.wp.com\/rokmp.de\/wp-content\/uploads\/2026\/03\/WhatsApp-Image-2026-03-25-at-23.27.00.jpeg?ssl=1\" border=\"0\" itemprop=\"url\"> <meta itemprop=\"width\" content=\"570\"> <meta itemprop=\"height\" content=\"427\"> <img decoding=\"async\" class=\"\" data-attachment-id=\"43376\" data-orig-file=\"https:\/\/rokmp.de\/wp-content\/uploads\/2026\/03\/WhatsApp-Image-2026-03-25-at-23.27.00.jpeg\" data-orig-size=\"1600,1200\" data-comments-opened=\"1\" data-image-meta=\"{&quot;aperture&quot;:&quot;0&quot;,&quot;credit&quot;:&quot;&quot;,&quot;camera&quot;:&quot;&quot;,&quot;caption&quot;:&quot;&quot;,&quot;created_timestamp&quot;:&quot;0&quot;,&quot;copyright&quot;:&quot;&quot;,&quot;focal_length&quot;:&quot;0&quot;,&quot;iso&quot;:&quot;0&quot;,&quot;shutter_speed&quot;:&quot;0&quot;,&quot;title&quot;:&quot;&quot;,&quot;orientation&quot;:&quot;0&quot;}\" data-image-title=\"WhatsApp Image 2026-03-25 at 23.27.00\" data-image-description=\"\" data-medium-file=\"https:\/\/rokmp.de\/wp-content\/uploads\/2026\/03\/WhatsApp-Image-2026-03-25-at-23.27.00-300x225.jpeg\" data-large-file=\"https:\/\/rokmp.de\/wp-content\/uploads\/2026\/03\/WhatsApp-Image-2026-03-25-at-23.27.00-1024x768.jpeg\" src=\"https:\/\/i0.wp.com\/rokmp.de\/wp-content\/uploads\/2026\/03\/WhatsApp-Image-2026-03-25-at-23.27.00.jpeg?w=570&#038;h=427&#038;ssl=1\" srcset=\"https:\/\/rokmp.de\/wp-content\/uploads\/2026\/03\/WhatsApp-Image-2026-03-25-at-23.27.00.jpeg 1600w, https:\/\/rokmp.de\/wp-content\/uploads\/2026\/03\/WhatsApp-Image-2026-03-25-at-23.27.00-300x225.jpeg 300w, https:\/\/rokmp.de\/wp-content\/uploads\/2026\/03\/WhatsApp-Image-2026-03-25-at-23.27.00-1024x768.jpeg 1024w, https:\/\/rokmp.de\/wp-content\/uploads\/2026\/03\/WhatsApp-Image-2026-03-25-at-23.27.00-768x576.jpeg 768w, https:\/\/rokmp.de\/wp-content\/uploads\/2026\/03\/WhatsApp-Image-2026-03-25-at-23.27.00-1536x1152.jpeg 1536w\" width=\"570\" height=\"427\" loading=\"lazy\" data-original-width=\"570\" data-original-height=\"427\" itemprop=\"http:\/\/schema.org\/image\" title=\"WhatsApp Image 2026-03-25 at 23.27.00\" alt=\"WhatsApp Image 2026-03-25 at 23.27.00\" style=\"width: 570px; height: 427px;\" \/> <\/a> <\/div> <\/div> <!-- close group --> <div class=\"gallery-group images-2\" style=\"width: 286px; height: 431px;\" data-original-width=\"286\" data-original-height=\"431\" > <div class=\"tiled-gallery-item tiled-gallery-item-large\" itemprop=\"associatedMedia\" itemscope itemtype=\"http:\/\/schema.org\/ImageObject\"> <a href=\"https:\/\/i0.wp.com\/rokmp.de\/wp-content\/uploads\/2026\/03\/WhatsApp-Image-2026-03-25-at-23.26.43.jpeg?ssl=1\" border=\"0\" itemprop=\"url\"> <meta itemprop=\"width\" content=\"282\"> <meta itemprop=\"height\" content=\"212\"> <img decoding=\"async\" class=\"\" data-attachment-id=\"43375\" data-orig-file=\"https:\/\/rokmp.de\/wp-content\/uploads\/2026\/03\/WhatsApp-Image-2026-03-25-at-23.26.43.jpeg\" data-orig-size=\"1024,768\" data-comments-opened=\"1\" data-image-meta=\"{&quot;aperture&quot;:&quot;0&quot;,&quot;credit&quot;:&quot;&quot;,&quot;camera&quot;:&quot;&quot;,&quot;caption&quot;:&quot;&quot;,&quot;created_timestamp&quot;:&quot;0&quot;,&quot;copyright&quot;:&quot;&quot;,&quot;focal_length&quot;:&quot;0&quot;,&quot;iso&quot;:&quot;0&quot;,&quot;shutter_speed&quot;:&quot;0&quot;,&quot;title&quot;:&quot;&quot;,&quot;orientation&quot;:&quot;0&quot;}\" data-image-title=\"WhatsApp Image 2026-03-25 at 23.26.43\" data-image-description=\"\" data-medium-file=\"https:\/\/rokmp.de\/wp-content\/uploads\/2026\/03\/WhatsApp-Image-2026-03-25-at-23.26.43-300x225.jpeg\" data-large-file=\"https:\/\/rokmp.de\/wp-content\/uploads\/2026\/03\/WhatsApp-Image-2026-03-25-at-23.26.43.jpeg\" src=\"https:\/\/i0.wp.com\/rokmp.de\/wp-content\/uploads\/2026\/03\/WhatsApp-Image-2026-03-25-at-23.26.43.jpeg?w=282&#038;h=212&#038;ssl=1\" srcset=\"https:\/\/rokmp.de\/wp-content\/uploads\/2026\/03\/WhatsApp-Image-2026-03-25-at-23.26.43.jpeg 1024w, https:\/\/rokmp.de\/wp-content\/uploads\/2026\/03\/WhatsApp-Image-2026-03-25-at-23.26.43-300x225.jpeg 300w, https:\/\/rokmp.de\/wp-content\/uploads\/2026\/03\/WhatsApp-Image-2026-03-25-at-23.26.43-768x576.jpeg 768w\" width=\"282\" height=\"212\" loading=\"lazy\" data-original-width=\"282\" data-original-height=\"212\" itemprop=\"http:\/\/schema.org\/image\" title=\"WhatsApp Image 2026-03-25 at 23.26.43\" alt=\"WhatsApp Image 2026-03-25 at 23.26.43\" style=\"width: 282px; height: 212px;\" \/> <\/a> <\/div> <div class=\"tiled-gallery-item tiled-gallery-item-large\" itemprop=\"associatedMedia\" itemscope itemtype=\"http:\/\/schema.org\/ImageObject\"> <a href=\"https:\/\/i0.wp.com\/rokmp.de\/wp-content\/uploads\/2026\/03\/WhatsApp-Image-2026-03-25-at-23.27.00-1.jpeg?ssl=1\" border=\"0\" itemprop=\"url\"> <meta itemprop=\"width\" content=\"282\"> <meta itemprop=\"height\" content=\"211\"> <img decoding=\"async\" class=\"\" data-attachment-id=\"43374\" data-orig-file=\"https:\/\/rokmp.de\/wp-content\/uploads\/2026\/03\/WhatsApp-Image-2026-03-25-at-23.27.00-1.jpeg\" data-orig-size=\"1600,1200\" data-comments-opened=\"1\" data-image-meta=\"{&quot;aperture&quot;:&quot;0&quot;,&quot;credit&quot;:&quot;&quot;,&quot;camera&quot;:&quot;&quot;,&quot;caption&quot;:&quot;&quot;,&quot;created_timestamp&quot;:&quot;0&quot;,&quot;copyright&quot;:&quot;&quot;,&quot;focal_length&quot;:&quot;0&quot;,&quot;iso&quot;:&quot;0&quot;,&quot;shutter_speed&quot;:&quot;0&quot;,&quot;title&quot;:&quot;&quot;,&quot;orientation&quot;:&quot;0&quot;}\" data-image-title=\"WhatsApp Image 2026-03-25 at 23.27.00 (1)\" data-image-description=\"\" data-medium-file=\"https:\/\/rokmp.de\/wp-content\/uploads\/2026\/03\/WhatsApp-Image-2026-03-25-at-23.27.00-1-300x225.jpeg\" data-large-file=\"https:\/\/rokmp.de\/wp-content\/uploads\/2026\/03\/WhatsApp-Image-2026-03-25-at-23.27.00-1-1024x768.jpeg\" src=\"https:\/\/i0.wp.com\/rokmp.de\/wp-content\/uploads\/2026\/03\/WhatsApp-Image-2026-03-25-at-23.27.00-1.jpeg?w=282&#038;h=211&#038;ssl=1\" srcset=\"https:\/\/rokmp.de\/wp-content\/uploads\/2026\/03\/WhatsApp-Image-2026-03-25-at-23.27.00-1.jpeg 1600w, https:\/\/rokmp.de\/wp-content\/uploads\/2026\/03\/WhatsApp-Image-2026-03-25-at-23.27.00-1-300x225.jpeg 300w, https:\/\/rokmp.de\/wp-content\/uploads\/2026\/03\/WhatsApp-Image-2026-03-25-at-23.27.00-1-1024x768.jpeg 1024w, https:\/\/rokmp.de\/wp-content\/uploads\/2026\/03\/WhatsApp-Image-2026-03-25-at-23.27.00-1-768x576.jpeg 768w, https:\/\/rokmp.de\/wp-content\/uploads\/2026\/03\/WhatsApp-Image-2026-03-25-at-23.27.00-1-1536x1152.jpeg 1536w\" width=\"282\" height=\"211\" loading=\"lazy\" data-original-width=\"282\" data-original-height=\"211\" itemprop=\"http:\/\/schema.org\/image\" title=\"WhatsApp Image 2026-03-25 at 23.27.00 (1)\" alt=\"WhatsApp Image 2026-03-25 at 23.27.00 (1)\" style=\"width: 282px; height: 211px;\" \/> <\/a> <\/div> <\/div> <!-- close group --> <\/div> <!-- close row --> <\/div><\/p>","protected":false},"excerpt":{"rendered":"<p>Am 25. M\u00e4rz 2026, dem Mittwoch der 5. Woche der Fastenzeit, dem Gedenktag des Heiligen Gregor des Zweisprachigen, Papst von Rom, und des Ehrw\u00fcrdigen Simeon des Neuen Theologen, feierte Erzbischof Tichon von Ruza, Leiter der Di\u00f6zese von Berlin und Deutschland, die Liturgie der vorgeweihten Gaben in der Kathedrale der Auferstehung Christi in Berlin.<\/p>\n","protected":false},"author":150,"featured_media":43375,"comment_status":"open","ping_status":"closed","sticky":false,"template":"","format":"standard","meta":{"_acf_changed":false,"_jetpack_memberships_contains_paid_content":false,"footnotes":""},"categories":[21,16],"tags":[],"class_list":["post-43383","post","type-post","status-publish","format-standard","has-post-thumbnail","hentry","category-aktuell","category-eparh_news"],"acf":[],"yoast_head":"<!-- This site is optimized with the Yoast SEO plugin v24.9 - https:\/\/yoast.com\/wordpress\/plugins\/seo\/ -->\n<title>Am Mittwoch der 5. Woche der Fastenzeit feierte Erzbischof Tichon die Liturgie der vorgeweihten Gaben in der Auferstehungskathedrale in Berlin - Berliner Di\u00f6zese der Russischen Orthodoxen Kirche (Kd\u00f6R)<\/title>\n<meta name=\"robots\" content=\"index, follow, max-snippet:-1, max-image-preview:large, max-video-preview:-1\" \/>\n<link rel=\"canonical\" href=\"https:\/\/rokmp.de\/deutsch-am-mittwoch-der-5-woche-der-fastenzeit-feierte-erzbischof-tichon-die-liturgie-der-vorgeweihten-gaben-in-der-auferstehungskathedrale-in-berlin\/\" \/>\n<meta property=\"og:locale\" content=\"de_DE\" \/>\n<meta property=\"og:type\" content=\"article\" \/>\n<meta property=\"og:title\" content=\"Am Mittwoch der 5. Woche der Fastenzeit feierte Erzbischof Tichon die Liturgie der vorgeweihten Gaben in der Auferstehungskathedrale in Berlin - Berliner Di\u00f6zese der Russischen Orthodoxen Kirche (Kd\u00f6R)\" \/>\n<meta property=\"og:description\" content=\"[:de]Am 25. M\u00e4rz 2026, dem Mittwoch der 5. Woche der Fastenzeit, dem Gedenktag des Heiligen Gregor des Zweisprachigen, Papst von Rom, und des Ehrw\u00fcrdigen Simeon des Neuen Theologen, feierte Erzbischof Tichon von Ruza, Leiter der Di\u00f6zese von Berlin und Deutschland, die Liturgie der vorgeweihten Gaben in der Kathedrale der Auferstehung Christi in Berlin.[:]\" \/>\n<meta property=\"og:url\" content=\"https:\/\/rokmp.de\/deutsch-am-mittwoch-der-5-woche-der-fastenzeit-feierte-erzbischof-tichon-die-liturgie-der-vorgeweihten-gaben-in-der-auferstehungskathedrale-in-berlin\/\" \/>\n<meta property=\"og:site_name\" content=\"Berliner Di\u00f6zese der Russischen Orthodoxen Kirche (Kd\u00f6R)\" \/>\n<meta property=\"article:published_time\" content=\"2026-03-25T19:34:36+00:00\" \/>\n<meta property=\"article:modified_time\" content=\"2026-04-02T05:52:48+00:00\" \/>\n<meta property=\"og:image\" content=\"https:\/\/rokmp.de\/wp-content\/uploads\/2026\/03\/WhatsApp-Image-2026-03-25-at-23.26.43.jpeg\" \/>\n\t<meta property=\"og:image:width\" content=\"1024\" \/>\n\t<meta property=\"og:image:height\" content=\"768\" \/>\n\t<meta property=\"og:image:type\" content=\"image\/jpeg\" \/>\n<meta name=\"author\" content=\"priester Eugeny Murzin\" \/>\n<meta name=\"twitter:card\" content=\"summary_large_image\" \/>\n<meta name=\"twitter:label1\" content=\"Verfasst von\" \/>\n\t<meta name=\"twitter:data1\" content=\"priester Eugeny Murzin\" \/>\n\t<meta name=\"twitter:label2\" content=\"Gesch\u00e4tzte Lesezeit\" \/>\n\t<meta name=\"twitter:data2\" content=\"2\u00a0Minuten\" \/>\n<script type=\"application\/ld+json\" class=\"yoast-schema-graph\">{\"@context\":\"https:\/\/schema.org\",\"@graph\":[{\"@type\":\"WebPage\",\"@id\":\"https:\/\/rokmp.de\/deutsch-am-mittwoch-der-5-woche-der-fastenzeit-feierte-erzbischof-tichon-die-liturgie-der-vorgeweihten-gaben-in-der-auferstehungskathedrale-in-berlin\/\",\"url\":\"https:\/\/rokmp.de\/deutsch-am-mittwoch-der-5-woche-der-fastenzeit-feierte-erzbischof-tichon-die-liturgie-der-vorgeweihten-gaben-in-der-auferstehungskathedrale-in-berlin\/\",\"name\":\"Am Mittwoch der 5. Woche der Fastenzeit feierte Erzbischof Tichon die Liturgie der vorgeweihten Gaben in der Auferstehungskathedrale in Berlin - Berliner Di\u00f6zese der Russischen Orthodoxen Kirche (Kd\u00f6R)\",\"isPartOf\":{\"@id\":\"https:\/\/rokmp.de\/#website\"},\"primaryImageOfPage\":{\"@id\":\"https:\/\/rokmp.de\/deutsch-am-mittwoch-der-5-woche-der-fastenzeit-feierte-erzbischof-tichon-die-liturgie-der-vorgeweihten-gaben-in-der-auferstehungskathedrale-in-berlin\/#primaryimage\"},\"image\":{\"@id\":\"https:\/\/rokmp.de\/deutsch-am-mittwoch-der-5-woche-der-fastenzeit-feierte-erzbischof-tichon-die-liturgie-der-vorgeweihten-gaben-in-der-auferstehungskathedrale-in-berlin\/#primaryimage\"},\"thumbnailUrl\":\"https:\/\/rokmp.de\/wp-content\/uploads\/2026\/03\/WhatsApp-Image-2026-03-25-at-23.26.43.jpeg\",\"datePublished\":\"2026-03-25T19:34:36+00:00\",\"dateModified\":\"2026-04-02T05:52:48+00:00\",\"author\":{\"@id\":\"https:\/\/rokmp.de\/#\/schema\/person\/1e05c7851b376b862ca66f74ee16b275\"},\"breadcrumb\":{\"@id\":\"https:\/\/rokmp.de\/deutsch-am-mittwoch-der-5-woche-der-fastenzeit-feierte-erzbischof-tichon-die-liturgie-der-vorgeweihten-gaben-in-der-auferstehungskathedrale-in-berlin\/#breadcrumb\"},\"inLanguage\":\"de\",\"potentialAction\":[{\"@type\":\"ReadAction\",\"target\":[\"https:\/\/rokmp.de\/deutsch-am-mittwoch-der-5-woche-der-fastenzeit-feierte-erzbischof-tichon-die-liturgie-der-vorgeweihten-gaben-in-der-auferstehungskathedrale-in-berlin\/\"]}]},{\"@type\":\"ImageObject\",\"inLanguage\":\"de\",\"@id\":\"https:\/\/rokmp.de\/deutsch-am-mittwoch-der-5-woche-der-fastenzeit-feierte-erzbischof-tichon-die-liturgie-der-vorgeweihten-gaben-in-der-auferstehungskathedrale-in-berlin\/#primaryimage\",\"url\":\"https:\/\/rokmp.de\/wp-content\/uploads\/2026\/03\/WhatsApp-Image-2026-03-25-at-23.26.43.jpeg\",\"contentUrl\":\"https:\/\/rokmp.de\/wp-content\/uploads\/2026\/03\/WhatsApp-Image-2026-03-25-at-23.26.43.jpeg\",\"width\":1024,\"height\":768},{\"@type\":\"BreadcrumbList\",\"@id\":\"https:\/\/rokmp.de\/deutsch-am-mittwoch-der-5-woche-der-fastenzeit-feierte-erzbischof-tichon-die-liturgie-der-vorgeweihten-gaben-in-der-auferstehungskathedrale-in-berlin\/#breadcrumb\",\"itemListElement\":[{\"@type\":\"ListItem\",\"position\":1,\"name\":\"\u0413\u043b\u0430\u0432\u043d\u0430\u044f \u0441\u0442\u0440\u0430\u043d\u0438\u0446\u0430\",\"item\":\"https:\/\/rokmp.de\/\"},{\"@type\":\"ListItem\",\"position\":2,\"name\":\"(Deutsch) Am Mittwoch der 5. Woche der Fastenzeit feierte Erzbischof Tichon die Liturgie der vorgeweihten Gaben in der Auferstehungskathedrale in Berlin\"}]},{\"@type\":\"WebSite\",\"@id\":\"https:\/\/rokmp.de\/#website\",\"url\":\"https:\/\/rokmp.de\/\",\"name\":\"Berliner Di\u00f6zese der Russischen Orthodoxen Kirche (Kd\u00f6R)\",\"description\":\"(\u0420\u0443\u0441\u0441\u043a\u0438\u0439) \u041e\u0444\u0438\u0446\u0438\u0430\u043b\u044c\u043d\u044b\u0439 \u0441\u0430\u0439\u0442 \u0420\u0443\u0441\u0441\u043a\u043e\u0439 \u041f\u0440\u0430\u0432\u043e\u0441\u043b\u0430\u0432\u043d\u043e\u0439 \u0426\u0435\u0440\u043a\u0432\u0438. \u0411\u0435\u0440\u043b\u0438\u043d\u0441\u043a\u043e-\u0413\u0435\u0440\u043c\u0430\u043d\u0441\u043a\u0430\u044f \u0435\u043f\u0430\u0440\u0445\u0438\u044f.\",\"potentialAction\":[{\"@type\":\"SearchAction\",\"target\":{\"@type\":\"EntryPoint\",\"urlTemplate\":\"https:\/\/rokmp.de\/?s={search_term_string}\"},\"query-input\":{\"@type\":\"PropertyValueSpecification\",\"valueRequired\":true,\"valueName\":\"search_term_string\"}}],\"inLanguage\":\"de\"},{\"@type\":\"Person\",\"@id\":\"https:\/\/rokmp.de\/#\/schema\/person\/1e05c7851b376b862ca66f74ee16b275\",\"name\":\"priester Eugeny Murzin\",\"image\":{\"@type\":\"ImageObject\",\"inLanguage\":\"de\",\"@id\":\"https:\/\/rokmp.de\/#\/schema\/person\/image\/\",\"url\":\"https:\/\/secure.gravatar.com\/avatar\/ab0791f77afedc1959682d928966c405d68e155dc34177d2d0970bb7906ee2ad?s=96&d=mm&r=g\",\"contentUrl\":\"https:\/\/secure.gravatar.com\/avatar\/ab0791f77afedc1959682d928966c405d68e155dc34177d2d0970bb7906ee2ad?s=96&d=mm&r=g\",\"caption\":\"priester Eugeny Murzin\"},\"sameAs\":[\"https:\/\/rokmp.de\"]}]}<\/script>\n<!-- \/ Yoast SEO plugin. -->","yoast_head_json":{"title":"Am Mittwoch der 5. Woche der Fastenzeit feierte Erzbischof Tichon die Liturgie der vorgeweihten Gaben in der Auferstehungskathedrale in Berlin - Berliner Di\u00f6zese der Russischen Orthodoxen Kirche (Kd\u00f6R)","robots":{"index":"index","follow":"follow","max-snippet":"max-snippet:-1","max-image-preview":"max-image-preview:large","max-video-preview":"max-video-preview:-1"},"canonical":"https:\/\/rokmp.de\/deutsch-am-mittwoch-der-5-woche-der-fastenzeit-feierte-erzbischof-tichon-die-liturgie-der-vorgeweihten-gaben-in-der-auferstehungskathedrale-in-berlin\/","og_locale":"de_DE","og_type":"article","og_title":"Am Mittwoch der 5. Woche der Fastenzeit feierte Erzbischof Tichon die Liturgie der vorgeweihten Gaben in der Auferstehungskathedrale in Berlin - Berliner Di\u00f6zese der Russischen Orthodoxen Kirche (Kd\u00f6R)","og_description":"[:de]Am 25. M\u00e4rz 2026, dem Mittwoch der 5. Woche der Fastenzeit, dem Gedenktag des Heiligen Gregor des Zweisprachigen, Papst von Rom, und des Ehrw\u00fcrdigen Simeon des Neuen Theologen, feierte Erzbischof Tichon von Ruza, Leiter der Di\u00f6zese von Berlin und Deutschland, die Liturgie der vorgeweihten Gaben in der Kathedrale der Auferstehung Christi in Berlin.[:]","og_url":"https:\/\/rokmp.de\/deutsch-am-mittwoch-der-5-woche-der-fastenzeit-feierte-erzbischof-tichon-die-liturgie-der-vorgeweihten-gaben-in-der-auferstehungskathedrale-in-berlin\/","og_site_name":"Berliner Di\u00f6zese der Russischen Orthodoxen Kirche (Kd\u00f6R)","article_published_time":"2026-03-25T19:34:36+00:00","article_modified_time":"2026-04-02T05:52:48+00:00","og_image":[{"width":1024,"height":768,"url":"https:\/\/rokmp.de\/wp-content\/uploads\/2026\/03\/WhatsApp-Image-2026-03-25-at-23.26.43.jpeg","type":"image\/jpeg"}],"author":"priester Eugeny Murzin","twitter_card":"summary_large_image","twitter_misc":{"Verfasst von":"priester Eugeny Murzin","Gesch\u00e4tzte Lesezeit":"2\u00a0Minuten"},"schema":{"@context":"https:\/\/schema.org","@graph":[{"@type":"WebPage","@id":"https:\/\/rokmp.de\/deutsch-am-mittwoch-der-5-woche-der-fastenzeit-feierte-erzbischof-tichon-die-liturgie-der-vorgeweihten-gaben-in-der-auferstehungskathedrale-in-berlin\/","url":"https:\/\/rokmp.de\/deutsch-am-mittwoch-der-5-woche-der-fastenzeit-feierte-erzbischof-tichon-die-liturgie-der-vorgeweihten-gaben-in-der-auferstehungskathedrale-in-berlin\/","name":"Am Mittwoch der 5. Woche der Fastenzeit feierte Erzbischof Tichon die Liturgie der vorgeweihten Gaben in der Auferstehungskathedrale in Berlin - Berliner Di\u00f6zese der Russischen Orthodoxen Kirche (Kd\u00f6R)","isPartOf":{"@id":"https:\/\/rokmp.de\/#website"},"primaryImageOfPage":{"@id":"https:\/\/rokmp.de\/deutsch-am-mittwoch-der-5-woche-der-fastenzeit-feierte-erzbischof-tichon-die-liturgie-der-vorgeweihten-gaben-in-der-auferstehungskathedrale-in-berlin\/#primaryimage"},"image":{"@id":"https:\/\/rokmp.de\/deutsch-am-mittwoch-der-5-woche-der-fastenzeit-feierte-erzbischof-tichon-die-liturgie-der-vorgeweihten-gaben-in-der-auferstehungskathedrale-in-berlin\/#primaryimage"},"thumbnailUrl":"https:\/\/rokmp.de\/wp-content\/uploads\/2026\/03\/WhatsApp-Image-2026-03-25-at-23.26.43.jpeg","datePublished":"2026-03-25T19:34:36+00:00","dateModified":"2026-04-02T05:52:48+00:00","author":{"@id":"https:\/\/rokmp.de\/#\/schema\/person\/1e05c7851b376b862ca66f74ee16b275"},"breadcrumb":{"@id":"https:\/\/rokmp.de\/deutsch-am-mittwoch-der-5-woche-der-fastenzeit-feierte-erzbischof-tichon-die-liturgie-der-vorgeweihten-gaben-in-der-auferstehungskathedrale-in-berlin\/#breadcrumb"},"inLanguage":"de","potentialAction":[{"@type":"ReadAction","target":["https:\/\/rokmp.de\/deutsch-am-mittwoch-der-5-woche-der-fastenzeit-feierte-erzbischof-tichon-die-liturgie-der-vorgeweihten-gaben-in-der-auferstehungskathedrale-in-berlin\/"]}]},{"@type":"ImageObject","inLanguage":"de","@id":"https:\/\/rokmp.de\/deutsch-am-mittwoch-der-5-woche-der-fastenzeit-feierte-erzbischof-tichon-die-liturgie-der-vorgeweihten-gaben-in-der-auferstehungskathedrale-in-berlin\/#primaryimage","url":"https:\/\/rokmp.de\/wp-content\/uploads\/2026\/03\/WhatsApp-Image-2026-03-25-at-23.26.43.jpeg","contentUrl":"https:\/\/rokmp.de\/wp-content\/uploads\/2026\/03\/WhatsApp-Image-2026-03-25-at-23.26.43.jpeg","width":1024,"height":768},{"@type":"BreadcrumbList","@id":"https:\/\/rokmp.de\/deutsch-am-mittwoch-der-5-woche-der-fastenzeit-feierte-erzbischof-tichon-die-liturgie-der-vorgeweihten-gaben-in-der-auferstehungskathedrale-in-berlin\/#breadcrumb","itemListElement":[{"@type":"ListItem","position":1,"name":"\u0413\u043b\u0430\u0432\u043d\u0430\u044f \u0441\u0442\u0440\u0430\u043d\u0438\u0446\u0430","item":"https:\/\/rokmp.de\/"},{"@type":"ListItem","position":2,"name":"(Deutsch) Am Mittwoch der 5. Woche der Fastenzeit feierte Erzbischof Tichon die Liturgie der vorgeweihten Gaben in der Auferstehungskathedrale in Berlin"}]},{"@type":"WebSite","@id":"https:\/\/rokmp.de\/#website","url":"https:\/\/rokmp.de\/","name":"Berliner Di\u00f6zese der Russischen Orthodoxen Kirche (Kd\u00f6R)","description":"(\u0420\u0443\u0441\u0441\u043a\u0438\u0439) \u041e\u0444\u0438\u0446\u0438\u0430\u043b\u044c\u043d\u044b\u0439 \u0441\u0430\u0439\u0442 \u0420\u0443\u0441\u0441\u043a\u043e\u0439 \u041f\u0440\u0430\u0432\u043e\u0441\u043b\u0430\u0432\u043d\u043e\u0439 \u0426\u0435\u0440\u043a\u0432\u0438. \u0411\u0435\u0440\u043b\u0438\u043d\u0441\u043a\u043e-\u0413\u0435\u0440\u043c\u0430\u043d\u0441\u043a\u0430\u044f \u0435\u043f\u0430\u0440\u0445\u0438\u044f.","potentialAction":[{"@type":"SearchAction","target":{"@type":"EntryPoint","urlTemplate":"https:\/\/rokmp.de\/?s={search_term_string}"},"query-input":{"@type":"PropertyValueSpecification","valueRequired":true,"valueName":"search_term_string"}}],"inLanguage":"de"},{"@type":"Person","@id":"https:\/\/rokmp.de\/#\/schema\/person\/1e05c7851b376b862ca66f74ee16b275","name":"priester Eugeny Murzin","image":{"@type":"ImageObject","inLanguage":"de","@id":"https:\/\/rokmp.de\/#\/schema\/person\/image\/","url":"https:\/\/secure.gravatar.com\/avatar\/ab0791f77afedc1959682d928966c405d68e155dc34177d2d0970bb7906ee2ad?s=96&d=mm&r=g","contentUrl":"https:\/\/secure.gravatar.com\/avatar\/ab0791f77afedc1959682d928966c405d68e155dc34177d2d0970bb7906ee2ad?s=96&d=mm&r=g","caption":"priester Eugeny Murzin"},"sameAs":["https:\/\/rokmp.de"]}]}},"jetpack_featured_media_url":"https:\/\/rokmp.de\/wp-content\/uploads\/2026\/03\/WhatsApp-Image-2026-03-25-at-23.26.43.jpeg","jetpack_sharing_enabled":true,"_links":{"self":[{"href":"https:\/\/rokmp.de\/de\/wp-json\/wp\/v2\/posts\/43383","targetHints":{"allow":["GET"]}}],"collection":[{"href":"https:\/\/rokmp.de\/de\/wp-json\/wp\/v2\/posts"}],"about":[{"href":"https:\/\/rokmp.de\/de\/wp-json\/wp\/v2\/types\/post"}],"author":[{"embeddable":true,"href":"https:\/\/rokmp.de\/de\/wp-json\/wp\/v2\/users\/150"}],"replies":[{"embeddable":true,"href":"https:\/\/rokmp.de\/de\/wp-json\/wp\/v2\/comments?post=43383"}],"version-history":[{"count":2,"href":"https:\/\/rokmp.de\/de\/wp-json\/wp\/v2\/posts\/43383\/revisions"}],"predecessor-version":[{"id":43436,"href":"https:\/\/rokmp.de\/de\/wp-json\/wp\/v2\/posts\/43383\/revisions\/43436"}],"wp:featuredmedia":[{"embeddable":true,"href":"https:\/\/rokmp.de\/de\/wp-json\/wp\/v2\/media\/43375"}],"wp:attachment":[{"href":"https:\/\/rokmp.de\/de\/wp-json\/wp\/v2\/media?parent=43383"}],"wp:term":[{"taxonomy":"category","embeddable":true,"href":"https:\/\/rokmp.de\/de\/wp-json\/wp\/v2\/categories?post=43383"},{"taxonomy":"post_tag","embeddable":true,"href":"https:\/\/rokmp.de\/de\/wp-json\/wp\/v2\/tags?post=43383"}],"curies":[{"name":"wp","href":"https:\/\/api.w.org\/{rel}","templated":true}]}}