{"id":43437,"date":"2026-03-27T08:53:11","date_gmt":"2026-03-27T05:53:11","guid":{"rendered":"https:\/\/rokmp.de\/?p=43437"},"modified":"2026-04-02T08:55:21","modified_gmt":"2026-04-02T05:55:21","slug":"deutsch-am-festtag-der-lobpreisung-der-allerheiligsten-gottesmutter-hielt-erzbischof-tichon-die-matutin-und-die-liturgie-in-den-kirchen-berlins","status":"publish","type":"post","link":"https:\/\/rokmp.de\/de\/deutsch-am-festtag-der-lobpreisung-der-allerheiligsten-gottesmutter-hielt-erzbischof-tichon-die-matutin-und-die-liturgie-in-den-kirchen-berlins\/","title":{"rendered":"Am Festtag der Lobpreisung der Allerheiligsten Gottesmutter hielt Erzbischof Tichon die Matutin und die Liturgie in den Kirchen Berlins"},"content":{"rendered":"<p>Am 27. M\u00e4rz 2026, am Vorabend des Samstags der 5. Woche der Fastenzeit, dem Festtag der Lobpreisung der Allerheiligsten Gottesmutter (Akathistos-Samstag), hielt Erzbischof Tichon von Ruza, Leiter der Di\u00f6zese von Berlin und Deutschland, die Morgengottesdienst mit der Lesung des Akathistos an die Heilige Gottesmutter in der Kathedrale der Auferstehung Christi in Berlin.<\/p>\n<p>Seiner Exzellenz konzelebrierten der Sekret\u00e4r der Di\u00f6zese und Kustos der Kathedrale Erzpriester Michail Divakov, der Dekan des Ostbezirks Erzpriester Georgij Antonjuk, Priester Maxim Judakov, Erzdiakon Archil Tschkivadze und Diakon Konstantin Lotichius.<\/p>\n<p>Vier Teile des Akathists wurden vor der Ikone der Gottesmutter \u201eErbarmen\u201c, vor der Ikone der Gottesmutter \u201eTichwinskaja\u201c, dann vor der Ikone der Gottesmutter \u201eOdigitria\u201c und schlie\u00dflich vor der Pochajew-Ikone der Gottesmutter verlesen.<\/p>\n<p>Am 28. M\u00e4rz 2026, dem Festtag selbst, feierte Erzbischof Tichon von Ruza die G\u00f6ttliche Liturgie in der Kirche des Heiligen Sergius von Radonesch bei der Di\u00f6zesansitz in Karlshorst (Berlin).<\/p>\n<p>Seiner Eminenz konzelebrierten Priester Oleg Beltek, Diakon Peter Braverman (Hamburg) und Diakon Rostislav Ustimenko.<\/p>\n<p>Nach der inbr\u00fcnstigen Ektenie wurde ein Gebet f\u00fcr den Frieden vorgetragen.<\/p>\n<p>Nach dem Kommunionvers hielt Priester Oleg Beltek eine Predigt zum Thema des gefeierten Festes:<\/p>\n<p style=\"padding-left: 40px;\">\u201eIm Namen des Vaters und des Sohnes und des Heiligen Geistes.<\/p>\n<p style=\"padding-left: 40px;\">Heute sind wir, Br\u00fcder und Schwestern, zusammengekommen, um die Gottesmutter zu ehren, da der heutige Tag als Akathistos-Samstag oder Fest der Lobpreisung der Allerheiligsten Gottesmutter bezeichnet wird. Das Fest der Lobpreisung der Allerheiligsten Gottesmutter wird in der Stille der Gro\u00dfen Fastenzeit begangen, und diese Stille hat ihre eigene tiefe Bedeutung und Geschichte. Dieses Fest entstand als Antwort auf die \u00c4ngste und Gebete der Menschen, die nicht wussten, wie der morgige Tag enden w\u00fcrde.<\/p>\n<p style=\"padding-left: 40px;\">Im 7. Jahrhundert, als Konstantinopel von den Persern belagert wurde, versammelten sich die Menschen in den Kirchen und beteten Tag und Nacht. Unter ihnen befand sich der Patriarch von Konstantinopel, Sergius, der eine Ikone der Gottesmutter \u00fcber die Stadtmauern trug. So bekundeten die Menschen Gott ihre Hoffnung und ihr Vertrauen. Als die Gefahr vor\u00fcber war, bewahrte die Kirche die Erinnerung an diese Nacht. Diese Erinnerung wurde in einem Akathistos-Gesang festgehalten. Dabei entstand der Akathistos, den wir gestern gelesen haben, nach und nach. Seine Grundlage bildete der alte Kondakion zur Verk\u00fcndigung, der mit dem Namen des Ehrw\u00fcrdigen Romanos des S\u00fc\u00dfges\u00e4ngers verbunden ist. Darin erklang bereits das Thema der Begegnung zwischen Gott und Mensch. Sp\u00e4ter wurden diesem Text die Anrufe \u201eFreue dich\u2026\u201c hinzugef\u00fcgt, die sich im Rhythmus von Lobpreis und Gebet wiederholen.<\/p>\n<p style=\"padding-left: 40px;\">Sp\u00e4ter, im 8. Jahrhundert, entstand der Kondakion \u201eAn den auserw\u00e4hlten Feldherrn\u2026\u201c, der ebenfalls mit der Befreiung Konstantinopels in Verbindung steht, m\u00f6glicherweise nach der Belagerung durch die Araber. Er wurde Teil des Akathistos, und der gesamte Gesang bewahrte fortan die Erinnerung an die erlebte Rettung und Dankbarkeit. Der Festtag selbst nahm im 9. Jahrhundert Gestalt an und wurde auf den f\u00fcnften Samstag der Fastenzeit festgelegt. In der Mitte der Fastenzeit, wenn der Christ bereits einige Zeit damit verbracht hat, sich auf sich selbst und sein Leben zu besinnen, bietet die Kirche diesen Dankes- und Lobgesang an, in dem die Worte des Akathistos wie eine Anrede klingen: \u201eFreue dich\u2026\u201c, und in diesen Worten offenbart sich die Gegenwart Gottes im menschlichen Leben.<\/p>\n<p style=\"padding-left: 40px;\">Die Allerheiligste Gottesmutter zeigt uns ein Beispiel f\u00fcr die menschliche Antwort auf Gott, der den Menschen bewahrt und ihn zur Ganzheit f\u00fchrt. Wir suchen oft nach Klarheit und Gewissheit. Es ist uns wichtig zu verstehen, was geschieht und wohin wir gehen. Und in dieser Suche offenbart sich allm\u00e4hlich, dass der Glaube mit Vertrauen verbunden ist, mit der F\u00e4higkeit, sich nicht zu verschlie\u00dfen, selbst wenn vieles unverst\u00e4ndlich bleibt. Diese Erfahrung ist jedem vertraut, wenn auch nicht immer bewusst. Im Leben bleiben viele Fragen, Entscheidungen, die ohne volle Gewissheit getroffen werden, innere Zust\u00e4nde, die sich nicht immer erkl\u00e4ren lassen. Und in diesem Moment wird der Glaube zu einer besonderen Aufmerksamkeit f\u00fcr die Gegenwart Gottes, f\u00fcr das, was bereits in der Tiefe unseres Lebens geschieht. Manchmal zeigt sich dies ganz einfach: in der F\u00e4higkeit, nicht verbittert zu werden, sich nicht abzuwenden, trotz Verzweiflung, M\u00fcdigkeit oder Angst offen zu bleiben und als Antwort Freude zu zeigen.<\/p>\n<p style=\"padding-left: 40px;\">Die Heilige Kirche nennt die Gottesmutter \u201eFreude der ganzen Sch\u00f6pfung\u201c. Diese Freude wird als Erfahrung erkannt, dass der Mensch in seinem Leid nicht allein ist. Wenn wir auf die Gottesmutter blicken und an jene Gnade denken, zu der uns der Herr ruft, wird auch unsere eigene Berufung klarer. In ihr hat sich bereits die Herrlichkeit der erneuerten menschlichen Natur offenbart, als eine Realit\u00e4t, die ins Leben getreten ist. Und diese Herrlichkeit verschwindet nicht, sondern geh\u00f6rt denen, die in Christus leben, die durch die Taufe in sein Leben eingetreten sind und es in sich selbst pflegen. Ihre Mutterschaft beschr\u00e4nkt sich nicht nur auf das, was einmal war. Sie setzt sich fort in Bezug auf jeden, der Gott sucht, der in der Kirche lebt. Darin liegt eine besondere N\u00e4he, in der der Mensch erkennt, dass er nicht verlassen, nicht fremd ist.<\/p>\n<p style=\"padding-left: 40px;\">Die Heilige Kirche bewahrt ein klares Verst\u00e4ndnis davon, wer die Gottesmutter ist. Sie h\u00f6rt nicht auf, Mensch zu sein, sondern wird durch die Gnade \u00fcber die gesamte Sch\u00f6pfung erhoben. Ihr Weg offenbart, wie tief der Mensch in seiner Antwort auf Gott vordringen kann. Ihre Demut ist nicht mit einem Bild von Macht oder Herrschaft verbunden; in ihr liegt Einfachheit und Ganzheit, in der der Mensch Gesch\u00f6pf bleibt und zugleich am g\u00f6ttlichen Leben teilhat. Und deshalb finden wir, wenn wir uns an sie wenden, das Wichtigste: Gott bleibt die Quelle allen Lebens und aller Herrlichkeit, und sie bleibt diejenige, durch die dieses Leben dem Menschen nahe und zug\u00e4nglich geworden ist und in der wir sehen, wozu wir selbst berufen sind. Amen.\u201c<\/p>\n<p>Nach Beendigung der Liturgie wandte sich Erzbischof Tichon mit einer Predigt an die Betenden. Im Vorfeld der Vorbereitungen f\u00fcr das Osterfest wurden nach dem Gottesdienst Hausarbeiten auf dem Gel\u00e4nde der Di\u00f6zesanverwaltung sowie Reinigungsarbeiten in der Kirche durchgef\u00fchrt.<\/p>","protected":false},"excerpt":{"rendered":"<p>Am 27. M\u00e4rz 2026, am Vorabend des Samstags der 5. Woche der Fastenzeit, dem Festtag der Lobpreisung der Allerheiligsten Gottesmutter (Akathistos-Samstag), hielt Erzbischof Tichon von Ruza, Leiter der Di\u00f6zese von Berlin und Deutschland, die Morgengottesdienst mit der Lesung des Akathistos an die Heilige Gottesmutter in der Kathedrale der Auferstehung Christi in Berlin.<\/p>\n","protected":false},"author":150,"featured_media":43400,"comment_status":"open","ping_status":"closed","sticky":false,"template":"","format":"standard","meta":{"_acf_changed":false,"_jetpack_memberships_contains_paid_content":false,"footnotes":""},"categories":[21,16],"tags":[],"class_list":["post-43437","post","type-post","status-publish","format-standard","has-post-thumbnail","hentry","category-aktuell","category-eparh_news"],"acf":[],"yoast_head":"<!-- This site is optimized with the Yoast SEO plugin v24.9 - https:\/\/yoast.com\/wordpress\/plugins\/seo\/ -->\n<title>Am Festtag der Lobpreisung der Allerheiligsten Gottesmutter hielt Erzbischof Tichon die Matutin und die Liturgie in den Kirchen Berlins - Berliner Di\u00f6zese der Russischen Orthodoxen Kirche (Kd\u00f6R)<\/title>\n<meta name=\"robots\" content=\"index, follow, max-snippet:-1, max-image-preview:large, max-video-preview:-1\" \/>\n<link rel=\"canonical\" href=\"https:\/\/rokmp.de\/deutsch-am-festtag-der-lobpreisung-der-allerheiligsten-gottesmutter-hielt-erzbischof-tichon-die-matutin-und-die-liturgie-in-den-kirchen-berlins\/\" \/>\n<meta property=\"og:locale\" content=\"de_DE\" \/>\n<meta property=\"og:type\" content=\"article\" \/>\n<meta property=\"og:title\" content=\"Am Festtag der Lobpreisung der Allerheiligsten Gottesmutter hielt Erzbischof Tichon die Matutin und die Liturgie in den Kirchen Berlins - Berliner Di\u00f6zese der Russischen Orthodoxen Kirche (Kd\u00f6R)\" \/>\n<meta property=\"og:description\" content=\"[:de]Am 27. M\u00e4rz 2026, am Vorabend des Samstags der 5. Woche der Fastenzeit, dem Festtag der Lobpreisung der Allerheiligsten Gottesmutter (Akathistos-Samstag), hielt Erzbischof Tichon von Ruza, Leiter der Di\u00f6zese von Berlin und Deutschland, die Morgengottesdienst mit der Lesung des Akathistos an die Heilige Gottesmutter in der Kathedrale der Auferstehung Christi in Berlin.[:]\" \/>\n<meta property=\"og:url\" content=\"https:\/\/rokmp.de\/deutsch-am-festtag-der-lobpreisung-der-allerheiligsten-gottesmutter-hielt-erzbischof-tichon-die-matutin-und-die-liturgie-in-den-kirchen-berlins\/\" \/>\n<meta property=\"og:site_name\" content=\"Berliner Di\u00f6zese der Russischen Orthodoxen Kirche (Kd\u00f6R)\" \/>\n<meta property=\"article:published_time\" content=\"2026-03-27T05:53:11+00:00\" \/>\n<meta property=\"article:modified_time\" content=\"2026-04-02T05:55:21+00:00\" \/>\n<meta property=\"og:image\" content=\"https:\/\/rokmp.de\/wp-content\/uploads\/2026\/03\/WhatsApp-Image-2026-03-28-at-16.44.45.jpeg\" \/>\n\t<meta property=\"og:image:width\" content=\"850\" \/>\n\t<meta property=\"og:image:height\" content=\"698\" \/>\n\t<meta property=\"og:image:type\" content=\"image\/jpeg\" \/>\n<meta name=\"author\" content=\"priester Eugeny Murzin\" \/>\n<meta name=\"twitter:card\" content=\"summary_large_image\" \/>\n<meta name=\"twitter:label1\" content=\"Verfasst von\" \/>\n\t<meta name=\"twitter:data1\" content=\"priester Eugeny Murzin\" \/>\n\t<meta name=\"twitter:label2\" content=\"Gesch\u00e4tzte Lesezeit\" \/>\n\t<meta name=\"twitter:data2\" content=\"6\u00a0Minuten\" \/>\n<script type=\"application\/ld+json\" class=\"yoast-schema-graph\">{\"@context\":\"https:\/\/schema.org\",\"@graph\":[{\"@type\":\"WebPage\",\"@id\":\"https:\/\/rokmp.de\/deutsch-am-festtag-der-lobpreisung-der-allerheiligsten-gottesmutter-hielt-erzbischof-tichon-die-matutin-und-die-liturgie-in-den-kirchen-berlins\/\",\"url\":\"https:\/\/rokmp.de\/deutsch-am-festtag-der-lobpreisung-der-allerheiligsten-gottesmutter-hielt-erzbischof-tichon-die-matutin-und-die-liturgie-in-den-kirchen-berlins\/\",\"name\":\"Am Festtag der Lobpreisung der Allerheiligsten Gottesmutter hielt Erzbischof Tichon die Matutin und die Liturgie in den Kirchen Berlins - Berliner Di\u00f6zese der Russischen Orthodoxen Kirche (Kd\u00f6R)\",\"isPartOf\":{\"@id\":\"https:\/\/rokmp.de\/#website\"},\"primaryImageOfPage\":{\"@id\":\"https:\/\/rokmp.de\/deutsch-am-festtag-der-lobpreisung-der-allerheiligsten-gottesmutter-hielt-erzbischof-tichon-die-matutin-und-die-liturgie-in-den-kirchen-berlins\/#primaryimage\"},\"image\":{\"@id\":\"https:\/\/rokmp.de\/deutsch-am-festtag-der-lobpreisung-der-allerheiligsten-gottesmutter-hielt-erzbischof-tichon-die-matutin-und-die-liturgie-in-den-kirchen-berlins\/#primaryimage\"},\"thumbnailUrl\":\"https:\/\/rokmp.de\/wp-content\/uploads\/2026\/03\/WhatsApp-Image-2026-03-28-at-16.44.45.jpeg\",\"datePublished\":\"2026-03-27T05:53:11+00:00\",\"dateModified\":\"2026-04-02T05:55:21+00:00\",\"author\":{\"@id\":\"https:\/\/rokmp.de\/#\/schema\/person\/1e05c7851b376b862ca66f74ee16b275\"},\"breadcrumb\":{\"@id\":\"https:\/\/rokmp.de\/deutsch-am-festtag-der-lobpreisung-der-allerheiligsten-gottesmutter-hielt-erzbischof-tichon-die-matutin-und-die-liturgie-in-den-kirchen-berlins\/#breadcrumb\"},\"inLanguage\":\"de\",\"potentialAction\":[{\"@type\":\"ReadAction\",\"target\":[\"https:\/\/rokmp.de\/deutsch-am-festtag-der-lobpreisung-der-allerheiligsten-gottesmutter-hielt-erzbischof-tichon-die-matutin-und-die-liturgie-in-den-kirchen-berlins\/\"]}]},{\"@type\":\"ImageObject\",\"inLanguage\":\"de\",\"@id\":\"https:\/\/rokmp.de\/deutsch-am-festtag-der-lobpreisung-der-allerheiligsten-gottesmutter-hielt-erzbischof-tichon-die-matutin-und-die-liturgie-in-den-kirchen-berlins\/#primaryimage\",\"url\":\"https:\/\/rokmp.de\/wp-content\/uploads\/2026\/03\/WhatsApp-Image-2026-03-28-at-16.44.45.jpeg\",\"contentUrl\":\"https:\/\/rokmp.de\/wp-content\/uploads\/2026\/03\/WhatsApp-Image-2026-03-28-at-16.44.45.jpeg\",\"width\":850,\"height\":698},{\"@type\":\"BreadcrumbList\",\"@id\":\"https:\/\/rokmp.de\/deutsch-am-festtag-der-lobpreisung-der-allerheiligsten-gottesmutter-hielt-erzbischof-tichon-die-matutin-und-die-liturgie-in-den-kirchen-berlins\/#breadcrumb\",\"itemListElement\":[{\"@type\":\"ListItem\",\"position\":1,\"name\":\"\u0413\u043b\u0430\u0432\u043d\u0430\u044f \u0441\u0442\u0440\u0430\u043d\u0438\u0446\u0430\",\"item\":\"https:\/\/rokmp.de\/\"},{\"@type\":\"ListItem\",\"position\":2,\"name\":\"(Deutsch) Am Festtag der Lobpreisung der Allerheiligsten Gottesmutter hielt Erzbischof Tichon die Matutin und die Liturgie in den Kirchen Berlins\"}]},{\"@type\":\"WebSite\",\"@id\":\"https:\/\/rokmp.de\/#website\",\"url\":\"https:\/\/rokmp.de\/\",\"name\":\"Berliner Di\u00f6zese der Russischen Orthodoxen Kirche (Kd\u00f6R)\",\"description\":\"(\u0420\u0443\u0441\u0441\u043a\u0438\u0439) \u041e\u0444\u0438\u0446\u0438\u0430\u043b\u044c\u043d\u044b\u0439 \u0441\u0430\u0439\u0442 \u0420\u0443\u0441\u0441\u043a\u043e\u0439 \u041f\u0440\u0430\u0432\u043e\u0441\u043b\u0430\u0432\u043d\u043e\u0439 \u0426\u0435\u0440\u043a\u0432\u0438. \u0411\u0435\u0440\u043b\u0438\u043d\u0441\u043a\u043e-\u0413\u0435\u0440\u043c\u0430\u043d\u0441\u043a\u0430\u044f \u0435\u043f\u0430\u0440\u0445\u0438\u044f.\",\"potentialAction\":[{\"@type\":\"SearchAction\",\"target\":{\"@type\":\"EntryPoint\",\"urlTemplate\":\"https:\/\/rokmp.de\/?s={search_term_string}\"},\"query-input\":{\"@type\":\"PropertyValueSpecification\",\"valueRequired\":true,\"valueName\":\"search_term_string\"}}],\"inLanguage\":\"de\"},{\"@type\":\"Person\",\"@id\":\"https:\/\/rokmp.de\/#\/schema\/person\/1e05c7851b376b862ca66f74ee16b275\",\"name\":\"priester Eugeny Murzin\",\"image\":{\"@type\":\"ImageObject\",\"inLanguage\":\"de\",\"@id\":\"https:\/\/rokmp.de\/#\/schema\/person\/image\/\",\"url\":\"https:\/\/secure.gravatar.com\/avatar\/ab0791f77afedc1959682d928966c405d68e155dc34177d2d0970bb7906ee2ad?s=96&d=mm&r=g\",\"contentUrl\":\"https:\/\/secure.gravatar.com\/avatar\/ab0791f77afedc1959682d928966c405d68e155dc34177d2d0970bb7906ee2ad?s=96&d=mm&r=g\",\"caption\":\"priester Eugeny Murzin\"},\"sameAs\":[\"https:\/\/rokmp.de\"]}]}<\/script>\n<!-- \/ Yoast SEO plugin. -->","yoast_head_json":{"title":"Am Festtag der Lobpreisung der Allerheiligsten Gottesmutter hielt Erzbischof Tichon die Matutin und die Liturgie in den Kirchen Berlins - Berliner Di\u00f6zese der Russischen Orthodoxen Kirche (Kd\u00f6R)","robots":{"index":"index","follow":"follow","max-snippet":"max-snippet:-1","max-image-preview":"max-image-preview:large","max-video-preview":"max-video-preview:-1"},"canonical":"https:\/\/rokmp.de\/deutsch-am-festtag-der-lobpreisung-der-allerheiligsten-gottesmutter-hielt-erzbischof-tichon-die-matutin-und-die-liturgie-in-den-kirchen-berlins\/","og_locale":"de_DE","og_type":"article","og_title":"Am Festtag der Lobpreisung der Allerheiligsten Gottesmutter hielt Erzbischof Tichon die Matutin und die Liturgie in den Kirchen Berlins - Berliner Di\u00f6zese der Russischen Orthodoxen Kirche (Kd\u00f6R)","og_description":"[:de]Am 27. M\u00e4rz 2026, am Vorabend des Samstags der 5. Woche der Fastenzeit, dem Festtag der Lobpreisung der Allerheiligsten Gottesmutter (Akathistos-Samstag), hielt Erzbischof Tichon von Ruza, Leiter der Di\u00f6zese von Berlin und Deutschland, die Morgengottesdienst mit der Lesung des Akathistos an die Heilige Gottesmutter in der Kathedrale der Auferstehung Christi in Berlin.[:]","og_url":"https:\/\/rokmp.de\/deutsch-am-festtag-der-lobpreisung-der-allerheiligsten-gottesmutter-hielt-erzbischof-tichon-die-matutin-und-die-liturgie-in-den-kirchen-berlins\/","og_site_name":"Berliner Di\u00f6zese der Russischen Orthodoxen Kirche (Kd\u00f6R)","article_published_time":"2026-03-27T05:53:11+00:00","article_modified_time":"2026-04-02T05:55:21+00:00","og_image":[{"width":850,"height":698,"url":"https:\/\/rokmp.de\/wp-content\/uploads\/2026\/03\/WhatsApp-Image-2026-03-28-at-16.44.45.jpeg","type":"image\/jpeg"}],"author":"priester Eugeny Murzin","twitter_card":"summary_large_image","twitter_misc":{"Verfasst von":"priester Eugeny Murzin","Gesch\u00e4tzte Lesezeit":"6\u00a0Minuten"},"schema":{"@context":"https:\/\/schema.org","@graph":[{"@type":"WebPage","@id":"https:\/\/rokmp.de\/deutsch-am-festtag-der-lobpreisung-der-allerheiligsten-gottesmutter-hielt-erzbischof-tichon-die-matutin-und-die-liturgie-in-den-kirchen-berlins\/","url":"https:\/\/rokmp.de\/deutsch-am-festtag-der-lobpreisung-der-allerheiligsten-gottesmutter-hielt-erzbischof-tichon-die-matutin-und-die-liturgie-in-den-kirchen-berlins\/","name":"Am Festtag der Lobpreisung der Allerheiligsten Gottesmutter hielt Erzbischof Tichon die Matutin und die Liturgie in den Kirchen Berlins - Berliner Di\u00f6zese der Russischen Orthodoxen Kirche (Kd\u00f6R)","isPartOf":{"@id":"https:\/\/rokmp.de\/#website"},"primaryImageOfPage":{"@id":"https:\/\/rokmp.de\/deutsch-am-festtag-der-lobpreisung-der-allerheiligsten-gottesmutter-hielt-erzbischof-tichon-die-matutin-und-die-liturgie-in-den-kirchen-berlins\/#primaryimage"},"image":{"@id":"https:\/\/rokmp.de\/deutsch-am-festtag-der-lobpreisung-der-allerheiligsten-gottesmutter-hielt-erzbischof-tichon-die-matutin-und-die-liturgie-in-den-kirchen-berlins\/#primaryimage"},"thumbnailUrl":"https:\/\/rokmp.de\/wp-content\/uploads\/2026\/03\/WhatsApp-Image-2026-03-28-at-16.44.45.jpeg","datePublished":"2026-03-27T05:53:11+00:00","dateModified":"2026-04-02T05:55:21+00:00","author":{"@id":"https:\/\/rokmp.de\/#\/schema\/person\/1e05c7851b376b862ca66f74ee16b275"},"breadcrumb":{"@id":"https:\/\/rokmp.de\/deutsch-am-festtag-der-lobpreisung-der-allerheiligsten-gottesmutter-hielt-erzbischof-tichon-die-matutin-und-die-liturgie-in-den-kirchen-berlins\/#breadcrumb"},"inLanguage":"de","potentialAction":[{"@type":"ReadAction","target":["https:\/\/rokmp.de\/deutsch-am-festtag-der-lobpreisung-der-allerheiligsten-gottesmutter-hielt-erzbischof-tichon-die-matutin-und-die-liturgie-in-den-kirchen-berlins\/"]}]},{"@type":"ImageObject","inLanguage":"de","@id":"https:\/\/rokmp.de\/deutsch-am-festtag-der-lobpreisung-der-allerheiligsten-gottesmutter-hielt-erzbischof-tichon-die-matutin-und-die-liturgie-in-den-kirchen-berlins\/#primaryimage","url":"https:\/\/rokmp.de\/wp-content\/uploads\/2026\/03\/WhatsApp-Image-2026-03-28-at-16.44.45.jpeg","contentUrl":"https:\/\/rokmp.de\/wp-content\/uploads\/2026\/03\/WhatsApp-Image-2026-03-28-at-16.44.45.jpeg","width":850,"height":698},{"@type":"BreadcrumbList","@id":"https:\/\/rokmp.de\/deutsch-am-festtag-der-lobpreisung-der-allerheiligsten-gottesmutter-hielt-erzbischof-tichon-die-matutin-und-die-liturgie-in-den-kirchen-berlins\/#breadcrumb","itemListElement":[{"@type":"ListItem","position":1,"name":"\u0413\u043b\u0430\u0432\u043d\u0430\u044f \u0441\u0442\u0440\u0430\u043d\u0438\u0446\u0430","item":"https:\/\/rokmp.de\/"},{"@type":"ListItem","position":2,"name":"(Deutsch) Am Festtag der Lobpreisung der Allerheiligsten Gottesmutter hielt Erzbischof Tichon die Matutin und die Liturgie in den Kirchen Berlins"}]},{"@type":"WebSite","@id":"https:\/\/rokmp.de\/#website","url":"https:\/\/rokmp.de\/","name":"Berliner Di\u00f6zese der Russischen Orthodoxen Kirche (Kd\u00f6R)","description":"(\u0420\u0443\u0441\u0441\u043a\u0438\u0439) \u041e\u0444\u0438\u0446\u0438\u0430\u043b\u044c\u043d\u044b\u0439 \u0441\u0430\u0439\u0442 \u0420\u0443\u0441\u0441\u043a\u043e\u0439 \u041f\u0440\u0430\u0432\u043e\u0441\u043b\u0430\u0432\u043d\u043e\u0439 \u0426\u0435\u0440\u043a\u0432\u0438. \u0411\u0435\u0440\u043b\u0438\u043d\u0441\u043a\u043e-\u0413\u0435\u0440\u043c\u0430\u043d\u0441\u043a\u0430\u044f \u0435\u043f\u0430\u0440\u0445\u0438\u044f.","potentialAction":[{"@type":"SearchAction","target":{"@type":"EntryPoint","urlTemplate":"https:\/\/rokmp.de\/?s={search_term_string}"},"query-input":{"@type":"PropertyValueSpecification","valueRequired":true,"valueName":"search_term_string"}}],"inLanguage":"de"},{"@type":"Person","@id":"https:\/\/rokmp.de\/#\/schema\/person\/1e05c7851b376b862ca66f74ee16b275","name":"priester Eugeny Murzin","image":{"@type":"ImageObject","inLanguage":"de","@id":"https:\/\/rokmp.de\/#\/schema\/person\/image\/","url":"https:\/\/secure.gravatar.com\/avatar\/ab0791f77afedc1959682d928966c405d68e155dc34177d2d0970bb7906ee2ad?s=96&d=mm&r=g","contentUrl":"https:\/\/secure.gravatar.com\/avatar\/ab0791f77afedc1959682d928966c405d68e155dc34177d2d0970bb7906ee2ad?s=96&d=mm&r=g","caption":"priester Eugeny Murzin"},"sameAs":["https:\/\/rokmp.de"]}]}},"jetpack_featured_media_url":"https:\/\/rokmp.de\/wp-content\/uploads\/2026\/03\/WhatsApp-Image-2026-03-28-at-16.44.45.jpeg","jetpack_sharing_enabled":true,"_links":{"self":[{"href":"https:\/\/rokmp.de\/de\/wp-json\/wp\/v2\/posts\/43437","targetHints":{"allow":["GET"]}}],"collection":[{"href":"https:\/\/rokmp.de\/de\/wp-json\/wp\/v2\/posts"}],"about":[{"href":"https:\/\/rokmp.de\/de\/wp-json\/wp\/v2\/types\/post"}],"author":[{"embeddable":true,"href":"https:\/\/rokmp.de\/de\/wp-json\/wp\/v2\/users\/150"}],"replies":[{"embeddable":true,"href":"https:\/\/rokmp.de\/de\/wp-json\/wp\/v2\/comments?post=43437"}],"version-history":[{"count":1,"href":"https:\/\/rokmp.de\/de\/wp-json\/wp\/v2\/posts\/43437\/revisions"}],"predecessor-version":[{"id":43438,"href":"https:\/\/rokmp.de\/de\/wp-json\/wp\/v2\/posts\/43437\/revisions\/43438"}],"wp:featuredmedia":[{"embeddable":true,"href":"https:\/\/rokmp.de\/de\/wp-json\/wp\/v2\/media\/43400"}],"wp:attachment":[{"href":"https:\/\/rokmp.de\/de\/wp-json\/wp\/v2\/media?parent=43437"}],"wp:term":[{"taxonomy":"category","embeddable":true,"href":"https:\/\/rokmp.de\/de\/wp-json\/wp\/v2\/categories?post=43437"},{"taxonomy":"post_tag","embeddable":true,"href":"https:\/\/rokmp.de\/de\/wp-json\/wp\/v2\/tags?post=43437"}],"curies":[{"name":"wp","href":"https:\/\/api.w.org\/{rel}","templated":true}]}}