{"id":44012,"date":"2026-04-19T17:50:21","date_gmt":"2026-04-19T14:50:21","guid":{"rendered":"https:\/\/rokmp.de\/?p=44012"},"modified":"2026-04-23T17:52:59","modified_gmt":"2026-04-23T14:52:59","slug":"deutsch-am-sonntag-nach-ostern-feierte-erzbischof-tichon-die-liturgie-in-der-kathedrale-der-auferstehung-christi-in-berlin","status":"publish","type":"post","link":"https:\/\/rokmp.de\/de\/deutsch-am-sonntag-nach-ostern-feierte-erzbischof-tichon-die-liturgie-in-der-kathedrale-der-auferstehung-christi-in-berlin\/","title":{"rendered":"Am Sonntag nach Ostern feierte Erzbischof Tichon die Liturgie in der Kathedrale der Auferstehung Christi in Berlin"},"content":{"rendered":"<p>Am 19. April 2026, am Sonntag nach Ostern, dem Fest des Apostels Thomas, dem Antipas\u2018cha-Tag, hielt Erzbischof Tichon von Ruza, Leiter der Di\u00f6zese von Berlin und Deutschland, die G\u00f6ttliche Liturgie in der Auferstehungskathedrale in Berlin. Am Vorabend leitete Seine Exzellenz in der Kathedrale die Allnachtwache.<\/p>\n<p>Am Tag von Antipas\u2018cha wird in der Auferstehungskathedrale das Patronatsfest gefeiert.<\/p>\n<p>Seiner Hoheit konzelebrierten der Sekret\u00e4r der Di\u00f6zese und Domkustos Erzpriester Michail Divakov, der Dekan des Ostbezirks Erzpriester Georgij Antonjuk, Erzpriester Ilja Chirin, Erzdiakon Vitalij Sadakov, Erzdiakon Archil Chkhikvadze und Diakon Konstantin Lotichius.<\/p>\n<p>W\u00e4hrend des Gottesdienstes sang der Festchor der Kathedrale unter der Leitung von Elizaveta Tsveigart.<\/p>\n<p>Nach dem Kommunionvers wandte sich Erzbischof Tichon mit einer Predigt an die Gl\u00e4ubigen:<\/p>\n<p style=\"padding-left: 40px;\">\u201eIm Namen des Vaters und des Sohnes und des Heiligen Geistes.<\/p>\n<p style=\"padding-left: 40px;\">Christus ist auferstanden!<\/p>\n<p style=\"padding-left: 40px;\">Ich gratuliere euch allen, Br\u00fcder und Schwestern, zum Osterfest und zum Festtag der Kathedrale. Die Auferstehung Christi ist eine unbestreitbare Tatsache, die die Echtheit des christlichen Glaubens beweist. Jedes Jahr, im Vorfeld dieses gr\u00f6\u00dften Ereignisses, steigt am Heiligen Grab in Jerusalem das Gnadenfeuer herab, das die Gl\u00e4ubigen in der Wahrheit der Auferstehung Christi best\u00e4rkt und den Zweiflern den Weg zu ihr weist. Selbst die Natur, die in diesen Tagen zu neuem Leben erwacht, zeugt von der Auferstehung. Obwohl die Osterwoche, die wie ein einziger gro\u00dfer und feierlicher Tag verging, zu Ende gegangen ist, dauert die Osterfeier noch an. Ostern ist ein vierzigt\u00e4giges Fest. Alle Ostergottesdienste sind ganz au\u00dfergew\u00f6hnliche Gottesdienste. Es ist unm\u00f6glich f\u00fcr diejenigen, die den Herrn lieben, die an Seiner Auferstehung teilhaben, in diesen Tagen nicht im Gotteshaus zu sein.<br \/>\nIch gratuliere euch allen, Br\u00fcder und Schwestern, zum Osterfest und zum Festtag der Kathedrale. Die Auferstehung Christi ist eine unbestreitbare Tatsache, die die Echtheit des christlichen Glaubens beweist. Jedes Jahr, im Vorfeld dieses gr\u00f6\u00dften Ereignisses, steigt am Heiligen Grab in Jerusalem das Gnadenfeuer herab, das die Gl\u00e4ubigen in der Wahrheit der Auferstehung Christi best\u00e4rkt und den Zweiflern den Weg zu ihr weist. Selbst die Natur, die in diesen Tagen zu neuem Leben erwacht, zeugt von der Auferstehung. Obwohl die Osterwoche, die wie ein einziger gro\u00dfer und feierlicher Tag verging, zu Ende gegangen ist, dauert die Osterfeier noch an. Ostern ist ein vierzigt\u00e4giges Fest. Alle Ostergottesdienste sind ganz au\u00dfergew\u00f6hnliche Gottesdienste. Es ist unm\u00f6glich f\u00fcr diejenigen, die den Herrn lieben, die an Seiner Auferstehung teilhaben, in diesen Tagen nicht im Gotteshaus zu sein.<\/p>\n<p style=\"padding-left: 40px;\">Der heutige Sonntag wird \u201eAntipas&#8217;cha\u201c genannt. Die Heilige Kirche erneuert in unserer Erinnerung das Ereignis der Auferstehung Christi und widmet diesen Tag dem Apostel Thomas. Und hier ist der Grund daf\u00fcr. F\u00fcr Thomas, der am Tag der Erscheinung des auferstandenen Herrn nicht unter den Aposteln war, reichten die Zeugnisse der anderen Apostel, dass sie Ihn auferstanden gesehen hatten, nicht aus. Thomas wollte sich mit eigenen Augen davon \u00fcberzeugen. Seinem Unglauben lag die Suche nach der Wahrheit zugrunde, denn er war zutiefst davon \u00fcberzeugt, dass \u201ewenn Christus nicht auferstanden ist, unsere Verk\u00fcndigung leer und euer Glaube sinnlos ist\u201c (1 Kor 15,14). Die Worte \u201eWenn ich nicht sehe \u2026 werde ich nicht glauben\u201c h\u00f6rt man, Br\u00fcder und Schwestern, st\u00e4ndig. Aber in der Regel werden sie von Menschen ausgesprochen, die selbst nicht nach Gott suchen, nicht nach der Wahrheit suchen. Solchen Menschen wird der Herr niemals erscheinen. \u201eDer Herr erschien dem Thomas\u201c, sagt der Ausleger, \u201eweil dieser f\u00fcr sich endg\u00fcltig beschlossen hatte: Wenn Jesus nicht da ist, gibt es keinen Sinn mehr zu leben.\u201c<\/p>\n<p style=\"padding-left: 40px;\">Der Herr z\u00f6gerte nicht, seinem J\u00fcnger den Beweis zu liefern, wie wir aus der Evangeliumslesung geh\u00f6rt haben. Am achten Tag nach der Auferstehung erschien der Herr erneut den Aposteln, als sie alle beisammen waren, auch Thomas. Die T\u00fcren waren wie zuvor aus Furcht vor den Juden verschlossen. Die Apostel sahen den Herrn in ihrer Mitte stehen. \u201eFriede sei mit euch\u201c, \u2013 sagte Er zu ihnen. Dann wandte Er sich an Thomas und bot ihm an, was dieser w\u00fcnschte. \u201eDu wolltest mich sehen und ber\u00fchren, so sieh und ber\u00fchre! Wolltest du die Wunden an meinen H\u00e4nden ber\u00fchren? Sieh meine H\u00e4nde an, strecke deine Hand aus und lege sie in meine Seite; und sei kein Ungl\u00e4ubiger, sondern ein Gl\u00e4ubiger\u201c (Joh 20,26\u201327). Als er die Wunden des Erl\u00f6sers ber\u00fchrte, rief der J\u00fcnger Christi aus: \u201eMein Herr und mein Gott!\u201c (Joh 20,28).<\/p>\n<p style=\"padding-left: 40px;\">Die Kirchenlieder bezeichnen den Unglauben des Thomas als guten Unglauben. Denn der Apostel Thomas wollte sich klar davon \u00fcberzeugen, dass Christus auferstanden war. Noch vor wenigen Tagen, als der Herr auf dem Weg nach Jerusalem zu seinem freiwilligen Leiden und Kreuz war, sagte er zu den J\u00fcngern, dass Lazarus gestorben sei. Thomas sagte damals, sozusagen im Namen aller Apostel: \u201eLass uns gehen, damit wir mit ihm sterben\u201c (Joh 11,16). Er sagte dies, weil er glaubte, dass \u201eder Herr auch Tote auferwecken kann\u201c (Hebr 11,19). Nun aber wollte Thomas sich pers\u00f6nlich von der Wahrheit Seiner Auferstehung von den Toten \u00fcberzeugen. Das Herz und die Gef\u00fchle des Thomas erhielten eine Antwort von der Wahrheit selbst: Er sah den auferstandenen Christus und wurde von Freude erf\u00fcllt; er brauchte nichts mehr. Er war nun bereit, Christus nicht nur so nachzufolgen, wie er es w\u00e4hrend seines irdischen Lebens getan hatte, sondern auch f\u00fcr Christus zu sterben. Und so geschah es auch. Der Apostel Thomas verk\u00fcndete das Wort Gottes in Pal\u00e4stina, \u00c4thiopien und Indien und bezeugte seine Treue zu Christus durch das M\u00e4rtyrertod: Er wurde ins Gef\u00e4ngnis geworfen, dann gefoltert und schlie\u00dflich mit Speeren durchbohrt.<\/p>\n<p style=\"padding-left: 40px;\">Was hat das heutige Ereignis mit uns zu tun, Br\u00fcder und Schwestern? Einen ganz unmittelbaren Bezug. Als Antwort auf das Bekenntnis des Thomas segnete der Herr \u201edie, die nicht gesehen haben und doch glauben\u201c (Joh 20,29). Der Herr gedachte uns aller, die wir Ihn nicht mit leiblichen Augen gesehen haben, aber an die unumst\u00f6\u00dfliche Wahrheit Seiner Auferstehung glauben. Selig sind diejenigen, die den Herrn von ganzem Herzen annehmen, die Seine N\u00e4he sp\u00fcren, die den Sinn ihres Lebens mit dem Glauben an den Herrn und dem Dienst an Ihm verbinden. \u201eWer in Christus, im Dienst an Ihm und in der Nachfolge von Ihm den Halt seines Lebens gefunden hat, der wird von Kraft erf\u00fcllt, und keine Sorgen und Pr\u00fcfungen k\u00f6nnen ihn ersch\u00fcttern\u201c, \u2013 sagte einmal ein Asket. In Momenten, in denen der Glaube in uns erkalte, in denen sich Zweifel einschleichen oder das Herz verh\u00e4rtet, die uns wie Wellen im Leben \u00fcberrollen k\u00f6nnen, wollen wir das Evangelium aufschlagen, wo Augenzeugen alles niedergeschrieben haben, was sie vom Herrn geh\u00f6rt und mit eigenen Augen gesehen haben. Zusammen mit Thomas und den anderen Aposteln wollen wir glauben, dass Jesus der Christus ist, der Sohn Gottes, und durch diesen Glauben das ewige Leben in seinem Namen haben (Joh 20,31). Amen.\u201c<\/p>\n<p>Nach Beendigung der Liturgie fand eine Prozession um die Kirche statt, und der Erzdiakon verk\u00fcndete das \u201eAuf viele Jahre\u201c f\u00fcr den heiligsten Patriarchen von Moskau und ganz Russland, Kyrill, und f\u00fcr das gesamte geheiligte Konzil.<\/p>\n<p>Zum Abschluss gratulierte Erzbischof Tichon dem Klerus und den Gemeindemitgliedern der Kathedrale zum Fest des Heiligen Osterfestes und zum Fest der Kathedrale. Allen Teilnehmern des Gottesdienstes wurde ein festliches Mahl angeboten.<\/p>","protected":false},"excerpt":{"rendered":"<p>Am 19. April 2026, am Sonntag nach Ostern, dem Fest des Apostels Thomas, dem Antipas\u2018cha-Tag, hielt Erzbischof Tichon von Ruza, Leiter der Di\u00f6zese von Berlin und Deutschland, die G\u00f6ttliche Liturgie in der Auferstehungskathedrale in Berlin.<\/p>\n","protected":false},"author":150,"featured_media":43972,"comment_status":"open","ping_status":"closed","sticky":false,"template":"","format":"standard","meta":{"_acf_changed":false,"_jetpack_memberships_contains_paid_content":false,"footnotes":""},"categories":[21,16],"tags":[],"class_list":["post-44012","post","type-post","status-publish","format-standard","has-post-thumbnail","hentry","category-aktuell","category-eparh_news"],"acf":[],"yoast_head":"<!-- This site is optimized with the Yoast SEO plugin v24.9 - https:\/\/yoast.com\/wordpress\/plugins\/seo\/ -->\n<title>Am Sonntag nach Ostern feierte Erzbischof Tichon die Liturgie in der Kathedrale der Auferstehung Christi in Berlin - Berliner Di\u00f6zese der Russischen Orthodoxen Kirche (Kd\u00f6R)<\/title>\n<meta name=\"robots\" content=\"index, follow, max-snippet:-1, max-image-preview:large, max-video-preview:-1\" \/>\n<link rel=\"canonical\" href=\"https:\/\/rokmp.de\/deutsch-am-sonntag-nach-ostern-feierte-erzbischof-tichon-die-liturgie-in-der-kathedrale-der-auferstehung-christi-in-berlin\/\" \/>\n<meta property=\"og:locale\" content=\"de_DE\" \/>\n<meta property=\"og:type\" content=\"article\" \/>\n<meta property=\"og:title\" content=\"Am Sonntag nach Ostern feierte Erzbischof Tichon die Liturgie in der Kathedrale der Auferstehung Christi in Berlin - Berliner Di\u00f6zese der Russischen Orthodoxen Kirche (Kd\u00f6R)\" \/>\n<meta property=\"og:description\" content=\"[:de]Am 19. April 2026, am Sonntag nach Ostern, dem Fest des Apostels Thomas, dem Antipas\u2018cha-Tag, hielt Erzbischof Tichon von Ruza, Leiter der Di\u00f6zese von Berlin und Deutschland, die G\u00f6ttliche Liturgie in der Auferstehungskathedrale in Berlin.[:]\" \/>\n<meta property=\"og:url\" content=\"https:\/\/rokmp.de\/deutsch-am-sonntag-nach-ostern-feierte-erzbischof-tichon-die-liturgie-in-der-kathedrale-der-auferstehung-christi-in-berlin\/\" \/>\n<meta property=\"og:site_name\" content=\"Berliner Di\u00f6zese der Russischen Orthodoxen Kirche (Kd\u00f6R)\" \/>\n<meta property=\"article:published_time\" content=\"2026-04-19T14:50:21+00:00\" \/>\n<meta property=\"article:modified_time\" content=\"2026-04-23T14:52:59+00:00\" \/>\n<meta property=\"og:image\" content=\"https:\/\/rokmp.de\/wp-content\/uploads\/2026\/04\/WhatsApp-Image-2026-04-19-at-16.21.51.jpeg\" \/>\n\t<meta property=\"og:image:width\" content=\"1600\" \/>\n\t<meta property=\"og:image:height\" content=\"1200\" \/>\n\t<meta property=\"og:image:type\" content=\"image\/jpeg\" \/>\n<meta name=\"author\" content=\"priester Eugeny Murzin\" \/>\n<meta name=\"twitter:card\" content=\"summary_large_image\" \/>\n<meta name=\"twitter:label1\" content=\"Verfasst von\" \/>\n\t<meta name=\"twitter:data1\" content=\"priester Eugeny Murzin\" \/>\n\t<meta name=\"twitter:label2\" content=\"Gesch\u00e4tzte Lesezeit\" \/>\n\t<meta name=\"twitter:data2\" content=\"7\u00a0Minuten\" \/>\n<script type=\"application\/ld+json\" class=\"yoast-schema-graph\">{\"@context\":\"https:\/\/schema.org\",\"@graph\":[{\"@type\":\"WebPage\",\"@id\":\"https:\/\/rokmp.de\/deutsch-am-sonntag-nach-ostern-feierte-erzbischof-tichon-die-liturgie-in-der-kathedrale-der-auferstehung-christi-in-berlin\/\",\"url\":\"https:\/\/rokmp.de\/deutsch-am-sonntag-nach-ostern-feierte-erzbischof-tichon-die-liturgie-in-der-kathedrale-der-auferstehung-christi-in-berlin\/\",\"name\":\"Am Sonntag nach Ostern feierte Erzbischof Tichon die Liturgie in der Kathedrale der Auferstehung Christi in Berlin - Berliner Di\u00f6zese der Russischen Orthodoxen Kirche (Kd\u00f6R)\",\"isPartOf\":{\"@id\":\"https:\/\/rokmp.de\/#website\"},\"primaryImageOfPage\":{\"@id\":\"https:\/\/rokmp.de\/deutsch-am-sonntag-nach-ostern-feierte-erzbischof-tichon-die-liturgie-in-der-kathedrale-der-auferstehung-christi-in-berlin\/#primaryimage\"},\"image\":{\"@id\":\"https:\/\/rokmp.de\/deutsch-am-sonntag-nach-ostern-feierte-erzbischof-tichon-die-liturgie-in-der-kathedrale-der-auferstehung-christi-in-berlin\/#primaryimage\"},\"thumbnailUrl\":\"https:\/\/rokmp.de\/wp-content\/uploads\/2026\/04\/WhatsApp-Image-2026-04-19-at-16.21.51.jpeg\",\"datePublished\":\"2026-04-19T14:50:21+00:00\",\"dateModified\":\"2026-04-23T14:52:59+00:00\",\"author\":{\"@id\":\"https:\/\/rokmp.de\/#\/schema\/person\/1e05c7851b376b862ca66f74ee16b275\"},\"breadcrumb\":{\"@id\":\"https:\/\/rokmp.de\/deutsch-am-sonntag-nach-ostern-feierte-erzbischof-tichon-die-liturgie-in-der-kathedrale-der-auferstehung-christi-in-berlin\/#breadcrumb\"},\"inLanguage\":\"de\",\"potentialAction\":[{\"@type\":\"ReadAction\",\"target\":[\"https:\/\/rokmp.de\/deutsch-am-sonntag-nach-ostern-feierte-erzbischof-tichon-die-liturgie-in-der-kathedrale-der-auferstehung-christi-in-berlin\/\"]}]},{\"@type\":\"ImageObject\",\"inLanguage\":\"de\",\"@id\":\"https:\/\/rokmp.de\/deutsch-am-sonntag-nach-ostern-feierte-erzbischof-tichon-die-liturgie-in-der-kathedrale-der-auferstehung-christi-in-berlin\/#primaryimage\",\"url\":\"https:\/\/rokmp.de\/wp-content\/uploads\/2026\/04\/WhatsApp-Image-2026-04-19-at-16.21.51.jpeg\",\"contentUrl\":\"https:\/\/rokmp.de\/wp-content\/uploads\/2026\/04\/WhatsApp-Image-2026-04-19-at-16.21.51.jpeg\",\"width\":1600,\"height\":1200},{\"@type\":\"BreadcrumbList\",\"@id\":\"https:\/\/rokmp.de\/deutsch-am-sonntag-nach-ostern-feierte-erzbischof-tichon-die-liturgie-in-der-kathedrale-der-auferstehung-christi-in-berlin\/#breadcrumb\",\"itemListElement\":[{\"@type\":\"ListItem\",\"position\":1,\"name\":\"\u0413\u043b\u0430\u0432\u043d\u0430\u044f \u0441\u0442\u0440\u0430\u043d\u0438\u0446\u0430\",\"item\":\"https:\/\/rokmp.de\/\"},{\"@type\":\"ListItem\",\"position\":2,\"name\":\"(Deutsch) Am Sonntag nach Ostern feierte Erzbischof Tichon die Liturgie in der Kathedrale der Auferstehung Christi in Berlin\"}]},{\"@type\":\"WebSite\",\"@id\":\"https:\/\/rokmp.de\/#website\",\"url\":\"https:\/\/rokmp.de\/\",\"name\":\"Berliner Di\u00f6zese der Russischen Orthodoxen Kirche (Kd\u00f6R)\",\"description\":\"(\u0420\u0443\u0441\u0441\u043a\u0438\u0439) \u041e\u0444\u0438\u0446\u0438\u0430\u043b\u044c\u043d\u044b\u0439 \u0441\u0430\u0439\u0442 \u0420\u0443\u0441\u0441\u043a\u043e\u0439 \u041f\u0440\u0430\u0432\u043e\u0441\u043b\u0430\u0432\u043d\u043e\u0439 \u0426\u0435\u0440\u043a\u0432\u0438. \u0411\u0435\u0440\u043b\u0438\u043d\u0441\u043a\u043e-\u0413\u0435\u0440\u043c\u0430\u043d\u0441\u043a\u0430\u044f \u0435\u043f\u0430\u0440\u0445\u0438\u044f.\",\"potentialAction\":[{\"@type\":\"SearchAction\",\"target\":{\"@type\":\"EntryPoint\",\"urlTemplate\":\"https:\/\/rokmp.de\/?s={search_term_string}\"},\"query-input\":{\"@type\":\"PropertyValueSpecification\",\"valueRequired\":true,\"valueName\":\"search_term_string\"}}],\"inLanguage\":\"de\"},{\"@type\":\"Person\",\"@id\":\"https:\/\/rokmp.de\/#\/schema\/person\/1e05c7851b376b862ca66f74ee16b275\",\"name\":\"priester Eugeny Murzin\",\"image\":{\"@type\":\"ImageObject\",\"inLanguage\":\"de\",\"@id\":\"https:\/\/rokmp.de\/#\/schema\/person\/image\/\",\"url\":\"https:\/\/secure.gravatar.com\/avatar\/ab0791f77afedc1959682d928966c405d68e155dc34177d2d0970bb7906ee2ad?s=96&d=mm&r=g\",\"contentUrl\":\"https:\/\/secure.gravatar.com\/avatar\/ab0791f77afedc1959682d928966c405d68e155dc34177d2d0970bb7906ee2ad?s=96&d=mm&r=g\",\"caption\":\"priester Eugeny Murzin\"},\"sameAs\":[\"https:\/\/rokmp.de\"]}]}<\/script>\n<!-- \/ Yoast SEO plugin. -->","yoast_head_json":{"title":"Am Sonntag nach Ostern feierte Erzbischof Tichon die Liturgie in der Kathedrale der Auferstehung Christi in Berlin - Berliner Di\u00f6zese der Russischen Orthodoxen Kirche (Kd\u00f6R)","robots":{"index":"index","follow":"follow","max-snippet":"max-snippet:-1","max-image-preview":"max-image-preview:large","max-video-preview":"max-video-preview:-1"},"canonical":"https:\/\/rokmp.de\/deutsch-am-sonntag-nach-ostern-feierte-erzbischof-tichon-die-liturgie-in-der-kathedrale-der-auferstehung-christi-in-berlin\/","og_locale":"de_DE","og_type":"article","og_title":"Am Sonntag nach Ostern feierte Erzbischof Tichon die Liturgie in der Kathedrale der Auferstehung Christi in Berlin - Berliner Di\u00f6zese der Russischen Orthodoxen Kirche (Kd\u00f6R)","og_description":"[:de]Am 19. April 2026, am Sonntag nach Ostern, dem Fest des Apostels Thomas, dem Antipas\u2018cha-Tag, hielt Erzbischof Tichon von Ruza, Leiter der Di\u00f6zese von Berlin und Deutschland, die G\u00f6ttliche Liturgie in der Auferstehungskathedrale in Berlin.[:]","og_url":"https:\/\/rokmp.de\/deutsch-am-sonntag-nach-ostern-feierte-erzbischof-tichon-die-liturgie-in-der-kathedrale-der-auferstehung-christi-in-berlin\/","og_site_name":"Berliner Di\u00f6zese der Russischen Orthodoxen Kirche (Kd\u00f6R)","article_published_time":"2026-04-19T14:50:21+00:00","article_modified_time":"2026-04-23T14:52:59+00:00","og_image":[{"width":1600,"height":1200,"url":"https:\/\/rokmp.de\/wp-content\/uploads\/2026\/04\/WhatsApp-Image-2026-04-19-at-16.21.51.jpeg","type":"image\/jpeg"}],"author":"priester Eugeny Murzin","twitter_card":"summary_large_image","twitter_misc":{"Verfasst von":"priester Eugeny Murzin","Gesch\u00e4tzte Lesezeit":"7\u00a0Minuten"},"schema":{"@context":"https:\/\/schema.org","@graph":[{"@type":"WebPage","@id":"https:\/\/rokmp.de\/deutsch-am-sonntag-nach-ostern-feierte-erzbischof-tichon-die-liturgie-in-der-kathedrale-der-auferstehung-christi-in-berlin\/","url":"https:\/\/rokmp.de\/deutsch-am-sonntag-nach-ostern-feierte-erzbischof-tichon-die-liturgie-in-der-kathedrale-der-auferstehung-christi-in-berlin\/","name":"Am Sonntag nach Ostern feierte Erzbischof Tichon die Liturgie in der Kathedrale der Auferstehung Christi in Berlin - Berliner Di\u00f6zese der Russischen Orthodoxen Kirche (Kd\u00f6R)","isPartOf":{"@id":"https:\/\/rokmp.de\/#website"},"primaryImageOfPage":{"@id":"https:\/\/rokmp.de\/deutsch-am-sonntag-nach-ostern-feierte-erzbischof-tichon-die-liturgie-in-der-kathedrale-der-auferstehung-christi-in-berlin\/#primaryimage"},"image":{"@id":"https:\/\/rokmp.de\/deutsch-am-sonntag-nach-ostern-feierte-erzbischof-tichon-die-liturgie-in-der-kathedrale-der-auferstehung-christi-in-berlin\/#primaryimage"},"thumbnailUrl":"https:\/\/rokmp.de\/wp-content\/uploads\/2026\/04\/WhatsApp-Image-2026-04-19-at-16.21.51.jpeg","datePublished":"2026-04-19T14:50:21+00:00","dateModified":"2026-04-23T14:52:59+00:00","author":{"@id":"https:\/\/rokmp.de\/#\/schema\/person\/1e05c7851b376b862ca66f74ee16b275"},"breadcrumb":{"@id":"https:\/\/rokmp.de\/deutsch-am-sonntag-nach-ostern-feierte-erzbischof-tichon-die-liturgie-in-der-kathedrale-der-auferstehung-christi-in-berlin\/#breadcrumb"},"inLanguage":"de","potentialAction":[{"@type":"ReadAction","target":["https:\/\/rokmp.de\/deutsch-am-sonntag-nach-ostern-feierte-erzbischof-tichon-die-liturgie-in-der-kathedrale-der-auferstehung-christi-in-berlin\/"]}]},{"@type":"ImageObject","inLanguage":"de","@id":"https:\/\/rokmp.de\/deutsch-am-sonntag-nach-ostern-feierte-erzbischof-tichon-die-liturgie-in-der-kathedrale-der-auferstehung-christi-in-berlin\/#primaryimage","url":"https:\/\/rokmp.de\/wp-content\/uploads\/2026\/04\/WhatsApp-Image-2026-04-19-at-16.21.51.jpeg","contentUrl":"https:\/\/rokmp.de\/wp-content\/uploads\/2026\/04\/WhatsApp-Image-2026-04-19-at-16.21.51.jpeg","width":1600,"height":1200},{"@type":"BreadcrumbList","@id":"https:\/\/rokmp.de\/deutsch-am-sonntag-nach-ostern-feierte-erzbischof-tichon-die-liturgie-in-der-kathedrale-der-auferstehung-christi-in-berlin\/#breadcrumb","itemListElement":[{"@type":"ListItem","position":1,"name":"\u0413\u043b\u0430\u0432\u043d\u0430\u044f \u0441\u0442\u0440\u0430\u043d\u0438\u0446\u0430","item":"https:\/\/rokmp.de\/"},{"@type":"ListItem","position":2,"name":"(Deutsch) Am Sonntag nach Ostern feierte Erzbischof Tichon die Liturgie in der Kathedrale der Auferstehung Christi in Berlin"}]},{"@type":"WebSite","@id":"https:\/\/rokmp.de\/#website","url":"https:\/\/rokmp.de\/","name":"Berliner Di\u00f6zese der Russischen Orthodoxen Kirche (Kd\u00f6R)","description":"(\u0420\u0443\u0441\u0441\u043a\u0438\u0439) \u041e\u0444\u0438\u0446\u0438\u0430\u043b\u044c\u043d\u044b\u0439 \u0441\u0430\u0439\u0442 \u0420\u0443\u0441\u0441\u043a\u043e\u0439 \u041f\u0440\u0430\u0432\u043e\u0441\u043b\u0430\u0432\u043d\u043e\u0439 \u0426\u0435\u0440\u043a\u0432\u0438. \u0411\u0435\u0440\u043b\u0438\u043d\u0441\u043a\u043e-\u0413\u0435\u0440\u043c\u0430\u043d\u0441\u043a\u0430\u044f \u0435\u043f\u0430\u0440\u0445\u0438\u044f.","potentialAction":[{"@type":"SearchAction","target":{"@type":"EntryPoint","urlTemplate":"https:\/\/rokmp.de\/?s={search_term_string}"},"query-input":{"@type":"PropertyValueSpecification","valueRequired":true,"valueName":"search_term_string"}}],"inLanguage":"de"},{"@type":"Person","@id":"https:\/\/rokmp.de\/#\/schema\/person\/1e05c7851b376b862ca66f74ee16b275","name":"priester Eugeny Murzin","image":{"@type":"ImageObject","inLanguage":"de","@id":"https:\/\/rokmp.de\/#\/schema\/person\/image\/","url":"https:\/\/secure.gravatar.com\/avatar\/ab0791f77afedc1959682d928966c405d68e155dc34177d2d0970bb7906ee2ad?s=96&d=mm&r=g","contentUrl":"https:\/\/secure.gravatar.com\/avatar\/ab0791f77afedc1959682d928966c405d68e155dc34177d2d0970bb7906ee2ad?s=96&d=mm&r=g","caption":"priester Eugeny Murzin"},"sameAs":["https:\/\/rokmp.de"]}]}},"jetpack_featured_media_url":"https:\/\/rokmp.de\/wp-content\/uploads\/2026\/04\/WhatsApp-Image-2026-04-19-at-16.21.51.jpeg","jetpack_sharing_enabled":true,"_links":{"self":[{"href":"https:\/\/rokmp.de\/de\/wp-json\/wp\/v2\/posts\/44012","targetHints":{"allow":["GET"]}}],"collection":[{"href":"https:\/\/rokmp.de\/de\/wp-json\/wp\/v2\/posts"}],"about":[{"href":"https:\/\/rokmp.de\/de\/wp-json\/wp\/v2\/types\/post"}],"author":[{"embeddable":true,"href":"https:\/\/rokmp.de\/de\/wp-json\/wp\/v2\/users\/150"}],"replies":[{"embeddable":true,"href":"https:\/\/rokmp.de\/de\/wp-json\/wp\/v2\/comments?post=44012"}],"version-history":[{"count":1,"href":"https:\/\/rokmp.de\/de\/wp-json\/wp\/v2\/posts\/44012\/revisions"}],"predecessor-version":[{"id":44013,"href":"https:\/\/rokmp.de\/de\/wp-json\/wp\/v2\/posts\/44012\/revisions\/44013"}],"wp:featuredmedia":[{"embeddable":true,"href":"https:\/\/rokmp.de\/de\/wp-json\/wp\/v2\/media\/43972"}],"wp:attachment":[{"href":"https:\/\/rokmp.de\/de\/wp-json\/wp\/v2\/media?parent=44012"}],"wp:term":[{"taxonomy":"category","embeddable":true,"href":"https:\/\/rokmp.de\/de\/wp-json\/wp\/v2\/categories?post=44012"},{"taxonomy":"post_tag","embeddable":true,"href":"https:\/\/rokmp.de\/de\/wp-json\/wp\/v2\/tags?post=44012"}],"curies":[{"name":"wp","href":"https:\/\/api.w.org\/{rel}","templated":true}]}}