{"id":44014,"date":"2026-04-21T17:53:04","date_gmt":"2026-04-21T14:53:04","guid":{"rendered":"https:\/\/rokmp.de\/?p=44014"},"modified":"2026-04-23T17:54:37","modified_gmt":"2026-04-23T14:54:37","slug":"deutsch-am-radonitsa-tag-hielt-erzbischof-tichon-eine-liturgie-und-eine-gedenkmesse-in-der-kirche-der-heiligen-konstantin-und-helena-auf-dem-russischen-friedhof-in-tegel","status":"publish","type":"post","link":"https:\/\/rokmp.de\/de\/deutsch-am-radonitsa-tag-hielt-erzbischof-tichon-eine-liturgie-und-eine-gedenkmesse-in-der-kirche-der-heiligen-konstantin-und-helena-auf-dem-russischen-friedhof-in-tegel\/","title":{"rendered":"Am Radonitsa-Tag hielt Erzbischof Tichon eine Liturgie und eine Gedenkmesse in der Kirche der Heiligen Konstantin und Helena auf dem russischen Friedhof in Tegel"},"content":{"rendered":"<p>Am 21. April 2026, einem Dienstag der 2. Woche nach Ostern, dem Radonitsa-Tag, hielt Erzbischof Tichon von Ruza, Leiter der Di\u00f6zese von Berlin und Deutschland, die G\u00f6ttliche Liturgie und das \u00f6sterliche Gedenken an die Verstorbenen in der Kirche der Heiligen Konstantin und Helena auf dem russisch-orthodoxen Friedhof in Tegel (Berlin).<\/p>\n<p>Seiner Eminenz konzelebrierten der Sekret\u00e4r der Di\u00f6zese Erzpriester Michail Divakov, der Pfarrer der Kirche Erzpriester Sergij Silaganow, Erzdiakon Archil Chkhikvadze und Diakon Rostislav Ustimenko.<\/p>\n<p>An dem Gottesdienst nahmen Gl\u00e4ubige aus den Berliner Gemeinden teil.<\/p>\n<p>Nach dem Kommunionvers wandte sich Erzbischof Tichon mit einer Ansprache an die Gemeindemitglieder \u00fcber die Bedeutung der Auferstehung Christi f\u00fcr die im Glauben und in der Hoffnung auf das ewige Leben verstorbenen orthodoxen Christen:<\/p>\n<p style=\"padding-left: 40px;\">\u201eIm Namen des Vaters und des Sohnes und des Heiligen Geistes.<\/p>\n<p style=\"padding-left: 40px;\">Christus ist auferstanden!<\/p>\n<p style=\"padding-left: 40px;\">Durch Gottes Gnade, Br\u00fcder und Schwestern, ist es uns zuteil geworden, das strahlende und freudige Fest der Auferstehung Christi zu begehen. Unmerklich wie ein einziger Tag geistlicher Feier ist die Osterwoche vergangen, in der wir einander mit dem freudigen Gru\u00df \u201eChristus ist auferstanden!\u201c begl\u00fcckw\u00fcnscht haben. Heute ruft die Kirche ihre Kinder dazu auf, ein Gebet f\u00fcr die Verstorbenen zu sprechen, f\u00fcr unsere Angeh\u00f6rigen und Nahestehenden, f\u00fcr alle, die im Glauben und in der Hoffnung auf das ewige Leben entschlafen sind.<\/p>\n<p style=\"padding-left: 40px;\">Seit apostolischen Zeiten hat die Kirche festgelegt, am Dienstag der Thomaswoche ein Gedenkgottesdienst f\u00fcr die Verstorbenen zu feiern, und diesen Feiertag Radonitsa genannt, was \u201eTag der Freude\u201c bedeutet. Nach den Worten des Heiligen Johannes Chrysostomos ist dies \u201eeine apostolische Einrichtung und eine Anordnung des Heiligen Geistes\u201c. An Radonitsa kommen wir zum Gottesdienst in die Kirche, reichen Gebetszettel ein, z\u00fcnden Kerzen an und besuchen nach der Liturgie die Gr\u00e4ber unserer Angeh\u00f6rigen und Nahestehenden. Die Verstorbenen an den Elternsamstagen im Gebet zu ehren, bedeutet, der christlichen Liebe ihre Schuld zu erweisen, die mit dem \u00dcbergang in die Ewigkeit nicht endet.<\/p>\n<p style=\"padding-left: 40px;\">Erf\u00fcllt von \u00f6sterlicher Freude kommen wir am Radonitsa-Tag zu den Verstorbenen, um ihnen die frohe Botschaft von der Auferstehung Christi, vom Sieg des Herrn Jesus Christus \u00fcber den Tod zu verk\u00fcnden und uns gemeinsam mit ihnen zu freuen. \u201eChristus ist auferstanden\u201c, sagt der Lehrer der Welt, \u201eund der Tod ist besiegt. Christus ist auferstanden, und das Leben wohnt\u2026 Wo ist dein Stachel, Tod? Wo ist dein Sieg, H\u00f6lle?\u201c Christus ist auferstanden, und seine Auferstehung war f\u00fcr alle ein Trost, dass der Tag kommen wird, an dem \u201edie Toten auferstehen und die in den Gr\u00e4bern Liegen sich erheben, und alle, die auf Erden geboren sind, sich freuen werden\u201c.<\/p>\n<p style=\"padding-left: 40px;\">Dass die Freude \u00fcber die Auferstehung Christi nicht nur von den Lebenden, sondern auch von den Verstorbenen geteilt wird, bezeugt der folgende Vorfall, der sich im 15. Jahrhundert in der Kiewer H\u00f6hlenkloster-Lawra ereignete. Am Tag des Heiligen Osterfestes kam der Priester Dionysius in die H\u00f6hlen, in denen die M\u00f6nche begraben sind, und rief, w\u00e4hrend er Weihrauch schwang, in einem Anflug von Gef\u00fchls\u00fcberfluss aus: \u201eHeilige V\u00e4ter und Br\u00fcder! Heute ist ein gro\u00dfer Tag, Christus ist auferstanden!\u201c Und sogleich antwortete ihm von allen heiligen Reliquien eine Stimme, stark wie Donner: \u201eWahrhaftig, er ist auferstanden!\u201c Dieses Beispiel soll uns dazu inspirieren, f\u00fcr die Verstorbenen zu beten und daran zu denken, dass bei Gott alle leben (Lk 20,38).<\/p>\n<p style=\"padding-left: 40px;\">Die Verstorbenen freuen sich, Br\u00fcder und Schwestern, wenn auf Erden f\u00fcr sie gebetet wird, und sie trauern, wenn man sie vergisst. Ein heiliger Asket sagte: \u201eEin Mensch ist edel, wenn er sich um die Lebenden k\u00fcmmert. Mehr als edel ist ein Mensch, wenn er sich um die Toten k\u00fcmmert.\u201c Lasst uns daran denken, dass das Schicksal der Verstorbenen in vielerlei Hinsicht von uns Lebenden abh\u00e4ngt, von unserem Glauben und unseren inbr\u00fcnstigen Gebeten zu Gott. Lasst uns nun das Buch unserer Erinnerung aufschlagen, die Synodika und Zettel mit den Namen unserer geliebten Angeh\u00f6rigen und Freunde zur Hand nehmen und beten, dass der auferstandene Herr sie bei den Heiligen ruhen lasse und uns allen das Himmelreich schenke. Amen.\u201c<\/p>\n<p>Nach Beendigung der Liturgie hielt der amtierende Bischof im Mitdienst des Klerus eine Gedenkmesse an den Gr\u00e4bern von Erzbischof Theophan (Galinski), Erzpriester Sergius Polozhenski, Erzpriester Grigori Prozorov, Hieroschemam\u00f6nch Raphael (Kronstadt), des Erzpriesters Grigori Prozorov, des Erzdiakons Christophoros, des Diakons Roman Dumler, des Diakons Viktor Popov, des Hypodiakons Gleb Rara sowie weiterer Geistlicher und Gemeindemitglieder der Kirchen der Di\u00f6zese.<\/p>\n<p>Nach Beendigung der Gedenkmesse gratulierte Erzbischof Tikhon dem Kirchenvorsteher, dem Erzpriester Sergius Silaganow, zu seinem 60. Geburtstag, den er am 31. M\u00e4rz gefeiert hatte, verlas eine Gl\u00fcckwunschbotschaft des Klerus und der Laien der Berliner und Deutschen Di\u00f6zese und \u00fcberreichte ihm einen Blumenstrau\u00df.<\/p>\n<p>Allen Teilnehmern des gemeinsamen Gebets wurde ein festliches Gedenkmahl angeboten, vor dessen Beginn Erzbischof Tichon den neuen Grabstein \u00fcber dem Grab der Nonne Maria (Bogoslawskaja-Roggan), einer S\u00e4ngerin der Auferstehungskathedrale in Berlin, segnete.<\/p>","protected":false},"excerpt":{"rendered":"<p>Am 21. April 2026, einem Dienstag der 2. Woche nach Ostern, dem Radonitsa-Tag, hielt Erzbischof Tichon von Ruza, Leiter der Di\u00f6zese von Berlin und Deutschland, die G\u00f6ttliche Liturgie und das \u00f6sterliche Gedenken an die Verstorbenen in der Kirche der Heiligen Konstantin und Helena auf dem russisch-orthodoxen Friedhof in Tegel (Berlin).<\/p>\n","protected":false},"author":150,"featured_media":43998,"comment_status":"open","ping_status":"closed","sticky":false,"template":"","format":"standard","meta":{"_acf_changed":false,"_jetpack_memberships_contains_paid_content":false,"footnotes":""},"categories":[21,16],"tags":[],"class_list":["post-44014","post","type-post","status-publish","format-standard","has-post-thumbnail","hentry","category-aktuell","category-eparh_news"],"acf":[],"yoast_head":"<!-- This site is optimized with the Yoast SEO plugin v24.9 - https:\/\/yoast.com\/wordpress\/plugins\/seo\/ -->\n<title>Am Radonitsa-Tag hielt Erzbischof Tichon eine Liturgie und eine Gedenkmesse in der Kirche der Heiligen Konstantin und Helena auf dem russischen Friedhof in Tegel - Berliner Di\u00f6zese der Russischen Orthodoxen Kirche (Kd\u00f6R)<\/title>\n<meta name=\"robots\" content=\"index, follow, max-snippet:-1, max-image-preview:large, max-video-preview:-1\" \/>\n<link rel=\"canonical\" href=\"https:\/\/rokmp.de\/deutsch-am-radonitsa-tag-hielt-erzbischof-tichon-eine-liturgie-und-eine-gedenkmesse-in-der-kirche-der-heiligen-konstantin-und-helena-auf-dem-russischen-friedhof-in-tegel\/\" \/>\n<meta property=\"og:locale\" content=\"de_DE\" \/>\n<meta property=\"og:type\" content=\"article\" \/>\n<meta property=\"og:title\" content=\"Am Radonitsa-Tag hielt Erzbischof Tichon eine Liturgie und eine Gedenkmesse in der Kirche der Heiligen Konstantin und Helena auf dem russischen Friedhof in Tegel - Berliner Di\u00f6zese der Russischen Orthodoxen Kirche (Kd\u00f6R)\" \/>\n<meta property=\"og:description\" content=\"[:de]Am 21. April 2026, einem Dienstag der 2. Woche nach Ostern, dem Radonitsa-Tag, hielt Erzbischof Tichon von Ruza, Leiter der Di\u00f6zese von Berlin und Deutschland, die G\u00f6ttliche Liturgie und das \u00f6sterliche Gedenken an die Verstorbenen in der Kirche der Heiligen Konstantin und Helena auf dem russisch-orthodoxen Friedhof in Tegel (Berlin).[:]\" \/>\n<meta property=\"og:url\" content=\"https:\/\/rokmp.de\/deutsch-am-radonitsa-tag-hielt-erzbischof-tichon-eine-liturgie-und-eine-gedenkmesse-in-der-kirche-der-heiligen-konstantin-und-helena-auf-dem-russischen-friedhof-in-tegel\/\" \/>\n<meta property=\"og:site_name\" content=\"Berliner Di\u00f6zese der Russischen Orthodoxen Kirche (Kd\u00f6R)\" \/>\n<meta property=\"article:published_time\" content=\"2026-04-21T14:53:04+00:00\" \/>\n<meta property=\"article:modified_time\" content=\"2026-04-23T14:54:37+00:00\" \/>\n<meta property=\"og:image\" content=\"https:\/\/rokmp.de\/wp-content\/uploads\/2026\/04\/WhatsApp-Image-2026-04-21-at-16.59.30.jpeg\" \/>\n\t<meta property=\"og:image:width\" content=\"1600\" \/>\n\t<meta property=\"og:image:height\" content=\"1200\" \/>\n\t<meta property=\"og:image:type\" content=\"image\/jpeg\" \/>\n<meta name=\"author\" content=\"priester Eugeny Murzin\" \/>\n<meta name=\"twitter:card\" content=\"summary_large_image\" \/>\n<meta name=\"twitter:label1\" content=\"Verfasst von\" \/>\n\t<meta name=\"twitter:data1\" content=\"priester Eugeny Murzin\" \/>\n\t<meta name=\"twitter:label2\" content=\"Gesch\u00e4tzte Lesezeit\" \/>\n\t<meta name=\"twitter:data2\" content=\"5\u00a0Minuten\" \/>\n<script type=\"application\/ld+json\" class=\"yoast-schema-graph\">{\"@context\":\"https:\/\/schema.org\",\"@graph\":[{\"@type\":\"WebPage\",\"@id\":\"https:\/\/rokmp.de\/deutsch-am-radonitsa-tag-hielt-erzbischof-tichon-eine-liturgie-und-eine-gedenkmesse-in-der-kirche-der-heiligen-konstantin-und-helena-auf-dem-russischen-friedhof-in-tegel\/\",\"url\":\"https:\/\/rokmp.de\/deutsch-am-radonitsa-tag-hielt-erzbischof-tichon-eine-liturgie-und-eine-gedenkmesse-in-der-kirche-der-heiligen-konstantin-und-helena-auf-dem-russischen-friedhof-in-tegel\/\",\"name\":\"Am Radonitsa-Tag hielt Erzbischof Tichon eine Liturgie und eine Gedenkmesse in der Kirche der Heiligen Konstantin und Helena auf dem russischen Friedhof in Tegel - Berliner Di\u00f6zese der Russischen Orthodoxen Kirche (Kd\u00f6R)\",\"isPartOf\":{\"@id\":\"https:\/\/rokmp.de\/#website\"},\"primaryImageOfPage\":{\"@id\":\"https:\/\/rokmp.de\/deutsch-am-radonitsa-tag-hielt-erzbischof-tichon-eine-liturgie-und-eine-gedenkmesse-in-der-kirche-der-heiligen-konstantin-und-helena-auf-dem-russischen-friedhof-in-tegel\/#primaryimage\"},\"image\":{\"@id\":\"https:\/\/rokmp.de\/deutsch-am-radonitsa-tag-hielt-erzbischof-tichon-eine-liturgie-und-eine-gedenkmesse-in-der-kirche-der-heiligen-konstantin-und-helena-auf-dem-russischen-friedhof-in-tegel\/#primaryimage\"},\"thumbnailUrl\":\"https:\/\/rokmp.de\/wp-content\/uploads\/2026\/04\/WhatsApp-Image-2026-04-21-at-16.59.30.jpeg\",\"datePublished\":\"2026-04-21T14:53:04+00:00\",\"dateModified\":\"2026-04-23T14:54:37+00:00\",\"author\":{\"@id\":\"https:\/\/rokmp.de\/#\/schema\/person\/1e05c7851b376b862ca66f74ee16b275\"},\"breadcrumb\":{\"@id\":\"https:\/\/rokmp.de\/deutsch-am-radonitsa-tag-hielt-erzbischof-tichon-eine-liturgie-und-eine-gedenkmesse-in-der-kirche-der-heiligen-konstantin-und-helena-auf-dem-russischen-friedhof-in-tegel\/#breadcrumb\"},\"inLanguage\":\"de\",\"potentialAction\":[{\"@type\":\"ReadAction\",\"target\":[\"https:\/\/rokmp.de\/deutsch-am-radonitsa-tag-hielt-erzbischof-tichon-eine-liturgie-und-eine-gedenkmesse-in-der-kirche-der-heiligen-konstantin-und-helena-auf-dem-russischen-friedhof-in-tegel\/\"]}]},{\"@type\":\"ImageObject\",\"inLanguage\":\"de\",\"@id\":\"https:\/\/rokmp.de\/deutsch-am-radonitsa-tag-hielt-erzbischof-tichon-eine-liturgie-und-eine-gedenkmesse-in-der-kirche-der-heiligen-konstantin-und-helena-auf-dem-russischen-friedhof-in-tegel\/#primaryimage\",\"url\":\"https:\/\/rokmp.de\/wp-content\/uploads\/2026\/04\/WhatsApp-Image-2026-04-21-at-16.59.30.jpeg\",\"contentUrl\":\"https:\/\/rokmp.de\/wp-content\/uploads\/2026\/04\/WhatsApp-Image-2026-04-21-at-16.59.30.jpeg\",\"width\":1600,\"height\":1200},{\"@type\":\"BreadcrumbList\",\"@id\":\"https:\/\/rokmp.de\/deutsch-am-radonitsa-tag-hielt-erzbischof-tichon-eine-liturgie-und-eine-gedenkmesse-in-der-kirche-der-heiligen-konstantin-und-helena-auf-dem-russischen-friedhof-in-tegel\/#breadcrumb\",\"itemListElement\":[{\"@type\":\"ListItem\",\"position\":1,\"name\":\"\u0413\u043b\u0430\u0432\u043d\u0430\u044f \u0441\u0442\u0440\u0430\u043d\u0438\u0446\u0430\",\"item\":\"https:\/\/rokmp.de\/\"},{\"@type\":\"ListItem\",\"position\":2,\"name\":\"(Deutsch) Am Radonitsa-Tag hielt Erzbischof Tichon eine Liturgie und eine Gedenkmesse in der Kirche der Heiligen Konstantin und Helena auf dem russischen Friedhof in Tegel\"}]},{\"@type\":\"WebSite\",\"@id\":\"https:\/\/rokmp.de\/#website\",\"url\":\"https:\/\/rokmp.de\/\",\"name\":\"Berliner Di\u00f6zese der Russischen Orthodoxen Kirche (Kd\u00f6R)\",\"description\":\"(\u0420\u0443\u0441\u0441\u043a\u0438\u0439) \u041e\u0444\u0438\u0446\u0438\u0430\u043b\u044c\u043d\u044b\u0439 \u0441\u0430\u0439\u0442 \u0420\u0443\u0441\u0441\u043a\u043e\u0439 \u041f\u0440\u0430\u0432\u043e\u0441\u043b\u0430\u0432\u043d\u043e\u0439 \u0426\u0435\u0440\u043a\u0432\u0438. \u0411\u0435\u0440\u043b\u0438\u043d\u0441\u043a\u043e-\u0413\u0435\u0440\u043c\u0430\u043d\u0441\u043a\u0430\u044f \u0435\u043f\u0430\u0440\u0445\u0438\u044f.\",\"potentialAction\":[{\"@type\":\"SearchAction\",\"target\":{\"@type\":\"EntryPoint\",\"urlTemplate\":\"https:\/\/rokmp.de\/?s={search_term_string}\"},\"query-input\":{\"@type\":\"PropertyValueSpecification\",\"valueRequired\":true,\"valueName\":\"search_term_string\"}}],\"inLanguage\":\"de\"},{\"@type\":\"Person\",\"@id\":\"https:\/\/rokmp.de\/#\/schema\/person\/1e05c7851b376b862ca66f74ee16b275\",\"name\":\"priester Eugeny Murzin\",\"image\":{\"@type\":\"ImageObject\",\"inLanguage\":\"de\",\"@id\":\"https:\/\/rokmp.de\/#\/schema\/person\/image\/\",\"url\":\"https:\/\/secure.gravatar.com\/avatar\/ab0791f77afedc1959682d928966c405d68e155dc34177d2d0970bb7906ee2ad?s=96&d=mm&r=g\",\"contentUrl\":\"https:\/\/secure.gravatar.com\/avatar\/ab0791f77afedc1959682d928966c405d68e155dc34177d2d0970bb7906ee2ad?s=96&d=mm&r=g\",\"caption\":\"priester Eugeny Murzin\"},\"sameAs\":[\"https:\/\/rokmp.de\"]}]}<\/script>\n<!-- \/ Yoast SEO plugin. -->","yoast_head_json":{"title":"Am Radonitsa-Tag hielt Erzbischof Tichon eine Liturgie und eine Gedenkmesse in der Kirche der Heiligen Konstantin und Helena auf dem russischen Friedhof in Tegel - Berliner Di\u00f6zese der Russischen Orthodoxen Kirche (Kd\u00f6R)","robots":{"index":"index","follow":"follow","max-snippet":"max-snippet:-1","max-image-preview":"max-image-preview:large","max-video-preview":"max-video-preview:-1"},"canonical":"https:\/\/rokmp.de\/deutsch-am-radonitsa-tag-hielt-erzbischof-tichon-eine-liturgie-und-eine-gedenkmesse-in-der-kirche-der-heiligen-konstantin-und-helena-auf-dem-russischen-friedhof-in-tegel\/","og_locale":"de_DE","og_type":"article","og_title":"Am Radonitsa-Tag hielt Erzbischof Tichon eine Liturgie und eine Gedenkmesse in der Kirche der Heiligen Konstantin und Helena auf dem russischen Friedhof in Tegel - Berliner Di\u00f6zese der Russischen Orthodoxen Kirche (Kd\u00f6R)","og_description":"[:de]Am 21. April 2026, einem Dienstag der 2. Woche nach Ostern, dem Radonitsa-Tag, hielt Erzbischof Tichon von Ruza, Leiter der Di\u00f6zese von Berlin und Deutschland, die G\u00f6ttliche Liturgie und das \u00f6sterliche Gedenken an die Verstorbenen in der Kirche der Heiligen Konstantin und Helena auf dem russisch-orthodoxen Friedhof in Tegel (Berlin).[:]","og_url":"https:\/\/rokmp.de\/deutsch-am-radonitsa-tag-hielt-erzbischof-tichon-eine-liturgie-und-eine-gedenkmesse-in-der-kirche-der-heiligen-konstantin-und-helena-auf-dem-russischen-friedhof-in-tegel\/","og_site_name":"Berliner Di\u00f6zese der Russischen Orthodoxen Kirche (Kd\u00f6R)","article_published_time":"2026-04-21T14:53:04+00:00","article_modified_time":"2026-04-23T14:54:37+00:00","og_image":[{"width":1600,"height":1200,"url":"https:\/\/rokmp.de\/wp-content\/uploads\/2026\/04\/WhatsApp-Image-2026-04-21-at-16.59.30.jpeg","type":"image\/jpeg"}],"author":"priester Eugeny Murzin","twitter_card":"summary_large_image","twitter_misc":{"Verfasst von":"priester Eugeny Murzin","Gesch\u00e4tzte Lesezeit":"5\u00a0Minuten"},"schema":{"@context":"https:\/\/schema.org","@graph":[{"@type":"WebPage","@id":"https:\/\/rokmp.de\/deutsch-am-radonitsa-tag-hielt-erzbischof-tichon-eine-liturgie-und-eine-gedenkmesse-in-der-kirche-der-heiligen-konstantin-und-helena-auf-dem-russischen-friedhof-in-tegel\/","url":"https:\/\/rokmp.de\/deutsch-am-radonitsa-tag-hielt-erzbischof-tichon-eine-liturgie-und-eine-gedenkmesse-in-der-kirche-der-heiligen-konstantin-und-helena-auf-dem-russischen-friedhof-in-tegel\/","name":"Am Radonitsa-Tag hielt Erzbischof Tichon eine Liturgie und eine Gedenkmesse in der Kirche der Heiligen Konstantin und Helena auf dem russischen Friedhof in Tegel - Berliner Di\u00f6zese der Russischen Orthodoxen Kirche (Kd\u00f6R)","isPartOf":{"@id":"https:\/\/rokmp.de\/#website"},"primaryImageOfPage":{"@id":"https:\/\/rokmp.de\/deutsch-am-radonitsa-tag-hielt-erzbischof-tichon-eine-liturgie-und-eine-gedenkmesse-in-der-kirche-der-heiligen-konstantin-und-helena-auf-dem-russischen-friedhof-in-tegel\/#primaryimage"},"image":{"@id":"https:\/\/rokmp.de\/deutsch-am-radonitsa-tag-hielt-erzbischof-tichon-eine-liturgie-und-eine-gedenkmesse-in-der-kirche-der-heiligen-konstantin-und-helena-auf-dem-russischen-friedhof-in-tegel\/#primaryimage"},"thumbnailUrl":"https:\/\/rokmp.de\/wp-content\/uploads\/2026\/04\/WhatsApp-Image-2026-04-21-at-16.59.30.jpeg","datePublished":"2026-04-21T14:53:04+00:00","dateModified":"2026-04-23T14:54:37+00:00","author":{"@id":"https:\/\/rokmp.de\/#\/schema\/person\/1e05c7851b376b862ca66f74ee16b275"},"breadcrumb":{"@id":"https:\/\/rokmp.de\/deutsch-am-radonitsa-tag-hielt-erzbischof-tichon-eine-liturgie-und-eine-gedenkmesse-in-der-kirche-der-heiligen-konstantin-und-helena-auf-dem-russischen-friedhof-in-tegel\/#breadcrumb"},"inLanguage":"de","potentialAction":[{"@type":"ReadAction","target":["https:\/\/rokmp.de\/deutsch-am-radonitsa-tag-hielt-erzbischof-tichon-eine-liturgie-und-eine-gedenkmesse-in-der-kirche-der-heiligen-konstantin-und-helena-auf-dem-russischen-friedhof-in-tegel\/"]}]},{"@type":"ImageObject","inLanguage":"de","@id":"https:\/\/rokmp.de\/deutsch-am-radonitsa-tag-hielt-erzbischof-tichon-eine-liturgie-und-eine-gedenkmesse-in-der-kirche-der-heiligen-konstantin-und-helena-auf-dem-russischen-friedhof-in-tegel\/#primaryimage","url":"https:\/\/rokmp.de\/wp-content\/uploads\/2026\/04\/WhatsApp-Image-2026-04-21-at-16.59.30.jpeg","contentUrl":"https:\/\/rokmp.de\/wp-content\/uploads\/2026\/04\/WhatsApp-Image-2026-04-21-at-16.59.30.jpeg","width":1600,"height":1200},{"@type":"BreadcrumbList","@id":"https:\/\/rokmp.de\/deutsch-am-radonitsa-tag-hielt-erzbischof-tichon-eine-liturgie-und-eine-gedenkmesse-in-der-kirche-der-heiligen-konstantin-und-helena-auf-dem-russischen-friedhof-in-tegel\/#breadcrumb","itemListElement":[{"@type":"ListItem","position":1,"name":"\u0413\u043b\u0430\u0432\u043d\u0430\u044f \u0441\u0442\u0440\u0430\u043d\u0438\u0446\u0430","item":"https:\/\/rokmp.de\/"},{"@type":"ListItem","position":2,"name":"(Deutsch) Am Radonitsa-Tag hielt Erzbischof Tichon eine Liturgie und eine Gedenkmesse in der Kirche der Heiligen Konstantin und Helena auf dem russischen Friedhof in Tegel"}]},{"@type":"WebSite","@id":"https:\/\/rokmp.de\/#website","url":"https:\/\/rokmp.de\/","name":"Berliner Di\u00f6zese der Russischen Orthodoxen Kirche (Kd\u00f6R)","description":"(\u0420\u0443\u0441\u0441\u043a\u0438\u0439) \u041e\u0444\u0438\u0446\u0438\u0430\u043b\u044c\u043d\u044b\u0439 \u0441\u0430\u0439\u0442 \u0420\u0443\u0441\u0441\u043a\u043e\u0439 \u041f\u0440\u0430\u0432\u043e\u0441\u043b\u0430\u0432\u043d\u043e\u0439 \u0426\u0435\u0440\u043a\u0432\u0438. \u0411\u0435\u0440\u043b\u0438\u043d\u0441\u043a\u043e-\u0413\u0435\u0440\u043c\u0430\u043d\u0441\u043a\u0430\u044f \u0435\u043f\u0430\u0440\u0445\u0438\u044f.","potentialAction":[{"@type":"SearchAction","target":{"@type":"EntryPoint","urlTemplate":"https:\/\/rokmp.de\/?s={search_term_string}"},"query-input":{"@type":"PropertyValueSpecification","valueRequired":true,"valueName":"search_term_string"}}],"inLanguage":"de"},{"@type":"Person","@id":"https:\/\/rokmp.de\/#\/schema\/person\/1e05c7851b376b862ca66f74ee16b275","name":"priester Eugeny Murzin","image":{"@type":"ImageObject","inLanguage":"de","@id":"https:\/\/rokmp.de\/#\/schema\/person\/image\/","url":"https:\/\/secure.gravatar.com\/avatar\/ab0791f77afedc1959682d928966c405d68e155dc34177d2d0970bb7906ee2ad?s=96&d=mm&r=g","contentUrl":"https:\/\/secure.gravatar.com\/avatar\/ab0791f77afedc1959682d928966c405d68e155dc34177d2d0970bb7906ee2ad?s=96&d=mm&r=g","caption":"priester Eugeny Murzin"},"sameAs":["https:\/\/rokmp.de"]}]}},"jetpack_featured_media_url":"https:\/\/rokmp.de\/wp-content\/uploads\/2026\/04\/WhatsApp-Image-2026-04-21-at-16.59.30.jpeg","jetpack_sharing_enabled":true,"_links":{"self":[{"href":"https:\/\/rokmp.de\/de\/wp-json\/wp\/v2\/posts\/44014","targetHints":{"allow":["GET"]}}],"collection":[{"href":"https:\/\/rokmp.de\/de\/wp-json\/wp\/v2\/posts"}],"about":[{"href":"https:\/\/rokmp.de\/de\/wp-json\/wp\/v2\/types\/post"}],"author":[{"embeddable":true,"href":"https:\/\/rokmp.de\/de\/wp-json\/wp\/v2\/users\/150"}],"replies":[{"embeddable":true,"href":"https:\/\/rokmp.de\/de\/wp-json\/wp\/v2\/comments?post=44014"}],"version-history":[{"count":1,"href":"https:\/\/rokmp.de\/de\/wp-json\/wp\/v2\/posts\/44014\/revisions"}],"predecessor-version":[{"id":44015,"href":"https:\/\/rokmp.de\/de\/wp-json\/wp\/v2\/posts\/44014\/revisions\/44015"}],"wp:featuredmedia":[{"embeddable":true,"href":"https:\/\/rokmp.de\/de\/wp-json\/wp\/v2\/media\/43998"}],"wp:attachment":[{"href":"https:\/\/rokmp.de\/de\/wp-json\/wp\/v2\/media?parent=44014"}],"wp:term":[{"taxonomy":"category","embeddable":true,"href":"https:\/\/rokmp.de\/de\/wp-json\/wp\/v2\/categories?post=44014"},{"taxonomy":"post_tag","embeddable":true,"href":"https:\/\/rokmp.de\/de\/wp-json\/wp\/v2\/tags?post=44014"}],"curies":[{"name":"wp","href":"https:\/\/api.w.org\/{rel}","templated":true}]}}