{"id":7390,"date":"2015-08-20T23:48:13","date_gmt":"2015-08-20T19:48:13","guid":{"rendered":"https:\/\/www.rokmp.de\/?p=7390"},"modified":"2015-08-20T23:48:13","modified_gmt":"2015-08-20T19:48:13","slug":"deutsch-orthodoxes-padagogisches-seminar-in-bad-ems","status":"publish","type":"post","link":"https:\/\/rokmp.de\/de\/deutsch-orthodoxes-padagogisches-seminar-in-bad-ems\/","title":{"rendered":"Orthodoxes p\u00e4dagogisches Seminar in Bad Ems"},"content":{"rendered":"<p><a href=\"https:\/\/www.rokmp.de\/wp-content\/uploads\/2015\/08\/badems.jpg\" rel=\"attachment wp-att-7391\"><img loading=\"lazy\" decoding=\"async\" data-attachment-id=\"7391\" data-permalink=\"https:\/\/rokmp.de\/de\/deutsch-orthodoxes-padagogisches-seminar-in-bad-ems\/badems\/\" data-orig-file=\"https:\/\/rokmp.de\/wp-content\/uploads\/2015\/08\/badems.jpg\" data-orig-size=\"800,540\" data-comments-opened=\"1\" data-image-meta=\"{&quot;aperture&quot;:&quot;0&quot;,&quot;credit&quot;:&quot;&quot;,&quot;camera&quot;:&quot;&quot;,&quot;caption&quot;:&quot;&quot;,&quot;created_timestamp&quot;:&quot;0&quot;,&quot;copyright&quot;:&quot;&quot;,&quot;focal_length&quot;:&quot;0&quot;,&quot;iso&quot;:&quot;0&quot;,&quot;shutter_speed&quot;:&quot;0&quot;,&quot;title&quot;:&quot;&quot;,&quot;orientation&quot;:&quot;0&quot;}\" data-image-title=\"badems\" data-image-description=\"\" data-image-caption=\"\" data-medium-file=\"https:\/\/rokmp.de\/wp-content\/uploads\/2015\/08\/badems-300x203.jpg\" data-large-file=\"https:\/\/rokmp.de\/wp-content\/uploads\/2015\/08\/badems.jpg\" class=\"alignright size-medium wp-image-7391\" src=\"https:\/\/www.rokmp.de\/wp-content\/uploads\/2015\/08\/badems-300x203.jpg\" alt=\"badems\" width=\"300\" height=\"203\" srcset=\"https:\/\/rokmp.de\/wp-content\/uploads\/2015\/08\/badems-300x203.jpg 300w, https:\/\/rokmp.de\/wp-content\/uploads\/2015\/08\/badems-768x518.jpg 768w, https:\/\/rokmp.de\/wp-content\/uploads\/2015\/08\/badems.jpg 800w\" sizes=\"auto, (max-width: 300px) 100vw, 300px\" \/><\/a>In der Woche vom 2. bis zum 8 August dieses Jahres wurde in Bad Ems das \u201cP\u00e4dagogische Seminar f\u00fcr Jugendleiter\u201d durchgef\u00fchrt. Dabei haben die Teilnehmer sowohl \u00fcber den Umgang mit Kindern und Mitmenschen in orthodoxen Kinderfreizeiten, als auch im \u201cnormalen\u201d Leben gesprochen und sich mit den Aufgaben und Pflichten eines Jugendleiters auseinandergesetzt.<\/p>\n<p>Am Sonntagabend versammelten sich ca. 25 Jugendliche im Alter von 14-22 Jahren aus verschiedenen Teilen Deutschlands, u. A. aus Osnabr\u00fcck, Stuttgart, Aachen, Krefeld und Bad Ems. Das eigentliche Programm begann jedoch am n\u00e4chsten Morgen. Alle Teilnehmer inklusive der beiden Priester Vater Ilya Limberger aus Stuttgart und Vater Alexej Veselov aus Krefeld unternahmen eine Kanu-Tour mit zwei Rastpausen; somit war der erste Schritt des Kennenlernens getan. Am Abend danach wurden die ersten Kennenlernspiele gespielt, um deren Sinn und Anwendung zu lernen.<\/p>\n<p>Am Dienstag begann das Programm mit dem Film <em>The Rising Guard<\/em>, mit dem sich die Teilnehmer auseinander setzen sollten, was zum Verstehen der Rolle des Jugendleiters verhalf. Au\u00dferdem wurden alle Jugendlichen in drei Gruppen unterteilt, um f\u00fcr den n\u00e4chsten Tag ein kurzes Programm vorzubereiten. Der Zweck und das Ziel waren, das Vertrauen zwischeneinander zu st\u00e4rken, einen Teamgeist aufzubauen, neue Fertigkeiten zu lernen und nat\u00fcrlich die Beteiligten zu unterhalten. Den Abend verbrachten alle gemeinsam mit einem Spiel.<\/p>\n<p>&nbsp;<\/p>\n<p>Am drauf folgenden Tag wurden die vorbereiteten Aktivit\u00e4ten durchgef\u00fchrt. An dieser Stelle ein gro\u00dfer Dank f\u00fcr das tolle, umfangreiche und aufschlussreiche Programm von Julia Fetter.<\/p>\n<p>Am Donnerstag erz\u00e4hlte uns Vater Ilya zu den Themen Bibel und Kommunikation mit Kindern. Dabei lernten wir, dass eine \u201cNachricht\u201d immer vier Seiten hat. Sachinhalt, Appell, Beziehungs-Definition und Selbstoffenbarung. Z.B. ein Kind sagt \u201cIch bin auf dem Gehweg gest\u00fcrzt, schau mal, wie mein Knie blutet\u201d.<\/p>\n<table width=\"624\">\n<tbody>\n<tr>\n<td width=\"139\">Sachinhalt<\/td>\n<td width=\"159\">Appell<\/td>\n<td width=\"158\">Selbstoffenbarung<\/td>\n<td width=\"168\">Beziehungsdefinition<\/td>\n<\/tr>\n<tr>\n<td width=\"139\">&#8211; mein Knie blutet<\/td>\n<td width=\"159\">&#8211; bitte puste<\/p>\n<p>&#8211; ich m\u00f6chte ein Pflaster<\/p>\n<p>&#8211; ich will zum Arzt<\/p>\n<p>&#8211; ich will nicht zum Arzt<\/td>\n<td width=\"158\">&#8211; ich habe Schmerzen<\/p>\n<p>&#8211; ich habe Angst vor Blut<\/p>\n<p>&#8211; ich bin fasziniert, wie viel es bluten kann<\/td>\n<td width=\"168\">&#8211; ohne dich komme ich nicht klar<\/p>\n<p>&#8211; ich bin selbstst\u00e4ndig, ich schaffe das allein<\/td>\n<\/tr>\n<\/tbody>\n<\/table>\n<p>Noch dazu lernten die Teilnehmer etwas \u00fcber \u201cDu- und Ich-Botschaften\u201d und Aktives Zuh\u00f6ren, um f\u00fcr die Kinder in den Lagern besser da sein und auch au\u00dferhalb Schwierigkeiten entgehen zu k\u00f6nnen. Nach diesen sehr interessanten und aufschlussreichen Unterrichtseinheiten pilgerten alle Teilnehmer gemeinsam zu der Skite des Hl. Spyridon in Geilau, wo der M\u00f6nch Vater Nil \u00fcber das M\u00f6nchtum aufkl\u00e4rte und allen Anwesenden Fragen beantwortete. Anschlie\u00dfend wurde mit den M\u00f6nchen zu Abend gebetet und alle, die wollten, erhielten noch Ikonen, bevor man sich auf den Heimweg begab. Daf\u00fcr bedanken wir uns abermals bei allen aus der Skite.<\/p>\n<p>Der Freitag wurde durch das Spiel City Bound gestaltet, welches den Teilnehmern viel Freude bereitete. Auch dadurch lernte man viel, nicht nur im Bezug auf den Umgang mit fremden Menschen, sondern auch einiges \u00fcber die Stadt Bad Ems. Danke hierf\u00fcr an die P\u00e4dagogin Katharina Khorsun. Nachmittags gegen drei Uhr versammelten sich alle zu einem besonderen Ereignis. Es war die Taufe eines Teilnehmers. Bei dieser Gelegenheit noch mal herzlichen Gl\u00fcckwunsch an Elias!<\/p>\n<p>Den letzten gemeinsamen Abend lie\u00dfen alle Teilnehmer in einer abschlie\u00dfenden Diskussionsrunde ausklingen, in der jeder seine Meinung zum Seminar \u00e4u\u00dferte.<\/p>\n<p>Am Samstag r\u00e4umte man selbstverst\u00e4ndlich die Unterkunft auf und die Wege, der durch Freundschaft und Br\u00fcderlichkeit verbundenen Teilnehmer, trennten sich.<\/p>\n<p>Alles in einem ist das Seminar sehr gut verlaufen, man betete dreimal t\u00e4glich und konnte den Priestern viele Fragen stellen, die z. B. beim Essen stets bestm\u00f6glich von den Priestern beantwortet wurden, dennoch hatte man abends nach dem Programm stets Freizeit. Somit war alles sehr ausgeglichen, man konnte viel dazu lernen, wurde\u00a0 jedoch nicht mit zu vielen Informationen zugesch\u00fcttet und hatte genug Zeit unter sich zu sein.<\/p>\n<p>Wir, alle Teilnehmer m\u00f6chten unseren Dank an Vater Ilya und Vater Alexej richten, die dieses Seminar organisiert haben und nat\u00fcrlich auch an die gro\u00dfartige K\u00f6chin Irina, aber auch Vater Boris aus Bad Ems, der uns sein Gemeindehaus und seine Kirche direkt neben an zur Verf\u00fcgung gestellt hatte.<\/p>\n<p>Anschlie\u00dfend wollen wir alle Jugendliche im Alter von 14 bis 27 herzlich dazu einladen, n\u00e4chstes Jahr an diesem Seminar teilzunehmen. Es lohnt sich!!<\/p>\n<p>Natalija Podkopaj und Danil Hentschel<\/p>","protected":false},"excerpt":{"rendered":"<p>In der Woche vom 2. bis zum 8 August dieses&#8230;<\/p>\n","protected":false},"author":150,"featured_media":7391,"comment_status":"open","ping_status":"closed","sticky":false,"template":"","format":"standard","meta":{"_acf_changed":false,"_jetpack_memberships_contains_paid_content":false,"footnotes":""},"categories":[21],"tags":[],"class_list":["post-7390","post","type-post","status-publish","format-standard","has-post-thumbnail","hentry","category-aktuell"],"acf":[],"yoast_head":"<!-- This site is optimized with the Yoast SEO plugin v24.9 - https:\/\/yoast.com\/wordpress\/plugins\/seo\/ -->\n<title>Orthodoxes p\u00e4dagogisches Seminar in Bad Ems - Berliner Di\u00f6zese der Russischen Orthodoxen Kirche (Kd\u00f6R)<\/title>\n<meta name=\"robots\" content=\"index, follow, max-snippet:-1, max-image-preview:large, max-video-preview:-1\" \/>\n<link rel=\"canonical\" href=\"https:\/\/rokmp.de\/de\/deutsch-orthodoxes-padagogisches-seminar-in-bad-ems\/\" \/>\n<meta property=\"og:locale\" content=\"de_DE\" \/>\n<meta property=\"og:type\" content=\"article\" \/>\n<meta property=\"og:title\" content=\"Orthodoxes p\u00e4dagogisches Seminar in Bad Ems - Berliner Di\u00f6zese der Russischen Orthodoxen Kirche (Kd\u00f6R)\" \/>\n<meta property=\"og:description\" content=\"In der Woche vom 2. bis zum 8 August dieses...\" \/>\n<meta property=\"og:url\" content=\"https:\/\/rokmp.de\/de\/deutsch-orthodoxes-padagogisches-seminar-in-bad-ems\/\" \/>\n<meta property=\"og:site_name\" content=\"Berliner Di\u00f6zese der Russischen Orthodoxen Kirche (Kd\u00f6R)\" \/>\n<meta property=\"article:published_time\" content=\"2015-08-20T19:48:13+00:00\" \/>\n<meta property=\"og:image\" content=\"https:\/\/rokmp.de\/wp-content\/uploads\/2015\/08\/badems.jpg\" \/>\n\t<meta property=\"og:image:width\" content=\"800\" \/>\n\t<meta property=\"og:image:height\" content=\"540\" \/>\n\t<meta property=\"og:image:type\" content=\"image\/jpeg\" \/>\n<meta name=\"author\" content=\"priester Eugeny Murzin\" \/>\n<meta name=\"twitter:card\" content=\"summary_large_image\" \/>\n<meta name=\"twitter:label1\" content=\"Verfasst von\" \/>\n\t<meta name=\"twitter:data1\" content=\"priester Eugeny Murzin\" \/>\n\t<meta name=\"twitter:label2\" content=\"Gesch\u00e4tzte Lesezeit\" \/>\n\t<meta name=\"twitter:data2\" content=\"4\u00a0Minuten\" \/>\n<script type=\"application\/ld+json\" class=\"yoast-schema-graph\">{\"@context\":\"https:\/\/schema.org\",\"@graph\":[{\"@type\":\"WebPage\",\"@id\":\"https:\/\/rokmp.de\/de\/deutsch-orthodoxes-padagogisches-seminar-in-bad-ems\/\",\"url\":\"https:\/\/rokmp.de\/de\/deutsch-orthodoxes-padagogisches-seminar-in-bad-ems\/\",\"name\":\"Orthodoxes p\u00e4dagogisches Seminar in Bad Ems - Berliner Di\u00f6zese der Russischen Orthodoxen Kirche (Kd\u00f6R)\",\"isPartOf\":{\"@id\":\"https:\/\/rokmp.de\/#website\"},\"primaryImageOfPage\":{\"@id\":\"https:\/\/rokmp.de\/de\/deutsch-orthodoxes-padagogisches-seminar-in-bad-ems\/#primaryimage\"},\"image\":{\"@id\":\"https:\/\/rokmp.de\/de\/deutsch-orthodoxes-padagogisches-seminar-in-bad-ems\/#primaryimage\"},\"thumbnailUrl\":\"https:\/\/rokmp.de\/wp-content\/uploads\/2015\/08\/badems.jpg\",\"datePublished\":\"2015-08-20T19:48:13+00:00\",\"author\":{\"@id\":\"https:\/\/rokmp.de\/#\/schema\/person\/1e05c7851b376b862ca66f74ee16b275\"},\"breadcrumb\":{\"@id\":\"https:\/\/rokmp.de\/de\/deutsch-orthodoxes-padagogisches-seminar-in-bad-ems\/#breadcrumb\"},\"inLanguage\":\"de\",\"potentialAction\":[{\"@type\":\"ReadAction\",\"target\":[\"https:\/\/rokmp.de\/de\/deutsch-orthodoxes-padagogisches-seminar-in-bad-ems\/\"]}]},{\"@type\":\"ImageObject\",\"inLanguage\":\"de\",\"@id\":\"https:\/\/rokmp.de\/de\/deutsch-orthodoxes-padagogisches-seminar-in-bad-ems\/#primaryimage\",\"url\":\"https:\/\/rokmp.de\/wp-content\/uploads\/2015\/08\/badems.jpg\",\"contentUrl\":\"https:\/\/rokmp.de\/wp-content\/uploads\/2015\/08\/badems.jpg\",\"width\":800,\"height\":540},{\"@type\":\"BreadcrumbList\",\"@id\":\"https:\/\/rokmp.de\/de\/deutsch-orthodoxes-padagogisches-seminar-in-bad-ems\/#breadcrumb\",\"itemListElement\":[{\"@type\":\"ListItem\",\"position\":1,\"name\":\"\u0413\u043b\u0430\u0432\u043d\u0430\u044f \u0441\u0442\u0440\u0430\u043d\u0438\u0446\u0430\",\"item\":\"https:\/\/rokmp.de\/\"},{\"@type\":\"ListItem\",\"position\":2,\"name\":\"Orthodoxes p\u00e4dagogisches Seminar in Bad Ems\"}]},{\"@type\":\"WebSite\",\"@id\":\"https:\/\/rokmp.de\/#website\",\"url\":\"https:\/\/rokmp.de\/\",\"name\":\"Berliner Di\u00f6zese der Russischen Orthodoxen Kirche (Kd\u00f6R)\",\"description\":\"(\u0420\u0443\u0441\u0441\u043a\u0438\u0439) \u041e\u0444\u0438\u0446\u0438\u0430\u043b\u044c\u043d\u044b\u0439 \u0441\u0430\u0439\u0442 \u0420\u0443\u0441\u0441\u043a\u043e\u0439 \u041f\u0440\u0430\u0432\u043e\u0441\u043b\u0430\u0432\u043d\u043e\u0439 \u0426\u0435\u0440\u043a\u0432\u0438. \u0411\u0435\u0440\u043b\u0438\u043d\u0441\u043a\u043e-\u0413\u0435\u0440\u043c\u0430\u043d\u0441\u043a\u0430\u044f \u0435\u043f\u0430\u0440\u0445\u0438\u044f.\",\"potentialAction\":[{\"@type\":\"SearchAction\",\"target\":{\"@type\":\"EntryPoint\",\"urlTemplate\":\"https:\/\/rokmp.de\/?s={search_term_string}\"},\"query-input\":{\"@type\":\"PropertyValueSpecification\",\"valueRequired\":true,\"valueName\":\"search_term_string\"}}],\"inLanguage\":\"de\"},{\"@type\":\"Person\",\"@id\":\"https:\/\/rokmp.de\/#\/schema\/person\/1e05c7851b376b862ca66f74ee16b275\",\"name\":\"priester Eugeny Murzin\",\"image\":{\"@type\":\"ImageObject\",\"inLanguage\":\"de\",\"@id\":\"https:\/\/rokmp.de\/#\/schema\/person\/image\/\",\"url\":\"https:\/\/secure.gravatar.com\/avatar\/ab0791f77afedc1959682d928966c405d68e155dc34177d2d0970bb7906ee2ad?s=96&d=mm&r=g\",\"contentUrl\":\"https:\/\/secure.gravatar.com\/avatar\/ab0791f77afedc1959682d928966c405d68e155dc34177d2d0970bb7906ee2ad?s=96&d=mm&r=g\",\"caption\":\"priester Eugeny Murzin\"},\"sameAs\":[\"https:\/\/rokmp.de\"]}]}<\/script>\n<!-- \/ Yoast SEO plugin. -->","yoast_head_json":{"title":"Orthodoxes p\u00e4dagogisches Seminar in Bad Ems - Berliner Di\u00f6zese der Russischen Orthodoxen Kirche (Kd\u00f6R)","robots":{"index":"index","follow":"follow","max-snippet":"max-snippet:-1","max-image-preview":"max-image-preview:large","max-video-preview":"max-video-preview:-1"},"canonical":"https:\/\/rokmp.de\/de\/deutsch-orthodoxes-padagogisches-seminar-in-bad-ems\/","og_locale":"de_DE","og_type":"article","og_title":"Orthodoxes p\u00e4dagogisches Seminar in Bad Ems - Berliner Di\u00f6zese der Russischen Orthodoxen Kirche (Kd\u00f6R)","og_description":"In der Woche vom 2. bis zum 8 August dieses...","og_url":"https:\/\/rokmp.de\/de\/deutsch-orthodoxes-padagogisches-seminar-in-bad-ems\/","og_site_name":"Berliner Di\u00f6zese der Russischen Orthodoxen Kirche (Kd\u00f6R)","article_published_time":"2015-08-20T19:48:13+00:00","og_image":[{"width":800,"height":540,"url":"https:\/\/rokmp.de\/wp-content\/uploads\/2015\/08\/badems.jpg","type":"image\/jpeg"}],"author":"priester Eugeny Murzin","twitter_card":"summary_large_image","twitter_misc":{"Verfasst von":"priester Eugeny Murzin","Gesch\u00e4tzte Lesezeit":"4\u00a0Minuten"},"schema":{"@context":"https:\/\/schema.org","@graph":[{"@type":"WebPage","@id":"https:\/\/rokmp.de\/de\/deutsch-orthodoxes-padagogisches-seminar-in-bad-ems\/","url":"https:\/\/rokmp.de\/de\/deutsch-orthodoxes-padagogisches-seminar-in-bad-ems\/","name":"Orthodoxes p\u00e4dagogisches Seminar in Bad Ems - Berliner Di\u00f6zese der Russischen Orthodoxen Kirche (Kd\u00f6R)","isPartOf":{"@id":"https:\/\/rokmp.de\/#website"},"primaryImageOfPage":{"@id":"https:\/\/rokmp.de\/de\/deutsch-orthodoxes-padagogisches-seminar-in-bad-ems\/#primaryimage"},"image":{"@id":"https:\/\/rokmp.de\/de\/deutsch-orthodoxes-padagogisches-seminar-in-bad-ems\/#primaryimage"},"thumbnailUrl":"https:\/\/rokmp.de\/wp-content\/uploads\/2015\/08\/badems.jpg","datePublished":"2015-08-20T19:48:13+00:00","author":{"@id":"https:\/\/rokmp.de\/#\/schema\/person\/1e05c7851b376b862ca66f74ee16b275"},"breadcrumb":{"@id":"https:\/\/rokmp.de\/de\/deutsch-orthodoxes-padagogisches-seminar-in-bad-ems\/#breadcrumb"},"inLanguage":"de","potentialAction":[{"@type":"ReadAction","target":["https:\/\/rokmp.de\/de\/deutsch-orthodoxes-padagogisches-seminar-in-bad-ems\/"]}]},{"@type":"ImageObject","inLanguage":"de","@id":"https:\/\/rokmp.de\/de\/deutsch-orthodoxes-padagogisches-seminar-in-bad-ems\/#primaryimage","url":"https:\/\/rokmp.de\/wp-content\/uploads\/2015\/08\/badems.jpg","contentUrl":"https:\/\/rokmp.de\/wp-content\/uploads\/2015\/08\/badems.jpg","width":800,"height":540},{"@type":"BreadcrumbList","@id":"https:\/\/rokmp.de\/de\/deutsch-orthodoxes-padagogisches-seminar-in-bad-ems\/#breadcrumb","itemListElement":[{"@type":"ListItem","position":1,"name":"\u0413\u043b\u0430\u0432\u043d\u0430\u044f \u0441\u0442\u0440\u0430\u043d\u0438\u0446\u0430","item":"https:\/\/rokmp.de\/"},{"@type":"ListItem","position":2,"name":"Orthodoxes p\u00e4dagogisches Seminar in Bad Ems"}]},{"@type":"WebSite","@id":"https:\/\/rokmp.de\/#website","url":"https:\/\/rokmp.de\/","name":"Berliner Di\u00f6zese der Russischen Orthodoxen Kirche (Kd\u00f6R)","description":"(\u0420\u0443\u0441\u0441\u043a\u0438\u0439) \u041e\u0444\u0438\u0446\u0438\u0430\u043b\u044c\u043d\u044b\u0439 \u0441\u0430\u0439\u0442 \u0420\u0443\u0441\u0441\u043a\u043e\u0439 \u041f\u0440\u0430\u0432\u043e\u0441\u043b\u0430\u0432\u043d\u043e\u0439 \u0426\u0435\u0440\u043a\u0432\u0438. \u0411\u0435\u0440\u043b\u0438\u043d\u0441\u043a\u043e-\u0413\u0435\u0440\u043c\u0430\u043d\u0441\u043a\u0430\u044f \u0435\u043f\u0430\u0440\u0445\u0438\u044f.","potentialAction":[{"@type":"SearchAction","target":{"@type":"EntryPoint","urlTemplate":"https:\/\/rokmp.de\/?s={search_term_string}"},"query-input":{"@type":"PropertyValueSpecification","valueRequired":true,"valueName":"search_term_string"}}],"inLanguage":"de"},{"@type":"Person","@id":"https:\/\/rokmp.de\/#\/schema\/person\/1e05c7851b376b862ca66f74ee16b275","name":"priester Eugeny Murzin","image":{"@type":"ImageObject","inLanguage":"de","@id":"https:\/\/rokmp.de\/#\/schema\/person\/image\/","url":"https:\/\/secure.gravatar.com\/avatar\/ab0791f77afedc1959682d928966c405d68e155dc34177d2d0970bb7906ee2ad?s=96&d=mm&r=g","contentUrl":"https:\/\/secure.gravatar.com\/avatar\/ab0791f77afedc1959682d928966c405d68e155dc34177d2d0970bb7906ee2ad?s=96&d=mm&r=g","caption":"priester Eugeny Murzin"},"sameAs":["https:\/\/rokmp.de"]}]}},"jetpack_featured_media_url":"https:\/\/rokmp.de\/wp-content\/uploads\/2015\/08\/badems.jpg","jetpack_sharing_enabled":true,"_links":{"self":[{"href":"https:\/\/rokmp.de\/de\/wp-json\/wp\/v2\/posts\/7390","targetHints":{"allow":["GET"]}}],"collection":[{"href":"https:\/\/rokmp.de\/de\/wp-json\/wp\/v2\/posts"}],"about":[{"href":"https:\/\/rokmp.de\/de\/wp-json\/wp\/v2\/types\/post"}],"author":[{"embeddable":true,"href":"https:\/\/rokmp.de\/de\/wp-json\/wp\/v2\/users\/150"}],"replies":[{"embeddable":true,"href":"https:\/\/rokmp.de\/de\/wp-json\/wp\/v2\/comments?post=7390"}],"version-history":[{"count":1,"href":"https:\/\/rokmp.de\/de\/wp-json\/wp\/v2\/posts\/7390\/revisions"}],"predecessor-version":[{"id":7392,"href":"https:\/\/rokmp.de\/de\/wp-json\/wp\/v2\/posts\/7390\/revisions\/7392"}],"wp:featuredmedia":[{"embeddable":true,"href":"https:\/\/rokmp.de\/de\/wp-json\/wp\/v2\/media\/7391"}],"wp:attachment":[{"href":"https:\/\/rokmp.de\/de\/wp-json\/wp\/v2\/media?parent=7390"}],"wp:term":[{"taxonomy":"category","embeddable":true,"href":"https:\/\/rokmp.de\/de\/wp-json\/wp\/v2\/categories?post=7390"},{"taxonomy":"post_tag","embeddable":true,"href":"https:\/\/rokmp.de\/de\/wp-json\/wp\/v2\/tags?post=7390"}],"curies":[{"name":"wp","href":"https:\/\/api.w.org\/{rel}","templated":true}]}}