{"id":7498,"date":"2015-09-17T12:27:02","date_gmt":"2015-09-17T08:27:02","guid":{"rendered":"https:\/\/www.rokmp.de\/de\/?p=7498"},"modified":"2015-09-17T12:27:02","modified_gmt":"2015-09-17T08:27:02","slug":"vyinos-svyatyih-moshhey-svv-bessrebrenikov-kosmyi-i-damian-v-essene","status":"publish","type":"post","link":"https:\/\/rokmp.de\/de\/vyinos-svyatyih-moshhey-svv-bessrebrenikov-kosmyi-i-damian-v-essene\/","title":{"rendered":"Wir laden euch herzlich zu einer feierlichen Andacht ein, die am 27 September 2015 um 16:00 Uhr im Dom zu Essen stattfindet"},"content":{"rendered":"<p>Liebe Br\u00fcder und Schwestern!<\/p>\n<p>Wir laden euch herzlich zu einer feierlichen Andacht ein, die am\u00a0<strong>27 September 2015<\/strong><strong>\u00a0um 16:00 Uhr im Dom zu Essen<\/strong>\u00a0stattfindet. Nach der Andacht k\u00f6nnen die Reliquien der Hll. Uneigenn\u00fctzigen Kosmas und Damian verehrt werden, diese werden nur einmal im Jahr zu \u00f6ffentlichen Verehrung aus der Domschatzkammer herausgebracht.<\/p>\n<p>Wir freuen uns, euch an diesem f\u00fcr die Gl\u00e4ubigen so wichtigem Ereignis zu sehen!<\/p>\n<p><em>Pfarrer Wiktor Aleksejew<\/em><\/p>\n<p><strong>Adresse:<\/strong><\/p>\n<p>Dom zu Essen, Burgplatz 2, 45127 Essen (<a href=\"http:\/\/www.essener-dom.de\/\">www.essener-dom.de<\/a>). Er befindet sich in der Fu\u00dfg\u00e4ngerzone unweit vom Essener Hauptbahnhof.<\/p>\n<p><strong>Kontakt:<\/strong><\/p>\n<p>Pfarrer Wiktor Aleksejew<\/p>\n<p>Internet:\u00a0<a href=\"http:\/\/www.rok-essen.de\/\">www.rok-essen.de<\/a>,<\/p>\n<p>Telefon: 0201 46963349<\/p>\n<p>E-Mail:\u00a0<a href=\"mailto:kontakt@rok-essen.de\">kontakt@rok-essen.de<\/a><\/p>\n<p><strong>Hll. Uneigenn\u00fctzige Kosmas und Damian bittet zu Gott f\u00fcr uns S\u00fcnder!<\/strong><\/p>","protected":false},"excerpt":{"rendered":"<p>Liebe Br\u00fcder und Schwestern! Wir laden euch herzlich zu einer&#8230;<\/p>\n","protected":false},"author":88,"featured_media":0,"comment_status":"open","ping_status":"closed","sticky":false,"template":"","format":"standard","meta":{"_acf_changed":false,"_jetpack_memberships_contains_paid_content":false,"footnotes":""},"categories":[21,17],"tags":[],"class_list":["post-7498","post","type-post","status-publish","format-standard","hentry","category-aktuell","category-news"],"acf":[],"yoast_head":"<!-- This site is optimized with the Yoast SEO plugin v24.9 - https:\/\/yoast.com\/wordpress\/plugins\/seo\/ -->\n<title>Wir laden euch herzlich zu einer feierlichen Andacht ein, die am 27 September 2015 um 16:00 Uhr im Dom zu Essen stattfindet - Berliner Di\u00f6zese der Russischen Orthodoxen Kirche (Kd\u00f6R)<\/title>\n<meta name=\"robots\" content=\"index, follow, max-snippet:-1, max-image-preview:large, max-video-preview:-1\" \/>\n<link rel=\"canonical\" href=\"https:\/\/rokmp.de\/de\/vyinos-svyatyih-moshhey-svv-bessrebrenikov-kosmyi-i-damian-v-essene\/\" \/>\n<meta property=\"og:locale\" content=\"de_DE\" \/>\n<meta property=\"og:type\" content=\"article\" \/>\n<meta property=\"og:title\" content=\"Wir laden euch herzlich zu einer feierlichen Andacht ein, die am 27 September 2015 um 16:00 Uhr im Dom zu Essen stattfindet - Berliner Di\u00f6zese der Russischen Orthodoxen Kirche (Kd\u00f6R)\" \/>\n<meta property=\"og:description\" content=\"Liebe Br\u00fcder und Schwestern! Wir laden euch herzlich zu einer...\" \/>\n<meta property=\"og:url\" content=\"https:\/\/rokmp.de\/de\/vyinos-svyatyih-moshhey-svv-bessrebrenikov-kosmyi-i-damian-v-essene\/\" \/>\n<meta property=\"og:site_name\" content=\"Berliner Di\u00f6zese der Russischen Orthodoxen Kirche (Kd\u00f6R)\" \/>\n<meta property=\"article:published_time\" content=\"2015-09-17T08:27:02+00:00\" \/>\n<meta name=\"author\" content=\"hamburgg\" \/>\n<meta name=\"twitter:card\" content=\"summary_large_image\" \/>\n<meta name=\"twitter:label1\" content=\"Verfasst von\" \/>\n\t<meta name=\"twitter:data1\" content=\"hamburgg\" \/>\n\t<meta name=\"twitter:label2\" content=\"Gesch\u00e4tzte Lesezeit\" \/>\n\t<meta name=\"twitter:data2\" content=\"1\u00a0Minute\" \/>\n<script type=\"application\/ld+json\" class=\"yoast-schema-graph\">{\"@context\":\"https:\/\/schema.org\",\"@graph\":[{\"@type\":\"WebPage\",\"@id\":\"https:\/\/rokmp.de\/de\/vyinos-svyatyih-moshhey-svv-bessrebrenikov-kosmyi-i-damian-v-essene\/\",\"url\":\"https:\/\/rokmp.de\/de\/vyinos-svyatyih-moshhey-svv-bessrebrenikov-kosmyi-i-damian-v-essene\/\",\"name\":\"Wir laden euch herzlich zu einer feierlichen Andacht ein, die am 27 September 2015 um 16:00 Uhr im Dom zu Essen stattfindet - Berliner Di\u00f6zese der Russischen Orthodoxen Kirche (Kd\u00f6R)\",\"isPartOf\":{\"@id\":\"https:\/\/rokmp.de\/#website\"},\"datePublished\":\"2015-09-17T08:27:02+00:00\",\"author\":{\"@id\":\"https:\/\/rokmp.de\/#\/schema\/person\/9bf921b966c2e09db99421cfc031591d\"},\"breadcrumb\":{\"@id\":\"https:\/\/rokmp.de\/de\/vyinos-svyatyih-moshhey-svv-bessrebrenikov-kosmyi-i-damian-v-essene\/#breadcrumb\"},\"inLanguage\":\"de\",\"potentialAction\":[{\"@type\":\"ReadAction\",\"target\":[\"https:\/\/rokmp.de\/de\/vyinos-svyatyih-moshhey-svv-bessrebrenikov-kosmyi-i-damian-v-essene\/\"]}]},{\"@type\":\"BreadcrumbList\",\"@id\":\"https:\/\/rokmp.de\/de\/vyinos-svyatyih-moshhey-svv-bessrebrenikov-kosmyi-i-damian-v-essene\/#breadcrumb\",\"itemListElement\":[{\"@type\":\"ListItem\",\"position\":1,\"name\":\"\u0413\u043b\u0430\u0432\u043d\u0430\u044f \u0441\u0442\u0440\u0430\u043d\u0438\u0446\u0430\",\"item\":\"https:\/\/rokmp.de\/\"},{\"@type\":\"ListItem\",\"position\":2,\"name\":\"Wir laden euch herzlich zu einer feierlichen Andacht ein, die am 27 September 2015 um 16:00 Uhr im Dom zu Essen stattfindet\"}]},{\"@type\":\"WebSite\",\"@id\":\"https:\/\/rokmp.de\/#website\",\"url\":\"https:\/\/rokmp.de\/\",\"name\":\"Berliner Di\u00f6zese der Russischen Orthodoxen Kirche (Kd\u00f6R)\",\"description\":\"(\u0420\u0443\u0441\u0441\u043a\u0438\u0439) \u041e\u0444\u0438\u0446\u0438\u0430\u043b\u044c\u043d\u044b\u0439 \u0441\u0430\u0439\u0442 \u0420\u0443\u0441\u0441\u043a\u043e\u0439 \u041f\u0440\u0430\u0432\u043e\u0441\u043b\u0430\u0432\u043d\u043e\u0439 \u0426\u0435\u0440\u043a\u0432\u0438. \u0411\u0435\u0440\u043b\u0438\u043d\u0441\u043a\u043e-\u0413\u0435\u0440\u043c\u0430\u043d\u0441\u043a\u0430\u044f \u0435\u043f\u0430\u0440\u0445\u0438\u044f.\",\"potentialAction\":[{\"@type\":\"SearchAction\",\"target\":{\"@type\":\"EntryPoint\",\"urlTemplate\":\"https:\/\/rokmp.de\/?s={search_term_string}\"},\"query-input\":{\"@type\":\"PropertyValueSpecification\",\"valueRequired\":true,\"valueName\":\"search_term_string\"}}],\"inLanguage\":\"de\"},{\"@type\":\"Person\",\"@id\":\"https:\/\/rokmp.de\/#\/schema\/person\/9bf921b966c2e09db99421cfc031591d\",\"name\":\"hamburgg\",\"image\":{\"@type\":\"ImageObject\",\"inLanguage\":\"de\",\"@id\":\"https:\/\/rokmp.de\/#\/schema\/person\/image\/\",\"url\":\"https:\/\/secure.gravatar.com\/avatar\/dc1215a2a3a47c5a72f374baf4f1f9f336fa65292ba264e5f84606e1bfde5701?s=96&d=mm&r=g\",\"contentUrl\":\"https:\/\/secure.gravatar.com\/avatar\/dc1215a2a3a47c5a72f374baf4f1f9f336fa65292ba264e5f84606e1bfde5701?s=96&d=mm&r=g\",\"caption\":\"hamburgg\"}}]}<\/script>\n<!-- \/ Yoast SEO plugin. -->","yoast_head_json":{"title":"Wir laden euch herzlich zu einer feierlichen Andacht ein, die am 27 September 2015 um 16:00 Uhr im Dom zu Essen stattfindet - Berliner Di\u00f6zese der Russischen Orthodoxen Kirche (Kd\u00f6R)","robots":{"index":"index","follow":"follow","max-snippet":"max-snippet:-1","max-image-preview":"max-image-preview:large","max-video-preview":"max-video-preview:-1"},"canonical":"https:\/\/rokmp.de\/de\/vyinos-svyatyih-moshhey-svv-bessrebrenikov-kosmyi-i-damian-v-essene\/","og_locale":"de_DE","og_type":"article","og_title":"Wir laden euch herzlich zu einer feierlichen Andacht ein, die am 27 September 2015 um 16:00 Uhr im Dom zu Essen stattfindet - Berliner Di\u00f6zese der Russischen Orthodoxen Kirche (Kd\u00f6R)","og_description":"Liebe Br\u00fcder und Schwestern! Wir laden euch herzlich zu einer...","og_url":"https:\/\/rokmp.de\/de\/vyinos-svyatyih-moshhey-svv-bessrebrenikov-kosmyi-i-damian-v-essene\/","og_site_name":"Berliner Di\u00f6zese der Russischen Orthodoxen Kirche (Kd\u00f6R)","article_published_time":"2015-09-17T08:27:02+00:00","author":"hamburgg","twitter_card":"summary_large_image","twitter_misc":{"Verfasst von":"hamburgg","Gesch\u00e4tzte Lesezeit":"1\u00a0Minute"},"schema":{"@context":"https:\/\/schema.org","@graph":[{"@type":"WebPage","@id":"https:\/\/rokmp.de\/de\/vyinos-svyatyih-moshhey-svv-bessrebrenikov-kosmyi-i-damian-v-essene\/","url":"https:\/\/rokmp.de\/de\/vyinos-svyatyih-moshhey-svv-bessrebrenikov-kosmyi-i-damian-v-essene\/","name":"Wir laden euch herzlich zu einer feierlichen Andacht ein, die am 27 September 2015 um 16:00 Uhr im Dom zu Essen stattfindet - Berliner Di\u00f6zese der Russischen Orthodoxen Kirche (Kd\u00f6R)","isPartOf":{"@id":"https:\/\/rokmp.de\/#website"},"datePublished":"2015-09-17T08:27:02+00:00","author":{"@id":"https:\/\/rokmp.de\/#\/schema\/person\/9bf921b966c2e09db99421cfc031591d"},"breadcrumb":{"@id":"https:\/\/rokmp.de\/de\/vyinos-svyatyih-moshhey-svv-bessrebrenikov-kosmyi-i-damian-v-essene\/#breadcrumb"},"inLanguage":"de","potentialAction":[{"@type":"ReadAction","target":["https:\/\/rokmp.de\/de\/vyinos-svyatyih-moshhey-svv-bessrebrenikov-kosmyi-i-damian-v-essene\/"]}]},{"@type":"BreadcrumbList","@id":"https:\/\/rokmp.de\/de\/vyinos-svyatyih-moshhey-svv-bessrebrenikov-kosmyi-i-damian-v-essene\/#breadcrumb","itemListElement":[{"@type":"ListItem","position":1,"name":"\u0413\u043b\u0430\u0432\u043d\u0430\u044f \u0441\u0442\u0440\u0430\u043d\u0438\u0446\u0430","item":"https:\/\/rokmp.de\/"},{"@type":"ListItem","position":2,"name":"Wir laden euch herzlich zu einer feierlichen Andacht ein, die am 27 September 2015 um 16:00 Uhr im Dom zu Essen stattfindet"}]},{"@type":"WebSite","@id":"https:\/\/rokmp.de\/#website","url":"https:\/\/rokmp.de\/","name":"Berliner Di\u00f6zese der Russischen Orthodoxen Kirche (Kd\u00f6R)","description":"(\u0420\u0443\u0441\u0441\u043a\u0438\u0439) \u041e\u0444\u0438\u0446\u0438\u0430\u043b\u044c\u043d\u044b\u0439 \u0441\u0430\u0439\u0442 \u0420\u0443\u0441\u0441\u043a\u043e\u0439 \u041f\u0440\u0430\u0432\u043e\u0441\u043b\u0430\u0432\u043d\u043e\u0439 \u0426\u0435\u0440\u043a\u0432\u0438. \u0411\u0435\u0440\u043b\u0438\u043d\u0441\u043a\u043e-\u0413\u0435\u0440\u043c\u0430\u043d\u0441\u043a\u0430\u044f \u0435\u043f\u0430\u0440\u0445\u0438\u044f.","potentialAction":[{"@type":"SearchAction","target":{"@type":"EntryPoint","urlTemplate":"https:\/\/rokmp.de\/?s={search_term_string}"},"query-input":{"@type":"PropertyValueSpecification","valueRequired":true,"valueName":"search_term_string"}}],"inLanguage":"de"},{"@type":"Person","@id":"https:\/\/rokmp.de\/#\/schema\/person\/9bf921b966c2e09db99421cfc031591d","name":"hamburgg","image":{"@type":"ImageObject","inLanguage":"de","@id":"https:\/\/rokmp.de\/#\/schema\/person\/image\/","url":"https:\/\/secure.gravatar.com\/avatar\/dc1215a2a3a47c5a72f374baf4f1f9f336fa65292ba264e5f84606e1bfde5701?s=96&d=mm&r=g","contentUrl":"https:\/\/secure.gravatar.com\/avatar\/dc1215a2a3a47c5a72f374baf4f1f9f336fa65292ba264e5f84606e1bfde5701?s=96&d=mm&r=g","caption":"hamburgg"}}]}},"jetpack_featured_media_url":"","jetpack_sharing_enabled":true,"_links":{"self":[{"href":"https:\/\/rokmp.de\/de\/wp-json\/wp\/v2\/posts\/7498","targetHints":{"allow":["GET"]}}],"collection":[{"href":"https:\/\/rokmp.de\/de\/wp-json\/wp\/v2\/posts"}],"about":[{"href":"https:\/\/rokmp.de\/de\/wp-json\/wp\/v2\/types\/post"}],"author":[{"embeddable":true,"href":"https:\/\/rokmp.de\/de\/wp-json\/wp\/v2\/users\/88"}],"replies":[{"embeddable":true,"href":"https:\/\/rokmp.de\/de\/wp-json\/wp\/v2\/comments?post=7498"}],"version-history":[{"count":1,"href":"https:\/\/rokmp.de\/de\/wp-json\/wp\/v2\/posts\/7498\/revisions"}],"predecessor-version":[{"id":7499,"href":"https:\/\/rokmp.de\/de\/wp-json\/wp\/v2\/posts\/7498\/revisions\/7499"}],"wp:attachment":[{"href":"https:\/\/rokmp.de\/de\/wp-json\/wp\/v2\/media?parent=7498"}],"wp:term":[{"taxonomy":"category","embeddable":true,"href":"https:\/\/rokmp.de\/de\/wp-json\/wp\/v2\/categories?post=7498"},{"taxonomy":"post_tag","embeddable":true,"href":"https:\/\/rokmp.de\/de\/wp-json\/wp\/v2\/tags?post=7498"}],"curies":[{"name":"wp","href":"https:\/\/api.w.org\/{rel}","templated":true}]}}