{"id":7685,"date":"2015-12-02T00:52:03","date_gmt":"2015-12-01T20:52:03","guid":{"rendered":"https:\/\/www.rokmp.de\/de\/?p=7685"},"modified":"2015-12-02T00:58:02","modified_gmt":"2015-12-01T20:58:02","slug":"deutsch-treffen-des-orthodoxen-forums-am-21-11-2015-in-der-verkuendigungs-st-justin-einsiedelei-in-unterufhausen","status":"publish","type":"post","link":"https:\/\/rokmp.de\/de\/deutsch-treffen-des-orthodoxen-forums-am-21-11-2015-in-der-verkuendigungs-st-justin-einsiedelei-in-unterufhausen\/","title":{"rendered":"Treffen des orthodoxen Forums am 21.11.2015 in der Verk\u00fcndigungs-St.-Justin-Einsiedelei in Unterufhausen"},"content":{"rendered":"<p>Seit 2010 gibt es im Internet eine Plattform, auf der sich Orthodoxe Gl\u00e4ubige und Nichtorthodoxe \u00fcber den orthodoxen Glauben in einem Internetforum austauschen. Ein pers\u00f6nliches Treffen von Mitgliedern und G\u00e4sten des Forums, die sich zumeist ausschlie\u00dflich vom Schreiben und Lesen im Internet kannten, fand am 21.11.2015 in der Verk\u00fcndigungs-St.-Justin-Einsiedelei in Unterufhausen statt.<\/p>\n<p>Die Einsiedelei bot einen w\u00fcrdigen Rahmen, um einerseits in gemeinsamen Gottesdiensten den Glauben miteinander zu praktizieren und andererseits in einen regen Austausch miteinander zu treten. So reisten viele der knapp 20 Mitglieder und G\u00e4ste, die aus allen Teilen Deutschlands und aus \u00d6sterreich kamen, schon am Vorabend an und nahmen an der Vigil des bevorstehenden Festes zu Ehren des Erzengels Michael und der \u00fcbrigen k\u00f6rperlosen M\u00e4chte teil. Es war f\u00fcr alle eine besondere Freude, an dem Wochenende die Gottesdienste in deutscher Sprache zu erleben. Priesterschemam\u00f6nch Justin widmete viel Zeit und Kraft den Angereisten, er erl\u00e4uterte als Mitglied der Kommission f\u00fcr die \u00dcbersetzung Liturgischer Texte die dort geleistete Arbeit und gab Ausblick auf die noch in Bearbeitung stehenden Projekte. Er erkl\u00e4rte, warum bei den \u00dcbersetzungen bestimmte Ausdrucksformen gew\u00e4hlt worden sind und, dass vor allem die Genauigkeit der \u00dcbersetzung wichtiges Kriterium bei der Zusammenstellung der deutschen Texte sei. Vater Justin ging auch ausf\u00fchrlich auf die vielen Fragen ein, die das geistliche Leben orthodoxer Christen in der heutigen Welt betreffen, seine Antworten waren eine Bereicherung f\u00fcr alle. Am Samstag, den 21.11.2015 f\u00fchrte er die Teilnehmer nach der Liturgie zum neuen Kirchenbau der Einsiedelei und zeigte ihnen den beeindruckenden Baufortschritt.<\/p>\n<div id=\"attachment_7687\" style=\"width: 310px\" class=\"wp-caption alignnone\"><a href=\"https:\/\/www.rokmp.de\/wp-content\/uploads\/2015\/12\/DSC07664a.jpg\" rel=\"attachment wp-att-7687\"><img loading=\"lazy\" decoding=\"async\" aria-describedby=\"caption-attachment-7687\" data-attachment-id=\"7687\" data-permalink=\"https:\/\/rokmp.de\/de\/deutsch-treffen-des-orthodoxen-forums-am-21-11-2015-in-der-verkuendigungs-st-justin-einsiedelei-in-unterufhausen\/dsc07664a\/\" data-orig-file=\"https:\/\/rokmp.de\/wp-content\/uploads\/2015\/12\/DSC07664a.jpg\" data-orig-size=\"640,426\" data-comments-opened=\"1\" data-image-meta=\"{&quot;aperture&quot;:&quot;0&quot;,&quot;credit&quot;:&quot;&quot;,&quot;camera&quot;:&quot;&quot;,&quot;caption&quot;:&quot;&quot;,&quot;created_timestamp&quot;:&quot;0&quot;,&quot;copyright&quot;:&quot;&quot;,&quot;focal_length&quot;:&quot;0&quot;,&quot;iso&quot;:&quot;0&quot;,&quot;shutter_speed&quot;:&quot;0&quot;,&quot;title&quot;:&quot;&quot;,&quot;orientation&quot;:&quot;0&quot;}\" data-image-title=\"DSC07664a\" data-image-description=\"&lt;p&gt;Treffen des Orthodoxen Forums&lt;\/p&gt;\n\" data-image-caption=\"&lt;p&gt;Treffen des Orthodoxen Forums&lt;\/p&gt;\n\" data-medium-file=\"https:\/\/rokmp.de\/wp-content\/uploads\/2015\/12\/DSC07664a-300x200.jpg\" data-large-file=\"https:\/\/rokmp.de\/wp-content\/uploads\/2015\/12\/DSC07664a.jpg\" class=\"wp-image-7687 size-medium\" src=\"https:\/\/www.rokmp.de\/wp-content\/uploads\/2015\/12\/DSC07664a-300x200.jpg\" alt=\"Kirchenneubau Verk\u00fcndigungs-St.-Justin-Einsiedelei in Unterufhausen\" width=\"300\" height=\"200\" srcset=\"https:\/\/rokmp.de\/wp-content\/uploads\/2015\/12\/DSC07664a-300x200.jpg 300w, https:\/\/rokmp.de\/wp-content\/uploads\/2015\/12\/DSC07664a.jpg 640w\" sizes=\"auto, (max-width: 300px) 100vw, 300px\" \/><\/a><p id=\"caption-attachment-7687\" class=\"wp-caption-text\">Kirchenneubau Verk\u00fcndigungs-St.-Justin-Einsiedelei in Unterufhausen<\/p><\/div>\n<p>Zur Zusammenkunft der Mitglieder und G\u00e4ste des Forums erl\u00e4uterte Priester Alexej Veselov (<a href=\"http:\/\/www.rok-krefeld.de\" target=\"_blank\">Russische Orthodoxe Kirchengemeinde Hl. Barbara zu Krefeld<\/a>) die Geschichte des Forums und die Projekte des Tr\u00e4gervereins <a href=\"http:\/\/www.orthodoxinfo.de\">Orthodoxinfo.de<\/a>. Denn neben dem zum Austausch vorgesehenen Forum gibt es die orthodoxe Enzyklop\u00e4die <a href=\"http:\/\/www.orthpedia.de\" target=\"_blank\">Orthpedia.de<\/a> mit vielen Artikeln zum Thema Orthodoxie, den <a href=\"http:\/\/www.orthpedia.de\/index.php\/Orthodoxer_Medienkanal\" target=\"_blank\">orthodoxen Medienkanal<\/a> mit sehr interessanten Videos und Audiointerviews \u2013 u.a. auch mit Vr. Justin zur deutschen \u00dcbersetzung der Liturgie \u2013 und die <a href=\"http:\/\/orthodoxe-bibliothek.de\/\" target=\"_blank\">orthodoxe Bibliothek<\/a> mit einer Reihe von theologischen B\u00fcchern und Zeitschriftenartikeln.<\/p>\n<p>Lektor Igor Willimowski, Administrator im Forum, ging auf die Bedeutung des Forums in der heutigen Zeit ein, in der im Internet ein immer breiteres Informationsangebot den Nutzern zur Verf\u00fcgung steht und in der die sozialen Netzwerke immer mehr Aufmerksamkeit, aber auch die pers\u00f6nlichen Daten der Nutzer dieser Netzwerke, auf sich ziehen. Das orthodoxe Forum soll auch in Zukunft eine qualitativ hochwertige, moderierte Plattform zum Austausch \u00fcber den orthodoxen Glauben bieten. Es soll f\u00fcr die Nutzer eine einfache M\u00f6glichkeit bereitstellen, Fragen zu diesem Themenkreis von anderen Nutzern und den Moderatoren des Forums beantwortet zu kommen und auf diese Art Kontakt zum orthodoxen Glauben zu erleichtern, somit auch einen missionarischen Beitrag zu leisten.<\/p>\n<p>Die meisten Teilnehmer blieben bis zum Sonntag, um an der sonnt\u00e4glichen Liturgie teilzunehmen, viele nutzten auch dies zur Beichte und zur Kommunion.<\/p>\n<p>Voller positiver Eindr\u00fccke und geistlich gest\u00e4rkt kehrten dann die Teilnehmer des Treffens in ihre Heimat zur\u00fcck. Ein herzliches Dankesch\u00f6n an Vr. Justin und die Helfer in der Einsiedelei f\u00fcr die Gastfreundschaft. Das n\u00e4chste Treffen ist f\u00fcr 2017 geplant.<\/p>\n<p>Das orthodoxe Forum kann im Internet unter <a href=\"http:\/\/www.orthodoxes-forum.de\" target=\"_blank\">http:\/\/www.orthodoxes-forum.de<\/a> besucht werden.<\/p>\n<p><div id=\"attachment_7686\" style=\"width: 310px\" class=\"wp-caption alignnone\"><a href=\"https:\/\/www.rokmp.de\/wp-content\/uploads\/2015\/12\/DSC07662b.jpg\" rel=\"attachment wp-att-7686\"><img loading=\"lazy\" decoding=\"async\" aria-describedby=\"caption-attachment-7686\" data-attachment-id=\"7686\" data-permalink=\"https:\/\/rokmp.de\/de\/deutsch-treffen-des-orthodoxen-forums-am-21-11-2015-in-der-verkuendigungs-st-justin-einsiedelei-in-unterufhausen\/dsc07662b\/\" data-orig-file=\"https:\/\/rokmp.de\/wp-content\/uploads\/2015\/12\/DSC07662b.jpg\" data-orig-size=\"640,426\" data-comments-opened=\"1\" data-image-meta=\"{&quot;aperture&quot;:&quot;0&quot;,&quot;credit&quot;:&quot;&quot;,&quot;camera&quot;:&quot;&quot;,&quot;caption&quot;:&quot;&quot;,&quot;created_timestamp&quot;:&quot;0&quot;,&quot;copyright&quot;:&quot;&quot;,&quot;focal_length&quot;:&quot;0&quot;,&quot;iso&quot;:&quot;0&quot;,&quot;shutter_speed&quot;:&quot;0&quot;,&quot;title&quot;:&quot;&quot;,&quot;orientation&quot;:&quot;0&quot;}\" data-image-title=\"DSC07662b\" data-image-description=\"&lt;p&gt;Treffen des Orthodoxen Forums&lt;\/p&gt;\n\" data-image-caption=\"&lt;p&gt;Treffen des Orthodoxen Forums&lt;\/p&gt;\n\" data-medium-file=\"https:\/\/rokmp.de\/wp-content\/uploads\/2015\/12\/DSC07662b-300x200.jpg\" data-large-file=\"https:\/\/rokmp.de\/wp-content\/uploads\/2015\/12\/DSC07662b.jpg\" class=\"size-medium wp-image-7686\" src=\"https:\/\/www.rokmp.de\/wp-content\/uploads\/2015\/12\/DSC07662b-300x200.jpg\" alt=\"Treffen des Orthodoxen Forums\" width=\"300\" height=\"200\" srcset=\"https:\/\/rokmp.de\/wp-content\/uploads\/2015\/12\/DSC07662b-300x200.jpg 300w, https:\/\/rokmp.de\/wp-content\/uploads\/2015\/12\/DSC07662b.jpg 640w\" sizes=\"auto, (max-width: 300px) 100vw, 300px\" \/><\/a><p id=\"caption-attachment-7686\" class=\"wp-caption-text\">Treffen des Orthodoxen Forums<\/p><\/div><\/p>","protected":false},"excerpt":{"rendered":"<p>Seit 2010 gibt es im Internet eine Plattform, auf der&#8230;<\/p>\n","protected":false},"author":150,"featured_media":7686,"comment_status":"open","ping_status":"closed","sticky":false,"template":"","format":"standard","meta":{"_acf_changed":false,"_jetpack_memberships_contains_paid_content":false,"footnotes":""},"categories":[21,1,17],"tags":[28,27,29],"class_list":["post-7685","post","type-post","status-publish","format-standard","has-post-thumbnail","hentry","category-aktuell","category-news-germany","category-news","tag-internet","tag-orthodoxes-forum","tag-orthpedia"],"acf":[],"yoast_head":"<!-- This site is optimized with the Yoast SEO plugin v24.9 - https:\/\/yoast.com\/wordpress\/plugins\/seo\/ -->\n<title>Treffen des orthodoxen Forums am 21.11.2015 in der Verk\u00fcndigungs-St.-Justin-Einsiedelei in Unterufhausen - Berliner Di\u00f6zese der Russischen Orthodoxen Kirche (Kd\u00f6R)<\/title>\n<meta name=\"robots\" content=\"index, follow, max-snippet:-1, max-image-preview:large, max-video-preview:-1\" \/>\n<link rel=\"canonical\" href=\"https:\/\/rokmp.de\/de\/deutsch-treffen-des-orthodoxen-forums-am-21-11-2015-in-der-verkuendigungs-st-justin-einsiedelei-in-unterufhausen\/\" \/>\n<meta property=\"og:locale\" content=\"de_DE\" \/>\n<meta property=\"og:type\" content=\"article\" \/>\n<meta property=\"og:title\" content=\"Treffen des orthodoxen Forums am 21.11.2015 in der Verk\u00fcndigungs-St.-Justin-Einsiedelei in Unterufhausen - Berliner Di\u00f6zese der Russischen Orthodoxen Kirche (Kd\u00f6R)\" \/>\n<meta property=\"og:description\" content=\"Seit 2010 gibt es im Internet eine Plattform, auf der...\" \/>\n<meta property=\"og:url\" content=\"https:\/\/rokmp.de\/de\/deutsch-treffen-des-orthodoxen-forums-am-21-11-2015-in-der-verkuendigungs-st-justin-einsiedelei-in-unterufhausen\/\" \/>\n<meta property=\"og:site_name\" content=\"Berliner Di\u00f6zese der Russischen Orthodoxen Kirche (Kd\u00f6R)\" \/>\n<meta property=\"article:published_time\" content=\"2015-12-01T20:52:03+00:00\" \/>\n<meta property=\"article:modified_time\" content=\"2015-12-01T20:58:02+00:00\" \/>\n<meta property=\"og:image\" content=\"https:\/\/rokmp.de\/wp-content\/uploads\/2015\/12\/DSC07662b.jpg\" \/>\n\t<meta property=\"og:image:width\" content=\"640\" \/>\n\t<meta property=\"og:image:height\" content=\"426\" \/>\n\t<meta property=\"og:image:type\" content=\"image\/jpeg\" \/>\n<meta name=\"author\" content=\"priester Eugeny Murzin\" \/>\n<meta name=\"twitter:card\" content=\"summary_large_image\" \/>\n<meta name=\"twitter:label1\" content=\"Verfasst von\" \/>\n\t<meta name=\"twitter:data1\" content=\"priester Eugeny Murzin\" \/>\n\t<meta name=\"twitter:label2\" content=\"Gesch\u00e4tzte Lesezeit\" \/>\n\t<meta name=\"twitter:data2\" content=\"3\u00a0Minuten\" \/>\n<script type=\"application\/ld+json\" class=\"yoast-schema-graph\">{\"@context\":\"https:\/\/schema.org\",\"@graph\":[{\"@type\":\"WebPage\",\"@id\":\"https:\/\/rokmp.de\/de\/deutsch-treffen-des-orthodoxen-forums-am-21-11-2015-in-der-verkuendigungs-st-justin-einsiedelei-in-unterufhausen\/\",\"url\":\"https:\/\/rokmp.de\/de\/deutsch-treffen-des-orthodoxen-forums-am-21-11-2015-in-der-verkuendigungs-st-justin-einsiedelei-in-unterufhausen\/\",\"name\":\"Treffen des orthodoxen Forums am 21.11.2015 in der Verk\u00fcndigungs-St.-Justin-Einsiedelei in Unterufhausen - Berliner Di\u00f6zese der Russischen Orthodoxen Kirche (Kd\u00f6R)\",\"isPartOf\":{\"@id\":\"https:\/\/rokmp.de\/#website\"},\"primaryImageOfPage\":{\"@id\":\"https:\/\/rokmp.de\/de\/deutsch-treffen-des-orthodoxen-forums-am-21-11-2015-in-der-verkuendigungs-st-justin-einsiedelei-in-unterufhausen\/#primaryimage\"},\"image\":{\"@id\":\"https:\/\/rokmp.de\/de\/deutsch-treffen-des-orthodoxen-forums-am-21-11-2015-in-der-verkuendigungs-st-justin-einsiedelei-in-unterufhausen\/#primaryimage\"},\"thumbnailUrl\":\"https:\/\/rokmp.de\/wp-content\/uploads\/2015\/12\/DSC07662b.jpg\",\"datePublished\":\"2015-12-01T20:52:03+00:00\",\"dateModified\":\"2015-12-01T20:58:02+00:00\",\"author\":{\"@id\":\"https:\/\/rokmp.de\/#\/schema\/person\/1e05c7851b376b862ca66f74ee16b275\"},\"breadcrumb\":{\"@id\":\"https:\/\/rokmp.de\/de\/deutsch-treffen-des-orthodoxen-forums-am-21-11-2015-in-der-verkuendigungs-st-justin-einsiedelei-in-unterufhausen\/#breadcrumb\"},\"inLanguage\":\"de\",\"potentialAction\":[{\"@type\":\"ReadAction\",\"target\":[\"https:\/\/rokmp.de\/de\/deutsch-treffen-des-orthodoxen-forums-am-21-11-2015-in-der-verkuendigungs-st-justin-einsiedelei-in-unterufhausen\/\"]}]},{\"@type\":\"ImageObject\",\"inLanguage\":\"de\",\"@id\":\"https:\/\/rokmp.de\/de\/deutsch-treffen-des-orthodoxen-forums-am-21-11-2015-in-der-verkuendigungs-st-justin-einsiedelei-in-unterufhausen\/#primaryimage\",\"url\":\"https:\/\/rokmp.de\/wp-content\/uploads\/2015\/12\/DSC07662b.jpg\",\"contentUrl\":\"https:\/\/rokmp.de\/wp-content\/uploads\/2015\/12\/DSC07662b.jpg\",\"width\":640,\"height\":426,\"caption\":\"Treffen des Orthodoxen Forums\"},{\"@type\":\"BreadcrumbList\",\"@id\":\"https:\/\/rokmp.de\/de\/deutsch-treffen-des-orthodoxen-forums-am-21-11-2015-in-der-verkuendigungs-st-justin-einsiedelei-in-unterufhausen\/#breadcrumb\",\"itemListElement\":[{\"@type\":\"ListItem\",\"position\":1,\"name\":\"\u0413\u043b\u0430\u0432\u043d\u0430\u044f \u0441\u0442\u0440\u0430\u043d\u0438\u0446\u0430\",\"item\":\"https:\/\/rokmp.de\/\"},{\"@type\":\"ListItem\",\"position\":2,\"name\":\"Treffen des orthodoxen Forums am 21.11.2015 in der Verk\u00fcndigungs-St.-Justin-Einsiedelei in Unterufhausen\"}]},{\"@type\":\"WebSite\",\"@id\":\"https:\/\/rokmp.de\/#website\",\"url\":\"https:\/\/rokmp.de\/\",\"name\":\"Berliner Di\u00f6zese der Russischen Orthodoxen Kirche (Kd\u00f6R)\",\"description\":\"(\u0420\u0443\u0441\u0441\u043a\u0438\u0439) \u041e\u0444\u0438\u0446\u0438\u0430\u043b\u044c\u043d\u044b\u0439 \u0441\u0430\u0439\u0442 \u0420\u0443\u0441\u0441\u043a\u043e\u0439 \u041f\u0440\u0430\u0432\u043e\u0441\u043b\u0430\u0432\u043d\u043e\u0439 \u0426\u0435\u0440\u043a\u0432\u0438. \u0411\u0435\u0440\u043b\u0438\u043d\u0441\u043a\u043e-\u0413\u0435\u0440\u043c\u0430\u043d\u0441\u043a\u0430\u044f \u0435\u043f\u0430\u0440\u0445\u0438\u044f.\",\"potentialAction\":[{\"@type\":\"SearchAction\",\"target\":{\"@type\":\"EntryPoint\",\"urlTemplate\":\"https:\/\/rokmp.de\/?s={search_term_string}\"},\"query-input\":{\"@type\":\"PropertyValueSpecification\",\"valueRequired\":true,\"valueName\":\"search_term_string\"}}],\"inLanguage\":\"de\"},{\"@type\":\"Person\",\"@id\":\"https:\/\/rokmp.de\/#\/schema\/person\/1e05c7851b376b862ca66f74ee16b275\",\"name\":\"priester Eugeny Murzin\",\"image\":{\"@type\":\"ImageObject\",\"inLanguage\":\"de\",\"@id\":\"https:\/\/rokmp.de\/#\/schema\/person\/image\/\",\"url\":\"https:\/\/secure.gravatar.com\/avatar\/ab0791f77afedc1959682d928966c405d68e155dc34177d2d0970bb7906ee2ad?s=96&d=mm&r=g\",\"contentUrl\":\"https:\/\/secure.gravatar.com\/avatar\/ab0791f77afedc1959682d928966c405d68e155dc34177d2d0970bb7906ee2ad?s=96&d=mm&r=g\",\"caption\":\"priester Eugeny Murzin\"},\"sameAs\":[\"https:\/\/rokmp.de\"]}]}<\/script>\n<!-- \/ Yoast SEO plugin. -->","yoast_head_json":{"title":"Treffen des orthodoxen Forums am 21.11.2015 in der Verk\u00fcndigungs-St.-Justin-Einsiedelei in Unterufhausen - Berliner Di\u00f6zese der Russischen Orthodoxen Kirche (Kd\u00f6R)","robots":{"index":"index","follow":"follow","max-snippet":"max-snippet:-1","max-image-preview":"max-image-preview:large","max-video-preview":"max-video-preview:-1"},"canonical":"https:\/\/rokmp.de\/de\/deutsch-treffen-des-orthodoxen-forums-am-21-11-2015-in-der-verkuendigungs-st-justin-einsiedelei-in-unterufhausen\/","og_locale":"de_DE","og_type":"article","og_title":"Treffen des orthodoxen Forums am 21.11.2015 in der Verk\u00fcndigungs-St.-Justin-Einsiedelei in Unterufhausen - Berliner Di\u00f6zese der Russischen Orthodoxen Kirche (Kd\u00f6R)","og_description":"Seit 2010 gibt es im Internet eine Plattform, auf der...","og_url":"https:\/\/rokmp.de\/de\/deutsch-treffen-des-orthodoxen-forums-am-21-11-2015-in-der-verkuendigungs-st-justin-einsiedelei-in-unterufhausen\/","og_site_name":"Berliner Di\u00f6zese der Russischen Orthodoxen Kirche (Kd\u00f6R)","article_published_time":"2015-12-01T20:52:03+00:00","article_modified_time":"2015-12-01T20:58:02+00:00","og_image":[{"width":640,"height":426,"url":"https:\/\/rokmp.de\/wp-content\/uploads\/2015\/12\/DSC07662b.jpg","type":"image\/jpeg"}],"author":"priester Eugeny Murzin","twitter_card":"summary_large_image","twitter_misc":{"Verfasst von":"priester Eugeny Murzin","Gesch\u00e4tzte Lesezeit":"3\u00a0Minuten"},"schema":{"@context":"https:\/\/schema.org","@graph":[{"@type":"WebPage","@id":"https:\/\/rokmp.de\/de\/deutsch-treffen-des-orthodoxen-forums-am-21-11-2015-in-der-verkuendigungs-st-justin-einsiedelei-in-unterufhausen\/","url":"https:\/\/rokmp.de\/de\/deutsch-treffen-des-orthodoxen-forums-am-21-11-2015-in-der-verkuendigungs-st-justin-einsiedelei-in-unterufhausen\/","name":"Treffen des orthodoxen Forums am 21.11.2015 in der Verk\u00fcndigungs-St.-Justin-Einsiedelei in Unterufhausen - Berliner Di\u00f6zese der Russischen Orthodoxen Kirche (Kd\u00f6R)","isPartOf":{"@id":"https:\/\/rokmp.de\/#website"},"primaryImageOfPage":{"@id":"https:\/\/rokmp.de\/de\/deutsch-treffen-des-orthodoxen-forums-am-21-11-2015-in-der-verkuendigungs-st-justin-einsiedelei-in-unterufhausen\/#primaryimage"},"image":{"@id":"https:\/\/rokmp.de\/de\/deutsch-treffen-des-orthodoxen-forums-am-21-11-2015-in-der-verkuendigungs-st-justin-einsiedelei-in-unterufhausen\/#primaryimage"},"thumbnailUrl":"https:\/\/rokmp.de\/wp-content\/uploads\/2015\/12\/DSC07662b.jpg","datePublished":"2015-12-01T20:52:03+00:00","dateModified":"2015-12-01T20:58:02+00:00","author":{"@id":"https:\/\/rokmp.de\/#\/schema\/person\/1e05c7851b376b862ca66f74ee16b275"},"breadcrumb":{"@id":"https:\/\/rokmp.de\/de\/deutsch-treffen-des-orthodoxen-forums-am-21-11-2015-in-der-verkuendigungs-st-justin-einsiedelei-in-unterufhausen\/#breadcrumb"},"inLanguage":"de","potentialAction":[{"@type":"ReadAction","target":["https:\/\/rokmp.de\/de\/deutsch-treffen-des-orthodoxen-forums-am-21-11-2015-in-der-verkuendigungs-st-justin-einsiedelei-in-unterufhausen\/"]}]},{"@type":"ImageObject","inLanguage":"de","@id":"https:\/\/rokmp.de\/de\/deutsch-treffen-des-orthodoxen-forums-am-21-11-2015-in-der-verkuendigungs-st-justin-einsiedelei-in-unterufhausen\/#primaryimage","url":"https:\/\/rokmp.de\/wp-content\/uploads\/2015\/12\/DSC07662b.jpg","contentUrl":"https:\/\/rokmp.de\/wp-content\/uploads\/2015\/12\/DSC07662b.jpg","width":640,"height":426,"caption":"Treffen des Orthodoxen Forums"},{"@type":"BreadcrumbList","@id":"https:\/\/rokmp.de\/de\/deutsch-treffen-des-orthodoxen-forums-am-21-11-2015-in-der-verkuendigungs-st-justin-einsiedelei-in-unterufhausen\/#breadcrumb","itemListElement":[{"@type":"ListItem","position":1,"name":"\u0413\u043b\u0430\u0432\u043d\u0430\u044f \u0441\u0442\u0440\u0430\u043d\u0438\u0446\u0430","item":"https:\/\/rokmp.de\/"},{"@type":"ListItem","position":2,"name":"Treffen des orthodoxen Forums am 21.11.2015 in der Verk\u00fcndigungs-St.-Justin-Einsiedelei in Unterufhausen"}]},{"@type":"WebSite","@id":"https:\/\/rokmp.de\/#website","url":"https:\/\/rokmp.de\/","name":"Berliner Di\u00f6zese der Russischen Orthodoxen Kirche (Kd\u00f6R)","description":"(\u0420\u0443\u0441\u0441\u043a\u0438\u0439) \u041e\u0444\u0438\u0446\u0438\u0430\u043b\u044c\u043d\u044b\u0439 \u0441\u0430\u0439\u0442 \u0420\u0443\u0441\u0441\u043a\u043e\u0439 \u041f\u0440\u0430\u0432\u043e\u0441\u043b\u0430\u0432\u043d\u043e\u0439 \u0426\u0435\u0440\u043a\u0432\u0438. \u0411\u0435\u0440\u043b\u0438\u043d\u0441\u043a\u043e-\u0413\u0435\u0440\u043c\u0430\u043d\u0441\u043a\u0430\u044f \u0435\u043f\u0430\u0440\u0445\u0438\u044f.","potentialAction":[{"@type":"SearchAction","target":{"@type":"EntryPoint","urlTemplate":"https:\/\/rokmp.de\/?s={search_term_string}"},"query-input":{"@type":"PropertyValueSpecification","valueRequired":true,"valueName":"search_term_string"}}],"inLanguage":"de"},{"@type":"Person","@id":"https:\/\/rokmp.de\/#\/schema\/person\/1e05c7851b376b862ca66f74ee16b275","name":"priester Eugeny Murzin","image":{"@type":"ImageObject","inLanguage":"de","@id":"https:\/\/rokmp.de\/#\/schema\/person\/image\/","url":"https:\/\/secure.gravatar.com\/avatar\/ab0791f77afedc1959682d928966c405d68e155dc34177d2d0970bb7906ee2ad?s=96&d=mm&r=g","contentUrl":"https:\/\/secure.gravatar.com\/avatar\/ab0791f77afedc1959682d928966c405d68e155dc34177d2d0970bb7906ee2ad?s=96&d=mm&r=g","caption":"priester Eugeny Murzin"},"sameAs":["https:\/\/rokmp.de"]}]}},"jetpack_featured_media_url":"https:\/\/rokmp.de\/wp-content\/uploads\/2015\/12\/DSC07662b.jpg","jetpack_sharing_enabled":true,"_links":{"self":[{"href":"https:\/\/rokmp.de\/de\/wp-json\/wp\/v2\/posts\/7685","targetHints":{"allow":["GET"]}}],"collection":[{"href":"https:\/\/rokmp.de\/de\/wp-json\/wp\/v2\/posts"}],"about":[{"href":"https:\/\/rokmp.de\/de\/wp-json\/wp\/v2\/types\/post"}],"author":[{"embeddable":true,"href":"https:\/\/rokmp.de\/de\/wp-json\/wp\/v2\/users\/150"}],"replies":[{"embeddable":true,"href":"https:\/\/rokmp.de\/de\/wp-json\/wp\/v2\/comments?post=7685"}],"version-history":[{"count":4,"href":"https:\/\/rokmp.de\/de\/wp-json\/wp\/v2\/posts\/7685\/revisions"}],"predecessor-version":[{"id":7691,"href":"https:\/\/rokmp.de\/de\/wp-json\/wp\/v2\/posts\/7685\/revisions\/7691"}],"wp:featuredmedia":[{"embeddable":true,"href":"https:\/\/rokmp.de\/de\/wp-json\/wp\/v2\/media\/7686"}],"wp:attachment":[{"href":"https:\/\/rokmp.de\/de\/wp-json\/wp\/v2\/media?parent=7685"}],"wp:term":[{"taxonomy":"category","embeddable":true,"href":"https:\/\/rokmp.de\/de\/wp-json\/wp\/v2\/categories?post=7685"},{"taxonomy":"post_tag","embeddable":true,"href":"https:\/\/rokmp.de\/de\/wp-json\/wp\/v2\/tags?post=7685"}],"curies":[{"name":"wp","href":"https:\/\/api.w.org\/{rel}","templated":true}]}}