{"id":7798,"date":"2015-12-28T00:45:14","date_gmt":"2015-12-27T20:45:14","guid":{"rendered":"https:\/\/www.rokmp.de\/?p=7798"},"modified":"2017-12-07T17:28:02","modified_gmt":"2017-12-07T14:28:02","slug":"deutsch-kordinationszentrum-fur-den-jugenddienst-der-synodalabteilung-fur-jugendangelegenheiten-in-deutschland-eroffnet","status":"publish","type":"post","link":"https:\/\/rokmp.de\/de\/deutsch-kordinationszentrum-fur-den-jugenddienst-der-synodalabteilung-fur-jugendangelegenheiten-in-deutschland-eroffnet\/","title":{"rendered":"Koordinationszentrum f\u00fcr den Jugenddienst der Synodalabteilung f\u00fcr Jugendangelegenheiten in Deutschland er\u00f6ffnet"},"content":{"rendered":"<p><img loading=\"lazy\" decoding=\"async\" data-attachment-id=\"7782\" data-permalink=\"https:\/\/rokmp.de\/de\/7780-2\/logo_orthodoxe_jugendkoordination\/\" data-orig-file=\"https:\/\/rokmp.de\/wp-content\/uploads\/2015\/12\/Logo_Orthodoxe_Jugendkoordination.jpg\" data-orig-size=\"2028,2362\" data-comments-opened=\"1\" data-image-meta=\"{&quot;aperture&quot;:&quot;0&quot;,&quot;credit&quot;:&quot;kurt tutschek&quot;,&quot;camera&quot;:&quot;&quot;,&quot;caption&quot;:&quot;&quot;,&quot;created_timestamp&quot;:&quot;0&quot;,&quot;copyright&quot;:&quot;&quot;,&quot;focal_length&quot;:&quot;0&quot;,&quot;iso&quot;:&quot;0&quot;,&quot;shutter_speed&quot;:&quot;0&quot;,&quot;title&quot;:&quot;&quot;,&quot;orientation&quot;:&quot;1&quot;}\" data-image-title=\"Logo_Orthodoxe_Jugendkoordination\" data-image-description=\"&lt;p&gt;\u041a\u043e\u043e\u0440\u0434\u0438\u043d\u0430\u0446\u0438\u043e\u043d\u043d\u044b\u0439 \u0446\u0435\u043d\u0442\u0440&lt;\/p&gt;\n\" data-image-caption=\"\" data-medium-file=\"https:\/\/rokmp.de\/wp-content\/uploads\/2015\/12\/Logo_Orthodoxe_Jugendkoordination-258x300.jpg\" data-large-file=\"https:\/\/rokmp.de\/wp-content\/uploads\/2015\/12\/Logo_Orthodoxe_Jugendkoordination-879x1024.jpg\" class=\"alignleft size-medium wp-image-7782\" src=\"https:\/\/www.rokmp.de\/wp-content\/uploads\/2015\/12\/Logo_Orthodoxe_Jugendkoordination-258x300.jpg\" alt=\"Logo_Orthodoxe_Jugendkoordination\" width=\"258\" height=\"300\" srcset=\"https:\/\/rokmp.de\/wp-content\/uploads\/2015\/12\/Logo_Orthodoxe_Jugendkoordination-258x300.jpg 258w, https:\/\/rokmp.de\/wp-content\/uploads\/2015\/12\/Logo_Orthodoxe_Jugendkoordination-768x894.jpg 768w, https:\/\/rokmp.de\/wp-content\/uploads\/2015\/12\/Logo_Orthodoxe_Jugendkoordination-879x1024.jpg 879w, https:\/\/rokmp.de\/wp-content\/uploads\/2015\/12\/Logo_Orthodoxe_Jugendkoordination-130x150.jpg 130w, https:\/\/rokmp.de\/wp-content\/uploads\/2015\/12\/Logo_Orthodoxe_Jugendkoordination.jpg 2028w\" sizes=\"auto, (max-width: 258px) 100vw, 258px\" \/>Auf Initiative des Vorsitzenden der <a href=\"http:\/\/www.patriarchia.ru\/db\/text\/65961.html\" target=\"_blank\" rel=\"noopener\">Synodalabteilung f\u00fcr Jugendangelegenheiten<\/a>, des <a href=\"http:\/\/www.patriarchia.ru\/db\/text\/59061.html\" target=\"_blank\" rel=\"noopener\">Bischofs Ignatij von Wyborg und Priosersk<\/a>, wurde in Deutschland ein Koordinationszentrum f\u00fcr den Jugenddienst er\u00f6ffnet. Die Satzung f\u00fcr das Koordinationszentrum unterzeichneten in Berlin <a href=\"http:\/\/www.patriarchia.ru\/db\/text\/77132.html\" target=\"_blank\" rel=\"noopener\">Erzbischof f\u00fcr Berlin und Deutschland Theophan<\/a> und <a href=\"http:\/\/www.patriarchia.ru\/db\/text\/53964.html\" target=\"_blank\" rel=\"noopener\">Erzbischof f\u00fcr Berlin und Deutschland Mark<\/a> (Russische Orthodoxe Kirche im Ausland).<\/p>\n<p>Zum Verantwortungsbereich des Koordinationszentrums f\u00fcr ganz Deutschland geh\u00f6rt die orthodoxe Jugend. Mit der Leitung des Informationszentrums wurden <a href=\"http:\/\/www.patriarchia.ru\/db\/text\/77134.html\" target=\"_blank\" rel=\"noopener\">Priester Alexej Veselov<\/a> (Berliner Di\u00f6zese der Russischen Orthodoxen Kirche) und <a href=\"http:\/\/www.patriarchia.ru\/db\/text\/4180827.html\" target=\"_blank\" rel=\"noopener\">Erzpriester Ilya Limberger<\/a> (Berliner Di\u00f6zese der Russischen Orthodoxen Kirche im Ausland) beauftragt. Zum Sekret\u00e4r wurde Alexander Schnell und zur Verantwortlichen f\u00fcr die Verbindung zur Jugend wurde Katerina Chorsun benannt. Auf der Internetseite der Berliner Di\u00f6zese der Russischen Orthodoxen Kirche werden die <a href=\"https:\/\/www.rokmp.de\/tsentr-molodezhnoy-rabotyi\/\" target=\"_blank\" rel=\"noopener\">Kontaktangaben aller Mitarbeiter<\/a> aufgef\u00fchrt. In K\u00fcrze erscheint auf der Seite der Synodalabteilung f\u00fcr Jugendangelegenheiten ein Abschnitt \u00fcber das Koordinationszentrum f\u00fcr den Jugenddienst f\u00fcr ganz Deutschland.<\/p>\n<p>Die Aktivit\u00e4t des neugeschaffenen Zentrums soll die Konsolidierung der Bem\u00fchungen der orthodoxen Jugend insbesondere bei der Entwicklung der freiwilligen Mitwirkung f\u00f6rdern. Das Zentrum wird sich k\u00fcmmern um Koordinierung, Unterst\u00fctzung bei der Information und um Hilfe jeglicher Art bei der Vorbereitung von Ma\u00dfnahmen f\u00fcr Jugendliche auf Kreisebene in der Bundesrepublik Deutschland.<\/p>\n<p>Die T\u00e4tigkeit zur Organisation der Koordinierungszentren f\u00fcr den Jugenddienst wird von der Synodalabteilung f\u00fcr Jugendangelegenheiten in \u00dcbereinstimmung mit dem Beschluss des Heiligen Synod vom 25. Dezember 2014 (<a href=\"http:\/\/www.patriarchia.ru\/db\/text\/3891448.html\" target=\"_blank\" rel=\"noopener\">Journal Nr. 130<\/a>) geleitet. Im Jahre 2015 wurden \u00e4hnliche Koordinierungszentren in allen Bezirken der Russischen F\u00f6deration er\u00f6ffnet.<\/p>\n<p>(Nach einer Ver\u00f6ffentlichung unter Patriarchia.ru)<\/p>","protected":false},"excerpt":{"rendered":"<p>Auf Initiative des Vorsitzenden der Synodalabteilung f\u00fcr Jugendangelegenheiten, des Bischofs&#8230;<\/p>\n","protected":false},"author":150,"featured_media":0,"comment_status":"open","ping_status":"closed","sticky":false,"template":"","format":"standard","meta":{"_acf_changed":false,"_jetpack_memberships_contains_paid_content":false,"footnotes":""},"categories":[21,1,16],"tags":[],"class_list":["post-7798","post","type-post","status-publish","format-standard","hentry","category-aktuell","category-news-germany","category-eparh_news"],"acf":[],"yoast_head":"<!-- This site is optimized with the Yoast SEO plugin v24.9 - https:\/\/yoast.com\/wordpress\/plugins\/seo\/ -->\n<title>Koordinationszentrum f\u00fcr den Jugenddienst der Synodalabteilung f\u00fcr Jugendangelegenheiten in Deutschland er\u00f6ffnet - Berliner Di\u00f6zese der Russischen Orthodoxen Kirche (Kd\u00f6R)<\/title>\n<meta name=\"robots\" content=\"index, follow, max-snippet:-1, max-image-preview:large, max-video-preview:-1\" \/>\n<link rel=\"canonical\" href=\"https:\/\/rokmp.de\/de\/deutsch-kordinationszentrum-fur-den-jugenddienst-der-synodalabteilung-fur-jugendangelegenheiten-in-deutschland-eroffnet\/\" \/>\n<meta property=\"og:locale\" content=\"de_DE\" \/>\n<meta property=\"og:type\" content=\"article\" \/>\n<meta property=\"og:title\" content=\"Koordinationszentrum f\u00fcr den Jugenddienst der Synodalabteilung f\u00fcr Jugendangelegenheiten in Deutschland er\u00f6ffnet - Berliner Di\u00f6zese der Russischen Orthodoxen Kirche (Kd\u00f6R)\" \/>\n<meta property=\"og:description\" content=\"Auf Initiative des Vorsitzenden der Synodalabteilung f\u00fcr Jugendangelegenheiten, des Bischofs...\" \/>\n<meta property=\"og:url\" content=\"https:\/\/rokmp.de\/de\/deutsch-kordinationszentrum-fur-den-jugenddienst-der-synodalabteilung-fur-jugendangelegenheiten-in-deutschland-eroffnet\/\" \/>\n<meta property=\"og:site_name\" content=\"Berliner Di\u00f6zese der Russischen Orthodoxen Kirche (Kd\u00f6R)\" \/>\n<meta property=\"article:published_time\" content=\"2015-12-27T20:45:14+00:00\" \/>\n<meta property=\"article:modified_time\" content=\"2017-12-07T14:28:02+00:00\" \/>\n<meta property=\"og:image\" content=\"https:\/\/www.rokmp.de\/wp-content\/uploads\/2015\/12\/Logo_Orthodoxe_Jugendkoordination-258x300.jpg\" \/>\n<meta name=\"author\" content=\"priester Eugeny Murzin\" \/>\n<meta name=\"twitter:card\" content=\"summary_large_image\" \/>\n<meta name=\"twitter:label1\" content=\"Verfasst von\" \/>\n\t<meta name=\"twitter:data1\" content=\"priester Eugeny Murzin\" \/>\n\t<meta name=\"twitter:label2\" content=\"Gesch\u00e4tzte Lesezeit\" \/>\n\t<meta name=\"twitter:data2\" content=\"1\u00a0Minute\" \/>\n<script type=\"application\/ld+json\" class=\"yoast-schema-graph\">{\"@context\":\"https:\/\/schema.org\",\"@graph\":[{\"@type\":\"WebPage\",\"@id\":\"https:\/\/rokmp.de\/de\/deutsch-kordinationszentrum-fur-den-jugenddienst-der-synodalabteilung-fur-jugendangelegenheiten-in-deutschland-eroffnet\/\",\"url\":\"https:\/\/rokmp.de\/de\/deutsch-kordinationszentrum-fur-den-jugenddienst-der-synodalabteilung-fur-jugendangelegenheiten-in-deutschland-eroffnet\/\",\"name\":\"Koordinationszentrum f\u00fcr den Jugenddienst der Synodalabteilung f\u00fcr Jugendangelegenheiten in Deutschland er\u00f6ffnet - Berliner Di\u00f6zese der Russischen Orthodoxen Kirche (Kd\u00f6R)\",\"isPartOf\":{\"@id\":\"https:\/\/rokmp.de\/#website\"},\"primaryImageOfPage\":{\"@id\":\"https:\/\/rokmp.de\/de\/deutsch-kordinationszentrum-fur-den-jugenddienst-der-synodalabteilung-fur-jugendangelegenheiten-in-deutschland-eroffnet\/#primaryimage\"},\"image\":{\"@id\":\"https:\/\/rokmp.de\/de\/deutsch-kordinationszentrum-fur-den-jugenddienst-der-synodalabteilung-fur-jugendangelegenheiten-in-deutschland-eroffnet\/#primaryimage\"},\"thumbnailUrl\":\"https:\/\/www.rokmp.de\/wp-content\/uploads\/2015\/12\/Logo_Orthodoxe_Jugendkoordination-258x300.jpg\",\"datePublished\":\"2015-12-27T20:45:14+00:00\",\"dateModified\":\"2017-12-07T14:28:02+00:00\",\"author\":{\"@id\":\"https:\/\/rokmp.de\/#\/schema\/person\/1e05c7851b376b862ca66f74ee16b275\"},\"breadcrumb\":{\"@id\":\"https:\/\/rokmp.de\/de\/deutsch-kordinationszentrum-fur-den-jugenddienst-der-synodalabteilung-fur-jugendangelegenheiten-in-deutschland-eroffnet\/#breadcrumb\"},\"inLanguage\":\"de\",\"potentialAction\":[{\"@type\":\"ReadAction\",\"target\":[\"https:\/\/rokmp.de\/de\/deutsch-kordinationszentrum-fur-den-jugenddienst-der-synodalabteilung-fur-jugendangelegenheiten-in-deutschland-eroffnet\/\"]}]},{\"@type\":\"ImageObject\",\"inLanguage\":\"de\",\"@id\":\"https:\/\/rokmp.de\/de\/deutsch-kordinationszentrum-fur-den-jugenddienst-der-synodalabteilung-fur-jugendangelegenheiten-in-deutschland-eroffnet\/#primaryimage\",\"url\":\"https:\/\/www.rokmp.de\/wp-content\/uploads\/2015\/12\/Logo_Orthodoxe_Jugendkoordination-258x300.jpg\",\"contentUrl\":\"https:\/\/www.rokmp.de\/wp-content\/uploads\/2015\/12\/Logo_Orthodoxe_Jugendkoordination-258x300.jpg\"},{\"@type\":\"BreadcrumbList\",\"@id\":\"https:\/\/rokmp.de\/de\/deutsch-kordinationszentrum-fur-den-jugenddienst-der-synodalabteilung-fur-jugendangelegenheiten-in-deutschland-eroffnet\/#breadcrumb\",\"itemListElement\":[{\"@type\":\"ListItem\",\"position\":1,\"name\":\"\u0413\u043b\u0430\u0432\u043d\u0430\u044f \u0441\u0442\u0440\u0430\u043d\u0438\u0446\u0430\",\"item\":\"https:\/\/rokmp.de\/\"},{\"@type\":\"ListItem\",\"position\":2,\"name\":\"Koordinationszentrum f\u00fcr den Jugenddienst der Synodalabteilung f\u00fcr Jugendangelegenheiten in Deutschland er\u00f6ffnet\"}]},{\"@type\":\"WebSite\",\"@id\":\"https:\/\/rokmp.de\/#website\",\"url\":\"https:\/\/rokmp.de\/\",\"name\":\"Berliner Di\u00f6zese der Russischen Orthodoxen Kirche (Kd\u00f6R)\",\"description\":\"(\u0420\u0443\u0441\u0441\u043a\u0438\u0439) \u041e\u0444\u0438\u0446\u0438\u0430\u043b\u044c\u043d\u044b\u0439 \u0441\u0430\u0439\u0442 \u0420\u0443\u0441\u0441\u043a\u043e\u0439 \u041f\u0440\u0430\u0432\u043e\u0441\u043b\u0430\u0432\u043d\u043e\u0439 \u0426\u0435\u0440\u043a\u0432\u0438. \u0411\u0435\u0440\u043b\u0438\u043d\u0441\u043a\u043e-\u0413\u0435\u0440\u043c\u0430\u043d\u0441\u043a\u0430\u044f \u0435\u043f\u0430\u0440\u0445\u0438\u044f.\",\"potentialAction\":[{\"@type\":\"SearchAction\",\"target\":{\"@type\":\"EntryPoint\",\"urlTemplate\":\"https:\/\/rokmp.de\/?s={search_term_string}\"},\"query-input\":{\"@type\":\"PropertyValueSpecification\",\"valueRequired\":true,\"valueName\":\"search_term_string\"}}],\"inLanguage\":\"de\"},{\"@type\":\"Person\",\"@id\":\"https:\/\/rokmp.de\/#\/schema\/person\/1e05c7851b376b862ca66f74ee16b275\",\"name\":\"priester Eugeny Murzin\",\"image\":{\"@type\":\"ImageObject\",\"inLanguage\":\"de\",\"@id\":\"https:\/\/rokmp.de\/#\/schema\/person\/image\/\",\"url\":\"https:\/\/secure.gravatar.com\/avatar\/ab0791f77afedc1959682d928966c405d68e155dc34177d2d0970bb7906ee2ad?s=96&d=mm&r=g\",\"contentUrl\":\"https:\/\/secure.gravatar.com\/avatar\/ab0791f77afedc1959682d928966c405d68e155dc34177d2d0970bb7906ee2ad?s=96&d=mm&r=g\",\"caption\":\"priester Eugeny Murzin\"},\"sameAs\":[\"https:\/\/rokmp.de\"]}]}<\/script>\n<!-- \/ Yoast SEO plugin. -->","yoast_head_json":{"title":"Koordinationszentrum f\u00fcr den Jugenddienst der Synodalabteilung f\u00fcr Jugendangelegenheiten in Deutschland er\u00f6ffnet - Berliner Di\u00f6zese der Russischen Orthodoxen Kirche (Kd\u00f6R)","robots":{"index":"index","follow":"follow","max-snippet":"max-snippet:-1","max-image-preview":"max-image-preview:large","max-video-preview":"max-video-preview:-1"},"canonical":"https:\/\/rokmp.de\/de\/deutsch-kordinationszentrum-fur-den-jugenddienst-der-synodalabteilung-fur-jugendangelegenheiten-in-deutschland-eroffnet\/","og_locale":"de_DE","og_type":"article","og_title":"Koordinationszentrum f\u00fcr den Jugenddienst der Synodalabteilung f\u00fcr Jugendangelegenheiten in Deutschland er\u00f6ffnet - Berliner Di\u00f6zese der Russischen Orthodoxen Kirche (Kd\u00f6R)","og_description":"Auf Initiative des Vorsitzenden der Synodalabteilung f\u00fcr Jugendangelegenheiten, des Bischofs...","og_url":"https:\/\/rokmp.de\/de\/deutsch-kordinationszentrum-fur-den-jugenddienst-der-synodalabteilung-fur-jugendangelegenheiten-in-deutschland-eroffnet\/","og_site_name":"Berliner Di\u00f6zese der Russischen Orthodoxen Kirche (Kd\u00f6R)","article_published_time":"2015-12-27T20:45:14+00:00","article_modified_time":"2017-12-07T14:28:02+00:00","og_image":[{"url":"https:\/\/www.rokmp.de\/wp-content\/uploads\/2015\/12\/Logo_Orthodoxe_Jugendkoordination-258x300.jpg","type":"","width":"","height":""}],"author":"priester Eugeny Murzin","twitter_card":"summary_large_image","twitter_misc":{"Verfasst von":"priester Eugeny Murzin","Gesch\u00e4tzte Lesezeit":"1\u00a0Minute"},"schema":{"@context":"https:\/\/schema.org","@graph":[{"@type":"WebPage","@id":"https:\/\/rokmp.de\/de\/deutsch-kordinationszentrum-fur-den-jugenddienst-der-synodalabteilung-fur-jugendangelegenheiten-in-deutschland-eroffnet\/","url":"https:\/\/rokmp.de\/de\/deutsch-kordinationszentrum-fur-den-jugenddienst-der-synodalabteilung-fur-jugendangelegenheiten-in-deutschland-eroffnet\/","name":"Koordinationszentrum f\u00fcr den Jugenddienst der Synodalabteilung f\u00fcr Jugendangelegenheiten in Deutschland er\u00f6ffnet - Berliner Di\u00f6zese der Russischen Orthodoxen Kirche (Kd\u00f6R)","isPartOf":{"@id":"https:\/\/rokmp.de\/#website"},"primaryImageOfPage":{"@id":"https:\/\/rokmp.de\/de\/deutsch-kordinationszentrum-fur-den-jugenddienst-der-synodalabteilung-fur-jugendangelegenheiten-in-deutschland-eroffnet\/#primaryimage"},"image":{"@id":"https:\/\/rokmp.de\/de\/deutsch-kordinationszentrum-fur-den-jugenddienst-der-synodalabteilung-fur-jugendangelegenheiten-in-deutschland-eroffnet\/#primaryimage"},"thumbnailUrl":"https:\/\/www.rokmp.de\/wp-content\/uploads\/2015\/12\/Logo_Orthodoxe_Jugendkoordination-258x300.jpg","datePublished":"2015-12-27T20:45:14+00:00","dateModified":"2017-12-07T14:28:02+00:00","author":{"@id":"https:\/\/rokmp.de\/#\/schema\/person\/1e05c7851b376b862ca66f74ee16b275"},"breadcrumb":{"@id":"https:\/\/rokmp.de\/de\/deutsch-kordinationszentrum-fur-den-jugenddienst-der-synodalabteilung-fur-jugendangelegenheiten-in-deutschland-eroffnet\/#breadcrumb"},"inLanguage":"de","potentialAction":[{"@type":"ReadAction","target":["https:\/\/rokmp.de\/de\/deutsch-kordinationszentrum-fur-den-jugenddienst-der-synodalabteilung-fur-jugendangelegenheiten-in-deutschland-eroffnet\/"]}]},{"@type":"ImageObject","inLanguage":"de","@id":"https:\/\/rokmp.de\/de\/deutsch-kordinationszentrum-fur-den-jugenddienst-der-synodalabteilung-fur-jugendangelegenheiten-in-deutschland-eroffnet\/#primaryimage","url":"https:\/\/www.rokmp.de\/wp-content\/uploads\/2015\/12\/Logo_Orthodoxe_Jugendkoordination-258x300.jpg","contentUrl":"https:\/\/www.rokmp.de\/wp-content\/uploads\/2015\/12\/Logo_Orthodoxe_Jugendkoordination-258x300.jpg"},{"@type":"BreadcrumbList","@id":"https:\/\/rokmp.de\/de\/deutsch-kordinationszentrum-fur-den-jugenddienst-der-synodalabteilung-fur-jugendangelegenheiten-in-deutschland-eroffnet\/#breadcrumb","itemListElement":[{"@type":"ListItem","position":1,"name":"\u0413\u043b\u0430\u0432\u043d\u0430\u044f \u0441\u0442\u0440\u0430\u043d\u0438\u0446\u0430","item":"https:\/\/rokmp.de\/"},{"@type":"ListItem","position":2,"name":"Koordinationszentrum f\u00fcr den Jugenddienst der Synodalabteilung f\u00fcr Jugendangelegenheiten in Deutschland er\u00f6ffnet"}]},{"@type":"WebSite","@id":"https:\/\/rokmp.de\/#website","url":"https:\/\/rokmp.de\/","name":"Berliner Di\u00f6zese der Russischen Orthodoxen Kirche (Kd\u00f6R)","description":"(\u0420\u0443\u0441\u0441\u043a\u0438\u0439) \u041e\u0444\u0438\u0446\u0438\u0430\u043b\u044c\u043d\u044b\u0439 \u0441\u0430\u0439\u0442 \u0420\u0443\u0441\u0441\u043a\u043e\u0439 \u041f\u0440\u0430\u0432\u043e\u0441\u043b\u0430\u0432\u043d\u043e\u0439 \u0426\u0435\u0440\u043a\u0432\u0438. \u0411\u0435\u0440\u043b\u0438\u043d\u0441\u043a\u043e-\u0413\u0435\u0440\u043c\u0430\u043d\u0441\u043a\u0430\u044f \u0435\u043f\u0430\u0440\u0445\u0438\u044f.","potentialAction":[{"@type":"SearchAction","target":{"@type":"EntryPoint","urlTemplate":"https:\/\/rokmp.de\/?s={search_term_string}"},"query-input":{"@type":"PropertyValueSpecification","valueRequired":true,"valueName":"search_term_string"}}],"inLanguage":"de"},{"@type":"Person","@id":"https:\/\/rokmp.de\/#\/schema\/person\/1e05c7851b376b862ca66f74ee16b275","name":"priester Eugeny Murzin","image":{"@type":"ImageObject","inLanguage":"de","@id":"https:\/\/rokmp.de\/#\/schema\/person\/image\/","url":"https:\/\/secure.gravatar.com\/avatar\/ab0791f77afedc1959682d928966c405d68e155dc34177d2d0970bb7906ee2ad?s=96&d=mm&r=g","contentUrl":"https:\/\/secure.gravatar.com\/avatar\/ab0791f77afedc1959682d928966c405d68e155dc34177d2d0970bb7906ee2ad?s=96&d=mm&r=g","caption":"priester Eugeny Murzin"},"sameAs":["https:\/\/rokmp.de"]}]}},"jetpack_featured_media_url":"","jetpack_sharing_enabled":true,"_links":{"self":[{"href":"https:\/\/rokmp.de\/de\/wp-json\/wp\/v2\/posts\/7798","targetHints":{"allow":["GET"]}}],"collection":[{"href":"https:\/\/rokmp.de\/de\/wp-json\/wp\/v2\/posts"}],"about":[{"href":"https:\/\/rokmp.de\/de\/wp-json\/wp\/v2\/types\/post"}],"author":[{"embeddable":true,"href":"https:\/\/rokmp.de\/de\/wp-json\/wp\/v2\/users\/150"}],"replies":[{"embeddable":true,"href":"https:\/\/rokmp.de\/de\/wp-json\/wp\/v2\/comments?post=7798"}],"version-history":[{"count":5,"href":"https:\/\/rokmp.de\/de\/wp-json\/wp\/v2\/posts\/7798\/revisions"}],"predecessor-version":[{"id":11646,"href":"https:\/\/rokmp.de\/de\/wp-json\/wp\/v2\/posts\/7798\/revisions\/11646"}],"wp:attachment":[{"href":"https:\/\/rokmp.de\/de\/wp-json\/wp\/v2\/media?parent=7798"}],"wp:term":[{"taxonomy":"category","embeddable":true,"href":"https:\/\/rokmp.de\/de\/wp-json\/wp\/v2\/categories?post=7798"},{"taxonomy":"post_tag","embeddable":true,"href":"https:\/\/rokmp.de\/de\/wp-json\/wp\/v2\/tags?post=7798"}],"curies":[{"name":"wp","href":"https:\/\/api.w.org\/{rel}","templated":true}]}}