{"id":8987,"date":"2016-06-19T19:13:08","date_gmt":"2016-06-19T15:13:08","guid":{"rendered":"https:\/\/www.rokmp.de\/?p=8987"},"modified":"2016-06-19T19:13:08","modified_gmt":"2016-06-19T15:13:08","slug":"deutsch-botschaft-von-patriarch-kirill-an-die-vorsteher-und-vertreter-der-autokephalen-orthodoxen-kirchen-die-sich-auf-kreta-versammeln","status":"publish","type":"post","link":"https:\/\/rokmp.de\/de\/deutsch-botschaft-von-patriarch-kirill-an-die-vorsteher-und-vertreter-der-autokephalen-orthodoxen-kirchen-die-sich-auf-kreta-versammeln\/","title":{"rendered":"Botschaft von Patriarch Kirill an die Vorsteher und Vertreter der Autokephalen Orthodoxen Kirchen, die sich auf Kreta versammeln"},"content":{"rendered":"<p>17. Juni 2016<\/p>\n<p><strong>Seiner Heiligkeit, dem Heiligsten Bartholomaios, Erzbischof von Konstantinopel, dem neuen Rom, und \u00d6kumenischer Patriarch<\/strong><\/p>\n<p><strong>Den Heiligsten und Seligsten Vorstehern der heiligen Kirchen Gottes<\/strong><\/p>\n<p><strong>Den Erzhirten, Hirten, M\u00f6nchen und Nonnen und Laien, die sich auf der Insel Kreta versammeln<\/strong><\/p>\n<p>Eure Heiligkeit, Heiligster Patriarch Bartholomaios,<\/p>\n<p>Eure Heiligkeiten und Seligkeiten,<\/p>\n<p>Hochgeweihte Mitbr\u00fcder Erzhirten, verehrte Vertreter der lokalen Orthodoxen Kirchen!<\/p>\n<p>Herzlich gr\u00fc\u00dfe ich Euch im Namen der Russischen Orthodoxen Kirche und der orthodoxen Gl\u00e4ubigen Russlands, der Ukraine, der Belarus, Moldawiens und anderer L\u00e4nder, die die weite Herde des Moskauer Patriarchats bilden.<\/p>\n<p>Wir alle, Br\u00fcder, bilden den einen Leib Christi (1 Kor 12,27). Die preislose Gabe der Einheit haben wir empfangen von unserem Herrn und Erl\u00f6ser Jesus Christus selbst. Die Bewahrung dieser Gabe ist eine unserer Hauptaufgaben, sie ist ein direktes Gebot des Erl\u00f6sers (Jo 17,21).<\/p>\n<p>M\u00f6ge uns dabei die Tatsache nicht verwirren, dass die Meinungen der Schwesterkirchen \u00fcber die Einberufung des Heiligen und Gro\u00dfen Konzils differierten. Nach den Worten des hl. Apostels Paulus: \u201eEs muss ja wohl Meinungsverschiedenheiten unter euch geben, damit offenbar werden unter euch die Erprobten. \u201c (1 Kor 11,19). In den Tagen der Vorbereitung auf das Konzil haben sich solche Meinungsverschiedenheiten in vollem Ma\u00dfe gezeigt, aber wir d\u00fcrfen ihnen nicht erlauben, die gottgebotene Einheit zu schw\u00e4chen, sich in einen zwischenkirchlichen Konflikt auszuwachsen, Trennung und Wirren in unsere Reihen zu tragen. Wir bleiben die eine orthodoxe Familie und tragen alle zusammen die Verantwortung f\u00fcr das Schicksal der heiligen Orthodoxie.<\/p>\n<p>Ich bin tief \u00fcberzeugt davon, dass die Kirchen \u2013 jene, die entschieden haben, nach Kreta zu fahren, wie auch jene, die davon Abstand genommen haben \u2013 ihre Entscheidungen ihrem Gewissen folgend getroffen haben und dass wir uns von daher gegen\u00fcber der Position einer jeden von ihnen mit Achtung verhalten sollen.<\/p>\n<p>Die Russische Orthodoxe Kirche ist immer von der \u00dcberzeugung ausgegangen, dass die Stimme jeder lokalen Kirche, sei sie klein oder gro\u00df, sei sie alt oder neu, nicht ignoriert werden darf. Das Fehlen der Zustimmung der Antiochenischen Kirche zur Einberufung des Konzils bedeutet, dass wir einen gesamtorthodoxen Konsens nicht erreicht haben. Wir d\u00fcrfen auch die Stimmen der Georgischen, der Serbischen und der Bulgarischen Kirche, die sich im Sinne einer Verschiebung des Konzils auf einen sp\u00e4teren Zeitpunkt ausgesprochen haben, nicht ignorieren.<\/p>\n<p><a name=\"_GoBack\"><\/a>Ich glaube, dass bei Vorhandensein guten Willens das Treffen auf Kreta ein wichtiger Schritt zur \u00dcberwindung der aufgetretenen Meinungsverschiedenheiten sein kann. Es kann seinen Beitrag zur Vorbereitung auf jenes Heilige und Gro\u00dfe Konzil leisten, das dann ohne Ausnahme alle autokephalen lokalen Kirchen vereint und ein sichtbarer Ausdruck der Einheit der Heiligen Orthodoxen Kirche Christi wird, wof\u00fcr unsere selig entschlafenen Vorg\u00e4nger gebetet haben und das sie erwarteten.<\/p>\n<p>Ich versichere Euch, dass unsere Gebete mit Euch sind in den Tagen der Euch bevorstehenden M\u00fchen.<\/p>\n<p>Mit viel Liebe in Christo<\/p>\n<p>+ Kirill, Patriarch von Moskau und der ganzen Russ<\/p>","protected":false},"excerpt":{"rendered":"<p>17. Juni 2016 Seiner Heiligkeit, dem Heiligsten Bartholomaios, Erzbischof von&#8230;<\/p>\n","protected":false},"author":150,"featured_media":8989,"comment_status":"open","ping_status":"closed","sticky":false,"template":"","format":"standard","meta":{"_acf_changed":false,"_jetpack_memberships_contains_paid_content":false,"footnotes":""},"categories":[21],"tags":[],"class_list":["post-8987","post","type-post","status-publish","format-standard","has-post-thumbnail","hentry","category-aktuell"],"acf":[],"yoast_head":"<!-- This site is optimized with the Yoast SEO plugin v24.9 - https:\/\/yoast.com\/wordpress\/plugins\/seo\/ -->\n<title>Botschaft von Patriarch Kirill an die Vorsteher und Vertreter der Autokephalen Orthodoxen Kirchen, die sich auf Kreta versammeln - Berliner Di\u00f6zese der Russischen Orthodoxen Kirche (Kd\u00f6R)<\/title>\n<meta name=\"robots\" content=\"index, follow, max-snippet:-1, max-image-preview:large, max-video-preview:-1\" \/>\n<link rel=\"canonical\" href=\"https:\/\/rokmp.de\/de\/deutsch-botschaft-von-patriarch-kirill-an-die-vorsteher-und-vertreter-der-autokephalen-orthodoxen-kirchen-die-sich-auf-kreta-versammeln\/\" \/>\n<meta property=\"og:locale\" content=\"de_DE\" \/>\n<meta property=\"og:type\" content=\"article\" \/>\n<meta property=\"og:title\" content=\"Botschaft von Patriarch Kirill an die Vorsteher und Vertreter der Autokephalen Orthodoxen Kirchen, die sich auf Kreta versammeln - Berliner Di\u00f6zese der Russischen Orthodoxen Kirche (Kd\u00f6R)\" \/>\n<meta property=\"og:description\" content=\"17. Juni 2016 Seiner Heiligkeit, dem Heiligsten Bartholomaios, Erzbischof von...\" \/>\n<meta property=\"og:url\" content=\"https:\/\/rokmp.de\/de\/deutsch-botschaft-von-patriarch-kirill-an-die-vorsteher-und-vertreter-der-autokephalen-orthodoxen-kirchen-die-sich-auf-kreta-versammeln\/\" \/>\n<meta property=\"og:site_name\" content=\"Berliner Di\u00f6zese der Russischen Orthodoxen Kirche (Kd\u00f6R)\" \/>\n<meta property=\"article:published_time\" content=\"2016-06-19T15:13:08+00:00\" \/>\n<meta property=\"og:image\" content=\"https:\/\/rokmp.de\/wp-content\/uploads\/2016\/06\/patr.jpg\" \/>\n\t<meta property=\"og:image:width\" content=\"1200\" \/>\n\t<meta property=\"og:image:height\" content=\"798\" \/>\n\t<meta property=\"og:image:type\" content=\"image\/jpeg\" \/>\n<meta name=\"author\" content=\"priester Eugeny Murzin\" \/>\n<meta name=\"twitter:card\" content=\"summary_large_image\" \/>\n<meta name=\"twitter:label1\" content=\"Verfasst von\" \/>\n\t<meta name=\"twitter:data1\" content=\"priester Eugeny Murzin\" \/>\n\t<meta name=\"twitter:label2\" content=\"Gesch\u00e4tzte Lesezeit\" \/>\n\t<meta name=\"twitter:data2\" content=\"2\u00a0Minuten\" \/>\n<script type=\"application\/ld+json\" class=\"yoast-schema-graph\">{\"@context\":\"https:\/\/schema.org\",\"@graph\":[{\"@type\":\"WebPage\",\"@id\":\"https:\/\/rokmp.de\/de\/deutsch-botschaft-von-patriarch-kirill-an-die-vorsteher-und-vertreter-der-autokephalen-orthodoxen-kirchen-die-sich-auf-kreta-versammeln\/\",\"url\":\"https:\/\/rokmp.de\/de\/deutsch-botschaft-von-patriarch-kirill-an-die-vorsteher-und-vertreter-der-autokephalen-orthodoxen-kirchen-die-sich-auf-kreta-versammeln\/\",\"name\":\"Botschaft von Patriarch Kirill an die Vorsteher und Vertreter der Autokephalen Orthodoxen Kirchen, die sich auf Kreta versammeln - Berliner Di\u00f6zese der Russischen Orthodoxen Kirche (Kd\u00f6R)\",\"isPartOf\":{\"@id\":\"https:\/\/rokmp.de\/#website\"},\"primaryImageOfPage\":{\"@id\":\"https:\/\/rokmp.de\/de\/deutsch-botschaft-von-patriarch-kirill-an-die-vorsteher-und-vertreter-der-autokephalen-orthodoxen-kirchen-die-sich-auf-kreta-versammeln\/#primaryimage\"},\"image\":{\"@id\":\"https:\/\/rokmp.de\/de\/deutsch-botschaft-von-patriarch-kirill-an-die-vorsteher-und-vertreter-der-autokephalen-orthodoxen-kirchen-die-sich-auf-kreta-versammeln\/#primaryimage\"},\"thumbnailUrl\":\"https:\/\/rokmp.de\/wp-content\/uploads\/2016\/06\/patr.jpg\",\"datePublished\":\"2016-06-19T15:13:08+00:00\",\"author\":{\"@id\":\"https:\/\/rokmp.de\/#\/schema\/person\/1e05c7851b376b862ca66f74ee16b275\"},\"breadcrumb\":{\"@id\":\"https:\/\/rokmp.de\/de\/deutsch-botschaft-von-patriarch-kirill-an-die-vorsteher-und-vertreter-der-autokephalen-orthodoxen-kirchen-die-sich-auf-kreta-versammeln\/#breadcrumb\"},\"inLanguage\":\"de\",\"potentialAction\":[{\"@type\":\"ReadAction\",\"target\":[\"https:\/\/rokmp.de\/de\/deutsch-botschaft-von-patriarch-kirill-an-die-vorsteher-und-vertreter-der-autokephalen-orthodoxen-kirchen-die-sich-auf-kreta-versammeln\/\"]}]},{\"@type\":\"ImageObject\",\"inLanguage\":\"de\",\"@id\":\"https:\/\/rokmp.de\/de\/deutsch-botschaft-von-patriarch-kirill-an-die-vorsteher-und-vertreter-der-autokephalen-orthodoxen-kirchen-die-sich-auf-kreta-versammeln\/#primaryimage\",\"url\":\"https:\/\/rokmp.de\/wp-content\/uploads\/2016\/06\/patr.jpg\",\"contentUrl\":\"https:\/\/rokmp.de\/wp-content\/uploads\/2016\/06\/patr.jpg\",\"width\":1200,\"height\":798},{\"@type\":\"BreadcrumbList\",\"@id\":\"https:\/\/rokmp.de\/de\/deutsch-botschaft-von-patriarch-kirill-an-die-vorsteher-und-vertreter-der-autokephalen-orthodoxen-kirchen-die-sich-auf-kreta-versammeln\/#breadcrumb\",\"itemListElement\":[{\"@type\":\"ListItem\",\"position\":1,\"name\":\"\u0413\u043b\u0430\u0432\u043d\u0430\u044f \u0441\u0442\u0440\u0430\u043d\u0438\u0446\u0430\",\"item\":\"https:\/\/rokmp.de\/\"},{\"@type\":\"ListItem\",\"position\":2,\"name\":\"Botschaft von Patriarch Kirill an die Vorsteher und Vertreter der Autokephalen Orthodoxen Kirchen, die sich auf Kreta versammeln\"}]},{\"@type\":\"WebSite\",\"@id\":\"https:\/\/rokmp.de\/#website\",\"url\":\"https:\/\/rokmp.de\/\",\"name\":\"Berliner Di\u00f6zese der Russischen Orthodoxen Kirche (Kd\u00f6R)\",\"description\":\"(\u0420\u0443\u0441\u0441\u043a\u0438\u0439) \u041e\u0444\u0438\u0446\u0438\u0430\u043b\u044c\u043d\u044b\u0439 \u0441\u0430\u0439\u0442 \u0420\u0443\u0441\u0441\u043a\u043e\u0439 \u041f\u0440\u0430\u0432\u043e\u0441\u043b\u0430\u0432\u043d\u043e\u0439 \u0426\u0435\u0440\u043a\u0432\u0438. \u0411\u0435\u0440\u043b\u0438\u043d\u0441\u043a\u043e-\u0413\u0435\u0440\u043c\u0430\u043d\u0441\u043a\u0430\u044f \u0435\u043f\u0430\u0440\u0445\u0438\u044f.\",\"potentialAction\":[{\"@type\":\"SearchAction\",\"target\":{\"@type\":\"EntryPoint\",\"urlTemplate\":\"https:\/\/rokmp.de\/?s={search_term_string}\"},\"query-input\":{\"@type\":\"PropertyValueSpecification\",\"valueRequired\":true,\"valueName\":\"search_term_string\"}}],\"inLanguage\":\"de\"},{\"@type\":\"Person\",\"@id\":\"https:\/\/rokmp.de\/#\/schema\/person\/1e05c7851b376b862ca66f74ee16b275\",\"name\":\"priester Eugeny Murzin\",\"image\":{\"@type\":\"ImageObject\",\"inLanguage\":\"de\",\"@id\":\"https:\/\/rokmp.de\/#\/schema\/person\/image\/\",\"url\":\"https:\/\/secure.gravatar.com\/avatar\/ab0791f77afedc1959682d928966c405d68e155dc34177d2d0970bb7906ee2ad?s=96&d=mm&r=g\",\"contentUrl\":\"https:\/\/secure.gravatar.com\/avatar\/ab0791f77afedc1959682d928966c405d68e155dc34177d2d0970bb7906ee2ad?s=96&d=mm&r=g\",\"caption\":\"priester Eugeny Murzin\"},\"sameAs\":[\"https:\/\/rokmp.de\"]}]}<\/script>\n<!-- \/ Yoast SEO plugin. -->","yoast_head_json":{"title":"Botschaft von Patriarch Kirill an die Vorsteher und Vertreter der Autokephalen Orthodoxen Kirchen, die sich auf Kreta versammeln - Berliner Di\u00f6zese der Russischen Orthodoxen Kirche (Kd\u00f6R)","robots":{"index":"index","follow":"follow","max-snippet":"max-snippet:-1","max-image-preview":"max-image-preview:large","max-video-preview":"max-video-preview:-1"},"canonical":"https:\/\/rokmp.de\/de\/deutsch-botschaft-von-patriarch-kirill-an-die-vorsteher-und-vertreter-der-autokephalen-orthodoxen-kirchen-die-sich-auf-kreta-versammeln\/","og_locale":"de_DE","og_type":"article","og_title":"Botschaft von Patriarch Kirill an die Vorsteher und Vertreter der Autokephalen Orthodoxen Kirchen, die sich auf Kreta versammeln - Berliner Di\u00f6zese der Russischen Orthodoxen Kirche (Kd\u00f6R)","og_description":"17. Juni 2016 Seiner Heiligkeit, dem Heiligsten Bartholomaios, Erzbischof von...","og_url":"https:\/\/rokmp.de\/de\/deutsch-botschaft-von-patriarch-kirill-an-die-vorsteher-und-vertreter-der-autokephalen-orthodoxen-kirchen-die-sich-auf-kreta-versammeln\/","og_site_name":"Berliner Di\u00f6zese der Russischen Orthodoxen Kirche (Kd\u00f6R)","article_published_time":"2016-06-19T15:13:08+00:00","og_image":[{"width":1200,"height":798,"url":"https:\/\/rokmp.de\/wp-content\/uploads\/2016\/06\/patr.jpg","type":"image\/jpeg"}],"author":"priester Eugeny Murzin","twitter_card":"summary_large_image","twitter_misc":{"Verfasst von":"priester Eugeny Murzin","Gesch\u00e4tzte Lesezeit":"2\u00a0Minuten"},"schema":{"@context":"https:\/\/schema.org","@graph":[{"@type":"WebPage","@id":"https:\/\/rokmp.de\/de\/deutsch-botschaft-von-patriarch-kirill-an-die-vorsteher-und-vertreter-der-autokephalen-orthodoxen-kirchen-die-sich-auf-kreta-versammeln\/","url":"https:\/\/rokmp.de\/de\/deutsch-botschaft-von-patriarch-kirill-an-die-vorsteher-und-vertreter-der-autokephalen-orthodoxen-kirchen-die-sich-auf-kreta-versammeln\/","name":"Botschaft von Patriarch Kirill an die Vorsteher und Vertreter der Autokephalen Orthodoxen Kirchen, die sich auf Kreta versammeln - Berliner Di\u00f6zese der Russischen Orthodoxen Kirche (Kd\u00f6R)","isPartOf":{"@id":"https:\/\/rokmp.de\/#website"},"primaryImageOfPage":{"@id":"https:\/\/rokmp.de\/de\/deutsch-botschaft-von-patriarch-kirill-an-die-vorsteher-und-vertreter-der-autokephalen-orthodoxen-kirchen-die-sich-auf-kreta-versammeln\/#primaryimage"},"image":{"@id":"https:\/\/rokmp.de\/de\/deutsch-botschaft-von-patriarch-kirill-an-die-vorsteher-und-vertreter-der-autokephalen-orthodoxen-kirchen-die-sich-auf-kreta-versammeln\/#primaryimage"},"thumbnailUrl":"https:\/\/rokmp.de\/wp-content\/uploads\/2016\/06\/patr.jpg","datePublished":"2016-06-19T15:13:08+00:00","author":{"@id":"https:\/\/rokmp.de\/#\/schema\/person\/1e05c7851b376b862ca66f74ee16b275"},"breadcrumb":{"@id":"https:\/\/rokmp.de\/de\/deutsch-botschaft-von-patriarch-kirill-an-die-vorsteher-und-vertreter-der-autokephalen-orthodoxen-kirchen-die-sich-auf-kreta-versammeln\/#breadcrumb"},"inLanguage":"de","potentialAction":[{"@type":"ReadAction","target":["https:\/\/rokmp.de\/de\/deutsch-botschaft-von-patriarch-kirill-an-die-vorsteher-und-vertreter-der-autokephalen-orthodoxen-kirchen-die-sich-auf-kreta-versammeln\/"]}]},{"@type":"ImageObject","inLanguage":"de","@id":"https:\/\/rokmp.de\/de\/deutsch-botschaft-von-patriarch-kirill-an-die-vorsteher-und-vertreter-der-autokephalen-orthodoxen-kirchen-die-sich-auf-kreta-versammeln\/#primaryimage","url":"https:\/\/rokmp.de\/wp-content\/uploads\/2016\/06\/patr.jpg","contentUrl":"https:\/\/rokmp.de\/wp-content\/uploads\/2016\/06\/patr.jpg","width":1200,"height":798},{"@type":"BreadcrumbList","@id":"https:\/\/rokmp.de\/de\/deutsch-botschaft-von-patriarch-kirill-an-die-vorsteher-und-vertreter-der-autokephalen-orthodoxen-kirchen-die-sich-auf-kreta-versammeln\/#breadcrumb","itemListElement":[{"@type":"ListItem","position":1,"name":"\u0413\u043b\u0430\u0432\u043d\u0430\u044f \u0441\u0442\u0440\u0430\u043d\u0438\u0446\u0430","item":"https:\/\/rokmp.de\/"},{"@type":"ListItem","position":2,"name":"Botschaft von Patriarch Kirill an die Vorsteher und Vertreter der Autokephalen Orthodoxen Kirchen, die sich auf Kreta versammeln"}]},{"@type":"WebSite","@id":"https:\/\/rokmp.de\/#website","url":"https:\/\/rokmp.de\/","name":"Berliner Di\u00f6zese der Russischen Orthodoxen Kirche (Kd\u00f6R)","description":"(\u0420\u0443\u0441\u0441\u043a\u0438\u0439) \u041e\u0444\u0438\u0446\u0438\u0430\u043b\u044c\u043d\u044b\u0439 \u0441\u0430\u0439\u0442 \u0420\u0443\u0441\u0441\u043a\u043e\u0439 \u041f\u0440\u0430\u0432\u043e\u0441\u043b\u0430\u0432\u043d\u043e\u0439 \u0426\u0435\u0440\u043a\u0432\u0438. \u0411\u0435\u0440\u043b\u0438\u043d\u0441\u043a\u043e-\u0413\u0435\u0440\u043c\u0430\u043d\u0441\u043a\u0430\u044f \u0435\u043f\u0430\u0440\u0445\u0438\u044f.","potentialAction":[{"@type":"SearchAction","target":{"@type":"EntryPoint","urlTemplate":"https:\/\/rokmp.de\/?s={search_term_string}"},"query-input":{"@type":"PropertyValueSpecification","valueRequired":true,"valueName":"search_term_string"}}],"inLanguage":"de"},{"@type":"Person","@id":"https:\/\/rokmp.de\/#\/schema\/person\/1e05c7851b376b862ca66f74ee16b275","name":"priester Eugeny Murzin","image":{"@type":"ImageObject","inLanguage":"de","@id":"https:\/\/rokmp.de\/#\/schema\/person\/image\/","url":"https:\/\/secure.gravatar.com\/avatar\/ab0791f77afedc1959682d928966c405d68e155dc34177d2d0970bb7906ee2ad?s=96&d=mm&r=g","contentUrl":"https:\/\/secure.gravatar.com\/avatar\/ab0791f77afedc1959682d928966c405d68e155dc34177d2d0970bb7906ee2ad?s=96&d=mm&r=g","caption":"priester Eugeny Murzin"},"sameAs":["https:\/\/rokmp.de"]}]}},"jetpack_featured_media_url":"https:\/\/rokmp.de\/wp-content\/uploads\/2016\/06\/patr.jpg","jetpack_sharing_enabled":true,"_links":{"self":[{"href":"https:\/\/rokmp.de\/de\/wp-json\/wp\/v2\/posts\/8987","targetHints":{"allow":["GET"]}}],"collection":[{"href":"https:\/\/rokmp.de\/de\/wp-json\/wp\/v2\/posts"}],"about":[{"href":"https:\/\/rokmp.de\/de\/wp-json\/wp\/v2\/types\/post"}],"author":[{"embeddable":true,"href":"https:\/\/rokmp.de\/de\/wp-json\/wp\/v2\/users\/150"}],"replies":[{"embeddable":true,"href":"https:\/\/rokmp.de\/de\/wp-json\/wp\/v2\/comments?post=8987"}],"version-history":[{"count":1,"href":"https:\/\/rokmp.de\/de\/wp-json\/wp\/v2\/posts\/8987\/revisions"}],"predecessor-version":[{"id":8988,"href":"https:\/\/rokmp.de\/de\/wp-json\/wp\/v2\/posts\/8987\/revisions\/8988"}],"wp:featuredmedia":[{"embeddable":true,"href":"https:\/\/rokmp.de\/de\/wp-json\/wp\/v2\/media\/8989"}],"wp:attachment":[{"href":"https:\/\/rokmp.de\/de\/wp-json\/wp\/v2\/media?parent=8987"}],"wp:term":[{"taxonomy":"category","embeddable":true,"href":"https:\/\/rokmp.de\/de\/wp-json\/wp\/v2\/categories?post=8987"},{"taxonomy":"post_tag","embeddable":true,"href":"https:\/\/rokmp.de\/de\/wp-json\/wp\/v2\/tags?post=8987"}],"curies":[{"name":"wp","href":"https:\/\/api.w.org\/{rel}","templated":true}]}}