{"id":9095,"date":"2016-07-08T16:53:35","date_gmt":"2016-07-08T12:53:35","guid":{"rendered":"https:\/\/www.rokmp.de\/?p=9095"},"modified":"2016-07-08T16:55:52","modified_gmt":"2016-07-08T12:55:52","slug":"deutsch-29-juli-bis-4-august-padagogisches-seminar-fur-jugendleiter","status":"publish","type":"post","link":"https:\/\/rokmp.de\/de\/deutsch-29-juli-bis-4-august-padagogisches-seminar-fur-jugendleiter\/","title":{"rendered":"29. Juli bis 4. August &#8211; P\u00e4dagogisches Seminar f\u00fcr Jugendleiter"},"content":{"rendered":"<p><\/p>\n<p align=\"JUSTIFY\"><span style=\"font-family: Arial,sans-serif;\"><span style=\"font-size: large;\">Die Themen des Seminars sind f\u00fcr junge Menschen ausgelegt, die als Jugendleiter an Kinderfreizeiten teilnehmen oder in ihrem Umfeld mit Kindern zu tun haben.<\/span><\/span><\/p>\n<p align=\"JUSTIFY\"><span style=\"font-family: Arial,sans-serif;\"><span style=\"font-size: large;\">Das Seminar ist von verschiedenen Freizeitaktivit\u00e4ten begleitet.<\/span><\/span><\/p>\n<p style=\"text-align: justify;\" align=\"CENTER\"><span style=\"font-family: Arial,sans-serif;\"><span style=\"font-size: large;\">Anmeldung f\u00fcr Teilnehmer <\/span><\/span><span style=\"font-family: Arial,sans-serif;\"><span style=\"font-size: large;\"><u>zwischen 14 und 27 Jahren<\/u><\/span><\/span><\/p>\n<p style=\"text-align: justify;\" align=\"CENTER\"><span style=\"color: #000000;\"><span style=\"font-family: Arial,sans-serif;\"><span style=\"font-size: large;\">Vollverpflegung, gemeinsames Gebet, Freizeit<\/span><\/span><\/span><\/p>\n<p style=\"text-align: justify;\" align=\"CENTER\"><span style=\"color: #000000;\"><span style=\"font-family: Arial,sans-serif;\"><span style=\"font-size: large;\">Die Teilnehmer erhalten einen Fortbildungsnachweis<\/span><\/span><\/span><\/p>\n<p style=\"text-align: justify;\" align=\"CENTER\"><span style=\"color: #000000;\"><span style=\"font-family: Arial,sans-serif;\"><span style=\"font-size: large;\">Anreise am 29. Juli bis 19 Uhr<\/span><\/span><\/span><\/p>\n<p style=\"text-align: justify;\" align=\"CENTER\"><span style=\"color: #000000;\"><span style=\"font-family: Arial,sans-serif;\"><span style=\"font-size: large;\">Abreise am 4. August um 12 Uhr<\/span><\/span><\/span><\/p>\n<p style=\"text-align: justify;\" align=\"JUSTIFY\"><span style=\"color: #000000;\"><span style=\"font-family: Arial,sans-serif;\"><span style=\"font-size: large;\">Mitzubringen sind:<\/span><\/span><\/span><\/p>\n<p style=\"text-align: justify;\" align=\"JUSTIFY\"><span style=\"font-family: Arial,sans-serif;\"><span style=\"font-size: large;\">Bettw\u00e4sche, Versicherungskarte und Impfpass, Handt\u00fccher, Sportsachen, genug Wechselkleidung f\u00fcr 7 Tage, Wechselschuhe, Zahnb\u00fcrste etc.<\/span><\/span><\/p>\n<p style=\"text-align: justify;\" align=\"CENTER\"><span style=\"color: #000000;\"><span style=\"font-family: Arial,sans-serif;\"><span style=\"font-size: large;\">Anmeldung bei Pfarrer Alexej Veselov unter 0176 626 962 62<\/span><\/span><\/span><\/p>\n<p align=\"JUSTIFY\"><span style=\"color: #000000;\"><span style=\"font-family: Arial,sans-serif;\"><span style=\"font-size: large;\">Preis: ca. 30 &#8211; 50 Euro (Jugendliche im Leistungsbezug k\u00f6nnen eine Kosten\u00fcbernahme beantragen. Finanzielle Schwierigkeiten sollten kein Hindernis f\u00fcr die Teilnahme am Seminar sein. Sprechen Sie uns an.)<\/span><\/span><\/span><\/p>\n<p style=\"text-align: justify;\" align=\"CENTER\"><span style=\"color: #000000;\"><span style=\"font-family: Arial,sans-serif;\"><span style=\"font-size: large;\">Adresse:<\/span><\/span><\/span><\/p>\n<p style=\"text-align: justify;\" align=\"CENTER\"><span style=\"font-family: Arial,sans-serif;\"><span style=\"font-size: large;\">Freizeitheim auf dem Wirberg<\/span><\/span><\/p>\n<p style=\"text-align: justify;\" align=\"CENTER\"><span style=\"font-family: Arial,sans-serif;\"><span style=\"font-size: large;\">Wirberg 2<\/span><\/span><\/p>\n<p style=\"text-align: justify;\" align=\"CENTER\"><span style=\"font-family: Arial,sans-serif;\"><span style=\"font-size: large;\">35447 Reiskirchen<\/span><\/span><\/p>\n<p><\/p>","protected":false},"excerpt":{"rendered":"<p>Die Themen des Seminars sind f\u00fcr junge Menschen ausgelegt, die&#8230;<\/p>\n","protected":false},"author":150,"featured_media":9097,"comment_status":"open","ping_status":"closed","sticky":false,"template":"","format":"standard","meta":{"_acf_changed":false,"_jetpack_memberships_contains_paid_content":false,"footnotes":""},"categories":[21],"tags":[],"class_list":["post-9095","post","type-post","status-publish","format-standard","has-post-thumbnail","hentry","category-aktuell"],"acf":[],"yoast_head":"<!-- This site is optimized with the Yoast SEO plugin v24.9 - https:\/\/yoast.com\/wordpress\/plugins\/seo\/ -->\n<title>29. Juli bis 4. August - P\u00e4dagogisches Seminar f\u00fcr Jugendleiter - Berliner Di\u00f6zese der Russischen Orthodoxen Kirche (Kd\u00f6R)<\/title>\n<meta name=\"robots\" content=\"index, follow, max-snippet:-1, max-image-preview:large, max-video-preview:-1\" \/>\n<link rel=\"canonical\" href=\"https:\/\/rokmp.de\/de\/deutsch-29-juli-bis-4-august-padagogisches-seminar-fur-jugendleiter\/\" \/>\n<meta property=\"og:locale\" content=\"de_DE\" \/>\n<meta property=\"og:type\" content=\"article\" \/>\n<meta property=\"og:title\" content=\"29. Juli bis 4. August - P\u00e4dagogisches Seminar f\u00fcr Jugendleiter - Berliner Di\u00f6zese der Russischen Orthodoxen Kirche (Kd\u00f6R)\" \/>\n<meta property=\"og:description\" content=\"Die Themen des Seminars sind f\u00fcr junge Menschen ausgelegt, die...\" \/>\n<meta property=\"og:url\" content=\"https:\/\/rokmp.de\/de\/deutsch-29-juli-bis-4-august-padagogisches-seminar-fur-jugendleiter\/\" \/>\n<meta property=\"og:site_name\" content=\"Berliner Di\u00f6zese der Russischen Orthodoxen Kirche (Kd\u00f6R)\" \/>\n<meta property=\"article:published_time\" content=\"2016-07-08T12:53:35+00:00\" \/>\n<meta property=\"article:modified_time\" content=\"2016-07-08T12:55:52+00:00\" \/>\n<meta property=\"og:image\" content=\"https:\/\/rokmp.de\/wp-content\/uploads\/2016\/07\/foto_seminar.jpg\" \/>\n\t<meta property=\"og:image:width\" content=\"1042\" \/>\n\t<meta property=\"og:image:height\" content=\"731\" \/>\n\t<meta property=\"og:image:type\" content=\"image\/jpeg\" \/>\n<meta name=\"author\" content=\"priester Eugeny Murzin\" \/>\n<meta name=\"twitter:card\" content=\"summary_large_image\" \/>\n<meta name=\"twitter:label1\" content=\"Verfasst von\" \/>\n\t<meta name=\"twitter:data1\" content=\"priester Eugeny Murzin\" \/>\n\t<meta name=\"twitter:label2\" content=\"Gesch\u00e4tzte Lesezeit\" \/>\n\t<meta name=\"twitter:data2\" content=\"1\u00a0Minute\" \/>\n<script type=\"application\/ld+json\" class=\"yoast-schema-graph\">{\"@context\":\"https:\/\/schema.org\",\"@graph\":[{\"@type\":\"WebPage\",\"@id\":\"https:\/\/rokmp.de\/de\/deutsch-29-juli-bis-4-august-padagogisches-seminar-fur-jugendleiter\/\",\"url\":\"https:\/\/rokmp.de\/de\/deutsch-29-juli-bis-4-august-padagogisches-seminar-fur-jugendleiter\/\",\"name\":\"29. Juli bis 4. August - P\u00e4dagogisches Seminar f\u00fcr Jugendleiter - Berliner Di\u00f6zese der Russischen Orthodoxen Kirche (Kd\u00f6R)\",\"isPartOf\":{\"@id\":\"https:\/\/rokmp.de\/#website\"},\"primaryImageOfPage\":{\"@id\":\"https:\/\/rokmp.de\/de\/deutsch-29-juli-bis-4-august-padagogisches-seminar-fur-jugendleiter\/#primaryimage\"},\"image\":{\"@id\":\"https:\/\/rokmp.de\/de\/deutsch-29-juli-bis-4-august-padagogisches-seminar-fur-jugendleiter\/#primaryimage\"},\"thumbnailUrl\":\"https:\/\/rokmp.de\/wp-content\/uploads\/2016\/07\/foto_seminar.jpg\",\"datePublished\":\"2016-07-08T12:53:35+00:00\",\"dateModified\":\"2016-07-08T12:55:52+00:00\",\"author\":{\"@id\":\"https:\/\/rokmp.de\/#\/schema\/person\/1e05c7851b376b862ca66f74ee16b275\"},\"breadcrumb\":{\"@id\":\"https:\/\/rokmp.de\/de\/deutsch-29-juli-bis-4-august-padagogisches-seminar-fur-jugendleiter\/#breadcrumb\"},\"inLanguage\":\"de\",\"potentialAction\":[{\"@type\":\"ReadAction\",\"target\":[\"https:\/\/rokmp.de\/de\/deutsch-29-juli-bis-4-august-padagogisches-seminar-fur-jugendleiter\/\"]}]},{\"@type\":\"ImageObject\",\"inLanguage\":\"de\",\"@id\":\"https:\/\/rokmp.de\/de\/deutsch-29-juli-bis-4-august-padagogisches-seminar-fur-jugendleiter\/#primaryimage\",\"url\":\"https:\/\/rokmp.de\/wp-content\/uploads\/2016\/07\/foto_seminar.jpg\",\"contentUrl\":\"https:\/\/rokmp.de\/wp-content\/uploads\/2016\/07\/foto_seminar.jpg\",\"width\":1042,\"height\":731},{\"@type\":\"BreadcrumbList\",\"@id\":\"https:\/\/rokmp.de\/de\/deutsch-29-juli-bis-4-august-padagogisches-seminar-fur-jugendleiter\/#breadcrumb\",\"itemListElement\":[{\"@type\":\"ListItem\",\"position\":1,\"name\":\"\u0413\u043b\u0430\u0432\u043d\u0430\u044f \u0441\u0442\u0440\u0430\u043d\u0438\u0446\u0430\",\"item\":\"https:\/\/rokmp.de\/\"},{\"@type\":\"ListItem\",\"position\":2,\"name\":\"29. Juli bis 4. August &#8211; P\u00e4dagogisches Seminar f\u00fcr Jugendleiter\"}]},{\"@type\":\"WebSite\",\"@id\":\"https:\/\/rokmp.de\/#website\",\"url\":\"https:\/\/rokmp.de\/\",\"name\":\"Berliner Di\u00f6zese der Russischen Orthodoxen Kirche (Kd\u00f6R)\",\"description\":\"(\u0420\u0443\u0441\u0441\u043a\u0438\u0439) \u041e\u0444\u0438\u0446\u0438\u0430\u043b\u044c\u043d\u044b\u0439 \u0441\u0430\u0439\u0442 \u0420\u0443\u0441\u0441\u043a\u043e\u0439 \u041f\u0440\u0430\u0432\u043e\u0441\u043b\u0430\u0432\u043d\u043e\u0439 \u0426\u0435\u0440\u043a\u0432\u0438. \u0411\u0435\u0440\u043b\u0438\u043d\u0441\u043a\u043e-\u0413\u0435\u0440\u043c\u0430\u043d\u0441\u043a\u0430\u044f \u0435\u043f\u0430\u0440\u0445\u0438\u044f.\",\"potentialAction\":[{\"@type\":\"SearchAction\",\"target\":{\"@type\":\"EntryPoint\",\"urlTemplate\":\"https:\/\/rokmp.de\/?s={search_term_string}\"},\"query-input\":{\"@type\":\"PropertyValueSpecification\",\"valueRequired\":true,\"valueName\":\"search_term_string\"}}],\"inLanguage\":\"de\"},{\"@type\":\"Person\",\"@id\":\"https:\/\/rokmp.de\/#\/schema\/person\/1e05c7851b376b862ca66f74ee16b275\",\"name\":\"priester Eugeny Murzin\",\"image\":{\"@type\":\"ImageObject\",\"inLanguage\":\"de\",\"@id\":\"https:\/\/rokmp.de\/#\/schema\/person\/image\/\",\"url\":\"https:\/\/secure.gravatar.com\/avatar\/ab0791f77afedc1959682d928966c405d68e155dc34177d2d0970bb7906ee2ad?s=96&d=mm&r=g\",\"contentUrl\":\"https:\/\/secure.gravatar.com\/avatar\/ab0791f77afedc1959682d928966c405d68e155dc34177d2d0970bb7906ee2ad?s=96&d=mm&r=g\",\"caption\":\"priester Eugeny Murzin\"},\"sameAs\":[\"https:\/\/rokmp.de\"]}]}<\/script>\n<!-- \/ Yoast SEO plugin. -->","yoast_head_json":{"title":"29. Juli bis 4. August - P\u00e4dagogisches Seminar f\u00fcr Jugendleiter - Berliner Di\u00f6zese der Russischen Orthodoxen Kirche (Kd\u00f6R)","robots":{"index":"index","follow":"follow","max-snippet":"max-snippet:-1","max-image-preview":"max-image-preview:large","max-video-preview":"max-video-preview:-1"},"canonical":"https:\/\/rokmp.de\/de\/deutsch-29-juli-bis-4-august-padagogisches-seminar-fur-jugendleiter\/","og_locale":"de_DE","og_type":"article","og_title":"29. Juli bis 4. August - P\u00e4dagogisches Seminar f\u00fcr Jugendleiter - Berliner Di\u00f6zese der Russischen Orthodoxen Kirche (Kd\u00f6R)","og_description":"Die Themen des Seminars sind f\u00fcr junge Menschen ausgelegt, die...","og_url":"https:\/\/rokmp.de\/de\/deutsch-29-juli-bis-4-august-padagogisches-seminar-fur-jugendleiter\/","og_site_name":"Berliner Di\u00f6zese der Russischen Orthodoxen Kirche (Kd\u00f6R)","article_published_time":"2016-07-08T12:53:35+00:00","article_modified_time":"2016-07-08T12:55:52+00:00","og_image":[{"width":1042,"height":731,"url":"https:\/\/rokmp.de\/wp-content\/uploads\/2016\/07\/foto_seminar.jpg","type":"image\/jpeg"}],"author":"priester Eugeny Murzin","twitter_card":"summary_large_image","twitter_misc":{"Verfasst von":"priester Eugeny Murzin","Gesch\u00e4tzte Lesezeit":"1\u00a0Minute"},"schema":{"@context":"https:\/\/schema.org","@graph":[{"@type":"WebPage","@id":"https:\/\/rokmp.de\/de\/deutsch-29-juli-bis-4-august-padagogisches-seminar-fur-jugendleiter\/","url":"https:\/\/rokmp.de\/de\/deutsch-29-juli-bis-4-august-padagogisches-seminar-fur-jugendleiter\/","name":"29. Juli bis 4. August - P\u00e4dagogisches Seminar f\u00fcr Jugendleiter - Berliner Di\u00f6zese der Russischen Orthodoxen Kirche (Kd\u00f6R)","isPartOf":{"@id":"https:\/\/rokmp.de\/#website"},"primaryImageOfPage":{"@id":"https:\/\/rokmp.de\/de\/deutsch-29-juli-bis-4-august-padagogisches-seminar-fur-jugendleiter\/#primaryimage"},"image":{"@id":"https:\/\/rokmp.de\/de\/deutsch-29-juli-bis-4-august-padagogisches-seminar-fur-jugendleiter\/#primaryimage"},"thumbnailUrl":"https:\/\/rokmp.de\/wp-content\/uploads\/2016\/07\/foto_seminar.jpg","datePublished":"2016-07-08T12:53:35+00:00","dateModified":"2016-07-08T12:55:52+00:00","author":{"@id":"https:\/\/rokmp.de\/#\/schema\/person\/1e05c7851b376b862ca66f74ee16b275"},"breadcrumb":{"@id":"https:\/\/rokmp.de\/de\/deutsch-29-juli-bis-4-august-padagogisches-seminar-fur-jugendleiter\/#breadcrumb"},"inLanguage":"de","potentialAction":[{"@type":"ReadAction","target":["https:\/\/rokmp.de\/de\/deutsch-29-juli-bis-4-august-padagogisches-seminar-fur-jugendleiter\/"]}]},{"@type":"ImageObject","inLanguage":"de","@id":"https:\/\/rokmp.de\/de\/deutsch-29-juli-bis-4-august-padagogisches-seminar-fur-jugendleiter\/#primaryimage","url":"https:\/\/rokmp.de\/wp-content\/uploads\/2016\/07\/foto_seminar.jpg","contentUrl":"https:\/\/rokmp.de\/wp-content\/uploads\/2016\/07\/foto_seminar.jpg","width":1042,"height":731},{"@type":"BreadcrumbList","@id":"https:\/\/rokmp.de\/de\/deutsch-29-juli-bis-4-august-padagogisches-seminar-fur-jugendleiter\/#breadcrumb","itemListElement":[{"@type":"ListItem","position":1,"name":"\u0413\u043b\u0430\u0432\u043d\u0430\u044f \u0441\u0442\u0440\u0430\u043d\u0438\u0446\u0430","item":"https:\/\/rokmp.de\/"},{"@type":"ListItem","position":2,"name":"29. Juli bis 4. August &#8211; P\u00e4dagogisches Seminar f\u00fcr Jugendleiter"}]},{"@type":"WebSite","@id":"https:\/\/rokmp.de\/#website","url":"https:\/\/rokmp.de\/","name":"Berliner Di\u00f6zese der Russischen Orthodoxen Kirche (Kd\u00f6R)","description":"(\u0420\u0443\u0441\u0441\u043a\u0438\u0439) \u041e\u0444\u0438\u0446\u0438\u0430\u043b\u044c\u043d\u044b\u0439 \u0441\u0430\u0439\u0442 \u0420\u0443\u0441\u0441\u043a\u043e\u0439 \u041f\u0440\u0430\u0432\u043e\u0441\u043b\u0430\u0432\u043d\u043e\u0439 \u0426\u0435\u0440\u043a\u0432\u0438. \u0411\u0435\u0440\u043b\u0438\u043d\u0441\u043a\u043e-\u0413\u0435\u0440\u043c\u0430\u043d\u0441\u043a\u0430\u044f \u0435\u043f\u0430\u0440\u0445\u0438\u044f.","potentialAction":[{"@type":"SearchAction","target":{"@type":"EntryPoint","urlTemplate":"https:\/\/rokmp.de\/?s={search_term_string}"},"query-input":{"@type":"PropertyValueSpecification","valueRequired":true,"valueName":"search_term_string"}}],"inLanguage":"de"},{"@type":"Person","@id":"https:\/\/rokmp.de\/#\/schema\/person\/1e05c7851b376b862ca66f74ee16b275","name":"priester Eugeny Murzin","image":{"@type":"ImageObject","inLanguage":"de","@id":"https:\/\/rokmp.de\/#\/schema\/person\/image\/","url":"https:\/\/secure.gravatar.com\/avatar\/ab0791f77afedc1959682d928966c405d68e155dc34177d2d0970bb7906ee2ad?s=96&d=mm&r=g","contentUrl":"https:\/\/secure.gravatar.com\/avatar\/ab0791f77afedc1959682d928966c405d68e155dc34177d2d0970bb7906ee2ad?s=96&d=mm&r=g","caption":"priester Eugeny Murzin"},"sameAs":["https:\/\/rokmp.de"]}]}},"jetpack_featured_media_url":"https:\/\/rokmp.de\/wp-content\/uploads\/2016\/07\/foto_seminar.jpg","jetpack_sharing_enabled":true,"_links":{"self":[{"href":"https:\/\/rokmp.de\/de\/wp-json\/wp\/v2\/posts\/9095","targetHints":{"allow":["GET"]}}],"collection":[{"href":"https:\/\/rokmp.de\/de\/wp-json\/wp\/v2\/posts"}],"about":[{"href":"https:\/\/rokmp.de\/de\/wp-json\/wp\/v2\/types\/post"}],"author":[{"embeddable":true,"href":"https:\/\/rokmp.de\/de\/wp-json\/wp\/v2\/users\/150"}],"replies":[{"embeddable":true,"href":"https:\/\/rokmp.de\/de\/wp-json\/wp\/v2\/comments?post=9095"}],"version-history":[{"count":1,"href":"https:\/\/rokmp.de\/de\/wp-json\/wp\/v2\/posts\/9095\/revisions"}],"predecessor-version":[{"id":9096,"href":"https:\/\/rokmp.de\/de\/wp-json\/wp\/v2\/posts\/9095\/revisions\/9096"}],"wp:featuredmedia":[{"embeddable":true,"href":"https:\/\/rokmp.de\/de\/wp-json\/wp\/v2\/media\/9097"}],"wp:attachment":[{"href":"https:\/\/rokmp.de\/de\/wp-json\/wp\/v2\/media?parent=9095"}],"wp:term":[{"taxonomy":"category","embeddable":true,"href":"https:\/\/rokmp.de\/de\/wp-json\/wp\/v2\/categories?post=9095"},{"taxonomy":"post_tag","embeddable":true,"href":"https:\/\/rokmp.de\/de\/wp-json\/wp\/v2\/tags?post=9095"}],"curies":[{"name":"wp","href":"https:\/\/api.w.org\/{rel}","templated":true}]}}