{"id":9379,"date":"2016-09-12T20:13:30","date_gmt":"2016-09-12T16:13:30","guid":{"rendered":"https:\/\/www.rokmp.de\/?p=9379"},"modified":"2016-09-12T20:14:11","modified_gmt":"2016-09-12T16:14:11","slug":"deutsch-treffen-von-erzbischof-feofan-mit-dem-vorsitzende-der-katholischen-deutschen-bischofskonferenz-erzbischof-reinhard-kardinal-marx","status":"publish","type":"post","link":"https:\/\/rokmp.de\/de\/deutsch-treffen-von-erzbischof-feofan-mit-dem-vorsitzende-der-katholischen-deutschen-bischofskonferenz-erzbischof-reinhard-kardinal-marx\/","title":{"rendered":"Treffen von Erzbischof Feofan mit dem Vorsitzende der katholischen Deutschen Bischofskonferenz Erzbischof Reinhard Kardinal Marx"},"content":{"rendered":"<p><div class=\"tiled-gallery type-rectangular tiled-gallery-unresized\" data-original-width=\"860\" data-carousel-extra='{&quot;blog_id&quot;:1,&quot;permalink&quot;:&quot;https:\\\/\\\/rokmp.de\\\/de\\\/deutsch-treffen-von-erzbischof-feofan-mit-dem-vorsitzende-der-katholischen-deutschen-bischofskonferenz-erzbischof-reinhard-kardinal-marx\\\/&quot;,&quot;likes_blog_id&quot;:102558546}' itemscope itemtype=\"http:\/\/schema.org\/ImageGallery\" > <div class=\"gallery-row\" style=\"width: 860px; height: 484px;\" data-original-width=\"860\" data-original-height=\"484\" > <div class=\"gallery-group images-1\" style=\"width: 860px; height: 484px;\" data-original-width=\"860\" data-original-height=\"484\" > <div class=\"tiled-gallery-item tiled-gallery-item-large\" itemprop=\"associatedMedia\" itemscope itemtype=\"http:\/\/schema.org\/ImageObject\"> <a href=\"https:\/\/i0.wp.com\/rokmp.de\/wp-content\/uploads\/2016\/09\/IMG_20160907_120949-640x359.jpg?ssl=1\" border=\"0\" itemprop=\"url\"> <meta itemprop=\"width\" content=\"856\"> <meta itemprop=\"height\" content=\"480\"> <img decoding=\"async\" class=\"\" data-attachment-id=\"9374\" data-orig-file=\"https:\/\/rokmp.de\/wp-content\/uploads\/2016\/09\/IMG_20160907_120949-640x359.jpg\" data-orig-size=\"640,359\" data-comments-opened=\"1\" data-image-meta=\"{&quot;aperture&quot;:&quot;2&quot;,&quot;credit&quot;:&quot;&quot;,&quot;camera&quot;:&quot;ALE-L21&quot;,&quot;caption&quot;:&quot;&quot;,&quot;created_timestamp&quot;:&quot;1473250190&quot;,&quot;copyright&quot;:&quot;&quot;,&quot;focal_length&quot;:&quot;3.79&quot;,&quot;iso&quot;:&quot;190&quot;,&quot;shutter_speed&quot;:&quot;0.03030303030303&quot;,&quot;title&quot;:&quot;&quot;,&quot;orientation&quot;:&quot;1&quot;}\" data-image-title=\"img_20160907_120949-640&#215;359\" data-image-description=\"\" data-medium-file=\"https:\/\/rokmp.de\/wp-content\/uploads\/2016\/09\/IMG_20160907_120949-640x359-300x168.jpg\" data-large-file=\"https:\/\/rokmp.de\/wp-content\/uploads\/2016\/09\/IMG_20160907_120949-640x359.jpg\" src=\"https:\/\/i0.wp.com\/rokmp.de\/wp-content\/uploads\/2016\/09\/IMG_20160907_120949-640x359.jpg?w=856&#038;h=480&#038;ssl=1\" srcset=\"https:\/\/rokmp.de\/wp-content\/uploads\/2016\/09\/IMG_20160907_120949-640x359.jpg 640w, https:\/\/rokmp.de\/wp-content\/uploads\/2016\/09\/IMG_20160907_120949-640x359-300x168.jpg 300w\" width=\"856\" height=\"480\" loading=\"lazy\" data-original-width=\"856\" data-original-height=\"480\" itemprop=\"http:\/\/schema.org\/image\" title=\"img_20160907_120949-640x359\" alt=\"img_20160907_120949-640x359\" style=\"width: 856px; height: 480px;\" \/> <\/a> <\/div> <\/div> <!-- close group --> <\/div> <!-- close row --> <\/div><\/p>\n<p>Am 7. September fand in M\u00fcnchen im Palais Hollenstein, der Residenz des Erzbischofs von Freising und M\u00fcnchen, eine Begegnung zwischen Erzbischof Feofan von Berlin und Deutschland (Russische Orthodoxe Kirche \/ Moskauer Patriarchat) und dem Vorsitzenden der r\u00f6misch-katholischen Deutschen Bischofskonferenz, dem Erzbischof von Freising und M\u00fcnchen, Reinhard Kardinal Marx, statt. Dabei bekr\u00e4ftigten beide Seiten die Notwendigkeit einer immer engeren Zusammenarbeit und der Ausweitung der Kontakte zwischen der Berliner Di\u00f6zese und der katholischen Bischofskonferenz.<\/p>","protected":false},"excerpt":{"rendered":"<p>Am 7. September fand in M\u00fcnchen im Palais Hollenstein, der&#8230;<\/p>\n","protected":false},"author":150,"featured_media":9374,"comment_status":"open","ping_status":"closed","sticky":false,"template":"","format":"standard","meta":{"_acf_changed":false,"_jetpack_memberships_contains_paid_content":false,"footnotes":""},"categories":[21],"tags":[],"class_list":["post-9379","post","type-post","status-publish","format-standard","has-post-thumbnail","hentry","category-aktuell"],"acf":[],"yoast_head":"<!-- This site is optimized with the Yoast SEO plugin v24.9 - https:\/\/yoast.com\/wordpress\/plugins\/seo\/ -->\n<title>Treffen von Erzbischof Feofan mit dem Vorsitzende der katholischen Deutschen Bischofskonferenz Erzbischof Reinhard Kardinal Marx - Berliner Di\u00f6zese der Russischen Orthodoxen Kirche (Kd\u00f6R)<\/title>\n<meta name=\"robots\" content=\"index, follow, max-snippet:-1, max-image-preview:large, max-video-preview:-1\" \/>\n<link rel=\"canonical\" href=\"https:\/\/rokmp.de\/de\/deutsch-treffen-von-erzbischof-feofan-mit-dem-vorsitzende-der-katholischen-deutschen-bischofskonferenz-erzbischof-reinhard-kardinal-marx\/\" \/>\n<meta property=\"og:locale\" content=\"de_DE\" \/>\n<meta property=\"og:type\" content=\"article\" \/>\n<meta property=\"og:title\" content=\"Treffen von Erzbischof Feofan mit dem Vorsitzende der katholischen Deutschen Bischofskonferenz Erzbischof Reinhard Kardinal Marx - Berliner Di\u00f6zese der Russischen Orthodoxen Kirche (Kd\u00f6R)\" \/>\n<meta property=\"og:description\" content=\"Am 7. September fand in M\u00fcnchen im Palais Hollenstein, der...\" \/>\n<meta property=\"og:url\" content=\"https:\/\/rokmp.de\/de\/deutsch-treffen-von-erzbischof-feofan-mit-dem-vorsitzende-der-katholischen-deutschen-bischofskonferenz-erzbischof-reinhard-kardinal-marx\/\" \/>\n<meta property=\"og:site_name\" content=\"Berliner Di\u00f6zese der Russischen Orthodoxen Kirche (Kd\u00f6R)\" \/>\n<meta property=\"article:published_time\" content=\"2016-09-12T16:13:30+00:00\" \/>\n<meta property=\"article:modified_time\" content=\"2016-09-12T16:14:11+00:00\" \/>\n<meta property=\"og:image\" content=\"https:\/\/rokmp.de\/wp-content\/uploads\/2016\/09\/IMG_20160907_120949-640x359.jpg\" \/>\n\t<meta property=\"og:image:width\" content=\"640\" \/>\n\t<meta property=\"og:image:height\" content=\"359\" \/>\n\t<meta property=\"og:image:type\" content=\"image\/jpeg\" \/>\n<meta name=\"author\" content=\"priester Eugeny Murzin\" \/>\n<meta name=\"twitter:card\" content=\"summary_large_image\" \/>\n<meta name=\"twitter:label1\" content=\"Verfasst von\" \/>\n\t<meta name=\"twitter:data1\" content=\"priester Eugeny Murzin\" \/>\n<script type=\"application\/ld+json\" class=\"yoast-schema-graph\">{\"@context\":\"https:\/\/schema.org\",\"@graph\":[{\"@type\":\"WebPage\",\"@id\":\"https:\/\/rokmp.de\/de\/deutsch-treffen-von-erzbischof-feofan-mit-dem-vorsitzende-der-katholischen-deutschen-bischofskonferenz-erzbischof-reinhard-kardinal-marx\/\",\"url\":\"https:\/\/rokmp.de\/de\/deutsch-treffen-von-erzbischof-feofan-mit-dem-vorsitzende-der-katholischen-deutschen-bischofskonferenz-erzbischof-reinhard-kardinal-marx\/\",\"name\":\"Treffen von Erzbischof Feofan mit dem Vorsitzende der katholischen Deutschen Bischofskonferenz Erzbischof Reinhard Kardinal Marx - Berliner Di\u00f6zese der Russischen Orthodoxen Kirche (Kd\u00f6R)\",\"isPartOf\":{\"@id\":\"https:\/\/rokmp.de\/#website\"},\"primaryImageOfPage\":{\"@id\":\"https:\/\/rokmp.de\/de\/deutsch-treffen-von-erzbischof-feofan-mit-dem-vorsitzende-der-katholischen-deutschen-bischofskonferenz-erzbischof-reinhard-kardinal-marx\/#primaryimage\"},\"image\":{\"@id\":\"https:\/\/rokmp.de\/de\/deutsch-treffen-von-erzbischof-feofan-mit-dem-vorsitzende-der-katholischen-deutschen-bischofskonferenz-erzbischof-reinhard-kardinal-marx\/#primaryimage\"},\"thumbnailUrl\":\"https:\/\/rokmp.de\/wp-content\/uploads\/2016\/09\/IMG_20160907_120949-640x359.jpg\",\"datePublished\":\"2016-09-12T16:13:30+00:00\",\"dateModified\":\"2016-09-12T16:14:11+00:00\",\"author\":{\"@id\":\"https:\/\/rokmp.de\/#\/schema\/person\/1e05c7851b376b862ca66f74ee16b275\"},\"breadcrumb\":{\"@id\":\"https:\/\/rokmp.de\/de\/deutsch-treffen-von-erzbischof-feofan-mit-dem-vorsitzende-der-katholischen-deutschen-bischofskonferenz-erzbischof-reinhard-kardinal-marx\/#breadcrumb\"},\"inLanguage\":\"de\",\"potentialAction\":[{\"@type\":\"ReadAction\",\"target\":[\"https:\/\/rokmp.de\/de\/deutsch-treffen-von-erzbischof-feofan-mit-dem-vorsitzende-der-katholischen-deutschen-bischofskonferenz-erzbischof-reinhard-kardinal-marx\/\"]}]},{\"@type\":\"ImageObject\",\"inLanguage\":\"de\",\"@id\":\"https:\/\/rokmp.de\/de\/deutsch-treffen-von-erzbischof-feofan-mit-dem-vorsitzende-der-katholischen-deutschen-bischofskonferenz-erzbischof-reinhard-kardinal-marx\/#primaryimage\",\"url\":\"https:\/\/rokmp.de\/wp-content\/uploads\/2016\/09\/IMG_20160907_120949-640x359.jpg\",\"contentUrl\":\"https:\/\/rokmp.de\/wp-content\/uploads\/2016\/09\/IMG_20160907_120949-640x359.jpg\",\"width\":640,\"height\":359},{\"@type\":\"BreadcrumbList\",\"@id\":\"https:\/\/rokmp.de\/de\/deutsch-treffen-von-erzbischof-feofan-mit-dem-vorsitzende-der-katholischen-deutschen-bischofskonferenz-erzbischof-reinhard-kardinal-marx\/#breadcrumb\",\"itemListElement\":[{\"@type\":\"ListItem\",\"position\":1,\"name\":\"\u0413\u043b\u0430\u0432\u043d\u0430\u044f \u0441\u0442\u0440\u0430\u043d\u0438\u0446\u0430\",\"item\":\"https:\/\/rokmp.de\/\"},{\"@type\":\"ListItem\",\"position\":2,\"name\":\"Treffen von Erzbischof Feofan mit dem Vorsitzende der katholischen Deutschen Bischofskonferenz Erzbischof Reinhard Kardinal Marx\"}]},{\"@type\":\"WebSite\",\"@id\":\"https:\/\/rokmp.de\/#website\",\"url\":\"https:\/\/rokmp.de\/\",\"name\":\"Berliner Di\u00f6zese der Russischen Orthodoxen Kirche (Kd\u00f6R)\",\"description\":\"(\u0420\u0443\u0441\u0441\u043a\u0438\u0439) \u041e\u0444\u0438\u0446\u0438\u0430\u043b\u044c\u043d\u044b\u0439 \u0441\u0430\u0439\u0442 \u0420\u0443\u0441\u0441\u043a\u043e\u0439 \u041f\u0440\u0430\u0432\u043e\u0441\u043b\u0430\u0432\u043d\u043e\u0439 \u0426\u0435\u0440\u043a\u0432\u0438. \u0411\u0435\u0440\u043b\u0438\u043d\u0441\u043a\u043e-\u0413\u0435\u0440\u043c\u0430\u043d\u0441\u043a\u0430\u044f \u0435\u043f\u0430\u0440\u0445\u0438\u044f.\",\"potentialAction\":[{\"@type\":\"SearchAction\",\"target\":{\"@type\":\"EntryPoint\",\"urlTemplate\":\"https:\/\/rokmp.de\/?s={search_term_string}\"},\"query-input\":{\"@type\":\"PropertyValueSpecification\",\"valueRequired\":true,\"valueName\":\"search_term_string\"}}],\"inLanguage\":\"de\"},{\"@type\":\"Person\",\"@id\":\"https:\/\/rokmp.de\/#\/schema\/person\/1e05c7851b376b862ca66f74ee16b275\",\"name\":\"priester Eugeny Murzin\",\"image\":{\"@type\":\"ImageObject\",\"inLanguage\":\"de\",\"@id\":\"https:\/\/rokmp.de\/#\/schema\/person\/image\/\",\"url\":\"https:\/\/secure.gravatar.com\/avatar\/ab0791f77afedc1959682d928966c405d68e155dc34177d2d0970bb7906ee2ad?s=96&d=mm&r=g\",\"contentUrl\":\"https:\/\/secure.gravatar.com\/avatar\/ab0791f77afedc1959682d928966c405d68e155dc34177d2d0970bb7906ee2ad?s=96&d=mm&r=g\",\"caption\":\"priester Eugeny Murzin\"},\"sameAs\":[\"https:\/\/rokmp.de\"]}]}<\/script>\n<!-- \/ Yoast SEO plugin. -->","yoast_head_json":{"title":"Treffen von Erzbischof Feofan mit dem Vorsitzende der katholischen Deutschen Bischofskonferenz Erzbischof Reinhard Kardinal Marx - Berliner Di\u00f6zese der Russischen Orthodoxen Kirche (Kd\u00f6R)","robots":{"index":"index","follow":"follow","max-snippet":"max-snippet:-1","max-image-preview":"max-image-preview:large","max-video-preview":"max-video-preview:-1"},"canonical":"https:\/\/rokmp.de\/de\/deutsch-treffen-von-erzbischof-feofan-mit-dem-vorsitzende-der-katholischen-deutschen-bischofskonferenz-erzbischof-reinhard-kardinal-marx\/","og_locale":"de_DE","og_type":"article","og_title":"Treffen von Erzbischof Feofan mit dem Vorsitzende der katholischen Deutschen Bischofskonferenz Erzbischof Reinhard Kardinal Marx - Berliner Di\u00f6zese der Russischen Orthodoxen Kirche (Kd\u00f6R)","og_description":"Am 7. September fand in M\u00fcnchen im Palais Hollenstein, der...","og_url":"https:\/\/rokmp.de\/de\/deutsch-treffen-von-erzbischof-feofan-mit-dem-vorsitzende-der-katholischen-deutschen-bischofskonferenz-erzbischof-reinhard-kardinal-marx\/","og_site_name":"Berliner Di\u00f6zese der Russischen Orthodoxen Kirche (Kd\u00f6R)","article_published_time":"2016-09-12T16:13:30+00:00","article_modified_time":"2016-09-12T16:14:11+00:00","og_image":[{"width":640,"height":359,"url":"https:\/\/rokmp.de\/wp-content\/uploads\/2016\/09\/IMG_20160907_120949-640x359.jpg","type":"image\/jpeg"}],"author":"priester Eugeny Murzin","twitter_card":"summary_large_image","twitter_misc":{"Verfasst von":"priester Eugeny Murzin"},"schema":{"@context":"https:\/\/schema.org","@graph":[{"@type":"WebPage","@id":"https:\/\/rokmp.de\/de\/deutsch-treffen-von-erzbischof-feofan-mit-dem-vorsitzende-der-katholischen-deutschen-bischofskonferenz-erzbischof-reinhard-kardinal-marx\/","url":"https:\/\/rokmp.de\/de\/deutsch-treffen-von-erzbischof-feofan-mit-dem-vorsitzende-der-katholischen-deutschen-bischofskonferenz-erzbischof-reinhard-kardinal-marx\/","name":"Treffen von Erzbischof Feofan mit dem Vorsitzende der katholischen Deutschen Bischofskonferenz Erzbischof Reinhard Kardinal Marx - Berliner Di\u00f6zese der Russischen Orthodoxen Kirche (Kd\u00f6R)","isPartOf":{"@id":"https:\/\/rokmp.de\/#website"},"primaryImageOfPage":{"@id":"https:\/\/rokmp.de\/de\/deutsch-treffen-von-erzbischof-feofan-mit-dem-vorsitzende-der-katholischen-deutschen-bischofskonferenz-erzbischof-reinhard-kardinal-marx\/#primaryimage"},"image":{"@id":"https:\/\/rokmp.de\/de\/deutsch-treffen-von-erzbischof-feofan-mit-dem-vorsitzende-der-katholischen-deutschen-bischofskonferenz-erzbischof-reinhard-kardinal-marx\/#primaryimage"},"thumbnailUrl":"https:\/\/rokmp.de\/wp-content\/uploads\/2016\/09\/IMG_20160907_120949-640x359.jpg","datePublished":"2016-09-12T16:13:30+00:00","dateModified":"2016-09-12T16:14:11+00:00","author":{"@id":"https:\/\/rokmp.de\/#\/schema\/person\/1e05c7851b376b862ca66f74ee16b275"},"breadcrumb":{"@id":"https:\/\/rokmp.de\/de\/deutsch-treffen-von-erzbischof-feofan-mit-dem-vorsitzende-der-katholischen-deutschen-bischofskonferenz-erzbischof-reinhard-kardinal-marx\/#breadcrumb"},"inLanguage":"de","potentialAction":[{"@type":"ReadAction","target":["https:\/\/rokmp.de\/de\/deutsch-treffen-von-erzbischof-feofan-mit-dem-vorsitzende-der-katholischen-deutschen-bischofskonferenz-erzbischof-reinhard-kardinal-marx\/"]}]},{"@type":"ImageObject","inLanguage":"de","@id":"https:\/\/rokmp.de\/de\/deutsch-treffen-von-erzbischof-feofan-mit-dem-vorsitzende-der-katholischen-deutschen-bischofskonferenz-erzbischof-reinhard-kardinal-marx\/#primaryimage","url":"https:\/\/rokmp.de\/wp-content\/uploads\/2016\/09\/IMG_20160907_120949-640x359.jpg","contentUrl":"https:\/\/rokmp.de\/wp-content\/uploads\/2016\/09\/IMG_20160907_120949-640x359.jpg","width":640,"height":359},{"@type":"BreadcrumbList","@id":"https:\/\/rokmp.de\/de\/deutsch-treffen-von-erzbischof-feofan-mit-dem-vorsitzende-der-katholischen-deutschen-bischofskonferenz-erzbischof-reinhard-kardinal-marx\/#breadcrumb","itemListElement":[{"@type":"ListItem","position":1,"name":"\u0413\u043b\u0430\u0432\u043d\u0430\u044f \u0441\u0442\u0440\u0430\u043d\u0438\u0446\u0430","item":"https:\/\/rokmp.de\/"},{"@type":"ListItem","position":2,"name":"Treffen von Erzbischof Feofan mit dem Vorsitzende der katholischen Deutschen Bischofskonferenz Erzbischof Reinhard Kardinal Marx"}]},{"@type":"WebSite","@id":"https:\/\/rokmp.de\/#website","url":"https:\/\/rokmp.de\/","name":"Berliner Di\u00f6zese der Russischen Orthodoxen Kirche (Kd\u00f6R)","description":"(\u0420\u0443\u0441\u0441\u043a\u0438\u0439) \u041e\u0444\u0438\u0446\u0438\u0430\u043b\u044c\u043d\u044b\u0439 \u0441\u0430\u0439\u0442 \u0420\u0443\u0441\u0441\u043a\u043e\u0439 \u041f\u0440\u0430\u0432\u043e\u0441\u043b\u0430\u0432\u043d\u043e\u0439 \u0426\u0435\u0440\u043a\u0432\u0438. \u0411\u0435\u0440\u043b\u0438\u043d\u0441\u043a\u043e-\u0413\u0435\u0440\u043c\u0430\u043d\u0441\u043a\u0430\u044f \u0435\u043f\u0430\u0440\u0445\u0438\u044f.","potentialAction":[{"@type":"SearchAction","target":{"@type":"EntryPoint","urlTemplate":"https:\/\/rokmp.de\/?s={search_term_string}"},"query-input":{"@type":"PropertyValueSpecification","valueRequired":true,"valueName":"search_term_string"}}],"inLanguage":"de"},{"@type":"Person","@id":"https:\/\/rokmp.de\/#\/schema\/person\/1e05c7851b376b862ca66f74ee16b275","name":"priester Eugeny Murzin","image":{"@type":"ImageObject","inLanguage":"de","@id":"https:\/\/rokmp.de\/#\/schema\/person\/image\/","url":"https:\/\/secure.gravatar.com\/avatar\/ab0791f77afedc1959682d928966c405d68e155dc34177d2d0970bb7906ee2ad?s=96&d=mm&r=g","contentUrl":"https:\/\/secure.gravatar.com\/avatar\/ab0791f77afedc1959682d928966c405d68e155dc34177d2d0970bb7906ee2ad?s=96&d=mm&r=g","caption":"priester Eugeny Murzin"},"sameAs":["https:\/\/rokmp.de"]}]}},"jetpack_featured_media_url":"https:\/\/rokmp.de\/wp-content\/uploads\/2016\/09\/IMG_20160907_120949-640x359.jpg","jetpack_sharing_enabled":true,"_links":{"self":[{"href":"https:\/\/rokmp.de\/de\/wp-json\/wp\/v2\/posts\/9379","targetHints":{"allow":["GET"]}}],"collection":[{"href":"https:\/\/rokmp.de\/de\/wp-json\/wp\/v2\/posts"}],"about":[{"href":"https:\/\/rokmp.de\/de\/wp-json\/wp\/v2\/types\/post"}],"author":[{"embeddable":true,"href":"https:\/\/rokmp.de\/de\/wp-json\/wp\/v2\/users\/150"}],"replies":[{"embeddable":true,"href":"https:\/\/rokmp.de\/de\/wp-json\/wp\/v2\/comments?post=9379"}],"version-history":[{"count":1,"href":"https:\/\/rokmp.de\/de\/wp-json\/wp\/v2\/posts\/9379\/revisions"}],"predecessor-version":[{"id":9380,"href":"https:\/\/rokmp.de\/de\/wp-json\/wp\/v2\/posts\/9379\/revisions\/9380"}],"wp:featuredmedia":[{"embeddable":true,"href":"https:\/\/rokmp.de\/de\/wp-json\/wp\/v2\/media\/9374"}],"wp:attachment":[{"href":"https:\/\/rokmp.de\/de\/wp-json\/wp\/v2\/media?parent=9379"}],"wp:term":[{"taxonomy":"category","embeddable":true,"href":"https:\/\/rokmp.de\/de\/wp-json\/wp\/v2\/categories?post=9379"},{"taxonomy":"post_tag","embeddable":true,"href":"https:\/\/rokmp.de\/de\/wp-json\/wp\/v2\/tags?post=9379"}],"curies":[{"name":"wp","href":"https:\/\/api.w.org\/{rel}","templated":true}]}}